{"id":99819,"date":"2024-01-23T17:13:57","date_gmt":"2024-01-23T16:13:57","guid":{"rendered":"https:\/\/styqr.fr\/2024\/01\/23\/umas-ferias-bem-preparadas-para-os-seus-viajantes\/"},"modified":"2025-01-13T10:43:46","modified_gmt":"2025-01-13T09:43:46","slug":"umas-ferias-bem-preparadas-para-os-seus-viajantes","status":"publish","type":"post","link":"https:\/\/styqr.fr\/pt-pt\/2024\/01\/23\/umas-ferias-bem-preparadas-para-os-seus-viajantes\/","title":{"rendered":"Umas f\u00e9rias bem preparadas para os teus viajantes"},"content":{"rendered":"<div class=\"wpb-content-wrapper\"><p>[vc_row][vc_column width=&#8221;1\/1&#8243;][vc_column_text uncode_shortcode_id=&#8221;117389&#8243;]O que \u00e9 que os teus viajantes v\u00eaem antes de reservar uma estadia contigo? Esta \u00e9<strong> a pergunta<\/strong> a fazer se quiseres perceber o que os teus viajantes fazem antes de sacarem do cart\u00e3o de cr\u00e9dito. Para <strong>42%<\/strong> dos viajantes, as avalia\u00e7\u00f5es s\u00e3o mais importantes do que o pre\u00e7o.<br \/>\nS\u00e3o as avalia\u00e7\u00f5es que os levam a reservar a sua estadia contigo. Este \u00e9 o primeiro contacto com os teus viajantes e s\u00e3o as<strong> primeiras 7 avalia\u00e7\u00f5es que eles recordam.<\/strong>.. ?[\/vc_column_text][\/vc_column][\/vc_row][vc_row][vc_column width=&#8221;1\/1&#8243;][vc_column_text uncode_shortcode_id=&#8221;735747&#8243;]<\/p>\n<h2>Boa comunica\u00e7\u00e3o para a tua estadia<\/h2>\n<p>[\/vc_column_text][\/vc_column][\/vc_row][vc_row][vc_column width=&#8221;1\/2&#8243;][vc_column_text uncode_shortcode_id=&#8221;107124&#8243;]<\/p>\n<h3>Redes sociais<\/h3>\n<p>[\/vc_column_text][vc_column_text uncode_shortcode_id=&#8221;389841&#8243;]Como sabes,<strong> as redes sociais s\u00e3o<\/strong> hoje<strong> o cora\u00e7\u00e3o da tua comunica\u00e7\u00e3o e a primeira coisa que os teus viajantes procuram<\/strong> para encontrar tudo o que procuram?[\/vc_column_text][\/vc_column][vc_column width=&#8221;1\/2&#8243;][vc_single_image media=&#8221;87453&#8243; media_width_percent=&#8221;100&#8243; shape=&#8221;img-round&#8221; radius=&#8221;std&#8221; uncode_shortcode_id=&#8221;101220&#8243;][\/vc_column][\/vc_row][vc_row][vc_column width=&#8221;1\/1&#8243;][vc_column_text uncode_shortcode_id=&#8221;148185&#8243;]\u00c9 gra\u00e7as a elas que os teus viajantes v\u00e3o sentir vontade<strong> de viajar<\/strong> \u2708 navegando por fotos, v\u00eddeos e informa\u00e7\u00f5es sobre o teu alojamento no <strong>Instagram e<\/strong> no <strong>Facebook.<\/strong> Cabe-te a ti<strong>publicar as fotos mais bonitas<\/strong> dos teus quartos e da tua decora\u00e7\u00e3o at\u00edpica para encantar os teus viajantes![\/vc_column_text][\/vc_column][\/vc_row][vc_row][vc_column width=&#8221;1\/2&#8243;][vc_single_image media=&#8221;87451&#8243; media_width_percent=&#8221;100&#8243; shape=&#8221;img-round&#8221; radius=&#8221;std&#8221; uncode_shortcode_id=&#8221;192715&#8243;][\/vc_column][vc_column width=&#8221;1\/2&#8243;][vc_column_text uncode_shortcode_id=&#8221;127477&#8243;]<\/p>\n<h3>O s\u00edtio Web<\/h3>\n<p>[\/vc_column_text][vc_column_text uncode_shortcode_id=&#8221;543268&#8243;]Pensa no viajante que vai clicar no teu site e procurar a informa\u00e7\u00e3o de que precisa. O objetivo \u00e9 que ele chegue ao teu site e que este seja o mais<strong> claro e simples poss\u00edvel para ele!<\/strong>[\/vc_column_text][\/vc_column][\/vc_row][vc_row][vc_column width=&#8221;1\/1&#8243;][vc_column_text uncode_shortcode_id=&#8221;190807&#8243;]I<strong>nclui conte\u00fados<\/strong> como artigos, fotos\/v\u00eddeos e um blogue, para que o teu viajante encontre rapidamente todas as informa\u00e7\u00f5es sobre o teu alojamento! ? E, sobretudo, pensa em<strong>tornar o teu site responsivo<\/strong>, ou seja, um site que se adapta a todos os formatos (smartphone, tablet, computador), para que o teu viajante possa navegar tranquilamente no teu site a partir de qualquer suporte! ?[\/vc_column_text][\/vc_column][\/vc_row][vc_row][vc_column width=&#8221;1\/1&#8243;][vc_column_text uncode_shortcode_id=&#8221;869484&#8243;]<\/p>\n<h2>O smartphone, o acess\u00f3rio indispens\u00e1vel para a tua estadia<\/h2>\n<p>[\/vc_column_text][vc_single_image media=&#8221;87457&#8243; media_width_percent=&#8221;100&#8243; shape=&#8221;img-round&#8221; radius=&#8221;std&#8221; uncode_shortcode_id=&#8221;461617&#8243;][vc_column_text uncode_shortcode_id=&#8221;577735&#8243;]Hoje em dia, toda a gente tem o seu <strong>smartphone<\/strong> no bolso ou na mala, e tornou-se t\u00e3o <strong>indispens\u00e1vel<\/strong> que, se te esqueceres dele, d\u00e1s logo por isso&#8230; Bem, o mesmo acontece com os viajantes. O smartphone tem de estar com eles<strong>durante toda a estadia, mesmo durante o processo de reserva!<\/strong> \u00c9 o caso de <strong>42%<\/strong> dos viajantes que reservam um hotel no seu smartphone, incluindo<strong> 53% dos que t\u00eam menos de 30 anos.<\/strong>.. ?[\/vc_column_text][\/vc_column][\/vc_row][vc_row][vc_column width=&#8221;1\/1&#8243;][vc_column_text uncode_shortcode_id=&#8221;820731&#8243;]<\/p>\n<h2>Ap\u00f3s a reserva<\/h2>\n<p>[\/vc_column_text][vc_column_text uncode_shortcode_id=&#8221;112729&#8243;]Depois de o teu viajante ter feito a reserva, envia-lhe um e-mail para <strong>recolher o m\u00e1ximo de informa\u00e7\u00f5es poss\u00edvel antes da sua chegada,<\/strong> o que te permitir\u00e1 saber<strong>como e a que horas chegar\u00e1 o teu viajante e<\/strong>, al\u00e9m disso, o<strong> pr\u00e9-check-in<\/strong> j\u00e1 estar\u00e1 a funcionar! ? Um conselho: envia-lhe o e-mail<strong>um dia depois de ter feito a reserva<\/strong>, para que seja mais prov\u00e1vel que responda. ?[\/vc_column_text][\/vc_column][\/vc_row][vc_row][vc_column width=&#8221;1\/1&#8243;][vc_column_text uncode_shortcode_id=&#8221;384643&#8243;]<\/p>\n<h2>A meio da sua estadia<\/h2>\n<p>[\/vc_column_text][\/vc_column][\/vc_row][vc_row][vc_column width=&#8221;1\/2&#8243;][vc_column_text uncode_shortcode_id=&#8221;128232&#8243;]Mostra ao teu viajante que est\u00e1s <strong>com ele mesmo antes de ele chegar!<\/strong> E alguns dias antes da sua chegada, o teu viajante ficar\u00e1 encantado por ter informa\u00e7\u00f5es adicionais. Podes sugerir<strong>actividades<\/strong> e o teu <strong>guia de boas-vindas!<\/strong>[\/vc_column_text][\/vc_column][vc_column width=&#8221;1\/2&#8243;][vc_single_image media=&#8221;87464&#8243; media_width_percent=&#8221;60&#8243; shape=&#8221;img-round&#8221; radius=&#8221;std&#8221; uncode_shortcode_id=&#8221;396915&#8243;][\/vc_column][\/vc_row][vc_row][vc_column width=&#8221;1\/1&#8243;][vc_column_text uncode_shortcode_id=&#8221;347964&#8243;]<\/p>\n<h2>Antes da sua chegada<\/h2>\n<p>[\/vc_column_text][vc_column_text uncode_shortcode_id=&#8221;152539&#8243;]Gra\u00e7as \u00e0s informa\u00e7\u00f5es recolhidas no <strong>primeiro e-mail,<\/strong> sabes qual o meio de transporte que o teu viajante vai utilizar e a que horas.<strong>Uma semana antes da sua chegada,<\/strong> envia-lhe um pequeno e-mail com todas as informa\u00e7\u00f5es sobre o teu alojamento!<\/p>\n<p>Se ele vier de comboio, explica-lhe <strong>o caminho mais f\u00e1cil para chegar ao teu alojamento<\/strong> em fun\u00e7\u00e3o do seu meio de transporte, para que ele possa planear com anteced\u00eancia&#8230; Claro que, se tiveres um servi\u00e7o como o<strong>Swikly<\/strong> que facilite os dep\u00f3sitos, informa o teu viajante &#8211; ele vai ficar encantado com a not\u00edcia![\/vc_column_text][\/vc_column][\/vc_row]<\/p>\n<\/div>","protected":false},"excerpt":{"rendered":"<p>[vc_row][vc_column width=&#8221;1\/1&#8243;][vc_column_text uncode_shortcode_id=&#8221;117389&#8243;]O que \u00e9 que os teus viajantes v\u00eaem antes de reservar uma estadia contigo? Esta \u00e9 a pergunta [&hellip;]<\/p>\n","protected":false},"author":1,"featured_media":104050,"comment_status":"closed","ping_status":"open","sticky":false,"template":"","format":"standard","meta":{"footnotes":""},"categories":[905,929,943],"tags":[1973,2217,2218],"class_list":["post-99819","post","type-post","status-publish","format-standard","has-post-thumbnail","hentry","category-individuos","category-profissionais","category-os-nossos-amigos","tag-viaja","tag-comunicacao","tag-fica"],"yoast_head":"<!-- This site is optimized with the Yoast SEO Premium plugin v27.4 (Yoast SEO v27.4) - https:\/\/yoast.com\/product\/yoast-seo-premium-wordpress\/ -->\n<title>Preparar viajantes con StyQR para una mejor estad\u00eda<\/title>\n<meta name=\"description\" content=\"Descubre c\u00f3mo preparar a tus viajantes para que elijan tu alojamiento. Mejora su experiencia con StyQR y aumenta tus reservas.\" \/>\n<meta name=\"robots\" content=\"index, follow, max-snippet:-1, max-image-preview:large, max-video-preview:-1\" \/>\n<link rel=\"canonical\" href=\"https:\/\/styqr.fr\/pt-pt\/2024\/01\/23\/umas-ferias-bem-preparadas-para-os-seus-viajantes\/\" \/>\n<meta property=\"og:locale\" content=\"pt_PT\" \/>\n<meta property=\"og:type\" content=\"article\" \/>\n<meta property=\"og:title\" content=\"StyQR | Le livret d&#039;accueil digital\" \/>\n<meta property=\"og:description\" content=\"Descubre c\u00f3mo preparar a tus viajantes para que elijan tu alojamiento. Mejora su experiencia con StyQR y aumenta tus reservas.\" \/>\n<meta property=\"og:url\" content=\"https:\/\/styqr.fr\/pt-pt\/2024\/01\/23\/umas-ferias-bem-preparadas-para-os-seus-viajantes\/\" \/>\n<meta property=\"og:site_name\" content=\"StyQR\" \/>\n<meta property=\"article:publisher\" content=\"https:\/\/fr-fr.facebook.com\/styqr\/\" \/>\n<meta property=\"article:published_time\" content=\"2024-01-23T16:13:57+00:00\" \/>\n<meta property=\"article:modified_time\" content=\"2025-01-13T09:43:46+00:00\" \/>\n<meta property=\"og:image\" content=\"https:\/\/styqr.fr\/wp-content\/uploads\/2024\/01\/staying-in-touch-2023-11-27-05-00-41-utc-min-scaled.jpg\" \/>\n\t<meta property=\"og:image:width\" content=\"2560\" \/>\n\t<meta property=\"og:image:height\" content=\"1729\" \/>\n\t<meta property=\"og:image:type\" content=\"image\/jpeg\" \/>\n<meta name=\"author\" content=\"julien-styqr-admin\" \/>\n<meta name=\"twitter:card\" content=\"summary_large_image\" \/>\n<script type=\"application\/ld+json\" class=\"yoast-schema-graph\">{\"@context\":\"https:\\\/\\\/schema.org\",\"@graph\":[{\"@type\":\"Article\",\"@id\":\"https:\\\/\\\/styqr.fr\\\/pt-pt\\\/2024\\\/01\\\/23\\\/umas-ferias-bem-preparadas-para-os-seus-viajantes\\\/#article\",\"isPartOf\":{\"@id\":\"https:\\\/\\\/styqr.fr\\\/pt-pt\\\/2024\\\/01\\\/23\\\/umas-ferias-bem-preparadas-para-os-seus-viajantes\\\/\"},\"author\":{\"name\":\"julien-styqr-admin\",\"@id\":\"https:\\\/\\\/styqr.fr\\\/pt-pt\\\/#\\\/schema\\\/person\\\/1c3ec87abbbfc1b604a5bfade25e11a5\"},\"headline\":\"Umas f\u00e9rias bem preparadas para os teus viajantes\",\"datePublished\":\"2024-01-23T16:13:57+00:00\",\"dateModified\":\"2025-01-13T09:43:46+00:00\",\"mainEntityOfPage\":{\"@id\":\"https:\\\/\\\/styqr.fr\\\/pt-pt\\\/2024\\\/01\\\/23\\\/umas-ferias-bem-preparadas-para-os-seus-viajantes\\\/\"},\"wordCount\":915,\"publisher\":{\"@id\":\"https:\\\/\\\/styqr.fr\\\/pt-pt\\\/#organization\"},\"image\":{\"@id\":\"https:\\\/\\\/styqr.fr\\\/pt-pt\\\/2024\\\/01\\\/23\\\/umas-ferias-bem-preparadas-para-os-seus-viajantes\\\/#primaryimage\"},\"thumbnailUrl\":\"https:\\\/\\\/styqr.fr\\\/wp-content\\\/uploads\\\/2024\\\/01\\\/staying-in-touch-2023-11-27-05-00-41-utc-min-scaled.jpg\",\"keywords\":[\"viaja\",\"comunica\u00e7\u00e3o\",\"fica\"],\"articleSection\":[\"Indiv\u00edduos\",\"Profissionais\",\"Gostamos deles\"],\"inLanguage\":\"pt-PT\"},{\"@type\":\"WebPage\",\"@id\":\"https:\\\/\\\/styqr.fr\\\/pt-pt\\\/2024\\\/01\\\/23\\\/umas-ferias-bem-preparadas-para-os-seus-viajantes\\\/\",\"url\":\"https:\\\/\\\/styqr.fr\\\/pt-pt\\\/2024\\\/01\\\/23\\\/umas-ferias-bem-preparadas-para-os-seus-viajantes\\\/\",\"name\":\"Preparar viajantes con StyQR para una mejor estad\u00eda\",\"isPartOf\":{\"@id\":\"https:\\\/\\\/styqr.fr\\\/pt-pt\\\/#website\"},\"primaryImageOfPage\":{\"@id\":\"https:\\\/\\\/styqr.fr\\\/pt-pt\\\/2024\\\/01\\\/23\\\/umas-ferias-bem-preparadas-para-os-seus-viajantes\\\/#primaryimage\"},\"image\":{\"@id\":\"https:\\\/\\\/styqr.fr\\\/pt-pt\\\/2024\\\/01\\\/23\\\/umas-ferias-bem-preparadas-para-os-seus-viajantes\\\/#primaryimage\"},\"thumbnailUrl\":\"https:\\\/\\\/styqr.fr\\\/wp-content\\\/uploads\\\/2024\\\/01\\\/staying-in-touch-2023-11-27-05-00-41-utc-min-scaled.jpg\",\"datePublished\":\"2024-01-23T16:13:57+00:00\",\"dateModified\":\"2025-01-13T09:43:46+00:00\",\"description\":\"Descubre c\u00f3mo preparar a tus viajantes para que elijan tu alojamiento. Mejora su experiencia con StyQR y aumenta tus reservas.\",\"breadcrumb\":{\"@id\":\"https:\\\/\\\/styqr.fr\\\/pt-pt\\\/2024\\\/01\\\/23\\\/umas-ferias-bem-preparadas-para-os-seus-viajantes\\\/#breadcrumb\"},\"inLanguage\":\"pt-PT\",\"potentialAction\":[{\"@type\":\"ReadAction\",\"target\":[\"https:\\\/\\\/styqr.fr\\\/pt-pt\\\/2024\\\/01\\\/23\\\/umas-ferias-bem-preparadas-para-os-seus-viajantes\\\/\"]}]},{\"@type\":\"ImageObject\",\"inLanguage\":\"pt-PT\",\"@id\":\"https:\\\/\\\/styqr.fr\\\/pt-pt\\\/2024\\\/01\\\/23\\\/umas-ferias-bem-preparadas-para-os-seus-viajantes\\\/#primaryimage\",\"url\":\"https:\\\/\\\/styqr.fr\\\/wp-content\\\/uploads\\\/2024\\\/01\\\/staying-in-touch-2023-11-27-05-00-41-utc-min-scaled.jpg\",\"contentUrl\":\"https:\\\/\\\/styqr.fr\\\/wp-content\\\/uploads\\\/2024\\\/01\\\/staying-in-touch-2023-11-27-05-00-41-utc-min-scaled.jpg\",\"width\":2560,\"height\":1729},{\"@type\":\"BreadcrumbList\",\"@id\":\"https:\\\/\\\/styqr.fr\\\/pt-pt\\\/2024\\\/01\\\/23\\\/umas-ferias-bem-preparadas-para-os-seus-viajantes\\\/#breadcrumb\",\"itemListElement\":[{\"@type\":\"ListItem\",\"position\":1,\"name\":\"Casa\",\"item\":\"https:\\\/\\\/styqr.fr\\\/pt-pt\\\/\"},{\"@type\":\"ListItem\",\"position\":2,\"name\":\"Gostamos deles\",\"item\":\"https:\\\/\\\/styqr.fr\\\/pt-pt\\\/nos-categories\\\/os-nossos-amigos\\\/\"},{\"@type\":\"ListItem\",\"position\":3,\"name\":\"Umas f\u00e9rias bem preparadas para os teus viajantes\"}]},{\"@type\":\"WebSite\",\"@id\":\"https:\\\/\\\/styqr.fr\\\/pt-pt\\\/#website\",\"url\":\"https:\\\/\\\/styqr.fr\\\/pt-pt\\\/\",\"name\":\"StyQR\",\"description\":\"Cr\u00e9ez votre livret d&#039;accueil digital personnalis\u00e9 pour vos voyageurs\",\"publisher\":{\"@id\":\"https:\\\/\\\/styqr.fr\\\/pt-pt\\\/#organization\"},\"potentialAction\":[{\"@type\":\"SearchAction\",\"target\":{\"@type\":\"EntryPoint\",\"urlTemplate\":\"https:\\\/\\\/styqr.fr\\\/pt-pt\\\/?s={search_term_string}\"},\"query-input\":{\"@type\":\"PropertyValueSpecification\",\"valueRequired\":true,\"valueName\":\"search_term_string\"}}],\"inLanguage\":\"pt-PT\"},{\"@type\":\"Organization\",\"@id\":\"https:\\\/\\\/styqr.fr\\\/pt-pt\\\/#organization\",\"name\":\"StyQR\",\"url\":\"https:\\\/\\\/styqr.fr\\\/pt-pt\\\/\",\"logo\":{\"@type\":\"ImageObject\",\"inLanguage\":\"pt-PT\",\"@id\":\"https:\\\/\\\/styqr.fr\\\/pt-pt\\\/#\\\/schema\\\/logo\\\/image\\\/\",\"url\":\"https:\\\/\\\/styqr.fr\\\/wp-content\\\/uploads\\\/2020\\\/11\\\/Fichier-5.png\",\"contentUrl\":\"https:\\\/\\\/styqr.fr\\\/wp-content\\\/uploads\\\/2020\\\/11\\\/Fichier-5.png\",\"width\":388,\"height\":194,\"caption\":\"StyQR\"},\"image\":{\"@id\":\"https:\\\/\\\/styqr.fr\\\/pt-pt\\\/#\\\/schema\\\/logo\\\/image\\\/\"},\"sameAs\":[\"https:\\\/\\\/fr-fr.facebook.com\\\/styqr\\\/\",\"https:\\\/\\\/www.instagram.com\\\/styqr_fr\\\/\",\"https:\\\/\\\/fr.linkedin.com\\\/company\\\/styqr\"],\"description\":\"StyQR, le livret d'accueil digital\",\"email\":\"contact@styqr.fr\",\"legalName\":\"SAS StyQR\",\"foundingDate\":\"2019-05-27\",\"vatID\":\"FR55824532865\",\"taxID\":\"82453286500014\",\"numberOfEmployees\":{\"@type\":\"QuantitativeValue\",\"minValue\":\"1\",\"maxValue\":\"10\"}},{\"@type\":\"Person\",\"@id\":\"https:\\\/\\\/styqr.fr\\\/pt-pt\\\/#\\\/schema\\\/person\\\/1c3ec87abbbfc1b604a5bfade25e11a5\",\"name\":\"julien-styqr-admin\",\"image\":{\"@type\":\"ImageObject\",\"inLanguage\":\"pt-PT\",\"@id\":\"https:\\\/\\\/secure.gravatar.com\\\/avatar\\\/9f51111c0554d4868fb9d8c7d1a35c7adcd4c4e4152ded86b44eb45fec952cea?s=96&d=mm&r=g\",\"url\":\"https:\\\/\\\/secure.gravatar.com\\\/avatar\\\/9f51111c0554d4868fb9d8c7d1a35c7adcd4c4e4152ded86b44eb45fec952cea?s=96&d=mm&r=g\",\"contentUrl\":\"https:\\\/\\\/secure.gravatar.com\\\/avatar\\\/9f51111c0554d4868fb9d8c7d1a35c7adcd4c4e4152ded86b44eb45fec952cea?s=96&d=mm&r=g\",\"caption\":\"julien-styqr-admin\"},\"sameAs\":[\"https:\\\/\\\/styqr.fr\"]}]}<\/script>\n<!-- \/ Yoast SEO Premium plugin. -->","yoast_head_json":{"title":"Preparar viajantes con StyQR para una mejor estad\u00eda","description":"Descubre c\u00f3mo preparar a tus viajantes para que elijan tu alojamiento. Mejora su experiencia con StyQR y aumenta tus reservas.","robots":{"index":"index","follow":"follow","max-snippet":"max-snippet:-1","max-image-preview":"max-image-preview:large","max-video-preview":"max-video-preview:-1"},"canonical":"https:\/\/styqr.fr\/pt-pt\/2024\/01\/23\/umas-ferias-bem-preparadas-para-os-seus-viajantes\/","og_locale":"pt_PT","og_type":"article","og_title":"StyQR | Le livret d'accueil digital","og_description":"Descubre c\u00f3mo preparar a tus viajantes para que elijan tu alojamiento. Mejora su experiencia con StyQR y aumenta tus reservas.","og_url":"https:\/\/styqr.fr\/pt-pt\/2024\/01\/23\/umas-ferias-bem-preparadas-para-os-seus-viajantes\/","og_site_name":"StyQR","article_publisher":"https:\/\/fr-fr.facebook.com\/styqr\/","article_published_time":"2024-01-23T16:13:57+00:00","article_modified_time":"2025-01-13T09:43:46+00:00","og_image":[{"width":2560,"height":1729,"url":"https:\/\/styqr.fr\/wp-content\/uploads\/2024\/01\/staying-in-touch-2023-11-27-05-00-41-utc-min-scaled.jpg","type":"image\/jpeg"}],"author":"julien-styqr-admin","twitter_card":"summary_large_image","schema":{"@context":"https:\/\/schema.org","@graph":[{"@type":"Article","@id":"https:\/\/styqr.fr\/pt-pt\/2024\/01\/23\/umas-ferias-bem-preparadas-para-os-seus-viajantes\/#article","isPartOf":{"@id":"https:\/\/styqr.fr\/pt-pt\/2024\/01\/23\/umas-ferias-bem-preparadas-para-os-seus-viajantes\/"},"author":{"name":"julien-styqr-admin","@id":"https:\/\/styqr.fr\/pt-pt\/#\/schema\/person\/1c3ec87abbbfc1b604a5bfade25e11a5"},"headline":"Umas f\u00e9rias bem preparadas para os teus viajantes","datePublished":"2024-01-23T16:13:57+00:00","dateModified":"2025-01-13T09:43:46+00:00","mainEntityOfPage":{"@id":"https:\/\/styqr.fr\/pt-pt\/2024\/01\/23\/umas-ferias-bem-preparadas-para-os-seus-viajantes\/"},"wordCount":915,"publisher":{"@id":"https:\/\/styqr.fr\/pt-pt\/#organization"},"image":{"@id":"https:\/\/styqr.fr\/pt-pt\/2024\/01\/23\/umas-ferias-bem-preparadas-para-os-seus-viajantes\/#primaryimage"},"thumbnailUrl":"https:\/\/styqr.fr\/wp-content\/uploads\/2024\/01\/staying-in-touch-2023-11-27-05-00-41-utc-min-scaled.jpg","keywords":["viaja","comunica\u00e7\u00e3o","fica"],"articleSection":["Indiv\u00edduos","Profissionais","Gostamos deles"],"inLanguage":"pt-PT"},{"@type":"WebPage","@id":"https:\/\/styqr.fr\/pt-pt\/2024\/01\/23\/umas-ferias-bem-preparadas-para-os-seus-viajantes\/","url":"https:\/\/styqr.fr\/pt-pt\/2024\/01\/23\/umas-ferias-bem-preparadas-para-os-seus-viajantes\/","name":"Preparar viajantes con StyQR para una mejor estad\u00eda","isPartOf":{"@id":"https:\/\/styqr.fr\/pt-pt\/#website"},"primaryImageOfPage":{"@id":"https:\/\/styqr.fr\/pt-pt\/2024\/01\/23\/umas-ferias-bem-preparadas-para-os-seus-viajantes\/#primaryimage"},"image":{"@id":"https:\/\/styqr.fr\/pt-pt\/2024\/01\/23\/umas-ferias-bem-preparadas-para-os-seus-viajantes\/#primaryimage"},"thumbnailUrl":"https:\/\/styqr.fr\/wp-content\/uploads\/2024\/01\/staying-in-touch-2023-11-27-05-00-41-utc-min-scaled.jpg","datePublished":"2024-01-23T16:13:57+00:00","dateModified":"2025-01-13T09:43:46+00:00","description":"Descubre c\u00f3mo preparar a tus viajantes para que elijan tu alojamiento. Mejora su experiencia con StyQR y aumenta tus reservas.","breadcrumb":{"@id":"https:\/\/styqr.fr\/pt-pt\/2024\/01\/23\/umas-ferias-bem-preparadas-para-os-seus-viajantes\/#breadcrumb"},"inLanguage":"pt-PT","potentialAction":[{"@type":"ReadAction","target":["https:\/\/styqr.fr\/pt-pt\/2024\/01\/23\/umas-ferias-bem-preparadas-para-os-seus-viajantes\/"]}]},{"@type":"ImageObject","inLanguage":"pt-PT","@id":"https:\/\/styqr.fr\/pt-pt\/2024\/01\/23\/umas-ferias-bem-preparadas-para-os-seus-viajantes\/#primaryimage","url":"https:\/\/styqr.fr\/wp-content\/uploads\/2024\/01\/staying-in-touch-2023-11-27-05-00-41-utc-min-scaled.jpg","contentUrl":"https:\/\/styqr.fr\/wp-content\/uploads\/2024\/01\/staying-in-touch-2023-11-27-05-00-41-utc-min-scaled.jpg","width":2560,"height":1729},{"@type":"BreadcrumbList","@id":"https:\/\/styqr.fr\/pt-pt\/2024\/01\/23\/umas-ferias-bem-preparadas-para-os-seus-viajantes\/#breadcrumb","itemListElement":[{"@type":"ListItem","position":1,"name":"Casa","item":"https:\/\/styqr.fr\/pt-pt\/"},{"@type":"ListItem","position":2,"name":"Gostamos deles","item":"https:\/\/styqr.fr\/pt-pt\/nos-categories\/os-nossos-amigos\/"},{"@type":"ListItem","position":3,"name":"Umas f\u00e9rias bem preparadas para os teus viajantes"}]},{"@type":"WebSite","@id":"https:\/\/styqr.fr\/pt-pt\/#website","url":"https:\/\/styqr.fr\/pt-pt\/","name":"StyQR","description":"Cr\u00e9ez votre livret d&#039;accueil digital personnalis\u00e9 pour vos voyageurs","publisher":{"@id":"https:\/\/styqr.fr\/pt-pt\/#organization"},"potentialAction":[{"@type":"SearchAction","target":{"@type":"EntryPoint","urlTemplate":"https:\/\/styqr.fr\/pt-pt\/?s={search_term_string}"},"query-input":{"@type":"PropertyValueSpecification","valueRequired":true,"valueName":"search_term_string"}}],"inLanguage":"pt-PT"},{"@type":"Organization","@id":"https:\/\/styqr.fr\/pt-pt\/#organization","name":"StyQR","url":"https:\/\/styqr.fr\/pt-pt\/","logo":{"@type":"ImageObject","inLanguage":"pt-PT","@id":"https:\/\/styqr.fr\/pt-pt\/#\/schema\/logo\/image\/","url":"https:\/\/styqr.fr\/wp-content\/uploads\/2020\/11\/Fichier-5.png","contentUrl":"https:\/\/styqr.fr\/wp-content\/uploads\/2020\/11\/Fichier-5.png","width":388,"height":194,"caption":"StyQR"},"image":{"@id":"https:\/\/styqr.fr\/pt-pt\/#\/schema\/logo\/image\/"},"sameAs":["https:\/\/fr-fr.facebook.com\/styqr\/","https:\/\/www.instagram.com\/styqr_fr\/","https:\/\/fr.linkedin.com\/company\/styqr"],"description":"StyQR, le livret d'accueil digital","email":"contact@styqr.fr","legalName":"SAS StyQR","foundingDate":"2019-05-27","vatID":"FR55824532865","taxID":"82453286500014","numberOfEmployees":{"@type":"QuantitativeValue","minValue":"1","maxValue":"10"}},{"@type":"Person","@id":"https:\/\/styqr.fr\/pt-pt\/#\/schema\/person\/1c3ec87abbbfc1b604a5bfade25e11a5","name":"julien-styqr-admin","image":{"@type":"ImageObject","inLanguage":"pt-PT","@id":"https:\/\/secure.gravatar.com\/avatar\/9f51111c0554d4868fb9d8c7d1a35c7adcd4c4e4152ded86b44eb45fec952cea?s=96&d=mm&r=g","url":"https:\/\/secure.gravatar.com\/avatar\/9f51111c0554d4868fb9d8c7d1a35c7adcd4c4e4152ded86b44eb45fec952cea?s=96&d=mm&r=g","contentUrl":"https:\/\/secure.gravatar.com\/avatar\/9f51111c0554d4868fb9d8c7d1a35c7adcd4c4e4152ded86b44eb45fec952cea?s=96&d=mm&r=g","caption":"julien-styqr-admin"},"sameAs":["https:\/\/styqr.fr"]}]}},"_links":{"self":[{"href":"https:\/\/styqr.fr\/pt-pt\/wp-json\/wp\/v2\/posts\/99819","targetHints":{"allow":["GET"]}}],"collection":[{"href":"https:\/\/styqr.fr\/pt-pt\/wp-json\/wp\/v2\/posts"}],"about":[{"href":"https:\/\/styqr.fr\/pt-pt\/wp-json\/wp\/v2\/types\/post"}],"author":[{"embeddable":true,"href":"https:\/\/styqr.fr\/pt-pt\/wp-json\/wp\/v2\/users\/1"}],"replies":[{"embeddable":true,"href":"https:\/\/styqr.fr\/pt-pt\/wp-json\/wp\/v2\/comments?post=99819"}],"version-history":[{"count":0,"href":"https:\/\/styqr.fr\/pt-pt\/wp-json\/wp\/v2\/posts\/99819\/revisions"}],"wp:featuredmedia":[{"embeddable":true,"href":"https:\/\/styqr.fr\/pt-pt\/wp-json\/wp\/v2\/media\/104050"}],"wp:attachment":[{"href":"https:\/\/styqr.fr\/pt-pt\/wp-json\/wp\/v2\/media?parent=99819"}],"wp:term":[{"taxonomy":"category","embeddable":true,"href":"https:\/\/styqr.fr\/pt-pt\/wp-json\/wp\/v2\/categories?post=99819"},{"taxonomy":"post_tag","embeddable":true,"href":"https:\/\/styqr.fr\/pt-pt\/wp-json\/wp\/v2\/tags?post=99819"}],"curies":[{"name":"wp","href":"https:\/\/api.w.org\/{rel}","templated":true}]}}