{"id":99799,"date":"2024-01-23T17:13:57","date_gmt":"2024-01-23T16:13:57","guid":{"rendered":"https:\/\/styqr.fr\/2024\/01\/23\/os-5-principais-destinos-de-viagem-deste-verao\/"},"modified":"2025-09-03T18:42:59","modified_gmt":"2025-09-03T16:42:59","slug":"os-5-principais-destinos-de-viagem-deste-verao","status":"publish","type":"post","link":"https:\/\/styqr.fr\/pt-pt\/2024\/01\/23\/os-5-principais-destinos-de-viagem-deste-verao\/","title":{"rendered":"Os 5 melhores destinos de viagem deste ver\u00e3o!"},"content":{"rendered":"<div class=\"wpb-content-wrapper\"><p>[vc_row][vc_column width=&#8221;1\/1&#8243;][vc_column_text uncode_shortcode_id=&#8221;137568&#8243;]Queres <strong>fazer uma viagem<\/strong> este ver\u00e3o, mas n\u00e3o sabes para onde ir? N\u00e3o h\u00e1 problema, aqui est\u00e3o os nossos <strong>5 melhores destinos<\/strong> no mundo que te v\u00e3o fazer sonhar![\/vc_column_text][\/vc_column][\/vc_row][vc_row][vc_column width=&#8221;1\/1&#8243;][vc_gallery el_id=&#8221;gallery-787131&#8243; type=&#8221;carousel&#8221; medias=&#8221;98310,98314&#8243; carousel_lg=&#8221;1&#8243; carousel_md=&#8221;1&#8243; carousel_sm=&#8221;1&#8243; thumb_size=&#8221;three-two&#8221; gutter_size=&#8221;3&#8243; carousel_interval=&#8221;3000&#8243; carousel_navspeed=&#8221;400&#8243; carousel_loop=&#8221;yes&#8221; carousel_dots=&#8221;yes&#8221; carousel_dots_mobile=&#8221;yes&#8221; stage_padding=&#8221;0&#8243; single_shape=&#8221;round&#8221; single_overlay_opacity=&#8221;50&#8243; single_padding=&#8221;2&#8243; uncode_shortcode_id=&#8221;166153&#8243;][vc_row_inner][vc_column_inner column_width_percent=&#8221;100&#8243; gutter_size=&#8221;0&#8243; overlay_alpha=&#8221;50&#8243; shift_x=&#8221;0&#8243; shift_y=&#8221;0&#8243; shift_y_down=&#8221;0&#8243; z_index=&#8221;0&#8243; medium_width=&#8221;0&#8243; mobile_width=&#8221;0&#8243; width=&#8221;1\/1&#8243;][vc_custom_heading uncode_shortcode_id=&#8221;131251&#8243;]1. Gr\u00e9cia[\/vc_custom_heading][\/vc_column_inner][\/vc_row_inner][vc_column_text uncode_shortcode_id=&#8221;291509&#8243;]Um pa\u00eds repleto de hist\u00f3ria, cultura e beleza. Podes visitar vest\u00edgios antigos como o <strong>Parthenon<\/strong>. As suas ilhas paradis\u00edacas, como <strong>Corfu<\/strong> e<strong> Santorini<\/strong>, e as suas famosas e pitorescas aldeias brancas e azuis. E n\u00e3o te esque\u00e7as de provar a deliciosa cozinha mediterr\u00e2nica. A Gr\u00e9cia \u00e9 um destino ideal para recarregares <strong>as baterias<\/strong> e aproveitares <strong>o sol.<\/strong> \u00c9 tamb\u00e9m um pa\u00eds de f\u00e1cil acesso a partir de Fran\u00e7a, com um tempo de voo de cerca de 3 horas, dependendo da tua cidade de partida.[\/vc_column_text][\/vc_column][\/vc_row][vc_row][vc_column width=&#8221;1\/1&#8243;][vc_gallery el_id=&#8221;gallery-787134&#8243; type=&#8221;carousel&#8221; medias=&#8221;98318,98322&#8243; carousel_lg=&#8221;1&#8243; carousel_md=&#8221;1&#8243; carousel_sm=&#8221;1&#8243; thumb_size=&#8221;three-two&#8221; gutter_size=&#8221;3&#8243; carousel_interval=&#8221;3000&#8243; carousel_navspeed=&#8221;400&#8243; carousel_loop=&#8221;yes&#8221; carousel_dots=&#8221;yes&#8221; carousel_dots_mobile=&#8221;yes&#8221; stage_padding=&#8221;0&#8243; single_shape=&#8221;round&#8221; single_overlay_opacity=&#8221;50&#8243; single_padding=&#8221;2&#8243; uncode_shortcode_id=&#8221;377772&#8243;][vc_row_inner][vc_column_inner column_width_percent=&#8221;100&#8243; gutter_size=&#8221;0&#8243; overlay_alpha=&#8221;50&#8243; shift_x=&#8221;0&#8243; shift_y=&#8221;0&#8243; shift_y_down=&#8221;0&#8243; z_index=&#8221;0&#8243; medium_width=&#8221;0&#8243; mobile_width=&#8221;0&#8243; width=&#8221;1\/1&#8243;][vc_custom_heading uncode_shortcode_id=&#8221;196745&#8243;]2. Canad\u00e1[\/vc_custom_heading][\/vc_column_inner][\/vc_row_inner][vc_column_text uncode_shortcode_id=&#8221;601297&#8243;]\u00c9 um pa\u00eds vasto e variado, com<strong> paisagens de cortar a respira\u00e7\u00e3o<\/strong>. Podes admirar<strong> as Cataratas do Ni\u00e1gara<\/strong>,<strong> as Montanhas Rochosas<\/strong>, <strong>os lagos azul-turquesa, as florestas verdejantes e a vida selvagem.<\/strong> O Canad\u00e1 \u00e9 o destino perfeito para os amantes da natureza e da aventura. \u00c9 o destino perfeito se fores f\u00e3 de <strong>viagens de carro<\/strong> e da imensid\u00e3o.[\/vc_column_text][\/vc_column][\/vc_row][vc_row][vc_column width=&#8221;1\/1&#8243;][vc_gallery el_id=&#8221;gallery-787156&#8243; type=&#8221;carousel&#8221; medias=&#8221;98326,98330&#8243; carousel_lg=&#8221;1&#8243; carousel_md=&#8221;1&#8243; carousel_sm=&#8221;1&#8243; thumb_size=&#8221;three-two&#8221; gutter_size=&#8221;3&#8243; carousel_interval=&#8221;3000&#8243; carousel_navspeed=&#8221;400&#8243; carousel_loop=&#8221;yes&#8221; carousel_dots=&#8221;yes&#8221; carousel_dots_mobile=&#8221;yes&#8221; stage_padding=&#8221;0&#8243; single_shape=&#8221;round&#8221; single_overlay_opacity=&#8221;50&#8243; single_padding=&#8221;2&#8243; uncode_shortcode_id=&#8221;173223&#8243;][vc_row_inner][vc_column_inner column_width_percent=&#8221;100&#8243; gutter_size=&#8221;0&#8243; overlay_alpha=&#8221;50&#8243; shift_x=&#8221;0&#8243; shift_y=&#8221;0&#8243; shift_y_down=&#8221;0&#8243; z_index=&#8221;0&#8243; medium_width=&#8221;0&#8243; mobile_width=&#8221;0&#8243; width=&#8221;1\/1&#8243;][vc_custom_heading uncode_shortcode_id=&#8221;560796&#8243;]3. Jap\u00e3o[\/vc_custom_heading][\/vc_column_inner][\/vc_row_inner][vc_column_text uncode_shortcode_id=&#8221;815450&#8243;]Um pa\u00eds fascinante, que mistura tradi\u00e7\u00e3o e modernidade. \u00c9 frequente as pessoas atribu\u00edrem conota\u00e7\u00f5es negativas ao Jap\u00e3o, sem terem tempo para descobrir o que o pa\u00eds tem para oferecer. Podes admirar <strong>templos budistas, jardins zen, castelos feudais, cidades futuristas, manga, sushi e saqu\u00e9<\/strong>. Nada que te aborre\u00e7a! O Jap\u00e3o \u00e9 um destino fascinante e enriquecedor para os curiosos e os apaixonados.[\/vc_column_text][\/vc_column][\/vc_row][vc_row][vc_column width=&#8221;1\/1&#8243;][vc_gallery el_id=&#8221;gallery-787189&#8243; type=&#8221;carousel&#8221; medias=&#8221;98334,98338&#8243; carousel_lg=&#8221;1&#8243; carousel_md=&#8221;1&#8243; carousel_sm=&#8221;1&#8243; thumb_size=&#8221;three-two&#8221; gutter_size=&#8221;3&#8243; carousel_interval=&#8221;3000&#8243; carousel_navspeed=&#8221;400&#8243; carousel_loop=&#8221;yes&#8221; carousel_dots=&#8221;yes&#8221; carousel_dots_mobile=&#8221;yes&#8221; stage_padding=&#8221;0&#8243; single_shape=&#8221;round&#8221; single_overlay_opacity=&#8221;50&#8243; single_padding=&#8221;2&#8243; uncode_shortcode_id=&#8221;150481&#8243;][vc_row_inner][vc_column_inner column_width_percent=&#8221;100&#8243; gutter_size=&#8221;0&#8243; overlay_alpha=&#8221;50&#8243; shift_x=&#8221;0&#8243; shift_y=&#8221;0&#8243; shift_y_down=&#8221;0&#8243; z_index=&#8221;0&#8243; medium_width=&#8221;0&#8243; mobile_width=&#8221;0&#8243; width=&#8221;1\/1&#8243;][vc_custom_heading uncode_shortcode_id=&#8221;953847&#8243;]4. Austr\u00e1lia[\/vc_custom_heading][\/vc_column_inner][\/vc_row_inner][vc_column_text uncode_shortcode_id=&#8221;204663&#8243;]A dist\u00e2ncia pode ser assustadora ou desanimadora, mas este pa\u00eds tem muito para oferecer. N\u00e3o te deixes desencorajar pelas 24 horas de voo, d\u00e1 o mergulho. Podes explorar <strong>a Grande Barreira de Coral, o deserto vermelho, as praias de areia branca, os cangurus, os coalas e os crocodilos, bem como a \u00fanica \u00d3pera de Sydney.<\/strong> A Austr\u00e1lia \u00e9 um destino sensacional e inesquec\u00edvel para os audazes e os sonhadores.[\/vc_column_text][\/vc_column][\/vc_row][vc_row][vc_column width=&#8221;1\/1&#8243;][vc_gallery el_id=&#8221;gallery-787112&#8243; type=&#8221;carousel&#8221; medias=&#8221;98342,98346&#8243; carousel_lg=&#8221;1&#8243; carousel_md=&#8221;1&#8243; carousel_sm=&#8221;1&#8243; thumb_size=&#8221;three-two&#8221; gutter_size=&#8221;3&#8243; carousel_interval=&#8221;3000&#8243; carousel_navspeed=&#8221;400&#8243; carousel_loop=&#8221;yes&#8221; carousel_dots=&#8221;yes&#8221; carousel_dots_mobile=&#8221;yes&#8221; stage_padding=&#8221;0&#8243; single_shape=&#8221;round&#8221; single_overlay_opacity=&#8221;50&#8243; single_padding=&#8221;2&#8243; uncode_shortcode_id=&#8221;153857&#8243;][vc_row_inner][vc_column_inner column_width_percent=&#8221;100&#8243; gutter_size=&#8221;0&#8243; overlay_alpha=&#8221;50&#8243; shift_x=&#8221;0&#8243; shift_y=&#8221;0&#8243; shift_y_down=&#8221;0&#8243; z_index=&#8221;0&#8243; medium_width=&#8221;0&#8243; mobile_width=&#8221;0&#8243; width=&#8221;1\/1&#8243;][vc_custom_heading uncode_shortcode_id=&#8221;900482&#8243;]5 Marrocos[\/vc_custom_heading][\/vc_column_inner][\/vc_row_inner][vc_column_text uncode_shortcode_id=&#8221;148888&#8243;]\u00c9 a terra das mil e uma noites, que te transporta para um universo rodopiante e encantador. Marrocos seduzir-te-\u00e1 com as <strong>suas medinas, souks, pal\u00e1cios, mesquitas, montanhas, o\u00e1sis e deserto.<\/strong> Podes fazer muitas excurs\u00f5es em quadriciclos ou buggies. Para os mais aventureiros, podes at\u00e9 passar uma noite inteira no deserto![\/vc_column_text][\/vc_column][\/vc_row][vc_row][vc_column width=&#8221;1\/1&#8243;][vc_column_text uncode_shortcode_id=&#8221;563485&#8243;]Ent\u00e3o, de que est\u00e1s \u00e0 espera?<strong> Reserva j\u00e1 os teus bilhetes de avi\u00e3o<\/strong> e faz as malas! O mundo est\u00e1 \u00e0 tua espera este ver\u00e3o![\/vc_column_text][\/vc_column][\/vc_row]<\/p>\n<\/div>","protected":false},"excerpt":{"rendered":"<p>Descobre os nossos 5 melhores destinos para este ver\u00e3o!  <\/p>\n","protected":false},"author":3,"featured_media":98354,"comment_status":"closed","ping_status":"open","sticky":false,"template":"","format":"standard","meta":{"footnotes":""},"categories":[905],"tags":[1929,1930,1931,1973,2067,2545],"class_list":["post-99799","post","type-post","status-publish","format-standard","has-post-thumbnail","hentry","category-individuos","tag-styqr-pt-pt","tag-digital-pt-pt","tag-aluguer","tag-viaja","tag-verao","tag-ferias-pt-pt"],"yoast_head":"<!-- This site is optimized with the Yoast SEO Premium plugin v27.4 (Yoast SEO v27.4) - https:\/\/yoast.com\/product\/yoast-seo-premium-wordpress\/ -->\n<title>Os 5 melhores destinos de viagem deste ver\u00e3o!<\/title>\n<meta name=\"description\" content=\"Est\u00e1 \u00e0 procura de ideias para as suas f\u00e9rias? Descubra os destinos de sonho que o esperam e planeie a sua pr\u00f3xima aventura com a StyQR!\" \/>\n<meta name=\"robots\" content=\"index, follow, max-snippet:-1, max-image-preview:large, max-video-preview:-1\" \/>\n<link rel=\"canonical\" href=\"https:\/\/styqr.fr\/pt-pt\/2024\/01\/23\/os-5-principais-destinos-de-viagem-deste-verao\/\" \/>\n<meta property=\"og:locale\" content=\"pt_PT\" \/>\n<meta property=\"og:type\" content=\"article\" \/>\n<meta property=\"og:title\" content=\"StyQR | Le livret d&#039;accueil digital\" \/>\n<meta property=\"og:description\" content=\"Est\u00e1 \u00e0 procura de ideias para as suas f\u00e9rias? Descubra os destinos de sonho que o esperam e planeie a sua pr\u00f3xima aventura com a StyQR!\" \/>\n<meta property=\"og:url\" content=\"https:\/\/styqr.fr\/pt-pt\/2024\/01\/23\/os-5-principais-destinos-de-viagem-deste-verao\/\" \/>\n<meta property=\"og:site_name\" content=\"StyQR\" \/>\n<meta property=\"article:publisher\" content=\"https:\/\/fr-fr.facebook.com\/styqr\/\" \/>\n<meta property=\"article:published_time\" content=\"2024-01-23T16:13:57+00:00\" \/>\n<meta property=\"article:modified_time\" content=\"2025-09-03T16:42:59+00:00\" \/>\n<meta property=\"og:image\" content=\"https:\/\/styqr.fr\/wp-content\/uploads\/2023\/07\/11807-min.jpg\" \/>\n\t<meta property=\"og:image:width\" content=\"1500\" \/>\n\t<meta property=\"og:image:height\" content=\"1125\" \/>\n\t<meta property=\"og:image:type\" content=\"image\/jpeg\" \/>\n<meta name=\"author\" content=\"Marine\" \/>\n<meta name=\"twitter:card\" content=\"summary_large_image\" \/>\n<meta name=\"twitter:creator\" content=\"@julien-styqr-admin\" \/>\n<script type=\"application\/ld+json\" class=\"yoast-schema-graph\">{\"@context\":\"https:\\\/\\\/schema.org\",\"@graph\":[{\"@type\":\"Article\",\"@id\":\"https:\\\/\\\/styqr.fr\\\/pt-pt\\\/2024\\\/01\\\/23\\\/os-5-principais-destinos-de-viagem-deste-verao\\\/#article\",\"isPartOf\":{\"@id\":\"https:\\\/\\\/styqr.fr\\\/pt-pt\\\/2024\\\/01\\\/23\\\/os-5-principais-destinos-de-viagem-deste-verao\\\/\"},\"author\":{\"name\":\"Marine\",\"@id\":\"https:\\\/\\\/styqr.fr\\\/pt-pt\\\/#\\\/schema\\\/person\\\/9961aca9b86c9501bc1a72282df89aac\"},\"headline\":\"Os 5 melhores destinos de viagem deste ver\u00e3o!\",\"datePublished\":\"2024-01-23T16:13:57+00:00\",\"dateModified\":\"2025-09-03T16:42:59+00:00\",\"mainEntityOfPage\":{\"@id\":\"https:\\\/\\\/styqr.fr\\\/pt-pt\\\/2024\\\/01\\\/23\\\/os-5-principais-destinos-de-viagem-deste-verao\\\/\"},\"wordCount\":986,\"publisher\":{\"@id\":\"https:\\\/\\\/styqr.fr\\\/pt-pt\\\/#organization\"},\"image\":{\"@id\":\"https:\\\/\\\/styqr.fr\\\/pt-pt\\\/2024\\\/01\\\/23\\\/os-5-principais-destinos-de-viagem-deste-verao\\\/#primaryimage\"},\"thumbnailUrl\":\"https:\\\/\\\/styqr.fr\\\/wp-content\\\/uploads\\\/2023\\\/07\\\/11807-min.jpg\",\"keywords\":[\"styqr\",\"digital\",\"aluguer\",\"viaja\",\"ver\u00e3o\",\"f\u00e9rias\"],\"articleSection\":[\"Indiv\u00edduos\"],\"inLanguage\":\"pt-PT\"},{\"@type\":\"WebPage\",\"@id\":\"https:\\\/\\\/styqr.fr\\\/pt-pt\\\/2024\\\/01\\\/23\\\/os-5-principais-destinos-de-viagem-deste-verao\\\/\",\"url\":\"https:\\\/\\\/styqr.fr\\\/pt-pt\\\/2024\\\/01\\\/23\\\/os-5-principais-destinos-de-viagem-deste-verao\\\/\",\"name\":\"Os 5 melhores destinos de viagem deste ver\u00e3o!\",\"isPartOf\":{\"@id\":\"https:\\\/\\\/styqr.fr\\\/pt-pt\\\/#website\"},\"primaryImageOfPage\":{\"@id\":\"https:\\\/\\\/styqr.fr\\\/pt-pt\\\/2024\\\/01\\\/23\\\/os-5-principais-destinos-de-viagem-deste-verao\\\/#primaryimage\"},\"image\":{\"@id\":\"https:\\\/\\\/styqr.fr\\\/pt-pt\\\/2024\\\/01\\\/23\\\/os-5-principais-destinos-de-viagem-deste-verao\\\/#primaryimage\"},\"thumbnailUrl\":\"https:\\\/\\\/styqr.fr\\\/wp-content\\\/uploads\\\/2023\\\/07\\\/11807-min.jpg\",\"datePublished\":\"2024-01-23T16:13:57+00:00\",\"dateModified\":\"2025-09-03T16:42:59+00:00\",\"description\":\"Est\u00e1 \u00e0 procura de ideias para as suas f\u00e9rias? Descubra os destinos de sonho que o esperam e planeie a sua pr\u00f3xima aventura com a StyQR!\",\"breadcrumb\":{\"@id\":\"https:\\\/\\\/styqr.fr\\\/pt-pt\\\/2024\\\/01\\\/23\\\/os-5-principais-destinos-de-viagem-deste-verao\\\/#breadcrumb\"},\"inLanguage\":\"pt-PT\",\"potentialAction\":[{\"@type\":\"ReadAction\",\"target\":[\"https:\\\/\\\/styqr.fr\\\/pt-pt\\\/2024\\\/01\\\/23\\\/os-5-principais-destinos-de-viagem-deste-verao\\\/\"]}]},{\"@type\":\"ImageObject\",\"inLanguage\":\"pt-PT\",\"@id\":\"https:\\\/\\\/styqr.fr\\\/pt-pt\\\/2024\\\/01\\\/23\\\/os-5-principais-destinos-de-viagem-deste-verao\\\/#primaryimage\",\"url\":\"https:\\\/\\\/styqr.fr\\\/wp-content\\\/uploads\\\/2023\\\/07\\\/11807-min.jpg\",\"contentUrl\":\"https:\\\/\\\/styqr.fr\\\/wp-content\\\/uploads\\\/2023\\\/07\\\/11807-min.jpg\",\"width\":1500,\"height\":1125},{\"@type\":\"BreadcrumbList\",\"@id\":\"https:\\\/\\\/styqr.fr\\\/pt-pt\\\/2024\\\/01\\\/23\\\/os-5-principais-destinos-de-viagem-deste-verao\\\/#breadcrumb\",\"itemListElement\":[{\"@type\":\"ListItem\",\"position\":1,\"name\":\"Casa\",\"item\":\"https:\\\/\\\/styqr.fr\\\/pt-pt\\\/\"},{\"@type\":\"ListItem\",\"position\":2,\"name\":\"Indiv\u00edduos\",\"item\":\"https:\\\/\\\/styqr.fr\\\/pt-pt\\\/nos-categories\\\/individuos\\\/\"},{\"@type\":\"ListItem\",\"position\":3,\"name\":\"Os 5 melhores destinos de viagem deste ver\u00e3o!\"}]},{\"@type\":\"WebSite\",\"@id\":\"https:\\\/\\\/styqr.fr\\\/pt-pt\\\/#website\",\"url\":\"https:\\\/\\\/styqr.fr\\\/pt-pt\\\/\",\"name\":\"StyQR\",\"description\":\"Cr\u00e9ez votre livret d&#039;accueil digital personnalis\u00e9 pour vos voyageurs\",\"publisher\":{\"@id\":\"https:\\\/\\\/styqr.fr\\\/pt-pt\\\/#organization\"},\"potentialAction\":[{\"@type\":\"SearchAction\",\"target\":{\"@type\":\"EntryPoint\",\"urlTemplate\":\"https:\\\/\\\/styqr.fr\\\/pt-pt\\\/?s={search_term_string}\"},\"query-input\":{\"@type\":\"PropertyValueSpecification\",\"valueRequired\":true,\"valueName\":\"search_term_string\"}}],\"inLanguage\":\"pt-PT\"},{\"@type\":\"Organization\",\"@id\":\"https:\\\/\\\/styqr.fr\\\/pt-pt\\\/#organization\",\"name\":\"StyQR\",\"url\":\"https:\\\/\\\/styqr.fr\\\/pt-pt\\\/\",\"logo\":{\"@type\":\"ImageObject\",\"inLanguage\":\"pt-PT\",\"@id\":\"https:\\\/\\\/styqr.fr\\\/pt-pt\\\/#\\\/schema\\\/logo\\\/image\\\/\",\"url\":\"https:\\\/\\\/styqr.fr\\\/wp-content\\\/uploads\\\/2020\\\/11\\\/Fichier-5.png\",\"contentUrl\":\"https:\\\/\\\/styqr.fr\\\/wp-content\\\/uploads\\\/2020\\\/11\\\/Fichier-5.png\",\"width\":388,\"height\":194,\"caption\":\"StyQR\"},\"image\":{\"@id\":\"https:\\\/\\\/styqr.fr\\\/pt-pt\\\/#\\\/schema\\\/logo\\\/image\\\/\"},\"sameAs\":[\"https:\\\/\\\/fr-fr.facebook.com\\\/styqr\\\/\",\"https:\\\/\\\/www.instagram.com\\\/styqr_fr\\\/\",\"https:\\\/\\\/fr.linkedin.com\\\/company\\\/styqr\"],\"description\":\"StyQR, le livret d'accueil digital\",\"email\":\"contact@styqr.fr\",\"legalName\":\"SAS StyQR\",\"foundingDate\":\"2019-05-27\",\"vatID\":\"FR55824532865\",\"taxID\":\"82453286500014\",\"numberOfEmployees\":{\"@type\":\"QuantitativeValue\",\"minValue\":\"1\",\"maxValue\":\"10\"}},{\"@type\":\"Person\",\"@id\":\"https:\\\/\\\/styqr.fr\\\/pt-pt\\\/#\\\/schema\\\/person\\\/9961aca9b86c9501bc1a72282df89aac\",\"name\":\"Marine\",\"image\":{\"@type\":\"ImageObject\",\"inLanguage\":\"pt-PT\",\"@id\":\"https:\\\/\\\/secure.gravatar.com\\\/avatar\\\/647b7182996833269bfb418442442520d7a3cf1ce76c2bbb26b93d7fbb28bb58?s=96&d=mm&r=g\",\"url\":\"https:\\\/\\\/secure.gravatar.com\\\/avatar\\\/647b7182996833269bfb418442442520d7a3cf1ce76c2bbb26b93d7fbb28bb58?s=96&d=mm&r=g\",\"contentUrl\":\"https:\\\/\\\/secure.gravatar.com\\\/avatar\\\/647b7182996833269bfb418442442520d7a3cf1ce76c2bbb26b93d7fbb28bb58?s=96&d=mm&r=g\",\"caption\":\"Marine\"},\"sameAs\":[\"https:\\\/\\\/x.com\\\/julien-styqr-admin\"]}]}<\/script>\n<!-- \/ Yoast SEO Premium plugin. -->","yoast_head_json":{"title":"Os 5 melhores destinos de viagem deste ver\u00e3o!","description":"Est\u00e1 \u00e0 procura de ideias para as suas f\u00e9rias? Descubra os destinos de sonho que o esperam e planeie a sua pr\u00f3xima aventura com a StyQR!","robots":{"index":"index","follow":"follow","max-snippet":"max-snippet:-1","max-image-preview":"max-image-preview:large","max-video-preview":"max-video-preview:-1"},"canonical":"https:\/\/styqr.fr\/pt-pt\/2024\/01\/23\/os-5-principais-destinos-de-viagem-deste-verao\/","og_locale":"pt_PT","og_type":"article","og_title":"StyQR | Le livret d'accueil digital","og_description":"Est\u00e1 \u00e0 procura de ideias para as suas f\u00e9rias? Descubra os destinos de sonho que o esperam e planeie a sua pr\u00f3xima aventura com a StyQR!","og_url":"https:\/\/styqr.fr\/pt-pt\/2024\/01\/23\/os-5-principais-destinos-de-viagem-deste-verao\/","og_site_name":"StyQR","article_publisher":"https:\/\/fr-fr.facebook.com\/styqr\/","article_published_time":"2024-01-23T16:13:57+00:00","article_modified_time":"2025-09-03T16:42:59+00:00","og_image":[{"width":1500,"height":1125,"url":"https:\/\/styqr.fr\/wp-content\/uploads\/2023\/07\/11807-min.jpg","type":"image\/jpeg"}],"author":"Marine","twitter_card":"summary_large_image","twitter_creator":"@julien-styqr-admin","schema":{"@context":"https:\/\/schema.org","@graph":[{"@type":"Article","@id":"https:\/\/styqr.fr\/pt-pt\/2024\/01\/23\/os-5-principais-destinos-de-viagem-deste-verao\/#article","isPartOf":{"@id":"https:\/\/styqr.fr\/pt-pt\/2024\/01\/23\/os-5-principais-destinos-de-viagem-deste-verao\/"},"author":{"name":"Marine","@id":"https:\/\/styqr.fr\/pt-pt\/#\/schema\/person\/9961aca9b86c9501bc1a72282df89aac"},"headline":"Os 5 melhores destinos de viagem deste ver\u00e3o!","datePublished":"2024-01-23T16:13:57+00:00","dateModified":"2025-09-03T16:42:59+00:00","mainEntityOfPage":{"@id":"https:\/\/styqr.fr\/pt-pt\/2024\/01\/23\/os-5-principais-destinos-de-viagem-deste-verao\/"},"wordCount":986,"publisher":{"@id":"https:\/\/styqr.fr\/pt-pt\/#organization"},"image":{"@id":"https:\/\/styqr.fr\/pt-pt\/2024\/01\/23\/os-5-principais-destinos-de-viagem-deste-verao\/#primaryimage"},"thumbnailUrl":"https:\/\/styqr.fr\/wp-content\/uploads\/2023\/07\/11807-min.jpg","keywords":["styqr","digital","aluguer","viaja","ver\u00e3o","f\u00e9rias"],"articleSection":["Indiv\u00edduos"],"inLanguage":"pt-PT"},{"@type":"WebPage","@id":"https:\/\/styqr.fr\/pt-pt\/2024\/01\/23\/os-5-principais-destinos-de-viagem-deste-verao\/","url":"https:\/\/styqr.fr\/pt-pt\/2024\/01\/23\/os-5-principais-destinos-de-viagem-deste-verao\/","name":"Os 5 melhores destinos de viagem deste ver\u00e3o!","isPartOf":{"@id":"https:\/\/styqr.fr\/pt-pt\/#website"},"primaryImageOfPage":{"@id":"https:\/\/styqr.fr\/pt-pt\/2024\/01\/23\/os-5-principais-destinos-de-viagem-deste-verao\/#primaryimage"},"image":{"@id":"https:\/\/styqr.fr\/pt-pt\/2024\/01\/23\/os-5-principais-destinos-de-viagem-deste-verao\/#primaryimage"},"thumbnailUrl":"https:\/\/styqr.fr\/wp-content\/uploads\/2023\/07\/11807-min.jpg","datePublished":"2024-01-23T16:13:57+00:00","dateModified":"2025-09-03T16:42:59+00:00","description":"Est\u00e1 \u00e0 procura de ideias para as suas f\u00e9rias? Descubra os destinos de sonho que o esperam e planeie a sua pr\u00f3xima aventura com a StyQR!","breadcrumb":{"@id":"https:\/\/styqr.fr\/pt-pt\/2024\/01\/23\/os-5-principais-destinos-de-viagem-deste-verao\/#breadcrumb"},"inLanguage":"pt-PT","potentialAction":[{"@type":"ReadAction","target":["https:\/\/styqr.fr\/pt-pt\/2024\/01\/23\/os-5-principais-destinos-de-viagem-deste-verao\/"]}]},{"@type":"ImageObject","inLanguage":"pt-PT","@id":"https:\/\/styqr.fr\/pt-pt\/2024\/01\/23\/os-5-principais-destinos-de-viagem-deste-verao\/#primaryimage","url":"https:\/\/styqr.fr\/wp-content\/uploads\/2023\/07\/11807-min.jpg","contentUrl":"https:\/\/styqr.fr\/wp-content\/uploads\/2023\/07\/11807-min.jpg","width":1500,"height":1125},{"@type":"BreadcrumbList","@id":"https:\/\/styqr.fr\/pt-pt\/2024\/01\/23\/os-5-principais-destinos-de-viagem-deste-verao\/#breadcrumb","itemListElement":[{"@type":"ListItem","position":1,"name":"Casa","item":"https:\/\/styqr.fr\/pt-pt\/"},{"@type":"ListItem","position":2,"name":"Indiv\u00edduos","item":"https:\/\/styqr.fr\/pt-pt\/nos-categories\/individuos\/"},{"@type":"ListItem","position":3,"name":"Os 5 melhores destinos de viagem deste ver\u00e3o!"}]},{"@type":"WebSite","@id":"https:\/\/styqr.fr\/pt-pt\/#website","url":"https:\/\/styqr.fr\/pt-pt\/","name":"StyQR","description":"Cr\u00e9ez votre livret d&#039;accueil digital personnalis\u00e9 pour vos voyageurs","publisher":{"@id":"https:\/\/styqr.fr\/pt-pt\/#organization"},"potentialAction":[{"@type":"SearchAction","target":{"@type":"EntryPoint","urlTemplate":"https:\/\/styqr.fr\/pt-pt\/?s={search_term_string}"},"query-input":{"@type":"PropertyValueSpecification","valueRequired":true,"valueName":"search_term_string"}}],"inLanguage":"pt-PT"},{"@type":"Organization","@id":"https:\/\/styqr.fr\/pt-pt\/#organization","name":"StyQR","url":"https:\/\/styqr.fr\/pt-pt\/","logo":{"@type":"ImageObject","inLanguage":"pt-PT","@id":"https:\/\/styqr.fr\/pt-pt\/#\/schema\/logo\/image\/","url":"https:\/\/styqr.fr\/wp-content\/uploads\/2020\/11\/Fichier-5.png","contentUrl":"https:\/\/styqr.fr\/wp-content\/uploads\/2020\/11\/Fichier-5.png","width":388,"height":194,"caption":"StyQR"},"image":{"@id":"https:\/\/styqr.fr\/pt-pt\/#\/schema\/logo\/image\/"},"sameAs":["https:\/\/fr-fr.facebook.com\/styqr\/","https:\/\/www.instagram.com\/styqr_fr\/","https:\/\/fr.linkedin.com\/company\/styqr"],"description":"StyQR, le livret d'accueil digital","email":"contact@styqr.fr","legalName":"SAS StyQR","foundingDate":"2019-05-27","vatID":"FR55824532865","taxID":"82453286500014","numberOfEmployees":{"@type":"QuantitativeValue","minValue":"1","maxValue":"10"}},{"@type":"Person","@id":"https:\/\/styqr.fr\/pt-pt\/#\/schema\/person\/9961aca9b86c9501bc1a72282df89aac","name":"Marine","image":{"@type":"ImageObject","inLanguage":"pt-PT","@id":"https:\/\/secure.gravatar.com\/avatar\/647b7182996833269bfb418442442520d7a3cf1ce76c2bbb26b93d7fbb28bb58?s=96&d=mm&r=g","url":"https:\/\/secure.gravatar.com\/avatar\/647b7182996833269bfb418442442520d7a3cf1ce76c2bbb26b93d7fbb28bb58?s=96&d=mm&r=g","contentUrl":"https:\/\/secure.gravatar.com\/avatar\/647b7182996833269bfb418442442520d7a3cf1ce76c2bbb26b93d7fbb28bb58?s=96&d=mm&r=g","caption":"Marine"},"sameAs":["https:\/\/x.com\/julien-styqr-admin"]}]}},"_links":{"self":[{"href":"https:\/\/styqr.fr\/pt-pt\/wp-json\/wp\/v2\/posts\/99799","targetHints":{"allow":["GET"]}}],"collection":[{"href":"https:\/\/styqr.fr\/pt-pt\/wp-json\/wp\/v2\/posts"}],"about":[{"href":"https:\/\/styqr.fr\/pt-pt\/wp-json\/wp\/v2\/types\/post"}],"author":[{"embeddable":true,"href":"https:\/\/styqr.fr\/pt-pt\/wp-json\/wp\/v2\/users\/3"}],"replies":[{"embeddable":true,"href":"https:\/\/styqr.fr\/pt-pt\/wp-json\/wp\/v2\/comments?post=99799"}],"version-history":[{"count":0,"href":"https:\/\/styqr.fr\/pt-pt\/wp-json\/wp\/v2\/posts\/99799\/revisions"}],"wp:featuredmedia":[{"embeddable":true,"href":"https:\/\/styqr.fr\/pt-pt\/wp-json\/wp\/v2\/media\/98354"}],"wp:attachment":[{"href":"https:\/\/styqr.fr\/pt-pt\/wp-json\/wp\/v2\/media?parent=99799"}],"wp:term":[{"taxonomy":"category","embeddable":true,"href":"https:\/\/styqr.fr\/pt-pt\/wp-json\/wp\/v2\/categories?post=99799"},{"taxonomy":"post_tag","embeddable":true,"href":"https:\/\/styqr.fr\/pt-pt\/wp-json\/wp\/v2\/tags?post=99799"}],"curies":[{"name":"wp","href":"https:\/\/api.w.org\/{rel}","templated":true}]}}