{"id":133235,"date":"2026-04-22T09:46:45","date_gmt":"2026-04-22T07:46:45","guid":{"rendered":"https:\/\/styqr.fr\/2026\/04\/21\/mayotte-uma-estreia-para-os-alojamentos-turisticos-mobilados\/"},"modified":"2026-04-21T03:49:11","modified_gmt":"2026-04-21T01:49:11","slug":"mayotte-uma-estreia-para-os-alojamentos-turisticos-mobilados","status":"publish","type":"post","link":"https:\/\/styqr.fr\/pt-pt\/2026\/04\/22\/mayotte-uma-estreia-para-os-alojamentos-turisticos-mobilados\/","title":{"rendered":"Mayotte: uma estreia para os alojamentos tur\u00edsticos mobilados"},"content":{"rendered":"<div class=\"wpb-content-wrapper\"><p>[vc_row][vc_column width=&#8221;1\/1&#8243;][vc_row_inner][vc_column_inner column_width_percent=&#8221;100&#8243; gutter_size=&#8221;0&#8243; overlay_alpha=&#8221;50&#8243; shift_x=&#8221;0&#8243; shift_y=&#8221;0&#8243; shift_y_down=&#8221;0&#8243; z_index=&#8221;0&#8243; medium_width=&#8221;0&#8243; mobile_width=&#8221;0&#8243; width=&#8221;1\/1&#8243;][vc_column_text uncode_shortcode_id=&#8221;361449&#8243;]\u00c9 um an\u00fancio que quase poderia passar despercebido&#8230; e que, no entanto, marca uma viragem importante: <b>Mayotte registou a sua primeira classifica\u00e7\u00e3o oficial de alojamento tur\u00edstico mobilado<\/b>. Por detr\u00e1s deste avan\u00e7o administrativo est\u00e1 uma mudan\u00e7a profunda no sector tur\u00edstico da ilha. E para um destino como Mayotte, que ainda est\u00e1 em processo de constru\u00e7\u00e3o, este primeiro registo \u00e9 um s\u00edmbolo poderoso.<\/p>\n<p>Sim, n\u00e3o se trata apenas de atribuir estrelas a algumas propriedades. Trata-se, acima de tudo, de lan\u00e7ar as bases para um turismo mais estruturado, mais claro e, sobretudo, mais atrativo. Por outras palavras, uma revolu\u00e7\u00e3o suave&#8230; \u00e0 maneira Maori.[\/vc_column_text][vc_empty_space empty_h=&#8221;2&#8243;][vc_custom_heading uncode_shortcode_id=&#8221;153167&#8243;]<\/p>\n<h2>Uma estreia que muda o jogo<\/h2>\n<p>[\/vc_custom_heading][vc_empty_space empty_h=&#8221;2&#8243;][vc_column_text uncode_shortcode_id=&#8221;182761&#8243;]At\u00e9 agora, Mayotte j\u00e1 dispunha de uma gama variada de alojamentos, muitas vezes acolhedores e aut\u00eanticos, mas com poucas normas oficiais. Os viajantes podiam alugar alojamentos mobilados, mas sem qualquer refer\u00eancia real de conforto ou qualidade.<\/p>\n<p>Com a chegada das primeiras classifica\u00e7\u00f5es para os <b>alojamentos tur\u00edsticos mobilados<\/b>, foi atingida uma nova etapa. Uma parte dos alojamentos da ilha responde agora a crit\u00e9rios nacionais precisos, avaliados segundo uma grelha rigorosa. Isto significa que os visitantes podem agora escolher o seu alojamento com base numa refer\u00eancia clara, como j\u00e1 acontece noutros destinos franceses.<\/p>\n<p>E embora isto possa parecer \u00f3bvio noutros lugares, para Mayotte \u00e9 uma verdadeira estreia. Uma estreia que lan\u00e7a as bases de um sector tur\u00edstico mais estruturado e mais reconhecido.[\/vc_column_text][\/vc_column_inner][\/vc_row_inner][\/vc_column][\/vc_row][vc_row][vc_column width=&#8221;1\/1&#8243;][vc_custom_heading uncode_shortcode_id=&#8221;159022&#8243;]<\/p>\n<h2>Alojamento tur\u00edstico mobilado: uma garantia de qualidade<\/h2>\n<p>[\/vc_custom_heading][vc_column_text uncode_shortcode_id=&#8221;428642&#8243;]Por detr\u00e1s deste nome est\u00e1 um verdadeiro compromisso. Um <b>centro de turismo classificado<\/b> \u00e9 mais do que um simples alojamento agrad\u00e1vel. \u00c9 um alojamento que foi inspeccionado, avaliado e validado segundo crit\u00e9rios rigorosos: equipamento, conforto, limpeza, servi\u00e7os, acessibilidade&#8230; nada \u00e9 deixado ao acaso.<\/p>\n<p>Esta abordagem proporciona uma seguran\u00e7a preciosa aos visitantes. Permite-lhes reservar com confian\u00e7a, sem receio de surpresas desagrad\u00e1veis. E num mundo em que as avalia\u00e7\u00f5es online podem por vezes ser enganadoras, esta certifica\u00e7\u00e3o oficial funciona como uma refer\u00eancia fi\u00e1vel.<\/p>\n<p>Para os propriet\u00e1rios, \u00e9 tamb\u00e9m uma oportunidade de valorizar a sua propriedade. A obten\u00e7\u00e3o de uma classifica\u00e7\u00e3o n\u00e3o s\u00f3 reconhece a qualidade do teu alojamento, como tamb\u00e9m te torna parte de um processo de melhoria cont\u00ednua. \u00c9 uma forma de exibir orgulhosamente as tuas estrelas&#8230; sem ter de as pendurar na parede.[\/vc_column_text][vc_custom_heading uncode_shortcode_id=&#8221;240041&#8243;]<\/p>\n<h2>Um passo em frente para toda a ilha<\/h2>\n<p>[\/vc_custom_heading][vc_column_text uncode_shortcode_id=&#8221;493978&#8243;]O que torna esta evolu\u00e7\u00e3o particularmente interessante \u00e9 o facto de ir muito al\u00e9m do alojamento. De facto, as primeiras classifica\u00e7\u00f5es do meubl\u00e9 de tourisme em Mayotte est\u00e3o a ter repercuss\u00f5es positivas a v\u00e1rios n\u00edveis.<\/p>\n<p>Em primeiro lugar, contribui para melhorar a imagem do destino. Uma oferta tur\u00edstica mais bem estruturada inspira confian\u00e7a e atrai mais visitantes. Isto permite que Mayotte se posicione mais claramente no mapa tur\u00edstico, mostrando que \u00e9 capaz de oferecer padr\u00f5es de qualidade compar\u00e1veis aos de outros territ\u00f3rios.<\/p>\n<p>Em segundo lugar, esta abordagem incentiva naturalmente a subida de gama. Quando um primeiro grupo de alojamentos \u00e9 classificado, cria um efeito de cascata. Outros propriet\u00e1rios s\u00e3o encorajados a seguir o exemplo, a melhorar os seus alojamentos e a juntar-se \u00e0 iniciativa de qualidade. Gradualmente, toda a gama de alojamentos \u00e9 melhorada.<\/p>\n<p>Por \u00faltimo, as vantagens econ\u00f3micas est\u00e3o longe de ser negligenci\u00e1veis. O desenvolvimento de alojamentos tur\u00edsticos mobilados gera rendimentos suplementares para os habitantes locais e contribui para a cria\u00e7\u00e3o de actividades locais. Por detr\u00e1s de cada aluguer, existe muitas vezes toda uma pequena economia: manuten\u00e7\u00e3o, acolhimento, servi\u00e7os&#8230; tudo oportunidades para a regi\u00e3o.[\/vc_column_text][vc_custom_heading uncode_shortcode_id=&#8221;597627&#8243;]<\/p>\n<h2>Mayotte enfrenta uma nova din\u00e2mica no turismo<\/h2>\n<p>[\/vc_custom_heading][vc_column_text uncode_shortcode_id=&#8221;822221&#8243;]Agora que este primeiro passo foi dado, Mayotte est\u00e1 a iniciar uma transforma\u00e7\u00e3o silenciosa mas promissora. A ilha possui j\u00e1 um patrim\u00f3nio natural excecional: uma das lagoas mais ricas do mundo, uma biodiversidade not\u00e1vel e uma cultura \u00fanica que se mant\u00e9m at\u00e9 hoje.<\/p>\n<p>At\u00e9 agora, o desafio tem sido estruturar a ind\u00fastria do turismo para suportar esta riqueza. O desenvolvimento do <b>alojamento tur\u00edstico classificado e mobilado<\/b> \u00e9 precisamente a resposta a este desafio. Oferece uma experi\u00eancia mais completa, combinando autenticidade e conforto.<\/p>\n<p>E \u00e9 precisamente este equil\u00edbrio que atrai cada vez mais viajantes. Os turistas de hoje procuram mais do que apenas paisagens. Querem tamb\u00e9m uma rece\u00e7\u00e3o calorosa, um alojamento confort\u00e1vel e uma experi\u00eancia perfeita. Por isso, Mayotte est\u00e1 a come\u00e7ar a preencher todos os requisitos.[\/vc_column_text][vc_custom_heading uncode_shortcode_id=&#8221;544826&#8243;]<\/p>\n<h2>Perspectivas animadoras para o futuro<\/h2>\n<p>[\/vc_custom_heading][vc_column_text uncode_shortcode_id=&#8221;135790&#8243;]Ainda \u00e9 muito cedo para falar de uma revolu\u00e7\u00e3o tur\u00edstica em grande escala. No entanto, abre algumas perspectivas particularmente interessantes. \u00c9 razo\u00e1vel esperar que, nos pr\u00f3ximos anos, se assista a um aumento do n\u00famero de &#8220;meubl\u00e9s de tourisme&#8221; classificados.<\/p>\n<p>Este crescimento dever\u00e1 permitir-nos diversificar a nossa oferta, com alojamentos adaptados a diferentes perfis de viajantes: casais, fam\u00edlias, viajantes de neg\u00f3cios e turistas que procuram estadias mais sofisticadas.<\/p>\n<p>A nova estrutura poder\u00e1 tamb\u00e9m atrair mais investimentos. Um quadro mais claro e mais estruturado tranquilizar\u00e1 os promotores de projectos. E investimento significa desenvolvimento, inova\u00e7\u00e3o e novas oportunidades para a ilha.<\/p>\n<p>Pouco a pouco, Mayotte conseguir\u00e1 afirmar a sua identidade tur\u00edstica. N\u00e3o tentando imitar outros destinos, mas promovendo as suas especificidades e melhorando a qualidade do seu acolhimento.[\/vc_column_text][vc_custom_heading uncode_shortcode_id=&#8221;195794&#8243;]<\/p>\n<h2>Uma evolu\u00e7\u00e3o que faz sentido<\/h2>\n<p>[\/vc_custom_heading][vc_column_text uncode_shortcode_id=&#8221;321592&#8243;]O que torna este passo em frente particularmente interessante \u00e9 o facto de fazer parte de uma abordagem sustent\u00e1vel. N\u00e3o se trata de um desenvolvimento tur\u00edstico maci\u00e7o e desorganizado, mas de um desenvolvimento gradual e controlado.<\/p>\n<p>A classifica\u00e7\u00e3o como alojamento tur\u00edstico mobilado ajuda a criar uma base s\u00f3lida. Enquadra a oferta de alojamento, garante um certo n\u00edvel de qualidade e apoia os profissionais no seu desenvolvimento. Por outras palavras, ajuda a construir um sector tur\u00edstico mais respons\u00e1vel e sustent\u00e1vel.<\/p>\n<p>E, num territ\u00f3rio t\u00e3o sens\u00edvel e precioso como Mayotte, esta abordagem gradual \u00e9, sem d\u00favida, a mais adequada.[\/vc_column_text][vc_custom_heading uncode_shortcode_id=&#8221;966986&#8243;]<\/p>\n<h2>Conclus\u00e3o: uma estreia prometedora<\/h2>\n<p>[\/vc_custom_heading][vc_column_text uncode_shortcode_id=&#8221;127969&#8243;]Ao obter a sua primeira classifica\u00e7\u00e3o como <b>meubl\u00e9 de tourisme<\/b>, Mayotte deu um passo importante no seu desenvolvimento. Este primeiro passo, longe de ser insignificante, marca o in\u00edcio de uma nova din\u00e2mica para a ilha.<\/p>\n<p>Reflecte a vontade de estruturar a oferta tur\u00edstica, melhorar a qualidade do alojamento e refor\u00e7ar a atratividade da regi\u00e3o. Abre tamb\u00e9m caminho a uma s\u00e9rie de novas oportunidades para profissionais e visitantes.<\/p>\n<p>E, embora ainda haja um longo caminho a percorrer, uma coisa \u00e9 certa: Mayotte est\u00e1 a avan\u00e7ar, ao seu pr\u00f3prio ritmo, mas com ambi\u00e7\u00e3o.<\/p>\n<p>Por isso, da pr\u00f3xima vez que procurares um destino aut\u00eantico, simp\u00e1tico e agora mais bem organizado, pensa de novo. Por detr\u00e1s das suas lagoas e paisagens de cortar a respira\u00e7\u00e3o, <b>Mayotte est\u00e1 lentamente a escrever uma nova p\u00e1gina na sua hist\u00f3ria do turismo<\/b>&#8230; com mais algumas estrelas. \u2728[\/vc_column_text][\/vc_column][\/vc_row]<\/p>\n<\/div>","protected":false},"excerpt":{"rendered":"<p>[vc_row][vc_column width=&#8221;1\/1&#8243;][vc_row_inner][vc_column_inner column_width_percent=&#8221;100&#8243; gutter_size=&#8221;0&#8243; overlay_alpha=&#8221;50&#8243; shift_x=&#8221;0&#8243; shift_y=&#8221;0&#8243; shift_y_down=&#8221;0&#8243; z_index=&#8221;0&#8243; medium_width=&#8221;0&#8243; mobile_width=&#8221;0&#8243; width=&#8221;1\/1&#8243;][vc_column_text uncode_shortcode_id=&#8221;361449&#8243;]\u00c9 um an\u00fancio que quase poderia passar despercebido&#8230; [&hellip;]<\/p>\n","protected":false},"author":3,"featured_media":133222,"comment_status":"closed","ping_status":"open","sticky":false,"template":"","format":"standard","meta":{"footnotes":""},"categories":[905,929],"tags":[1929,2539,2540,2542,2587],"class_list":["post-133235","post","type-post","status-publish","format-standard","has-post-thumbnail","hentry","category-individuos","category-profissionais","tag-styqr-pt-pt","tag-livret-daccueil-pt-pt","tag-reservations-pt-pt","tag-tourisme-pt-pt","tag-mobiliario-turistico"],"yoast_head":"<!-- This site is optimized with the Yoast SEO Premium plugin v27.4 (Yoast SEO v27.4) - https:\/\/yoast.com\/product\/yoast-seo-premium-wordpress\/ -->\n<title>Mayotte: uma estreia para os alojamentos tur\u00edsticos mobilados<\/title>\n<meta name=\"description\" content=\"Descobre como Mayotte atingiu um marco importante com a sua primeira classifica\u00e7\u00e3o como meubl\u00e9 de tourisme - um promissor passo em frente para a ilha.\" \/>\n<meta name=\"robots\" content=\"index, follow, max-snippet:-1, max-image-preview:large, max-video-preview:-1\" \/>\n<link rel=\"canonical\" href=\"https:\/\/styqr.fr\/pt-pt\/2026\/04\/22\/mayotte-uma-estreia-para-os-alojamentos-turisticos-mobilados\/\" \/>\n<meta property=\"og:locale\" content=\"pt_PT\" \/>\n<meta property=\"og:type\" content=\"article\" \/>\n<meta property=\"og:title\" content=\"StyQR | Le livret d&#039;accueil digital\" \/>\n<meta property=\"og:description\" content=\"Descobre como Mayotte atingiu um marco importante com a sua primeira classifica\u00e7\u00e3o como meubl\u00e9 de tourisme - um promissor passo em frente para a ilha.\" \/>\n<meta property=\"og:url\" content=\"https:\/\/styqr.fr\/pt-pt\/2026\/04\/22\/mayotte-uma-estreia-para-os-alojamentos-turisticos-mobilados\/\" \/>\n<meta property=\"og:site_name\" content=\"StyQR\" \/>\n<meta property=\"article:publisher\" content=\"https:\/\/fr-fr.facebook.com\/styqr\/\" \/>\n<meta property=\"article:published_time\" content=\"2026-04-22T07:46:45+00:00\" \/>\n<meta property=\"og:image\" content=\"https:\/\/styqr.fr\/wp-content\/uploads\/2026\/04\/pexels-moussa-manantsara-1290165461-34719362-scaled.jpg\" \/>\n\t<meta property=\"og:image:width\" content=\"2560\" \/>\n\t<meta property=\"og:image:height\" content=\"1707\" \/>\n\t<meta property=\"og:image:type\" content=\"image\/jpeg\" \/>\n<meta name=\"author\" content=\"Marine\" \/>\n<meta name=\"twitter:card\" content=\"summary_large_image\" \/>\n<meta name=\"twitter:creator\" content=\"@julien-styqr-admin\" \/>\n<script type=\"application\/ld+json\" class=\"yoast-schema-graph\">{\"@context\":\"https:\\\/\\\/schema.org\",\"@graph\":[{\"@type\":\"Article\",\"@id\":\"https:\\\/\\\/styqr.fr\\\/pt-pt\\\/2026\\\/04\\\/22\\\/mayotte-uma-estreia-para-os-alojamentos-turisticos-mobilados\\\/#article\",\"isPartOf\":{\"@id\":\"https:\\\/\\\/styqr.fr\\\/pt-pt\\\/2026\\\/04\\\/22\\\/mayotte-uma-estreia-para-os-alojamentos-turisticos-mobilados\\\/\"},\"author\":{\"name\":\"Marine\",\"@id\":\"https:\\\/\\\/styqr.fr\\\/pt-pt\\\/#\\\/schema\\\/person\\\/9961aca9b86c9501bc1a72282df89aac\"},\"headline\":\"Mayotte: uma estreia para os alojamentos tur\u00edsticos mobilados\",\"datePublished\":\"2026-04-22T07:46:45+00:00\",\"mainEntityOfPage\":{\"@id\":\"https:\\\/\\\/styqr.fr\\\/pt-pt\\\/2026\\\/04\\\/22\\\/mayotte-uma-estreia-para-os-alojamentos-turisticos-mobilados\\\/\"},\"wordCount\":1374,\"publisher\":{\"@id\":\"https:\\\/\\\/styqr.fr\\\/pt-pt\\\/#organization\"},\"image\":{\"@id\":\"https:\\\/\\\/styqr.fr\\\/pt-pt\\\/2026\\\/04\\\/22\\\/mayotte-uma-estreia-para-os-alojamentos-turisticos-mobilados\\\/#primaryimage\"},\"thumbnailUrl\":\"https:\\\/\\\/styqr.fr\\\/wp-content\\\/uploads\\\/2026\\\/04\\\/pexels-moussa-manantsara-1290165461-34719362-scaled.jpg\",\"keywords\":[\"styqr\",\"livret d'accueil\",\"reservations\",\"tourisme\",\"mobili\u00e1rio tur\u00edstico\"],\"articleSection\":[\"Indiv\u00edduos\",\"Profissionais\"],\"inLanguage\":\"pt-PT\"},{\"@type\":\"WebPage\",\"@id\":\"https:\\\/\\\/styqr.fr\\\/pt-pt\\\/2026\\\/04\\\/22\\\/mayotte-uma-estreia-para-os-alojamentos-turisticos-mobilados\\\/\",\"url\":\"https:\\\/\\\/styqr.fr\\\/pt-pt\\\/2026\\\/04\\\/22\\\/mayotte-uma-estreia-para-os-alojamentos-turisticos-mobilados\\\/\",\"name\":\"Mayotte: uma estreia para os alojamentos tur\u00edsticos mobilados\",\"isPartOf\":{\"@id\":\"https:\\\/\\\/styqr.fr\\\/pt-pt\\\/#website\"},\"primaryImageOfPage\":{\"@id\":\"https:\\\/\\\/styqr.fr\\\/pt-pt\\\/2026\\\/04\\\/22\\\/mayotte-uma-estreia-para-os-alojamentos-turisticos-mobilados\\\/#primaryimage\"},\"image\":{\"@id\":\"https:\\\/\\\/styqr.fr\\\/pt-pt\\\/2026\\\/04\\\/22\\\/mayotte-uma-estreia-para-os-alojamentos-turisticos-mobilados\\\/#primaryimage\"},\"thumbnailUrl\":\"https:\\\/\\\/styqr.fr\\\/wp-content\\\/uploads\\\/2026\\\/04\\\/pexels-moussa-manantsara-1290165461-34719362-scaled.jpg\",\"datePublished\":\"2026-04-22T07:46:45+00:00\",\"description\":\"Descobre como Mayotte atingiu um marco importante com a sua primeira classifica\u00e7\u00e3o como meubl\u00e9 de tourisme - um promissor passo em frente para a ilha.\",\"breadcrumb\":{\"@id\":\"https:\\\/\\\/styqr.fr\\\/pt-pt\\\/2026\\\/04\\\/22\\\/mayotte-uma-estreia-para-os-alojamentos-turisticos-mobilados\\\/#breadcrumb\"},\"inLanguage\":\"pt-PT\",\"potentialAction\":[{\"@type\":\"ReadAction\",\"target\":[\"https:\\\/\\\/styqr.fr\\\/pt-pt\\\/2026\\\/04\\\/22\\\/mayotte-uma-estreia-para-os-alojamentos-turisticos-mobilados\\\/\"]}]},{\"@type\":\"ImageObject\",\"inLanguage\":\"pt-PT\",\"@id\":\"https:\\\/\\\/styqr.fr\\\/pt-pt\\\/2026\\\/04\\\/22\\\/mayotte-uma-estreia-para-os-alojamentos-turisticos-mobilados\\\/#primaryimage\",\"url\":\"https:\\\/\\\/styqr.fr\\\/wp-content\\\/uploads\\\/2026\\\/04\\\/pexels-moussa-manantsara-1290165461-34719362-scaled.jpg\",\"contentUrl\":\"https:\\\/\\\/styqr.fr\\\/wp-content\\\/uploads\\\/2026\\\/04\\\/pexels-moussa-manantsara-1290165461-34719362-scaled.jpg\",\"width\":2560,\"height\":1707,\"caption\":\"Paysage de Mayotte avec lagon, petite \u00eele verdoyante, montagnes en arri\u00e8re-plan et habitations au premier plan\"},{\"@type\":\"BreadcrumbList\",\"@id\":\"https:\\\/\\\/styqr.fr\\\/pt-pt\\\/2026\\\/04\\\/22\\\/mayotte-uma-estreia-para-os-alojamentos-turisticos-mobilados\\\/#breadcrumb\",\"itemListElement\":[{\"@type\":\"ListItem\",\"position\":1,\"name\":\"Casa\",\"item\":\"https:\\\/\\\/styqr.fr\\\/pt-pt\\\/\"},{\"@type\":\"ListItem\",\"position\":2,\"name\":\"Profissionais\",\"item\":\"https:\\\/\\\/styqr.fr\\\/pt-pt\\\/nos-categories\\\/profissionais\\\/\"},{\"@type\":\"ListItem\",\"position\":3,\"name\":\"Mayotte: uma estreia para os alojamentos tur\u00edsticos mobilados\"}]},{\"@type\":\"WebSite\",\"@id\":\"https:\\\/\\\/styqr.fr\\\/pt-pt\\\/#website\",\"url\":\"https:\\\/\\\/styqr.fr\\\/pt-pt\\\/\",\"name\":\"StyQR\",\"description\":\"Cr\u00e9ez votre livret d&#039;accueil digital personnalis\u00e9 pour vos voyageurs\",\"publisher\":{\"@id\":\"https:\\\/\\\/styqr.fr\\\/pt-pt\\\/#organization\"},\"potentialAction\":[{\"@type\":\"SearchAction\",\"target\":{\"@type\":\"EntryPoint\",\"urlTemplate\":\"https:\\\/\\\/styqr.fr\\\/pt-pt\\\/?s={search_term_string}\"},\"query-input\":{\"@type\":\"PropertyValueSpecification\",\"valueRequired\":true,\"valueName\":\"search_term_string\"}}],\"inLanguage\":\"pt-PT\"},{\"@type\":\"Organization\",\"@id\":\"https:\\\/\\\/styqr.fr\\\/pt-pt\\\/#organization\",\"name\":\"StyQR\",\"url\":\"https:\\\/\\\/styqr.fr\\\/pt-pt\\\/\",\"logo\":{\"@type\":\"ImageObject\",\"inLanguage\":\"pt-PT\",\"@id\":\"https:\\\/\\\/styqr.fr\\\/pt-pt\\\/#\\\/schema\\\/logo\\\/image\\\/\",\"url\":\"https:\\\/\\\/styqr.fr\\\/wp-content\\\/uploads\\\/2020\\\/11\\\/Fichier-5.png\",\"contentUrl\":\"https:\\\/\\\/styqr.fr\\\/wp-content\\\/uploads\\\/2020\\\/11\\\/Fichier-5.png\",\"width\":388,\"height\":194,\"caption\":\"StyQR\"},\"image\":{\"@id\":\"https:\\\/\\\/styqr.fr\\\/pt-pt\\\/#\\\/schema\\\/logo\\\/image\\\/\"},\"sameAs\":[\"https:\\\/\\\/fr-fr.facebook.com\\\/styqr\\\/\",\"https:\\\/\\\/www.instagram.com\\\/styqr_fr\\\/\",\"https:\\\/\\\/fr.linkedin.com\\\/company\\\/styqr\"],\"description\":\"StyQR, le livret d'accueil digital\",\"email\":\"contact@styqr.fr\",\"legalName\":\"SAS StyQR\",\"foundingDate\":\"2019-05-27\",\"vatID\":\"FR55824532865\",\"taxID\":\"82453286500014\",\"numberOfEmployees\":{\"@type\":\"QuantitativeValue\",\"minValue\":\"1\",\"maxValue\":\"10\"}},{\"@type\":\"Person\",\"@id\":\"https:\\\/\\\/styqr.fr\\\/pt-pt\\\/#\\\/schema\\\/person\\\/9961aca9b86c9501bc1a72282df89aac\",\"name\":\"Marine\",\"image\":{\"@type\":\"ImageObject\",\"inLanguage\":\"pt-PT\",\"@id\":\"https:\\\/\\\/secure.gravatar.com\\\/avatar\\\/647b7182996833269bfb418442442520d7a3cf1ce76c2bbb26b93d7fbb28bb58?s=96&d=mm&r=g\",\"url\":\"https:\\\/\\\/secure.gravatar.com\\\/avatar\\\/647b7182996833269bfb418442442520d7a3cf1ce76c2bbb26b93d7fbb28bb58?s=96&d=mm&r=g\",\"contentUrl\":\"https:\\\/\\\/secure.gravatar.com\\\/avatar\\\/647b7182996833269bfb418442442520d7a3cf1ce76c2bbb26b93d7fbb28bb58?s=96&d=mm&r=g\",\"caption\":\"Marine\"},\"sameAs\":[\"https:\\\/\\\/x.com\\\/julien-styqr-admin\"]}]}<\/script>\n<!-- \/ Yoast SEO Premium plugin. -->","yoast_head_json":{"title":"Mayotte: uma estreia para os alojamentos tur\u00edsticos mobilados","description":"Descobre como Mayotte atingiu um marco importante com a sua primeira classifica\u00e7\u00e3o como meubl\u00e9 de tourisme - um promissor passo em frente para a ilha.","robots":{"index":"index","follow":"follow","max-snippet":"max-snippet:-1","max-image-preview":"max-image-preview:large","max-video-preview":"max-video-preview:-1"},"canonical":"https:\/\/styqr.fr\/pt-pt\/2026\/04\/22\/mayotte-uma-estreia-para-os-alojamentos-turisticos-mobilados\/","og_locale":"pt_PT","og_type":"article","og_title":"StyQR | Le livret d'accueil digital","og_description":"Descobre como Mayotte atingiu um marco importante com a sua primeira classifica\u00e7\u00e3o como meubl\u00e9 de tourisme - um promissor passo em frente para a ilha.","og_url":"https:\/\/styqr.fr\/pt-pt\/2026\/04\/22\/mayotte-uma-estreia-para-os-alojamentos-turisticos-mobilados\/","og_site_name":"StyQR","article_publisher":"https:\/\/fr-fr.facebook.com\/styqr\/","article_published_time":"2026-04-22T07:46:45+00:00","og_image":[{"width":2560,"height":1707,"url":"https:\/\/styqr.fr\/wp-content\/uploads\/2026\/04\/pexels-moussa-manantsara-1290165461-34719362-scaled.jpg","type":"image\/jpeg"}],"author":"Marine","twitter_card":"summary_large_image","twitter_creator":"@julien-styqr-admin","schema":{"@context":"https:\/\/schema.org","@graph":[{"@type":"Article","@id":"https:\/\/styqr.fr\/pt-pt\/2026\/04\/22\/mayotte-uma-estreia-para-os-alojamentos-turisticos-mobilados\/#article","isPartOf":{"@id":"https:\/\/styqr.fr\/pt-pt\/2026\/04\/22\/mayotte-uma-estreia-para-os-alojamentos-turisticos-mobilados\/"},"author":{"name":"Marine","@id":"https:\/\/styqr.fr\/pt-pt\/#\/schema\/person\/9961aca9b86c9501bc1a72282df89aac"},"headline":"Mayotte: uma estreia para os alojamentos tur\u00edsticos mobilados","datePublished":"2026-04-22T07:46:45+00:00","mainEntityOfPage":{"@id":"https:\/\/styqr.fr\/pt-pt\/2026\/04\/22\/mayotte-uma-estreia-para-os-alojamentos-turisticos-mobilados\/"},"wordCount":1374,"publisher":{"@id":"https:\/\/styqr.fr\/pt-pt\/#organization"},"image":{"@id":"https:\/\/styqr.fr\/pt-pt\/2026\/04\/22\/mayotte-uma-estreia-para-os-alojamentos-turisticos-mobilados\/#primaryimage"},"thumbnailUrl":"https:\/\/styqr.fr\/wp-content\/uploads\/2026\/04\/pexels-moussa-manantsara-1290165461-34719362-scaled.jpg","keywords":["styqr","livret d'accueil","reservations","tourisme","mobili\u00e1rio tur\u00edstico"],"articleSection":["Indiv\u00edduos","Profissionais"],"inLanguage":"pt-PT"},{"@type":"WebPage","@id":"https:\/\/styqr.fr\/pt-pt\/2026\/04\/22\/mayotte-uma-estreia-para-os-alojamentos-turisticos-mobilados\/","url":"https:\/\/styqr.fr\/pt-pt\/2026\/04\/22\/mayotte-uma-estreia-para-os-alojamentos-turisticos-mobilados\/","name":"Mayotte: uma estreia para os alojamentos tur\u00edsticos mobilados","isPartOf":{"@id":"https:\/\/styqr.fr\/pt-pt\/#website"},"primaryImageOfPage":{"@id":"https:\/\/styqr.fr\/pt-pt\/2026\/04\/22\/mayotte-uma-estreia-para-os-alojamentos-turisticos-mobilados\/#primaryimage"},"image":{"@id":"https:\/\/styqr.fr\/pt-pt\/2026\/04\/22\/mayotte-uma-estreia-para-os-alojamentos-turisticos-mobilados\/#primaryimage"},"thumbnailUrl":"https:\/\/styqr.fr\/wp-content\/uploads\/2026\/04\/pexels-moussa-manantsara-1290165461-34719362-scaled.jpg","datePublished":"2026-04-22T07:46:45+00:00","description":"Descobre como Mayotte atingiu um marco importante com a sua primeira classifica\u00e7\u00e3o como meubl\u00e9 de tourisme - um promissor passo em frente para a ilha.","breadcrumb":{"@id":"https:\/\/styqr.fr\/pt-pt\/2026\/04\/22\/mayotte-uma-estreia-para-os-alojamentos-turisticos-mobilados\/#breadcrumb"},"inLanguage":"pt-PT","potentialAction":[{"@type":"ReadAction","target":["https:\/\/styqr.fr\/pt-pt\/2026\/04\/22\/mayotte-uma-estreia-para-os-alojamentos-turisticos-mobilados\/"]}]},{"@type":"ImageObject","inLanguage":"pt-PT","@id":"https:\/\/styqr.fr\/pt-pt\/2026\/04\/22\/mayotte-uma-estreia-para-os-alojamentos-turisticos-mobilados\/#primaryimage","url":"https:\/\/styqr.fr\/wp-content\/uploads\/2026\/04\/pexels-moussa-manantsara-1290165461-34719362-scaled.jpg","contentUrl":"https:\/\/styqr.fr\/wp-content\/uploads\/2026\/04\/pexels-moussa-manantsara-1290165461-34719362-scaled.jpg","width":2560,"height":1707,"caption":"Paysage de Mayotte avec lagon, petite \u00eele verdoyante, montagnes en arri\u00e8re-plan et habitations au premier plan"},{"@type":"BreadcrumbList","@id":"https:\/\/styqr.fr\/pt-pt\/2026\/04\/22\/mayotte-uma-estreia-para-os-alojamentos-turisticos-mobilados\/#breadcrumb","itemListElement":[{"@type":"ListItem","position":1,"name":"Casa","item":"https:\/\/styqr.fr\/pt-pt\/"},{"@type":"ListItem","position":2,"name":"Profissionais","item":"https:\/\/styqr.fr\/pt-pt\/nos-categories\/profissionais\/"},{"@type":"ListItem","position":3,"name":"Mayotte: uma estreia para os alojamentos tur\u00edsticos mobilados"}]},{"@type":"WebSite","@id":"https:\/\/styqr.fr\/pt-pt\/#website","url":"https:\/\/styqr.fr\/pt-pt\/","name":"StyQR","description":"Cr\u00e9ez votre livret d&#039;accueil digital personnalis\u00e9 pour vos voyageurs","publisher":{"@id":"https:\/\/styqr.fr\/pt-pt\/#organization"},"potentialAction":[{"@type":"SearchAction","target":{"@type":"EntryPoint","urlTemplate":"https:\/\/styqr.fr\/pt-pt\/?s={search_term_string}"},"query-input":{"@type":"PropertyValueSpecification","valueRequired":true,"valueName":"search_term_string"}}],"inLanguage":"pt-PT"},{"@type":"Organization","@id":"https:\/\/styqr.fr\/pt-pt\/#organization","name":"StyQR","url":"https:\/\/styqr.fr\/pt-pt\/","logo":{"@type":"ImageObject","inLanguage":"pt-PT","@id":"https:\/\/styqr.fr\/pt-pt\/#\/schema\/logo\/image\/","url":"https:\/\/styqr.fr\/wp-content\/uploads\/2020\/11\/Fichier-5.png","contentUrl":"https:\/\/styqr.fr\/wp-content\/uploads\/2020\/11\/Fichier-5.png","width":388,"height":194,"caption":"StyQR"},"image":{"@id":"https:\/\/styqr.fr\/pt-pt\/#\/schema\/logo\/image\/"},"sameAs":["https:\/\/fr-fr.facebook.com\/styqr\/","https:\/\/www.instagram.com\/styqr_fr\/","https:\/\/fr.linkedin.com\/company\/styqr"],"description":"StyQR, le livret d'accueil digital","email":"contact@styqr.fr","legalName":"SAS StyQR","foundingDate":"2019-05-27","vatID":"FR55824532865","taxID":"82453286500014","numberOfEmployees":{"@type":"QuantitativeValue","minValue":"1","maxValue":"10"}},{"@type":"Person","@id":"https:\/\/styqr.fr\/pt-pt\/#\/schema\/person\/9961aca9b86c9501bc1a72282df89aac","name":"Marine","image":{"@type":"ImageObject","inLanguage":"pt-PT","@id":"https:\/\/secure.gravatar.com\/avatar\/647b7182996833269bfb418442442520d7a3cf1ce76c2bbb26b93d7fbb28bb58?s=96&d=mm&r=g","url":"https:\/\/secure.gravatar.com\/avatar\/647b7182996833269bfb418442442520d7a3cf1ce76c2bbb26b93d7fbb28bb58?s=96&d=mm&r=g","contentUrl":"https:\/\/secure.gravatar.com\/avatar\/647b7182996833269bfb418442442520d7a3cf1ce76c2bbb26b93d7fbb28bb58?s=96&d=mm&r=g","caption":"Marine"},"sameAs":["https:\/\/x.com\/julien-styqr-admin"]}]}},"_links":{"self":[{"href":"https:\/\/styqr.fr\/pt-pt\/wp-json\/wp\/v2\/posts\/133235","targetHints":{"allow":["GET"]}}],"collection":[{"href":"https:\/\/styqr.fr\/pt-pt\/wp-json\/wp\/v2\/posts"}],"about":[{"href":"https:\/\/styqr.fr\/pt-pt\/wp-json\/wp\/v2\/types\/post"}],"author":[{"embeddable":true,"href":"https:\/\/styqr.fr\/pt-pt\/wp-json\/wp\/v2\/users\/3"}],"replies":[{"embeddable":true,"href":"https:\/\/styqr.fr\/pt-pt\/wp-json\/wp\/v2\/comments?post=133235"}],"version-history":[{"count":3,"href":"https:\/\/styqr.fr\/pt-pt\/wp-json\/wp\/v2\/posts\/133235\/revisions"}],"predecessor-version":[{"id":133243,"href":"https:\/\/styqr.fr\/pt-pt\/wp-json\/wp\/v2\/posts\/133235\/revisions\/133243"}],"wp:featuredmedia":[{"embeddable":true,"href":"https:\/\/styqr.fr\/pt-pt\/wp-json\/wp\/v2\/media\/133222"}],"wp:attachment":[{"href":"https:\/\/styqr.fr\/pt-pt\/wp-json\/wp\/v2\/media?parent=133235"}],"wp:term":[{"taxonomy":"category","embeddable":true,"href":"https:\/\/styqr.fr\/pt-pt\/wp-json\/wp\/v2\/categories?post=133235"},{"taxonomy":"post_tag","embeddable":true,"href":"https:\/\/styqr.fr\/pt-pt\/wp-json\/wp\/v2\/tags?post=133235"}],"curies":[{"name":"wp","href":"https:\/\/api.w.org\/{rel}","templated":true}]}}