{"id":133195,"date":"2026-04-14T09:59:32","date_gmt":"2026-04-14T07:59:32","guid":{"rendered":"https:\/\/styqr.fr\/2026\/04\/13\/decorar-o-teu-aluguer-de-ferias-erros-a-evitar\/"},"modified":"2026-04-14T10:00:03","modified_gmt":"2026-04-14T08:00:03","slug":"decorar-o-teu-aluguer-de-ferias-erros-a-evitar","status":"publish","type":"post","link":"https:\/\/styqr.fr\/pt-pt\/2026\/04\/14\/decorar-o-teu-aluguer-de-ferias-erros-a-evitar\/","title":{"rendered":"Decorar o teu aluguer de f\u00e9rias: erros a evitar"},"content":{"rendered":"<div class=\"wpb-content-wrapper\"><p>[vc_row][vc_column width=&#8221;1\/1&#8243;][vc_row_inner][vc_column_inner column_width_percent=&#8221;100&#8243; gutter_size=&#8221;0&#8243; overlay_alpha=&#8221;50&#8243; shift_x=&#8221;0&#8243; shift_y=&#8221;0&#8243; shift_y_down=&#8221;0&#8243; z_index=&#8221;0&#8243; medium_width=&#8221;0&#8243; mobile_width=&#8221;0&#8243; width=&#8221;1\/1&#8243;][vc_column_text uncode_shortcode_id=&#8221;832642&#8243;]Ofereces o teu alojamento na Airbnb ou noutra plataforma? Ent\u00e3o j\u00e1 sabes: <b>o design de interiores<\/b> \u00e9 muito mais do que um detalhe. Tem uma influ\u00eancia direta nas reservas, nos coment\u00e1rios dos clientes e&#8230; na tua taxa de ocupa\u00e7\u00e3o.<\/p>\n<p>Mas aten\u00e7\u00e3o, tentar fazer demasiado pode por vezes levar ao famoso <b>erro de gosto<\/b>. E depois os teus convidados podem lembrar-se da tua casa&#8230; por todas as raz\u00f5es erradas \ud83d\ude05<\/p>\n<p>Neste artigo, apresentamos-te os principais erros a evitar, com conselhos simples, pr\u00e1ticos e f\u00e1ceis de aplicar.[\/vc_column_text][vc_empty_space empty_h=&#8221;2&#8243;][vc_custom_heading uncode_shortcode_id=&#8221;780029&#8243;]<\/p>\n<h2>\ud83c\udfa8 Porque \u00e9 que a decora\u00e7\u00e3o \u00e9 essencial nos alugueres para f\u00e9rias<\/h2>\n<p>[\/vc_custom_heading][vc_empty_space empty_h=&#8221;2&#8243;][vc_single_image media=&#8221;133189&#8243; media_width_percent=&#8221;100&#8243; media_ratio=&#8221;three-two&#8221; shape=&#8221;img-round&#8221; radius=&#8221;std&#8221; uncode_shortcode_id=&#8221;826675&#8243;][vc_empty_space empty_h=&#8221;2&#8243;][vc_column_text uncode_shortcode_id=&#8221;251186&#8243;]Antes de falarmos de erros, vamos dar uma olhadela r\u00e1pida aos aspectos b\u00e1sicos.<\/p>\n<p>Um bom <b>design de interiores<\/b> ajuda-te :<\/p>\n<ul>\n<li aria-level=\"1\">cria um efeito de &#8220;amor \u00e0 primeira vista&#8221; logo a partir das fotografias<\/li>\n<li aria-level=\"1\">tranquiliza os viajantes<\/li>\n<li aria-level=\"1\">faz-te querer reservar imediatamente<\/li>\n<\/ul>\n<p>Resumindo: a tua decora\u00e7\u00e3o \u00e9 o teu melhor vendedor.<\/p>\n<p>Por outro lado, um <b>erro de gosto<\/b> pode :<\/p>\n<ul>\n<li aria-level=\"1\">afugenta os visitantes<\/li>\n<li aria-level=\"1\">d\u00e1 a impress\u00e3o de neglig\u00eancia<\/li>\n<li aria-level=\"1\">gerar cr\u00edticas negativas<\/li>\n<\/ul>\n<p>[\/vc_column_text][\/vc_column_inner][\/vc_row_inner][\/vc_column][\/vc_row][vc_row][vc_column width=&#8221;1\/1&#8243;][vc_custom_heading uncode_shortcode_id=&#8221;156536&#8243;]<\/p>\n<h2>\u274c 1. Demasiados estilos diferentes: a s\u00edndrome do &#8220;vale tudo&#8221;.<\/h2>\n<p>[\/vc_custom_heading][vc_column_text uncode_shortcode_id=&#8221;855798&#8243;]Este \u00e9 o erro mais comum.<\/p>\n<p>Um pouco de bo\u00e9mio, um toque industrial, um sof\u00e1 cl\u00e1ssico e&#8230; um vistoso tapete \u00e9tnico. O resultado? Uma mistura confusa.<\/p>\n<p>O problema:<\/p>\n<ul>\n<li aria-level=\"1\">o olho j\u00e1 n\u00e3o sabe onde pousar<\/li>\n<li aria-level=\"1\">o conjunto carece de coer\u00eancia<\/li>\n<\/ul>\n<p>\u2714\ufe0f A solu\u00e7\u00e3o:<br \/>\nEscolhe <b>um estilo principal<\/b> (escandinavo, moderno, natural&#8230;) e mant\u00e9m-te fiel a ele.[\/vc_column_text][vc_custom_heading uncode_shortcode_id=&#8221;104040&#8243;]<\/p>\n<h2>\ud83c\udf08 2. Usa demasiado as cores fortes<\/h2>\n<p>[\/vc_custom_heading][vc_column_text uncode_shortcode_id=&#8221;700544&#8243;]Sim, a cor acrescenta car\u00e1cter. Mas demasiadas cores vivas podem ser agressivas.<\/p>\n<p>Uma parede vermelha, cortinas amarelas, um sof\u00e1 azul&#8230; os teus convidados n\u00e3o saber\u00e3o para onde olhar.<\/p>\n<p>Efeito secund\u00e1rio:<\/p>\n<ul>\n<li aria-level=\"1\">cansa\u00e7o visual<\/li>\n<li aria-level=\"1\">sensa\u00e7\u00e3o de caos<\/li>\n<\/ul>\n<p>\u2714\ufe0f Dica:<\/p>\n<ul>\n<li aria-level=\"1\">opta por tons neutros (branco, bege, cinzento)<\/li>\n<li aria-level=\"1\">d\u00e1 toques de cor com acess\u00f3rios<\/li>\n<\/ul>\n<p>[\/vc_column_text][vc_custom_heading uncode_shortcode_id=&#8221;644880&#8243;]<\/p>\n<h2>\ud83d\udecb\ufe0f 3. Demasiados m\u00f3veis: o efeito &#8220;loja em segunda m\u00e3o<\/h2>\n<p>[\/vc_custom_heading][vc_column_text uncode_shortcode_id=&#8221;212480&#8243;]Muitas vezes pensamos que temos de &#8220;preencher&#8221; um espa\u00e7o. N\u00e3o \u00e9 uma boa ideia.<\/p>\n<p>Uma sala demasiado ocupada:<\/p>\n<ul>\n<li aria-level=\"1\">parece mais pequeno<\/li>\n<li aria-level=\"1\">torna-se menos funcional<\/li>\n<\/ul>\n<p>\u2714\ufe0f Conselhos:<\/p>\n<ul>\n<li aria-level=\"1\">deixa o espa\u00e7o respirar<\/li>\n<li aria-level=\"1\">guarda apenas o essencial<\/li>\n<\/ul>\n<p>\u27a1\ufe0f Quando se trata de design de interiores, <b>menos \u00e9 muitas vezes mais.<\/b>[\/vc_column_text][vc_custom_heading uncode_shortcode_id=&#8221;503478&#8243;]<\/p>\n<h2>\ud83d\uddbc\ufe0f 4. Decora\u00e7\u00e3o demasiado pessoal<\/h2>\n<p>[\/vc_custom_heading][vc_column_text uncode_shortcode_id=&#8221;101870&#8243;]Fotografias de fam\u00edlia, objectos muito espec\u00edficos, lembran\u00e7as de viagens&#8230; tudo isso tem muito charme em tua casa, mas n\u00e3o para um aluguer.<\/p>\n<p>Porque \u00e9 que isto \u00e9 um mau gosto?<\/p>\n<ul>\n<li aria-level=\"1\">os viajantes n\u00e3o se identificam<\/li>\n<li aria-level=\"1\">tem a impress\u00e3o de estar &#8220;em casa de algu\u00e9m&#8221;.<\/li>\n<\/ul>\n<p>\u2714\ufe0f Solu\u00e7\u00e3o:<br \/>\nOpta por uma decora\u00e7\u00e3o <b>neutra e universal<\/b>.[\/vc_column_text][vc_custom_heading uncode_shortcode_id=&#8221;302438&#8243;]<\/p>\n<h2>\ud83d\udca1 5. Ilumina\u00e7\u00e3o mal concebida<\/h2>\n<p>[\/vc_custom_heading][vc_column_text uncode_shortcode_id=&#8221;644401&#8243;]S\u00f3 tens um candeeiro de teto potente e fixe? Ambiente de sala de espera garantido \ud83d\ude2c<\/p>\n<p>Erros comuns :<\/p>\n<ul>\n<li aria-level=\"1\">luz demasiado brilhante<\/li>\n<li aria-level=\"1\">ou insuficiente<\/li>\n<\/ul>\n<p>\u2714\ufe0f Dica:<br \/>\nMultiplica as tuas fontes:<\/p>\n<ul>\n<li aria-level=\"1\">luzes auxiliares<\/li>\n<li aria-level=\"1\">luzes quentes<\/li>\n<li aria-level=\"1\">ilumina\u00e7\u00e3o indireta<\/li>\n<\/ul>\n<p>\u27a1\ufe0f A atmosfera muda tudo.[\/vc_column_text][vc_custom_heading uncode_shortcode_id=&#8221;136017&#8243;]<\/p>\n<h2>\ud83e\uddf9 6. Negligenciar pormenores<\/h2>\n<p>[\/vc_custom_heading][vc_column_text uncode_shortcode_id=&#8221;715070&#8243;]Por vezes, s\u00e3o as pequenas coisas que fazem um grande <b>erro.<\/b><\/p>\n<p>\ud83d\udc49 Exemplos:<\/p>\n<ul>\n<li aria-level=\"1\">cortinas demasiado curtas<\/li>\n<li aria-level=\"1\">alcatifa de tamanho incorreto<\/li>\n<li aria-level=\"1\">almofadas desencontradas<\/li>\n<\/ul>\n<p>\u2714\ufe0f Dica:<br \/>\nPresta aten\u00e7\u00e3o ao acabamento.[\/vc_column_text][vc_custom_heading uncode_shortcode_id=&#8221;143082&#8243;]<\/p>\n<h2>\ud83d\udecf\ufe0f 7. Concentra-te na est\u00e9tica em detrimento do conforto<\/h2>\n<p>[\/vc_custom_heading][vc_column_text uncode_shortcode_id=&#8221;151967&#8243;]Um sof\u00e1 magn\u00edfico&#8230; mas desconfort\u00e1vel. Uma cama de design&#8230; mas dura como cimento.<\/p>\n<p>\ud83d\udc49 M\u00e1 ideia:<br \/>\nos teus viajantes n\u00e3o perdoam.<\/p>\n<p>\u2714\ufe0f Regra de ouro:<br \/>\n<b>o conforto vem antes da decora\u00e7\u00e3o<\/b>.[\/vc_column_text][vc_custom_heading uncode_shortcode_id=&#8221;121584&#8243;]<\/p>\n<h2>\ud83e\uddfc 8. Decora\u00e7\u00e3o que \u00e9 dif\u00edcil de manter<\/h2>\n<p>[\/vc_custom_heading][vc_column_text uncode_shortcode_id=&#8221;201186&#8243;]Materiais fr\u00e1geis, tecidos de cores claras ou objectos delicados podem rapidamente tornar-se um pesadelo.<\/p>\n<p>Consequ\u00eancia:<\/p>\n<ul>\n<li aria-level=\"1\">desgaste r\u00e1pido<\/li>\n<li aria-level=\"1\">manuten\u00e7\u00e3o complicada<\/li>\n<\/ul>\n<p>\u2714\ufe0f Sugest\u00e3o:<br \/>\nEscolhe :<\/p>\n<ul>\n<li aria-level=\"1\">materiais resistentes<\/li>\n<li aria-level=\"1\">cores f\u00e1ceis de limpar<\/li>\n<\/ul>\n<p>[\/vc_column_text][vc_custom_heading uncode_shortcode_id=&#8221;136420&#8243;]<\/p>\n<h2>\ud83e\udded 9. Esquece a funcionalidade<\/h2>\n<p>[\/vc_custom_heading][vc_column_text uncode_shortcode_id=&#8221;351328&#8243;]Um design de interiores bonito \u00e9 bom. Uma decora\u00e7\u00e3o pr\u00e1tica \u00e9 ainda melhor.<\/p>\n<p>\ud83d\udc49 Exemplo:<\/p>\n<ul>\n<li aria-level=\"1\">n\u00e3o tens espa\u00e7o de armazenamento suficiente<\/li>\n<li aria-level=\"1\">tomadas el\u00e9ctricas mal colocadas<\/li>\n<\/ul>\n<p>\u2714\ufe0f Pensa sempre na forma como o im\u00f3vel ser\u00e1 efetivamente utilizado.[\/vc_column_text][vc_custom_heading uncode_shortcode_id=&#8221;151901&#8243;]<\/p>\n<h2>\ud83e\uddf1 10. Segue todas as tend\u00eancias sem pensar<\/h2>\n<p>[\/vc_custom_heading][vc_column_text uncode_shortcode_id=&#8221;183220&#8243;]As tend\u00eancias evoluem rapidamente. O que est\u00e1 na moda hoje pode estar fora de moda amanh\u00e3.<\/p>\n<p>A armadilha:<br \/>\ncopiar uma tend\u00eancia sem a adaptar.<\/p>\n<p>\u2714\ufe0f Solu\u00e7\u00e3o:<\/p>\n<ul>\n<li aria-level=\"1\">inspira-te nas tend\u00eancias<\/li>\n<li aria-level=\"1\">mas permanece intemporal<\/li>\n<\/ul>\n<p>[\/vc_column_text][vc_custom_heading uncode_shortcode_id=&#8221;207368&#8243;]<\/p>\n<h2>\ud83e\udd14 Como evitar facilmente um erro de gosto?<\/h2>\n<p>[\/vc_custom_heading][vc_column_text uncode_shortcode_id=&#8221;675605&#8243;]Aqui est\u00e3o algumas regras simples:<\/p>\n<p>\u2714\ufe0f Mant\u00e9m uma paleta de cores consistente<br \/>\n\u2714\ufe0f Opta pela simplicidade<br \/>\n\u2714\ufe0f Pensa primeiro no conforto<br \/>\n\u2714\ufe0f P\u00f5e-te no lugar do viajante<\/p>\n<p>\ud83d\udc49 Faz sempre esta pergunta a ti pr\u00f3prio:<br \/>\n&#8220;Gostaria de ficar aqui?&#8221;[\/vc_column_text][vc_custom_heading uncode_shortcode_id=&#8221;560636&#8221;]<\/p>\n<h2>\ud83c\udfaf Conclus\u00e3o<\/h2>\n<p>[\/vc_custom_heading][vc_column_text uncode_shortcode_id=&#8221;166629&#8243;]<b>A decora\u00e7\u00e3o de interiores<\/b> \u00e9 uma alavanca poderosa para o sucesso do teu aluguer de f\u00e9rias.<br \/>\nMas cuidado com os <b>erros de gosto<\/b>, que podem ser discretos mas terr\u00edveis.<\/p>\n<p>Evita estes erros:<\/p>\n<ul>\n<li aria-level=\"1\">melhora a experi\u00eancia do cliente<\/li>\n<li aria-level=\"1\">aumenta as tuas reservas<\/li>\n<li aria-level=\"1\">e obt\u00e9m melhores cr\u00edticas<\/li>\n<\/ul>\n<p>E lembra-te:<br \/>\n<b>uma boa decora\u00e7\u00e3o n\u00e3o d\u00e1 necessariamente nas vistas&#8230; mas uma m\u00e1 d\u00e1 sempre \ud83d\ude04<\/b>[\/vc_column_text][\/vc_column][\/vc_row]<\/p>\n<\/div>","protected":false},"excerpt":{"rendered":"<p>[vc_row][vc_column width=&#8221;1\/1&#8243;][vc_row_inner][vc_column_inner column_width_percent=&#8221;100&#8243; gutter_size=&#8221;0&#8243; overlay_alpha=&#8221;50&#8243; shift_x=&#8221;0&#8243; shift_y=&#8221;0&#8243; shift_y_down=&#8221;0&#8243; z_index=&#8221;0&#8243; medium_width=&#8221;0&#8243; mobile_width=&#8221;0&#8243; width=&#8221;1\/1&#8243;][vc_column_text uncode_shortcode_id=&#8221;832642&#8243;]Ofereces o teu alojamento na Airbnb ou noutra [&hellip;]<\/p>\n","protected":false},"author":3,"featured_media":133183,"comment_status":"closed","ping_status":"open","sticky":false,"template":"","format":"standard","meta":{"footnotes":""},"categories":[905,929],"tags":[6,10,34,55,135,316,2436],"class_list":["post-133195","post","type-post","status-publish","format-standard","has-post-thumbnail","hentry","category-individuos","category-profissionais","tag-airbnb","tag-styqr","tag-livret-daccueil","tag-reservations","tag-tourisme","tag-decoration","tag-travaux"],"yoast_head":"<!-- This site is optimized with the Yoast SEO Premium plugin v27.4 (Yoast SEO v27.4) - https:\/\/yoast.com\/product\/yoast-seo-premium-wordpress\/ -->\n<title>Decorar o teu aluguer de f\u00e9rias: erros a evitar<\/title>\n<meta name=\"description\" content=\"Evita os erros de decora\u00e7\u00e3o de interiores no teu aluguer de f\u00e9rias. Dicas simples para conquistar os teus viajantes.\" \/>\n<meta name=\"robots\" content=\"index, follow, max-snippet:-1, max-image-preview:large, max-video-preview:-1\" \/>\n<link rel=\"canonical\" href=\"https:\/\/styqr.fr\/pt-pt\/2026\/04\/14\/decorar-o-teu-aluguer-de-ferias-erros-a-evitar\/\" \/>\n<meta property=\"og:locale\" content=\"pt_PT\" \/>\n<meta property=\"og:type\" content=\"article\" \/>\n<meta property=\"og:title\" content=\"StyQR | Le livret d&#039;accueil digital\" \/>\n<meta property=\"og:description\" content=\"Evita os erros de decora\u00e7\u00e3o de interiores no teu aluguer de f\u00e9rias. Dicas simples para conquistar os teus viajantes.\" \/>\n<meta property=\"og:url\" content=\"https:\/\/styqr.fr\/pt-pt\/2026\/04\/14\/decorar-o-teu-aluguer-de-ferias-erros-a-evitar\/\" \/>\n<meta property=\"og:site_name\" content=\"StyQR\" \/>\n<meta property=\"article:publisher\" content=\"https:\/\/fr-fr.facebook.com\/styqr\/\" \/>\n<meta property=\"article:published_time\" content=\"2026-04-14T07:59:32+00:00\" \/>\n<meta property=\"article:modified_time\" content=\"2026-04-14T08:00:03+00:00\" \/>\n<meta property=\"og:image\" content=\"https:\/\/styqr.fr\/wp-content\/uploads\/2026\/04\/modern-living-room-interior-composition-2026-03-09-09-01-31-utc1-scaled.jpg\" \/>\n\t<meta property=\"og:image:width\" content=\"2560\" \/>\n\t<meta property=\"og:image:height\" content=\"1707\" \/>\n\t<meta property=\"og:image:type\" content=\"image\/jpeg\" \/>\n<meta name=\"author\" content=\"Marine\" \/>\n<meta name=\"twitter:card\" content=\"summary_large_image\" \/>\n<meta name=\"twitter:creator\" content=\"@julien-styqr-admin\" \/>\n<script type=\"application\/ld+json\" class=\"yoast-schema-graph\">{\"@context\":\"https:\\\/\\\/schema.org\",\"@graph\":[{\"@type\":\"Article\",\"@id\":\"https:\\\/\\\/styqr.fr\\\/pt-pt\\\/2026\\\/04\\\/14\\\/decorar-o-teu-aluguer-de-ferias-erros-a-evitar\\\/#article\",\"isPartOf\":{\"@id\":\"https:\\\/\\\/styqr.fr\\\/pt-pt\\\/2026\\\/04\\\/14\\\/decorar-o-teu-aluguer-de-ferias-erros-a-evitar\\\/\"},\"author\":{\"name\":\"Marine\",\"@id\":\"https:\\\/\\\/styqr.fr\\\/pt-pt\\\/#\\\/schema\\\/person\\\/9961aca9b86c9501bc1a72282df89aac\"},\"headline\":\"Decorar o teu aluguer de f\u00e9rias: erros a evitar\",\"datePublished\":\"2026-04-14T07:59:32+00:00\",\"dateModified\":\"2026-04-14T08:00:03+00:00\",\"mainEntityOfPage\":{\"@id\":\"https:\\\/\\\/styqr.fr\\\/pt-pt\\\/2026\\\/04\\\/14\\\/decorar-o-teu-aluguer-de-ferias-erros-a-evitar\\\/\"},\"wordCount\":1107,\"publisher\":{\"@id\":\"https:\\\/\\\/styqr.fr\\\/pt-pt\\\/#organization\"},\"image\":{\"@id\":\"https:\\\/\\\/styqr.fr\\\/pt-pt\\\/2026\\\/04\\\/14\\\/decorar-o-teu-aluguer-de-ferias-erros-a-evitar\\\/#primaryimage\"},\"thumbnailUrl\":\"https:\\\/\\\/styqr.fr\\\/wp-content\\\/uploads\\\/2026\\\/04\\\/modern-living-room-interior-composition-2026-03-09-09-01-31-utc1-scaled.jpg\",\"keywords\":[\"airbnb\",\"styqr\",\"livret d'accueil\",\"reservations\",\"tourisme\",\"d\u00e9coration\",\"travaux\"],\"articleSection\":[\"Indiv\u00edduos\",\"Profissionais\"],\"inLanguage\":\"pt-PT\"},{\"@type\":\"WebPage\",\"@id\":\"https:\\\/\\\/styqr.fr\\\/pt-pt\\\/2026\\\/04\\\/14\\\/decorar-o-teu-aluguer-de-ferias-erros-a-evitar\\\/\",\"url\":\"https:\\\/\\\/styqr.fr\\\/pt-pt\\\/2026\\\/04\\\/14\\\/decorar-o-teu-aluguer-de-ferias-erros-a-evitar\\\/\",\"name\":\"Decorar o teu aluguer de f\u00e9rias: erros a evitar\",\"isPartOf\":{\"@id\":\"https:\\\/\\\/styqr.fr\\\/pt-pt\\\/#website\"},\"primaryImageOfPage\":{\"@id\":\"https:\\\/\\\/styqr.fr\\\/pt-pt\\\/2026\\\/04\\\/14\\\/decorar-o-teu-aluguer-de-ferias-erros-a-evitar\\\/#primaryimage\"},\"image\":{\"@id\":\"https:\\\/\\\/styqr.fr\\\/pt-pt\\\/2026\\\/04\\\/14\\\/decorar-o-teu-aluguer-de-ferias-erros-a-evitar\\\/#primaryimage\"},\"thumbnailUrl\":\"https:\\\/\\\/styqr.fr\\\/wp-content\\\/uploads\\\/2026\\\/04\\\/modern-living-room-interior-composition-2026-03-09-09-01-31-utc1-scaled.jpg\",\"datePublished\":\"2026-04-14T07:59:32+00:00\",\"dateModified\":\"2026-04-14T08:00:03+00:00\",\"description\":\"Evita os erros de decora\u00e7\u00e3o de interiores no teu aluguer de f\u00e9rias. Dicas simples para conquistar os teus viajantes.\",\"breadcrumb\":{\"@id\":\"https:\\\/\\\/styqr.fr\\\/pt-pt\\\/2026\\\/04\\\/14\\\/decorar-o-teu-aluguer-de-ferias-erros-a-evitar\\\/#breadcrumb\"},\"inLanguage\":\"pt-PT\",\"potentialAction\":[{\"@type\":\"ReadAction\",\"target\":[\"https:\\\/\\\/styqr.fr\\\/pt-pt\\\/2026\\\/04\\\/14\\\/decorar-o-teu-aluguer-de-ferias-erros-a-evitar\\\/\"]}]},{\"@type\":\"ImageObject\",\"inLanguage\":\"pt-PT\",\"@id\":\"https:\\\/\\\/styqr.fr\\\/pt-pt\\\/2026\\\/04\\\/14\\\/decorar-o-teu-aluguer-de-ferias-erros-a-evitar\\\/#primaryimage\",\"url\":\"https:\\\/\\\/styqr.fr\\\/wp-content\\\/uploads\\\/2026\\\/04\\\/modern-living-room-interior-composition-2026-03-09-09-01-31-utc1-scaled.jpg\",\"contentUrl\":\"https:\\\/\\\/styqr.fr\\\/wp-content\\\/uploads\\\/2026\\\/04\\\/modern-living-room-interior-composition-2026-03-09-09-01-31-utc1-scaled.jpg\",\"width\":2560,\"height\":1707,\"caption\":\"Salon moderne avec mur bleu fonc\u00e9, meuble en bois, fauteuil design, plantes vertes et d\u00e9coration int\u00e9rieure \u00e9pur\u00e9e\"},{\"@type\":\"BreadcrumbList\",\"@id\":\"https:\\\/\\\/styqr.fr\\\/pt-pt\\\/2026\\\/04\\\/14\\\/decorar-o-teu-aluguer-de-ferias-erros-a-evitar\\\/#breadcrumb\",\"itemListElement\":[{\"@type\":\"ListItem\",\"position\":1,\"name\":\"Casa\",\"item\":\"https:\\\/\\\/styqr.fr\\\/pt-pt\\\/\"},{\"@type\":\"ListItem\",\"position\":2,\"name\":\"Profissionais\",\"item\":\"https:\\\/\\\/styqr.fr\\\/pt-pt\\\/nos-categories\\\/profissionais\\\/\"},{\"@type\":\"ListItem\",\"position\":3,\"name\":\"Decorar o teu aluguer de f\u00e9rias: erros a evitar\"}]},{\"@type\":\"WebSite\",\"@id\":\"https:\\\/\\\/styqr.fr\\\/pt-pt\\\/#website\",\"url\":\"https:\\\/\\\/styqr.fr\\\/pt-pt\\\/\",\"name\":\"StyQR\",\"description\":\"Cr\u00e9ez votre livret d&#039;accueil digital personnalis\u00e9 pour vos voyageurs\",\"publisher\":{\"@id\":\"https:\\\/\\\/styqr.fr\\\/pt-pt\\\/#organization\"},\"potentialAction\":[{\"@type\":\"SearchAction\",\"target\":{\"@type\":\"EntryPoint\",\"urlTemplate\":\"https:\\\/\\\/styqr.fr\\\/pt-pt\\\/?s={search_term_string}\"},\"query-input\":{\"@type\":\"PropertyValueSpecification\",\"valueRequired\":true,\"valueName\":\"search_term_string\"}}],\"inLanguage\":\"pt-PT\"},{\"@type\":\"Organization\",\"@id\":\"https:\\\/\\\/styqr.fr\\\/pt-pt\\\/#organization\",\"name\":\"StyQR\",\"url\":\"https:\\\/\\\/styqr.fr\\\/pt-pt\\\/\",\"logo\":{\"@type\":\"ImageObject\",\"inLanguage\":\"pt-PT\",\"@id\":\"https:\\\/\\\/styqr.fr\\\/pt-pt\\\/#\\\/schema\\\/logo\\\/image\\\/\",\"url\":\"https:\\\/\\\/styqr.fr\\\/wp-content\\\/uploads\\\/2020\\\/11\\\/Fichier-5.png\",\"contentUrl\":\"https:\\\/\\\/styqr.fr\\\/wp-content\\\/uploads\\\/2020\\\/11\\\/Fichier-5.png\",\"width\":388,\"height\":194,\"caption\":\"StyQR\"},\"image\":{\"@id\":\"https:\\\/\\\/styqr.fr\\\/pt-pt\\\/#\\\/schema\\\/logo\\\/image\\\/\"},\"sameAs\":[\"https:\\\/\\\/fr-fr.facebook.com\\\/styqr\\\/\",\"https:\\\/\\\/www.instagram.com\\\/styqr_fr\\\/\",\"https:\\\/\\\/fr.linkedin.com\\\/company\\\/styqr\"],\"description\":\"StyQR, le livret d'accueil digital\",\"email\":\"contact@styqr.fr\",\"legalName\":\"SAS StyQR\",\"foundingDate\":\"2019-05-27\",\"vatID\":\"FR55824532865\",\"taxID\":\"82453286500014\",\"numberOfEmployees\":{\"@type\":\"QuantitativeValue\",\"minValue\":\"1\",\"maxValue\":\"10\"}},{\"@type\":\"Person\",\"@id\":\"https:\\\/\\\/styqr.fr\\\/pt-pt\\\/#\\\/schema\\\/person\\\/9961aca9b86c9501bc1a72282df89aac\",\"name\":\"Marine\",\"image\":{\"@type\":\"ImageObject\",\"inLanguage\":\"pt-PT\",\"@id\":\"https:\\\/\\\/secure.gravatar.com\\\/avatar\\\/647b7182996833269bfb418442442520d7a3cf1ce76c2bbb26b93d7fbb28bb58?s=96&d=mm&r=g\",\"url\":\"https:\\\/\\\/secure.gravatar.com\\\/avatar\\\/647b7182996833269bfb418442442520d7a3cf1ce76c2bbb26b93d7fbb28bb58?s=96&d=mm&r=g\",\"contentUrl\":\"https:\\\/\\\/secure.gravatar.com\\\/avatar\\\/647b7182996833269bfb418442442520d7a3cf1ce76c2bbb26b93d7fbb28bb58?s=96&d=mm&r=g\",\"caption\":\"Marine\"},\"sameAs\":[\"https:\\\/\\\/x.com\\\/julien-styqr-admin\"]}]}<\/script>\n<!-- \/ Yoast SEO Premium plugin. -->","yoast_head_json":{"title":"Decorar o teu aluguer de f\u00e9rias: erros a evitar","description":"Evita os erros de decora\u00e7\u00e3o de interiores no teu aluguer de f\u00e9rias. Dicas simples para conquistar os teus viajantes.","robots":{"index":"index","follow":"follow","max-snippet":"max-snippet:-1","max-image-preview":"max-image-preview:large","max-video-preview":"max-video-preview:-1"},"canonical":"https:\/\/styqr.fr\/pt-pt\/2026\/04\/14\/decorar-o-teu-aluguer-de-ferias-erros-a-evitar\/","og_locale":"pt_PT","og_type":"article","og_title":"StyQR | Le livret d'accueil digital","og_description":"Evita os erros de decora\u00e7\u00e3o de interiores no teu aluguer de f\u00e9rias. Dicas simples para conquistar os teus viajantes.","og_url":"https:\/\/styqr.fr\/pt-pt\/2026\/04\/14\/decorar-o-teu-aluguer-de-ferias-erros-a-evitar\/","og_site_name":"StyQR","article_publisher":"https:\/\/fr-fr.facebook.com\/styqr\/","article_published_time":"2026-04-14T07:59:32+00:00","article_modified_time":"2026-04-14T08:00:03+00:00","og_image":[{"width":2560,"height":1707,"url":"https:\/\/styqr.fr\/wp-content\/uploads\/2026\/04\/modern-living-room-interior-composition-2026-03-09-09-01-31-utc1-scaled.jpg","type":"image\/jpeg"}],"author":"Marine","twitter_card":"summary_large_image","twitter_creator":"@julien-styqr-admin","schema":{"@context":"https:\/\/schema.org","@graph":[{"@type":"Article","@id":"https:\/\/styqr.fr\/pt-pt\/2026\/04\/14\/decorar-o-teu-aluguer-de-ferias-erros-a-evitar\/#article","isPartOf":{"@id":"https:\/\/styqr.fr\/pt-pt\/2026\/04\/14\/decorar-o-teu-aluguer-de-ferias-erros-a-evitar\/"},"author":{"name":"Marine","@id":"https:\/\/styqr.fr\/pt-pt\/#\/schema\/person\/9961aca9b86c9501bc1a72282df89aac"},"headline":"Decorar o teu aluguer de f\u00e9rias: erros a evitar","datePublished":"2026-04-14T07:59:32+00:00","dateModified":"2026-04-14T08:00:03+00:00","mainEntityOfPage":{"@id":"https:\/\/styqr.fr\/pt-pt\/2026\/04\/14\/decorar-o-teu-aluguer-de-ferias-erros-a-evitar\/"},"wordCount":1107,"publisher":{"@id":"https:\/\/styqr.fr\/pt-pt\/#organization"},"image":{"@id":"https:\/\/styqr.fr\/pt-pt\/2026\/04\/14\/decorar-o-teu-aluguer-de-ferias-erros-a-evitar\/#primaryimage"},"thumbnailUrl":"https:\/\/styqr.fr\/wp-content\/uploads\/2026\/04\/modern-living-room-interior-composition-2026-03-09-09-01-31-utc1-scaled.jpg","keywords":["airbnb","styqr","livret d'accueil","reservations","tourisme","d\u00e9coration","travaux"],"articleSection":["Indiv\u00edduos","Profissionais"],"inLanguage":"pt-PT"},{"@type":"WebPage","@id":"https:\/\/styqr.fr\/pt-pt\/2026\/04\/14\/decorar-o-teu-aluguer-de-ferias-erros-a-evitar\/","url":"https:\/\/styqr.fr\/pt-pt\/2026\/04\/14\/decorar-o-teu-aluguer-de-ferias-erros-a-evitar\/","name":"Decorar o teu aluguer de f\u00e9rias: erros a evitar","isPartOf":{"@id":"https:\/\/styqr.fr\/pt-pt\/#website"},"primaryImageOfPage":{"@id":"https:\/\/styqr.fr\/pt-pt\/2026\/04\/14\/decorar-o-teu-aluguer-de-ferias-erros-a-evitar\/#primaryimage"},"image":{"@id":"https:\/\/styqr.fr\/pt-pt\/2026\/04\/14\/decorar-o-teu-aluguer-de-ferias-erros-a-evitar\/#primaryimage"},"thumbnailUrl":"https:\/\/styqr.fr\/wp-content\/uploads\/2026\/04\/modern-living-room-interior-composition-2026-03-09-09-01-31-utc1-scaled.jpg","datePublished":"2026-04-14T07:59:32+00:00","dateModified":"2026-04-14T08:00:03+00:00","description":"Evita os erros de decora\u00e7\u00e3o de interiores no teu aluguer de f\u00e9rias. Dicas simples para conquistar os teus viajantes.","breadcrumb":{"@id":"https:\/\/styqr.fr\/pt-pt\/2026\/04\/14\/decorar-o-teu-aluguer-de-ferias-erros-a-evitar\/#breadcrumb"},"inLanguage":"pt-PT","potentialAction":[{"@type":"ReadAction","target":["https:\/\/styqr.fr\/pt-pt\/2026\/04\/14\/decorar-o-teu-aluguer-de-ferias-erros-a-evitar\/"]}]},{"@type":"ImageObject","inLanguage":"pt-PT","@id":"https:\/\/styqr.fr\/pt-pt\/2026\/04\/14\/decorar-o-teu-aluguer-de-ferias-erros-a-evitar\/#primaryimage","url":"https:\/\/styqr.fr\/wp-content\/uploads\/2026\/04\/modern-living-room-interior-composition-2026-03-09-09-01-31-utc1-scaled.jpg","contentUrl":"https:\/\/styqr.fr\/wp-content\/uploads\/2026\/04\/modern-living-room-interior-composition-2026-03-09-09-01-31-utc1-scaled.jpg","width":2560,"height":1707,"caption":"Salon moderne avec mur bleu fonc\u00e9, meuble en bois, fauteuil design, plantes vertes et d\u00e9coration int\u00e9rieure \u00e9pur\u00e9e"},{"@type":"BreadcrumbList","@id":"https:\/\/styqr.fr\/pt-pt\/2026\/04\/14\/decorar-o-teu-aluguer-de-ferias-erros-a-evitar\/#breadcrumb","itemListElement":[{"@type":"ListItem","position":1,"name":"Casa","item":"https:\/\/styqr.fr\/pt-pt\/"},{"@type":"ListItem","position":2,"name":"Profissionais","item":"https:\/\/styqr.fr\/pt-pt\/nos-categories\/profissionais\/"},{"@type":"ListItem","position":3,"name":"Decorar o teu aluguer de f\u00e9rias: erros a evitar"}]},{"@type":"WebSite","@id":"https:\/\/styqr.fr\/pt-pt\/#website","url":"https:\/\/styqr.fr\/pt-pt\/","name":"StyQR","description":"Cr\u00e9ez votre livret d&#039;accueil digital personnalis\u00e9 pour vos voyageurs","publisher":{"@id":"https:\/\/styqr.fr\/pt-pt\/#organization"},"potentialAction":[{"@type":"SearchAction","target":{"@type":"EntryPoint","urlTemplate":"https:\/\/styqr.fr\/pt-pt\/?s={search_term_string}"},"query-input":{"@type":"PropertyValueSpecification","valueRequired":true,"valueName":"search_term_string"}}],"inLanguage":"pt-PT"},{"@type":"Organization","@id":"https:\/\/styqr.fr\/pt-pt\/#organization","name":"StyQR","url":"https:\/\/styqr.fr\/pt-pt\/","logo":{"@type":"ImageObject","inLanguage":"pt-PT","@id":"https:\/\/styqr.fr\/pt-pt\/#\/schema\/logo\/image\/","url":"https:\/\/styqr.fr\/wp-content\/uploads\/2020\/11\/Fichier-5.png","contentUrl":"https:\/\/styqr.fr\/wp-content\/uploads\/2020\/11\/Fichier-5.png","width":388,"height":194,"caption":"StyQR"},"image":{"@id":"https:\/\/styqr.fr\/pt-pt\/#\/schema\/logo\/image\/"},"sameAs":["https:\/\/fr-fr.facebook.com\/styqr\/","https:\/\/www.instagram.com\/styqr_fr\/","https:\/\/fr.linkedin.com\/company\/styqr"],"description":"StyQR, le livret d'accueil digital","email":"contact@styqr.fr","legalName":"SAS StyQR","foundingDate":"2019-05-27","vatID":"FR55824532865","taxID":"82453286500014","numberOfEmployees":{"@type":"QuantitativeValue","minValue":"1","maxValue":"10"}},{"@type":"Person","@id":"https:\/\/styqr.fr\/pt-pt\/#\/schema\/person\/9961aca9b86c9501bc1a72282df89aac","name":"Marine","image":{"@type":"ImageObject","inLanguage":"pt-PT","@id":"https:\/\/secure.gravatar.com\/avatar\/647b7182996833269bfb418442442520d7a3cf1ce76c2bbb26b93d7fbb28bb58?s=96&d=mm&r=g","url":"https:\/\/secure.gravatar.com\/avatar\/647b7182996833269bfb418442442520d7a3cf1ce76c2bbb26b93d7fbb28bb58?s=96&d=mm&r=g","contentUrl":"https:\/\/secure.gravatar.com\/avatar\/647b7182996833269bfb418442442520d7a3cf1ce76c2bbb26b93d7fbb28bb58?s=96&d=mm&r=g","caption":"Marine"},"sameAs":["https:\/\/x.com\/julien-styqr-admin"]}]}},"_links":{"self":[{"href":"https:\/\/styqr.fr\/pt-pt\/wp-json\/wp\/v2\/posts\/133195","targetHints":{"allow":["GET"]}}],"collection":[{"href":"https:\/\/styqr.fr\/pt-pt\/wp-json\/wp\/v2\/posts"}],"about":[{"href":"https:\/\/styqr.fr\/pt-pt\/wp-json\/wp\/v2\/types\/post"}],"author":[{"embeddable":true,"href":"https:\/\/styqr.fr\/pt-pt\/wp-json\/wp\/v2\/users\/3"}],"replies":[{"embeddable":true,"href":"https:\/\/styqr.fr\/pt-pt\/wp-json\/wp\/v2\/comments?post=133195"}],"version-history":[{"count":6,"href":"https:\/\/styqr.fr\/pt-pt\/wp-json\/wp\/v2\/posts\/133195\/revisions"}],"predecessor-version":[{"id":133210,"href":"https:\/\/styqr.fr\/pt-pt\/wp-json\/wp\/v2\/posts\/133195\/revisions\/133210"}],"wp:featuredmedia":[{"embeddable":true,"href":"https:\/\/styqr.fr\/pt-pt\/wp-json\/wp\/v2\/media\/133183"}],"wp:attachment":[{"href":"https:\/\/styqr.fr\/pt-pt\/wp-json\/wp\/v2\/media?parent=133195"}],"wp:term":[{"taxonomy":"category","embeddable":true,"href":"https:\/\/styqr.fr\/pt-pt\/wp-json\/wp\/v2\/categories?post=133195"},{"taxonomy":"post_tag","embeddable":true,"href":"https:\/\/styqr.fr\/pt-pt\/wp-json\/wp\/v2\/tags?post=133195"}],"curies":[{"name":"wp","href":"https:\/\/api.w.org\/{rel}","templated":true}]}}