{"id":133144,"date":"2026-04-06T16:19:28","date_gmt":"2026-04-06T14:19:28","guid":{"rendered":"https:\/\/styqr.fr\/2026\/04\/06\/o-sector-da-hotelaria-na-suica-esta-em-plena-expansao\/"},"modified":"2026-04-06T16:19:54","modified_gmt":"2026-04-06T14:19:54","slug":"o-sector-da-hotelaria-na-suica-esta-em-plena-expansao","status":"publish","type":"post","link":"https:\/\/styqr.fr\/pt-pt\/2026\/04\/06\/o-sector-da-hotelaria-na-suica-esta-em-plena-expansao\/","title":{"rendered":"O sector da hotelaria na Su\u00ed\u00e7a est\u00e1 em plena expans\u00e3o"},"content":{"rendered":"<div class=\"wpb-content-wrapper\"><p>[vc_row][vc_column width=&#8221;1\/1&#8243;][vc_row_inner][vc_column_inner column_width_percent=&#8221;100&#8243; gutter_size=&#8221;0&#8243; overlay_alpha=&#8221;50&#8243; shift_x=&#8221;0&#8243; shift_y=&#8221;0&#8243; shift_y_down=&#8221;0&#8243; z_index=&#8221;0&#8243; medium_width=&#8221;0&#8243; mobile_width=&#8221;0&#8243; width=&#8221;1\/1&#8243;][vc_column_text uncode_shortcode_id=&#8221;110782&#8243;]Uma boa not\u00edcia para o turismo su\u00ed\u00e7o: o <b>sector da hotelaria<\/b> est\u00e1 a fazer maravilhas! Ap\u00f3s v\u00e1rios anos de incerteza, o sector regista agora um <b>aumento significativo das dormidas<\/b>, prova de que os viajantes redescobriram o seu gosto pela evas\u00e3o&#8230; e por f\u00e9rias um pouco mais aut\u00eanticas. <\/p>\n<p>Os apartamentos de f\u00e9rias, os parques de campismo, as pousadas de juventude e os bed &amp; breakfast s\u00e3o cada vez mais populares. E sejamos honestos: entre um hotel cl\u00e1ssico e um pequeno chal\u00e9 com vista para as montanhas, o teu cora\u00e7\u00e3o raramente balan\u00e7a durante muito tempo.[\/vc_column_text][vc_empty_space empty_h=&#8221;2&#8243;][vc_custom_heading uncode_shortcode_id=&#8221;192876&#8243;]<\/p>\n<h2>O que \u00e9 a ind\u00fastria hoteleira na Su\u00ed\u00e7a?<\/h2>\n<p>[\/vc_custom_heading][vc_empty_space empty_h=&#8221;2&#8243;][vc_column_text uncode_shortcode_id=&#8221;158758&#8243;]O <b>sector para-hoteleiro<\/b> abrange todas as formas de alojamento tur\u00edstico fora do sector hoteleiro tradicional. Inclui:<\/p>\n<ul>\n<li aria-level=\"1\">Apartamentos e casas de f\u00e9rias<\/li>\n<li aria-level=\"1\">Parques de campismo<\/li>\n<li aria-level=\"1\">Pousadas de juventude<\/li>\n<li aria-level=\"1\">Alojamento oferecido atrav\u00e9s de plataformas como a Airbnb<\/li>\n<\/ul>\n<p>Por outras palavras, trata-se de uma oferta mais flex\u00edvel, muitas vezes mais acess\u00edvel e, sobretudo, mais pr\u00f3xima das expectativas dos viajantes de hoje.[\/vc_column_text][\/vc_column_inner][\/vc_row_inner][\/vc_column][\/vc_row][vc_row][vc_column width=&#8221;1\/1&#8243;][vc_custom_heading uncode_shortcode_id=&#8221;517875&#8243;]<\/p>\n<h2>N\u00fameros-chave do aumento das dormidas<\/h2>\n<p>[\/vc_custom_heading][vc_column_text uncode_shortcode_id=&#8221;121885&#8243;]Vamos ao cerne da quest\u00e3o. Os n\u00fameros recentes confirmam o <b>s\u00f3lido crescimento do sector hoteleiro su\u00ed\u00e7o<\/b>. <\/p>\n<p>No <b>terceiro trimestre<\/b>, o sector registou um <b>aumento de cerca de 6% das dormidas<\/b> em rela\u00e7\u00e3o ao ano anterior. Isto representa <b>v\u00e1rios milh\u00f5es de dormidas suplementares<\/b>, um sinal de verdadeiro entusiasmo. <\/p>\n<p>Aqui tens os destaques:<\/p>\n<ul>\n<li aria-level=\"1\">O total de dormidas no sector da hotelaria e restaura\u00e7\u00e3o ultrapassa agora <b>os n\u00edveis anteriores \u00e0 pandemia<\/b><\/li>\n<li aria-level=\"1\"><b>Os apartamentos de f\u00e9rias<\/b> continuam a ser o segmento dominante<\/li>\n<li aria-level=\"1\"><b>Os parques de campismo<\/b> continuam a crescer, especialmente no ver\u00e3o<\/li>\n<li aria-level=\"1\"><b>As pousadas de juventude<\/b> atraem uma clientela mais jovem e internacional<\/li>\n<li aria-level=\"1\">A percentagem de <b>turistas su\u00ed\u00e7os<\/b> continua a ser elevada, mas o n\u00famero de visitantes estrangeiros est\u00e1 a aumentar acentuadamente<\/li>\n<\/ul>\n<p>Em suma, o crescimento \u00e9 <b>quantitativo e qualitativo<\/b>. O sector n\u00e3o est\u00e1 apenas a recuperar: est\u00e1 a evoluir.[\/vc_column_text][vc_custom_heading uncode_shortcode_id=&#8221;590523&#8243;]<\/p>\n<h2>Porqu\u00ea este progresso?<\/h2>\n<p>[\/vc_custom_heading][vc_custom_heading uncode_shortcode_id=&#8221;111381&#8243;]<\/p>\n<h3>1. Procura a liberdade<\/h3>\n<p>[\/vc_custom_heading][vc_column_text uncode_shortcode_id=&#8221;121069&#8243;]Em primeiro lugar, os viajantes querem mais autonomia. Os Parahot\u00e9is permitem-lhes viver ao seu pr\u00f3prio ritmo, sem constrangimentos. <\/p>\n<p>Podes cozinhar quando quiseres, chegar quando puderes&#8230; em suma, podes respirar.[\/vc_column_text][vc_custom_heading uncode_shortcode_id=&#8221;122259&#8243;]<\/p>\n<h3>2. O boom do turismo local<\/h3>\n<p>[\/vc_custom_heading][vc_column_text uncode_shortcode_id=&#8221;106868&#8243;]Em segundo lugar, o turismo interno desempenha um papel fundamental. Os su\u00ed\u00e7os est\u00e3o a redescobrir o seu pr\u00f3prio pa\u00eds, e com raz\u00e3o. <\/p>\n<p>Com os seus lagos, montanhas e aldeias encantadoras, a Su\u00ed\u00e7a oferece-te um parque de divers\u00f5es excecional.[\/vc_column_text][vc_custom_heading uncode_shortcode_id=&#8221;213101&#8243;]<\/p>\n<h3>3. O impacto das plataformas digitais<\/h3>\n<p>[\/vc_custom_heading][vc_column_text uncode_shortcode_id=&#8221;817758&#8243;]Plataformas como a Airbnb revolucionaram o acesso ao alojamento.<\/p>\n<p>Hoje :<\/p>\n<ul>\n<li aria-level=\"1\">Tudo est\u00e1 apenas a alguns cliques de dist\u00e2ncia<\/li>\n<li aria-level=\"1\">Uma vasta gama de ofertas<\/li>\n<li aria-level=\"1\">Os pre\u00e7os s\u00e3o frequentemente competitivos<\/li>\n<\/ul>\n<p>[\/vc_column_text][vc_custom_heading uncode_shortcode_id=&#8221;203188&#8243;]<\/p>\n<h3>4. Procura a autenticidade<\/h3>\n<p>[\/vc_custom_heading][vc_column_text uncode_shortcode_id=&#8221;874727&#8243;]Finalmente, os viajantes est\u00e3o \u00e0 procura de experi\u00eancias \u00fanicas. Dormir num chal\u00e9, numa quinta ou num parque de campismo natural significa viver algo diferente. <\/p>\n<p>E isso n\u00e3o tem pre\u00e7o (bem&#8230; quase).[\/vc_column_text][vc_custom_heading uncode_shortcode_id=&#8221;713936&#8243;]<\/p>\n<h2>Que impacto ter\u00e1 esta situa\u00e7\u00e3o no turismo su\u00ed\u00e7o?<\/h2>\n<p>[\/vc_custom_heading][vc_custom_heading uncode_shortcode_id=&#8221;110902&#8243;]<\/p>\n<h3>Uma oferta mais diversificada<\/h3>\n<p>[\/vc_custom_heading][vc_column_text uncode_shortcode_id=&#8221;124074&#8243;]O aumento das dormidas est\u00e1 a impulsionar a inova\u00e7\u00e3o. As regi\u00f5es est\u00e3o a desenvolver novos alojamentos e a melhorar a sua atratividade. <\/p>\n<p>O resultado \u00e9 uma oferta mais rica para os turistas.[\/vc_column_text][vc_custom_heading uncode_shortcode_id=&#8221;134240&#8243;]<\/p>\n<h3>Um impulso para a economia local<\/h3>\n<p>[\/vc_custom_heading][vc_column_text uncode_shortcode_id=&#8221;183197&#8243;]O sector para-hoteleiro beneficia diretamente a economia local:<\/p>\n<ul>\n<li aria-level=\"1\">Rendimento para os propriet\u00e1rios<\/li>\n<li aria-level=\"1\">Atividade empresarial<\/li>\n<li aria-level=\"1\">Cria\u00e7\u00e3o de emprego<\/li>\n<\/ul>\n<p>\u00c9 um verdadeiro motor econ\u00f3mico.[\/vc_column_text][vc_custom_heading uncode_shortcode_id=&#8221;169932&#8243;]<\/p>\n<h3>Os desafios que tens pela frente<\/h3>\n<p>[\/vc_custom_heading][vc_column_text uncode_shortcode_id=&#8221;163483&#8243;]No entanto, este crescimento tamb\u00e9m levanta quest\u00f5es:<\/p>\n<ul>\n<li aria-level=\"1\">Press\u00e3o sobre a habita\u00e7\u00e3o em certas regi\u00f5es<\/li>\n<li aria-level=\"1\">Riscos do turismo excessivo<\/li>\n<li aria-level=\"1\">Quest\u00f5es ambientais<\/li>\n<\/ul>\n<p>Por outras palavras, temos de encontrar o equil\u00edbrio certo.[\/vc_column_text][vc_custom_heading uncode_shortcode_id=&#8221;168115&#8243;]<\/p>\n<h2>Parahot\u00e9is vs hot\u00e9is: rivalidade ou complementaridade?<\/h2>\n<p>[\/vc_custom_heading][vc_column_text uncode_shortcode_id=&#8221;100041&#8243;]O sector para-hoteleiro n\u00e3o substitui o sector hoteleiro. Complementa-o. <\/p>\n<ul>\n<li aria-level=\"1\">Os hot\u00e9is continuam a ser a escolha preferida para estadias curtas e viagens de neg\u00f3cios<\/li>\n<li aria-level=\"1\">Os Parahot\u00e9is s\u00e3o populares para estadias longas com a fam\u00edlia ou amigos<\/li>\n<\/ul>\n<p>No final, h\u00e1 algo para todos.[\/vc_column_text][vc_custom_heading uncode_shortcode_id=&#8221;407824&#8243;]<\/p>\n<h2>Uma tend\u00eancia duradoura?<\/h2>\n<p>[\/vc_custom_heading][vc_column_text uncode_shortcode_id=&#8221;509958&#8243;]H\u00e1 todos os motivos para acreditares nisso.<\/p>\n<p>Os h\u00e1bitos de viagem est\u00e3o a mudar. Os turistas querem mais liberdade, mais natureza e mais autenticidade. E o sector para-hoteleiro preenche todos estes requisitos.  <\/p>\n<p>Al\u00e9m disso, o sector continua a estruturar-se e a profissionalizar-se.[\/vc_column_text][vc_custom_heading uncode_shortcode_id=&#8221;106100&#8243;]<\/p>\n<h2>Dicas para desfrutar de parahot\u00e9is na Su\u00ed\u00e7a<\/h2>\n<p>[\/vc_custom_heading][vc_column_text uncode_shortcode_id=&#8221;110542&#8243;]Aqui tens algumas dicas simples:<\/p>\n<ul>\n<li aria-level=\"1\">Reserva com anteced\u00eancia, especialmente na \u00e9poca alta<\/li>\n<li aria-level=\"1\">Compara ofertas<\/li>\n<li aria-level=\"1\">Consulta as opini\u00f5es<\/li>\n<li aria-level=\"1\">Explora regi\u00f5es menos conhecidas<\/li>\n<\/ul>\n<p>E acima de tudo&#8230; deixa-te surpreender.[\/vc_column_text][vc_custom_heading uncode_shortcode_id=&#8221;194177&#8243;]<\/p>\n<h2>Conclus\u00e3o: uma nova arte de viajar<\/h2>\n<p>[\/vc_custom_heading][vc_column_text uncode_shortcode_id=&#8221;360726&#8243;]O <b>aumento das dormidas no sector hoteleiro su\u00ed\u00e7o<\/b> reflecte uma mudan\u00e7a profunda na ind\u00fastria do turismo. Os n\u00fameros s\u00e3o claros: com um crescimento de cerca de 6% e um regresso aos n\u00edveis anteriores \u00e0 pandemia, o sector est\u00e1 em boa forma. <\/p>\n<p>Mas, estat\u00edsticas \u00e0 parte, \u00e9 uma nova forma de viajar que est\u00e1 a ganhar for\u00e7a. Mais livre, mais humano, mais pr\u00f3ximo da natureza. <\/p>\n<p>E se ainda est\u00e1s \u00e0 procura de uma raz\u00e3o para experimentar&#8230; imagina-te com um caf\u00e9 quente de frente para os Alpes. A\u00ed tens \ud83d\ude09[\/vc_column_text][\/vc_column][\/vc_row]<\/p>\n<\/div>","protected":false},"excerpt":{"rendered":"<p>[vc_row][vc_column width=&#8221;1\/1&#8243;][vc_row_inner][vc_column_inner column_width_percent=&#8221;100&#8243; gutter_size=&#8221;0&#8243; overlay_alpha=&#8221;50&#8243; shift_x=&#8221;0&#8243; shift_y=&#8221;0&#8243; shift_y_down=&#8221;0&#8243; z_index=&#8221;0&#8243; medium_width=&#8221;0&#8243; mobile_width=&#8221;0&#8243; width=&#8221;1\/1&#8243;][vc_column_text uncode_shortcode_id=&#8221;110782&#8243;]Uma boa not\u00edcia para o turismo su\u00ed\u00e7o: o [&hellip;]<\/p>\n","protected":false},"author":3,"featured_media":133137,"comment_status":"closed","ping_status":"open","sticky":false,"template":"","format":"standard","meta":{"footnotes":""},"categories":[905,929],"tags":[135,10,22,34],"class_list":["post-133144","post","type-post","status-publish","format-standard","has-post-thumbnail","hentry","category-individuos","category-profissionais","tag-tourisme","tag-styqr","tag-hotel","tag-livret-daccueil"],"yoast_head":"<!-- This site is optimized with the Yoast SEO Premium plugin v27.4 (Yoast SEO v27.4) - https:\/\/yoast.com\/product\/yoast-seo-premium-wordpress\/ -->\n<title>O sector da hotelaria na Su\u00ed\u00e7a est\u00e1 em plena expans\u00e3o<\/title>\n<meta name=\"description\" content=\"O sector da para-hotelaria su\u00ed\u00e7a regista um forte aumento das dormidas. Analisa os n\u00fameros, as tend\u00eancias e o impacto no turismo local.\" \/>\n<meta name=\"robots\" content=\"index, follow, max-snippet:-1, max-image-preview:large, max-video-preview:-1\" \/>\n<link rel=\"canonical\" href=\"https:\/\/styqr.fr\/pt-pt\/2026\/04\/06\/o-sector-da-hotelaria-na-suica-esta-em-plena-expansao\/\" \/>\n<meta property=\"og:locale\" content=\"pt_PT\" \/>\n<meta property=\"og:type\" content=\"article\" \/>\n<meta property=\"og:title\" content=\"StyQR | Le livret d&#039;accueil digital\" \/>\n<meta property=\"og:description\" content=\"O sector da para-hotelaria su\u00ed\u00e7a regista um forte aumento das dormidas. Analisa os n\u00fameros, as tend\u00eancias e o impacto no turismo local.\" \/>\n<meta property=\"og:url\" content=\"https:\/\/styqr.fr\/pt-pt\/2026\/04\/06\/o-sector-da-hotelaria-na-suica-esta-em-plena-expansao\/\" \/>\n<meta property=\"og:site_name\" content=\"StyQR\" \/>\n<meta property=\"article:publisher\" content=\"https:\/\/fr-fr.facebook.com\/styqr\/\" \/>\n<meta property=\"article:published_time\" content=\"2026-04-06T14:19:28+00:00\" \/>\n<meta property=\"article:modified_time\" content=\"2026-04-06T14:19:54+00:00\" \/>\n<meta property=\"og:image\" content=\"https:\/\/styqr.fr\/wp-content\/uploads\/2026\/04\/lauterbrunnen-switzerland-viewed-from-wengen-2026-03-27-02-13-29-utc1-scaled.jpg\" \/>\n\t<meta property=\"og:image:width\" content=\"2560\" \/>\n\t<meta property=\"og:image:height\" content=\"1707\" \/>\n\t<meta property=\"og:image:type\" content=\"image\/jpeg\" \/>\n<meta name=\"author\" content=\"Marine\" \/>\n<meta name=\"twitter:card\" content=\"summary_large_image\" \/>\n<meta name=\"twitter:creator\" content=\"@julien-styqr-admin\" \/>\n<script type=\"application\/ld+json\" class=\"yoast-schema-graph\">{\"@context\":\"https:\\\/\\\/schema.org\",\"@graph\":[{\"@type\":\"Article\",\"@id\":\"https:\\\/\\\/styqr.fr\\\/pt-pt\\\/2026\\\/04\\\/06\\\/o-sector-da-hotelaria-na-suica-esta-em-plena-expansao\\\/#article\",\"isPartOf\":{\"@id\":\"https:\\\/\\\/styqr.fr\\\/pt-pt\\\/2026\\\/04\\\/06\\\/o-sector-da-hotelaria-na-suica-esta-em-plena-expansao\\\/\"},\"author\":{\"name\":\"Marine\",\"@id\":\"https:\\\/\\\/styqr.fr\\\/pt-pt\\\/#\\\/schema\\\/person\\\/9961aca9b86c9501bc1a72282df89aac\"},\"headline\":\"O sector da hotelaria na Su\u00ed\u00e7a est\u00e1 em plena expans\u00e3o\",\"datePublished\":\"2026-04-06T14:19:28+00:00\",\"dateModified\":\"2026-04-06T14:19:54+00:00\",\"mainEntityOfPage\":{\"@id\":\"https:\\\/\\\/styqr.fr\\\/pt-pt\\\/2026\\\/04\\\/06\\\/o-sector-da-hotelaria-na-suica-esta-em-plena-expansao\\\/\"},\"wordCount\":1189,\"publisher\":{\"@id\":\"https:\\\/\\\/styqr.fr\\\/pt-pt\\\/#organization\"},\"image\":{\"@id\":\"https:\\\/\\\/styqr.fr\\\/pt-pt\\\/2026\\\/04\\\/06\\\/o-sector-da-hotelaria-na-suica-esta-em-plena-expansao\\\/#primaryimage\"},\"thumbnailUrl\":\"https:\\\/\\\/styqr.fr\\\/wp-content\\\/uploads\\\/2026\\\/04\\\/lauterbrunnen-switzerland-viewed-from-wengen-2026-03-27-02-13-29-utc1-scaled.jpg\",\"keywords\":[\"tourisme\",\"styqr\",\"hotel\",\"livret d'accueil\"],\"articleSection\":[\"Indiv\u00edduos\",\"Profissionais\"],\"inLanguage\":\"pt-PT\"},{\"@type\":\"WebPage\",\"@id\":\"https:\\\/\\\/styqr.fr\\\/pt-pt\\\/2026\\\/04\\\/06\\\/o-sector-da-hotelaria-na-suica-esta-em-plena-expansao\\\/\",\"url\":\"https:\\\/\\\/styqr.fr\\\/pt-pt\\\/2026\\\/04\\\/06\\\/o-sector-da-hotelaria-na-suica-esta-em-plena-expansao\\\/\",\"name\":\"O sector da hotelaria na Su\u00ed\u00e7a est\u00e1 em plena expans\u00e3o\",\"isPartOf\":{\"@id\":\"https:\\\/\\\/styqr.fr\\\/pt-pt\\\/#website\"},\"primaryImageOfPage\":{\"@id\":\"https:\\\/\\\/styqr.fr\\\/pt-pt\\\/2026\\\/04\\\/06\\\/o-sector-da-hotelaria-na-suica-esta-em-plena-expansao\\\/#primaryimage\"},\"image\":{\"@id\":\"https:\\\/\\\/styqr.fr\\\/pt-pt\\\/2026\\\/04\\\/06\\\/o-sector-da-hotelaria-na-suica-esta-em-plena-expansao\\\/#primaryimage\"},\"thumbnailUrl\":\"https:\\\/\\\/styqr.fr\\\/wp-content\\\/uploads\\\/2026\\\/04\\\/lauterbrunnen-switzerland-viewed-from-wengen-2026-03-27-02-13-29-utc1-scaled.jpg\",\"datePublished\":\"2026-04-06T14:19:28+00:00\",\"dateModified\":\"2026-04-06T14:19:54+00:00\",\"description\":\"O sector da para-hotelaria su\u00ed\u00e7a regista um forte aumento das dormidas. Analisa os n\u00fameros, as tend\u00eancias e o impacto no turismo local.\",\"breadcrumb\":{\"@id\":\"https:\\\/\\\/styqr.fr\\\/pt-pt\\\/2026\\\/04\\\/06\\\/o-sector-da-hotelaria-na-suica-esta-em-plena-expansao\\\/#breadcrumb\"},\"inLanguage\":\"pt-PT\",\"potentialAction\":[{\"@type\":\"ReadAction\",\"target\":[\"https:\\\/\\\/styqr.fr\\\/pt-pt\\\/2026\\\/04\\\/06\\\/o-sector-da-hotelaria-na-suica-esta-em-plena-expansao\\\/\"]}]},{\"@type\":\"ImageObject\",\"inLanguage\":\"pt-PT\",\"@id\":\"https:\\\/\\\/styqr.fr\\\/pt-pt\\\/2026\\\/04\\\/06\\\/o-sector-da-hotelaria-na-suica-esta-em-plena-expansao\\\/#primaryimage\",\"url\":\"https:\\\/\\\/styqr.fr\\\/wp-content\\\/uploads\\\/2026\\\/04\\\/lauterbrunnen-switzerland-viewed-from-wengen-2026-03-27-02-13-29-utc1-scaled.jpg\",\"contentUrl\":\"https:\\\/\\\/styqr.fr\\\/wp-content\\\/uploads\\\/2026\\\/04\\\/lauterbrunnen-switzerland-viewed-from-wengen-2026-03-27-02-13-29-utc1-scaled.jpg\",\"width\":2560,\"height\":1707,\"caption\":\"Paysage de la vall\u00e9e de Lauterbrunnen en Suisse avec montagnes alpines, chalets en bois et for\u00eat en automne\"},{\"@type\":\"BreadcrumbList\",\"@id\":\"https:\\\/\\\/styqr.fr\\\/pt-pt\\\/2026\\\/04\\\/06\\\/o-sector-da-hotelaria-na-suica-esta-em-plena-expansao\\\/#breadcrumb\",\"itemListElement\":[{\"@type\":\"ListItem\",\"position\":1,\"name\":\"Casa\",\"item\":\"https:\\\/\\\/styqr.fr\\\/pt-pt\\\/\"},{\"@type\":\"ListItem\",\"position\":2,\"name\":\"Profissionais\",\"item\":\"https:\\\/\\\/styqr.fr\\\/pt-pt\\\/nos-categories\\\/profissionais\\\/\"},{\"@type\":\"ListItem\",\"position\":3,\"name\":\"O sector da hotelaria na Su\u00ed\u00e7a est\u00e1 em plena expans\u00e3o\"}]},{\"@type\":\"WebSite\",\"@id\":\"https:\\\/\\\/styqr.fr\\\/pt-pt\\\/#website\",\"url\":\"https:\\\/\\\/styqr.fr\\\/pt-pt\\\/\",\"name\":\"StyQR\",\"description\":\"Cr\u00e9ez votre livret d&#039;accueil digital personnalis\u00e9 pour vos voyageurs\",\"publisher\":{\"@id\":\"https:\\\/\\\/styqr.fr\\\/pt-pt\\\/#organization\"},\"potentialAction\":[{\"@type\":\"SearchAction\",\"target\":{\"@type\":\"EntryPoint\",\"urlTemplate\":\"https:\\\/\\\/styqr.fr\\\/pt-pt\\\/?s={search_term_string}\"},\"query-input\":{\"@type\":\"PropertyValueSpecification\",\"valueRequired\":true,\"valueName\":\"search_term_string\"}}],\"inLanguage\":\"pt-PT\"},{\"@type\":\"Organization\",\"@id\":\"https:\\\/\\\/styqr.fr\\\/pt-pt\\\/#organization\",\"name\":\"StyQR\",\"url\":\"https:\\\/\\\/styqr.fr\\\/pt-pt\\\/\",\"logo\":{\"@type\":\"ImageObject\",\"inLanguage\":\"pt-PT\",\"@id\":\"https:\\\/\\\/styqr.fr\\\/pt-pt\\\/#\\\/schema\\\/logo\\\/image\\\/\",\"url\":\"https:\\\/\\\/styqr.fr\\\/wp-content\\\/uploads\\\/2020\\\/11\\\/Fichier-5.png\",\"contentUrl\":\"https:\\\/\\\/styqr.fr\\\/wp-content\\\/uploads\\\/2020\\\/11\\\/Fichier-5.png\",\"width\":388,\"height\":194,\"caption\":\"StyQR\"},\"image\":{\"@id\":\"https:\\\/\\\/styqr.fr\\\/pt-pt\\\/#\\\/schema\\\/logo\\\/image\\\/\"},\"sameAs\":[\"https:\\\/\\\/fr-fr.facebook.com\\\/styqr\\\/\",\"https:\\\/\\\/www.instagram.com\\\/styqr_fr\\\/\",\"https:\\\/\\\/fr.linkedin.com\\\/company\\\/styqr\"],\"description\":\"StyQR, le livret d'accueil digital\",\"email\":\"contact@styqr.fr\",\"legalName\":\"SAS StyQR\",\"foundingDate\":\"2019-05-27\",\"vatID\":\"FR55824532865\",\"taxID\":\"82453286500014\",\"numberOfEmployees\":{\"@type\":\"QuantitativeValue\",\"minValue\":\"1\",\"maxValue\":\"10\"}},{\"@type\":\"Person\",\"@id\":\"https:\\\/\\\/styqr.fr\\\/pt-pt\\\/#\\\/schema\\\/person\\\/9961aca9b86c9501bc1a72282df89aac\",\"name\":\"Marine\",\"image\":{\"@type\":\"ImageObject\",\"inLanguage\":\"pt-PT\",\"@id\":\"https:\\\/\\\/secure.gravatar.com\\\/avatar\\\/647b7182996833269bfb418442442520d7a3cf1ce76c2bbb26b93d7fbb28bb58?s=96&d=mm&r=g\",\"url\":\"https:\\\/\\\/secure.gravatar.com\\\/avatar\\\/647b7182996833269bfb418442442520d7a3cf1ce76c2bbb26b93d7fbb28bb58?s=96&d=mm&r=g\",\"contentUrl\":\"https:\\\/\\\/secure.gravatar.com\\\/avatar\\\/647b7182996833269bfb418442442520d7a3cf1ce76c2bbb26b93d7fbb28bb58?s=96&d=mm&r=g\",\"caption\":\"Marine\"},\"sameAs\":[\"https:\\\/\\\/x.com\\\/julien-styqr-admin\"]}]}<\/script>\n<!-- \/ Yoast SEO Premium plugin. -->","yoast_head_json":{"title":"O sector da hotelaria na Su\u00ed\u00e7a est\u00e1 em plena expans\u00e3o","description":"O sector da para-hotelaria su\u00ed\u00e7a regista um forte aumento das dormidas. Analisa os n\u00fameros, as tend\u00eancias e o impacto no turismo local.","robots":{"index":"index","follow":"follow","max-snippet":"max-snippet:-1","max-image-preview":"max-image-preview:large","max-video-preview":"max-video-preview:-1"},"canonical":"https:\/\/styqr.fr\/pt-pt\/2026\/04\/06\/o-sector-da-hotelaria-na-suica-esta-em-plena-expansao\/","og_locale":"pt_PT","og_type":"article","og_title":"StyQR | Le livret d'accueil digital","og_description":"O sector da para-hotelaria su\u00ed\u00e7a regista um forte aumento das dormidas. Analisa os n\u00fameros, as tend\u00eancias e o impacto no turismo local.","og_url":"https:\/\/styqr.fr\/pt-pt\/2026\/04\/06\/o-sector-da-hotelaria-na-suica-esta-em-plena-expansao\/","og_site_name":"StyQR","article_publisher":"https:\/\/fr-fr.facebook.com\/styqr\/","article_published_time":"2026-04-06T14:19:28+00:00","article_modified_time":"2026-04-06T14:19:54+00:00","og_image":[{"width":2560,"height":1707,"url":"https:\/\/styqr.fr\/wp-content\/uploads\/2026\/04\/lauterbrunnen-switzerland-viewed-from-wengen-2026-03-27-02-13-29-utc1-scaled.jpg","type":"image\/jpeg"}],"author":"Marine","twitter_card":"summary_large_image","twitter_creator":"@julien-styqr-admin","schema":{"@context":"https:\/\/schema.org","@graph":[{"@type":"Article","@id":"https:\/\/styqr.fr\/pt-pt\/2026\/04\/06\/o-sector-da-hotelaria-na-suica-esta-em-plena-expansao\/#article","isPartOf":{"@id":"https:\/\/styqr.fr\/pt-pt\/2026\/04\/06\/o-sector-da-hotelaria-na-suica-esta-em-plena-expansao\/"},"author":{"name":"Marine","@id":"https:\/\/styqr.fr\/pt-pt\/#\/schema\/person\/9961aca9b86c9501bc1a72282df89aac"},"headline":"O sector da hotelaria na Su\u00ed\u00e7a est\u00e1 em plena expans\u00e3o","datePublished":"2026-04-06T14:19:28+00:00","dateModified":"2026-04-06T14:19:54+00:00","mainEntityOfPage":{"@id":"https:\/\/styqr.fr\/pt-pt\/2026\/04\/06\/o-sector-da-hotelaria-na-suica-esta-em-plena-expansao\/"},"wordCount":1189,"publisher":{"@id":"https:\/\/styqr.fr\/pt-pt\/#organization"},"image":{"@id":"https:\/\/styqr.fr\/pt-pt\/2026\/04\/06\/o-sector-da-hotelaria-na-suica-esta-em-plena-expansao\/#primaryimage"},"thumbnailUrl":"https:\/\/styqr.fr\/wp-content\/uploads\/2026\/04\/lauterbrunnen-switzerland-viewed-from-wengen-2026-03-27-02-13-29-utc1-scaled.jpg","keywords":["tourisme","styqr","hotel","livret d'accueil"],"articleSection":["Indiv\u00edduos","Profissionais"],"inLanguage":"pt-PT"},{"@type":"WebPage","@id":"https:\/\/styqr.fr\/pt-pt\/2026\/04\/06\/o-sector-da-hotelaria-na-suica-esta-em-plena-expansao\/","url":"https:\/\/styqr.fr\/pt-pt\/2026\/04\/06\/o-sector-da-hotelaria-na-suica-esta-em-plena-expansao\/","name":"O sector da hotelaria na Su\u00ed\u00e7a est\u00e1 em plena expans\u00e3o","isPartOf":{"@id":"https:\/\/styqr.fr\/pt-pt\/#website"},"primaryImageOfPage":{"@id":"https:\/\/styqr.fr\/pt-pt\/2026\/04\/06\/o-sector-da-hotelaria-na-suica-esta-em-plena-expansao\/#primaryimage"},"image":{"@id":"https:\/\/styqr.fr\/pt-pt\/2026\/04\/06\/o-sector-da-hotelaria-na-suica-esta-em-plena-expansao\/#primaryimage"},"thumbnailUrl":"https:\/\/styqr.fr\/wp-content\/uploads\/2026\/04\/lauterbrunnen-switzerland-viewed-from-wengen-2026-03-27-02-13-29-utc1-scaled.jpg","datePublished":"2026-04-06T14:19:28+00:00","dateModified":"2026-04-06T14:19:54+00:00","description":"O sector da para-hotelaria su\u00ed\u00e7a regista um forte aumento das dormidas. Analisa os n\u00fameros, as tend\u00eancias e o impacto no turismo local.","breadcrumb":{"@id":"https:\/\/styqr.fr\/pt-pt\/2026\/04\/06\/o-sector-da-hotelaria-na-suica-esta-em-plena-expansao\/#breadcrumb"},"inLanguage":"pt-PT","potentialAction":[{"@type":"ReadAction","target":["https:\/\/styqr.fr\/pt-pt\/2026\/04\/06\/o-sector-da-hotelaria-na-suica-esta-em-plena-expansao\/"]}]},{"@type":"ImageObject","inLanguage":"pt-PT","@id":"https:\/\/styqr.fr\/pt-pt\/2026\/04\/06\/o-sector-da-hotelaria-na-suica-esta-em-plena-expansao\/#primaryimage","url":"https:\/\/styqr.fr\/wp-content\/uploads\/2026\/04\/lauterbrunnen-switzerland-viewed-from-wengen-2026-03-27-02-13-29-utc1-scaled.jpg","contentUrl":"https:\/\/styqr.fr\/wp-content\/uploads\/2026\/04\/lauterbrunnen-switzerland-viewed-from-wengen-2026-03-27-02-13-29-utc1-scaled.jpg","width":2560,"height":1707,"caption":"Paysage de la vall\u00e9e de Lauterbrunnen en Suisse avec montagnes alpines, chalets en bois et for\u00eat en automne"},{"@type":"BreadcrumbList","@id":"https:\/\/styqr.fr\/pt-pt\/2026\/04\/06\/o-sector-da-hotelaria-na-suica-esta-em-plena-expansao\/#breadcrumb","itemListElement":[{"@type":"ListItem","position":1,"name":"Casa","item":"https:\/\/styqr.fr\/pt-pt\/"},{"@type":"ListItem","position":2,"name":"Profissionais","item":"https:\/\/styqr.fr\/pt-pt\/nos-categories\/profissionais\/"},{"@type":"ListItem","position":3,"name":"O sector da hotelaria na Su\u00ed\u00e7a est\u00e1 em plena expans\u00e3o"}]},{"@type":"WebSite","@id":"https:\/\/styqr.fr\/pt-pt\/#website","url":"https:\/\/styqr.fr\/pt-pt\/","name":"StyQR","description":"Cr\u00e9ez votre livret d&#039;accueil digital personnalis\u00e9 pour vos voyageurs","publisher":{"@id":"https:\/\/styqr.fr\/pt-pt\/#organization"},"potentialAction":[{"@type":"SearchAction","target":{"@type":"EntryPoint","urlTemplate":"https:\/\/styqr.fr\/pt-pt\/?s={search_term_string}"},"query-input":{"@type":"PropertyValueSpecification","valueRequired":true,"valueName":"search_term_string"}}],"inLanguage":"pt-PT"},{"@type":"Organization","@id":"https:\/\/styqr.fr\/pt-pt\/#organization","name":"StyQR","url":"https:\/\/styqr.fr\/pt-pt\/","logo":{"@type":"ImageObject","inLanguage":"pt-PT","@id":"https:\/\/styqr.fr\/pt-pt\/#\/schema\/logo\/image\/","url":"https:\/\/styqr.fr\/wp-content\/uploads\/2020\/11\/Fichier-5.png","contentUrl":"https:\/\/styqr.fr\/wp-content\/uploads\/2020\/11\/Fichier-5.png","width":388,"height":194,"caption":"StyQR"},"image":{"@id":"https:\/\/styqr.fr\/pt-pt\/#\/schema\/logo\/image\/"},"sameAs":["https:\/\/fr-fr.facebook.com\/styqr\/","https:\/\/www.instagram.com\/styqr_fr\/","https:\/\/fr.linkedin.com\/company\/styqr"],"description":"StyQR, le livret d'accueil digital","email":"contact@styqr.fr","legalName":"SAS StyQR","foundingDate":"2019-05-27","vatID":"FR55824532865","taxID":"82453286500014","numberOfEmployees":{"@type":"QuantitativeValue","minValue":"1","maxValue":"10"}},{"@type":"Person","@id":"https:\/\/styqr.fr\/pt-pt\/#\/schema\/person\/9961aca9b86c9501bc1a72282df89aac","name":"Marine","image":{"@type":"ImageObject","inLanguage":"pt-PT","@id":"https:\/\/secure.gravatar.com\/avatar\/647b7182996833269bfb418442442520d7a3cf1ce76c2bbb26b93d7fbb28bb58?s=96&d=mm&r=g","url":"https:\/\/secure.gravatar.com\/avatar\/647b7182996833269bfb418442442520d7a3cf1ce76c2bbb26b93d7fbb28bb58?s=96&d=mm&r=g","contentUrl":"https:\/\/secure.gravatar.com\/avatar\/647b7182996833269bfb418442442520d7a3cf1ce76c2bbb26b93d7fbb28bb58?s=96&d=mm&r=g","caption":"Marine"},"sameAs":["https:\/\/x.com\/julien-styqr-admin"]}]}},"_links":{"self":[{"href":"https:\/\/styqr.fr\/pt-pt\/wp-json\/wp\/v2\/posts\/133144","targetHints":{"allow":["GET"]}}],"collection":[{"href":"https:\/\/styqr.fr\/pt-pt\/wp-json\/wp\/v2\/posts"}],"about":[{"href":"https:\/\/styqr.fr\/pt-pt\/wp-json\/wp\/v2\/types\/post"}],"author":[{"embeddable":true,"href":"https:\/\/styqr.fr\/pt-pt\/wp-json\/wp\/v2\/users\/3"}],"replies":[{"embeddable":true,"href":"https:\/\/styqr.fr\/pt-pt\/wp-json\/wp\/v2\/comments?post=133144"}],"version-history":[{"count":6,"href":"https:\/\/styqr.fr\/pt-pt\/wp-json\/wp\/v2\/posts\/133144\/revisions"}],"predecessor-version":[{"id":133161,"href":"https:\/\/styqr.fr\/pt-pt\/wp-json\/wp\/v2\/posts\/133144\/revisions\/133161"}],"wp:featuredmedia":[{"embeddable":true,"href":"https:\/\/styqr.fr\/pt-pt\/wp-json\/wp\/v2\/media\/133137"}],"wp:attachment":[{"href":"https:\/\/styqr.fr\/pt-pt\/wp-json\/wp\/v2\/media?parent=133144"}],"wp:term":[{"taxonomy":"category","embeddable":true,"href":"https:\/\/styqr.fr\/pt-pt\/wp-json\/wp\/v2\/categories?post=133144"},{"taxonomy":"post_tag","embeddable":true,"href":"https:\/\/styqr.fr\/pt-pt\/wp-json\/wp\/v2\/tags?post=133144"}],"curies":[{"name":"wp","href":"https:\/\/api.w.org\/{rel}","templated":true}]}}