{"id":126697,"date":"2025-08-26T09:29:05","date_gmt":"2025-08-26T07:29:05","guid":{"rendered":"https:\/\/styqr.fr\/2025\/08\/25\/novas-funcionalidades-abritel\/"},"modified":"2025-09-03T14:11:08","modified_gmt":"2025-09-03T12:11:08","slug":"novas-funcionalidades-abritel","status":"publish","type":"post","link":"https:\/\/styqr.fr\/pt-pt\/2025\/08\/26\/novas-funcionalidades-abritel\/","title":{"rendered":"Novas funcionalidades Abritel"},"content":{"rendered":"<div class=\"wpb-content-wrapper\"><p>[vc_row][vc_column width=&#8221;1\/1&#8243;][vc_column_text uncode_shortcode_id=&#8221;483252&#8243;]\u00c9s o tipo de pessoa que planeia as suas f\u00e9rias com quase tanto prazer como o que tira delas? Ent\u00e3o provavelmente conheces o <a href=\"http:\/\/abritel.fr\" target=\"_blank\" rel=\"noopener\"><b>Abritel<\/b><\/a>a famosa plataforma de aluguer de f\u00e9rias. Bem, prepara as malas: a Abritel lan\u00e7ou recentemente uma s\u00e9rie de <b>novas funcionalidades<\/b> que v\u00e3o transformar a forma como procuras, reservas e vives as tuas f\u00e9rias. Aqui tens um resumo completo do que <b>mudou<\/b>, desde a transpar\u00eancia e a praticidade at\u00e9 um toque de conforto digital.<\/p>\n<p>[\/vc_column_text][\/vc_column][\/vc_row][vc_row][vc_column width=&#8221;1\/1&#8243;][vc_row_inner][vc_column_inner column_width_percent=&#8221;100&#8243; gutter_size=&#8221;0&#8243; overlay_alpha=&#8221;50&#8243; shift_x=&#8221;0&#8243; shift_y=&#8221;0&#8243; shift_y_down=&#8221;0&#8243; z_index=&#8221;0&#8243; medium_width=&#8221;0&#8243; mobile_width=&#8221;0&#8243; width=&#8221;1\/1&#8243;][vc_custom_heading uncode_shortcode_id=&#8221;697210&#8243;]<\/p>\n<h2>Um motor de pesquisa mais inteligente<\/h2>\n<p>[\/vc_custom_heading][vc_empty_space empty_h=&#8221;2&#8243;][vc_column_text uncode_shortcode_id=&#8221;110288&#8243;]Encontrar a joia rara entre milhares de an\u00fancios pode rapidamente tornar-se uma ca\u00e7a ao tesouro. Abritel compreende isso e oferece agora um <b>motor de busca optimizado<\/b>.<\/p>\n<ul>\n<li aria-level=\"1\">Filtros mais espec\u00edficos (piscina privada, alojamento adaptado a pessoas com mobilidade reduzida, equipamento para beb\u00e9s, etc.).<\/li>\n<li aria-level=\"1\">Sugest\u00f5es personalizadas com base nos teus crit\u00e9rios e pesquisas anteriores.<\/li>\n<li aria-level=\"1\">Melhor promo\u00e7\u00e3o das casas que correspondem realmente \u00e0s tuas necessidades.<\/li>\n<\/ul>\n<p>Se procuras um chal\u00e9 de esqui acolhedor ou uma vivenda \u00e0 beira-mar com churrasco,<strong> Abritel<\/strong> encontra-o mais depressa do que nunca.<\/p>\n<p>[\/vc_column_text][\/vc_column_inner][\/vc_row_inner][\/vc_column][\/vc_row][vc_row][vc_column width=&#8221;1\/1&#8243;][vc_custom_heading uncode_shortcode_id=&#8221;603711&#8243;]<\/p>\n<h2>Uma publicidade mais clara e completa<\/h2>\n<p>[\/vc_custom_heading][vc_column_text uncode_shortcode_id=&#8221;146760&#8243;]Outra novidade \u00e9 a listagem de alojamentos completamente redesenhada. As fotografias est\u00e3o agora melhor classificadas, as descri\u00e7\u00f5es foram melhoradas e, acima de tudo, a <b>transpar\u00eancia foi melhorada<\/b>. Agora podes consultar mais facilmente :<\/p>\n<ul>\n<li aria-level=\"1\">Equipamento pormenorizado (wifi, m\u00e1quina de lavar roupa, ar condicionado, etc.).<\/li>\n<li aria-level=\"1\">Localiza\u00e7\u00e3o precisa (\u00fatil para saberes se &#8220;perto da praia&#8221; significa 200 metros ou 2 quil\u00f3metros).<\/li>\n<li aria-level=\"1\">Coment\u00e1rios verificados, destacados para te ajudar a comparar.<\/li>\n<\/ul>\n<p>Em suma, a Abritel quer que evites a famosa &#8220;surpresa&#8221; \u00e0 chegada&#8230; porque uma piscina mais pequena do que uma banheira insufl\u00e1vel pode estragar o ambiente.[\/vc_column_text][vc_custom_heading uncode_shortcode_id=&#8221;158357&#8243;]<\/p>\n<h2>Uma aplica\u00e7\u00e3o m\u00f3vel renovada<\/h2>\n<p>[\/vc_custom_heading][vc_column_text uncode_shortcode_id=&#8221;177712&#8243;]\u00c9s o tipo de pessoa que gosta de organizar tudo a partir do teu telem\u00f3vel? A<b>aplica\u00e7\u00e3o Abritel<\/b> foi redesenhada para te proporcionar uma experi\u00eancia muito mais agrad\u00e1vel.<\/p>\n<ul>\n<li aria-level=\"1\">Nova interface, simplificada e intuitiva.<\/li>\n<li aria-level=\"1\">Navega\u00e7\u00e3o mais r\u00e1pida para an\u00fancios.<\/li>\n<li aria-level=\"1\">Notifica\u00e7\u00f5es personalizadas para te manteres atualizado sem seres inundado por alertas desnecess\u00e1rios.<\/li>\n<\/ul>\n<p>Agora podes pesquisar, reservar e gerir as tuas f\u00e9rias diretamente a partir do teu smartphone, quer estejas no comboio, no escrit\u00f3rio ou j\u00e1 na esplanada a beber um caf\u00e9.[\/vc_column_text][vc_custom_heading uncode_shortcode_id=&#8221;166781&#8243;]<\/p>\n<h2>Mensagens instant\u00e2neas mais reactivas<\/h2>\n<p>[\/vc_custom_heading][vc_column_text uncode_shortcode_id=&#8221;534599&#8243;]Acabaram-se as longas esperas por uma resposta do propriet\u00e1rio! A Abritel est\u00e1 a promover um <b>sistema de mensagens melhorado<\/b> que permite trocas de mensagens quase instant\u00e2neas.<\/p>\n<p>Podes fazer todas as tuas perguntas pr\u00e1ticas:<\/p>\n<ul>\n<li aria-level=\"1\">Qual \u00e9 o tamanho real do sof\u00e1-cama?<\/li>\n<li aria-level=\"1\">Horas de chegada e de partida?<\/li>\n<li aria-level=\"1\">A possibilidade de trazeres o M\u00e9dor ou o F\u00e9lix?<\/li>\n<\/ul>\n<p>O resultado \u00e9 uma maior capacidade de resposta, uma maior tranquilidade e menos d\u00favidas quando se trata de clicar em &#8220;reservar&#8221;.[\/vc_column_text][vc_custom_heading uncode_shortcode_id=&#8221;135364&#8243;]<\/p>\n<h2>Mudan\u00e7as tamb\u00e9m para os propriet\u00e1rios de casas<\/h2>\n<p>[\/vc_custom_heading][vc_column_text uncode_shortcode_id=&#8221;735246&#8243;]N\u00e3o s\u00e3o apenas os viajantes que beneficiam das <b>novas funcionalidades da Abritel<\/b>: os propriet\u00e1rios de casas tamb\u00e9m podem tirar partido das melhorias.<\/p>\n<ul>\n<li aria-level=\"1\">Um painel de controlo modernizado e mais simples para gerir os teus an\u00fancios.<\/li>\n<li aria-level=\"1\">Ferramentas estat\u00edsticas para compreender o desempenho do aluguer.<\/li>\n<li aria-level=\"1\">Um sistema de mensagens unificado para centralizar todos os pedidos.<\/li>\n<\/ul>\n<p>Em suma, tudo foi concebido para lhes poupar tempo e permitir-lhes concentrarem-se no essencial: acolher os seus viajantes nas melhores condi\u00e7\u00f5es poss\u00edveis.[\/vc_column_text][vc_custom_heading uncode_shortcode_id=&#8221;152669&#8243;]<\/p>\n<h2>Servi\u00e7o ao cliente mais pr\u00f3ximo e mais eficiente<\/h2>\n<p>[\/vc_custom_heading][vc_column_text uncode_shortcode_id=&#8221;829498&#8243;]Porque mesmo com a melhor aplica\u00e7\u00e3o do mundo, um pequeno problema pode acontecer, a Abritel tamb\u00e9m refor\u00e7ou o seu <b>apoio ao cliente<\/b>. Chat em direto, um centro de ajuda melhorado e uma equipa mais reactiva para lidar com problemas de reserva: j\u00e1 n\u00e3o est\u00e1s sozinho em frente ao ecr\u00e3 se algo inesperado acontecer.<\/p>\n<p>[\/vc_column_text][vc_custom_heading uncode_shortcode_id=&#8221;154733&#8243;]<\/p>\n<h2>Abritel e o futuro das viagens conectadas<\/h2>\n<p>[\/vc_custom_heading][vc_column_text uncode_shortcode_id=&#8221;176969&#8243;]Estas novas funcionalidades fazem parte de uma tend\u00eancia mais ampla: tornar as reservas de f\u00e9rias mais simples, mais transparentes e mais adaptadas aos gostos individuais. A Abritel est\u00e1 claramente a centrar-se na experi\u00eancia do utilizador: menos stress, mais divers\u00e3o.<\/p>\n<p>\u00c9 seguro apostar que a plataforma vai continuar a evoluir, talvez com op\u00e7\u00f5es ainda mais personalizadas, sugest\u00f5es locais para as tuas actividades ou integra\u00e7\u00f5es com outros servi\u00e7os de viagens.[\/vc_column_text][vc_custom_heading uncode_shortcode_id=&#8221;204478&#8243;]<\/p>\n<h2>Conclus\u00e3o: o que est\u00e1 a mudar \u00e9 (quase) tudo!<\/h2>\n<p>[\/vc_custom_heading][vc_column_text uncode_shortcode_id=&#8221;415204&#8243;]Com as suas <b>novas funcionalidades<\/b>, a Abritel est\u00e1 a fazer mais do que apenas renovar a sua interface: a plataforma est\u00e1 a repensar fundamentalmente a forma como os viajantes e os propriet\u00e1rios interagem.<\/p>\n<ul>\n<li aria-level=\"1\">Pesquisa mais inteligente.<\/li>\n<li aria-level=\"1\">Publicidade melhorada e mais transparente.<\/li>\n<li aria-level=\"1\">Aplica\u00e7\u00e3o m\u00f3vel simplificada.<\/li>\n<li aria-level=\"1\">Mensagens instant\u00e2neas e melhor servi\u00e7o ao cliente.<\/li>\n<\/ul>\n<p>Em suma, reservar as tuas f\u00e9rias torna-se t\u00e3o agrad\u00e1vel como viv\u00ea-las (ou quase!). Ent\u00e3o, est\u00e1s pronto para experimentar as novidades da Abritel para a tua pr\u00f3xima escapadela?[\/vc_column_text][\/vc_column][\/vc_row]<\/p>\n<\/div>","protected":false},"excerpt":{"rendered":"<p>[vc_row][vc_column width=&#8221;1\/1&#8243;][vc_column_text uncode_shortcode_id=&#8221;483252&#8243;]\u00c9s o tipo de pessoa que planeia as suas f\u00e9rias com quase tanto prazer como o que tira [&hellip;]<\/p>\n","protected":false},"author":3,"featured_media":126691,"comment_status":"closed","ping_status":"open","sticky":false,"template":"","format":"standard","meta":{"footnotes":""},"categories":[905],"tags":[1929,2001,2313,2539,2540,2542,2543],"class_list":["post-126697","post","type-post","status-publish","format-standard","has-post-thumbnail","hentry","category-individuos","tag-styqr-pt-pt","tag-ferias","tag-abritel-pt-pt","tag-livret-daccueil-pt-pt","tag-reservations-pt-pt","tag-tourisme-pt-pt","tag-vacances-pt-pt"],"yoast_head":"<!-- This site is optimized with the Yoast SEO Premium plugin v27.4 (Yoast SEO v27.4) - https:\/\/yoast.com\/product\/yoast-seo-premium-wordpress\/ -->\n<title>Novidades Abritel: Pesquisa e aplica\u00e7\u00e3o otimizadas<\/title>\n<meta name=\"description\" content=\"Descobre as novas funcionalidades do Abritel: motor de busca optimizado, an\u00fancios melhorados, aplica\u00e7\u00e3o renovada e mensagens instant\u00e2neas\" \/>\n<meta name=\"robots\" content=\"index, follow, max-snippet:-1, max-image-preview:large, max-video-preview:-1\" \/>\n<link rel=\"canonical\" href=\"https:\/\/styqr.fr\/pt-pt\/2025\/08\/26\/novas-funcionalidades-abritel\/\" \/>\n<meta property=\"og:locale\" content=\"pt_PT\" \/>\n<meta property=\"og:type\" content=\"article\" \/>\n<meta property=\"og:title\" content=\"StyQR | Le livret d&#039;accueil digital\" \/>\n<meta property=\"og:description\" content=\"Descobre as novas funcionalidades do Abritel: motor de busca optimizado, an\u00fancios melhorados, aplica\u00e7\u00e3o renovada e mensagens instant\u00e2neas\" \/>\n<meta property=\"og:url\" content=\"https:\/\/styqr.fr\/pt-pt\/2025\/08\/26\/novas-funcionalidades-abritel\/\" \/>\n<meta property=\"og:site_name\" content=\"StyQR\" \/>\n<meta property=\"article:publisher\" content=\"https:\/\/fr-fr.facebook.com\/styqr\/\" \/>\n<meta property=\"article:published_time\" content=\"2025-08-26T07:29:05+00:00\" \/>\n<meta property=\"article:modified_time\" content=\"2025-09-03T12:11:08+00:00\" \/>\n<meta property=\"og:image\" content=\"https:\/\/styqr.fr\/wp-content\/uploads\/2025\/08\/abritel_001.jpg\" \/>\n\t<meta property=\"og:image:width\" content=\"900\" \/>\n\t<meta property=\"og:image:height\" content=\"900\" \/>\n\t<meta property=\"og:image:type\" content=\"image\/jpeg\" \/>\n<meta name=\"author\" content=\"Marine\" \/>\n<meta name=\"twitter:card\" content=\"summary_large_image\" \/>\n<meta name=\"twitter:creator\" content=\"@julien-styqr-admin\" \/>\n<script type=\"application\/ld+json\" class=\"yoast-schema-graph\">{\"@context\":\"https:\\\/\\\/schema.org\",\"@graph\":[{\"@type\":\"Article\",\"@id\":\"https:\\\/\\\/styqr.fr\\\/pt-pt\\\/2025\\\/08\\\/26\\\/novas-funcionalidades-abritel\\\/#article\",\"isPartOf\":{\"@id\":\"https:\\\/\\\/styqr.fr\\\/pt-pt\\\/2025\\\/08\\\/26\\\/novas-funcionalidades-abritel\\\/\"},\"author\":{\"name\":\"Marine\",\"@id\":\"https:\\\/\\\/styqr.fr\\\/pt-pt\\\/#\\\/schema\\\/person\\\/9961aca9b86c9501bc1a72282df89aac\"},\"headline\":\"Novas funcionalidades Abritel\",\"datePublished\":\"2025-08-26T07:29:05+00:00\",\"dateModified\":\"2025-09-03T12:11:08+00:00\",\"mainEntityOfPage\":{\"@id\":\"https:\\\/\\\/styqr.fr\\\/pt-pt\\\/2025\\\/08\\\/26\\\/novas-funcionalidades-abritel\\\/\"},\"wordCount\":1025,\"publisher\":{\"@id\":\"https:\\\/\\\/styqr.fr\\\/pt-pt\\\/#organization\"},\"image\":{\"@id\":\"https:\\\/\\\/styqr.fr\\\/pt-pt\\\/2025\\\/08\\\/26\\\/novas-funcionalidades-abritel\\\/#primaryimage\"},\"thumbnailUrl\":\"https:\\\/\\\/styqr.fr\\\/wp-content\\\/uploads\\\/2025\\\/08\\\/abritel_001.jpg\",\"keywords\":[\"styqr\",\"f\u00e9rias\",\"abritel\",\"livret d'accueil\",\"reservations\",\"tourisme\",\"vacances\"],\"articleSection\":[\"Indiv\u00edduos\"],\"inLanguage\":\"pt-PT\"},{\"@type\":\"WebPage\",\"@id\":\"https:\\\/\\\/styqr.fr\\\/pt-pt\\\/2025\\\/08\\\/26\\\/novas-funcionalidades-abritel\\\/\",\"url\":\"https:\\\/\\\/styqr.fr\\\/pt-pt\\\/2025\\\/08\\\/26\\\/novas-funcionalidades-abritel\\\/\",\"name\":\"Novidades Abritel: Pesquisa e aplica\u00e7\u00e3o otimizadas\",\"isPartOf\":{\"@id\":\"https:\\\/\\\/styqr.fr\\\/pt-pt\\\/#website\"},\"primaryImageOfPage\":{\"@id\":\"https:\\\/\\\/styqr.fr\\\/pt-pt\\\/2025\\\/08\\\/26\\\/novas-funcionalidades-abritel\\\/#primaryimage\"},\"image\":{\"@id\":\"https:\\\/\\\/styqr.fr\\\/pt-pt\\\/2025\\\/08\\\/26\\\/novas-funcionalidades-abritel\\\/#primaryimage\"},\"thumbnailUrl\":\"https:\\\/\\\/styqr.fr\\\/wp-content\\\/uploads\\\/2025\\\/08\\\/abritel_001.jpg\",\"datePublished\":\"2025-08-26T07:29:05+00:00\",\"dateModified\":\"2025-09-03T12:11:08+00:00\",\"description\":\"Descobre as novas funcionalidades do Abritel: motor de busca optimizado, an\u00fancios melhorados, aplica\u00e7\u00e3o renovada e mensagens instant\u00e2neas\",\"breadcrumb\":{\"@id\":\"https:\\\/\\\/styqr.fr\\\/pt-pt\\\/2025\\\/08\\\/26\\\/novas-funcionalidades-abritel\\\/#breadcrumb\"},\"inLanguage\":\"pt-PT\",\"potentialAction\":[{\"@type\":\"ReadAction\",\"target\":[\"https:\\\/\\\/styqr.fr\\\/pt-pt\\\/2025\\\/08\\\/26\\\/novas-funcionalidades-abritel\\\/\"]}]},{\"@type\":\"ImageObject\",\"inLanguage\":\"pt-PT\",\"@id\":\"https:\\\/\\\/styqr.fr\\\/pt-pt\\\/2025\\\/08\\\/26\\\/novas-funcionalidades-abritel\\\/#primaryimage\",\"url\":\"https:\\\/\\\/styqr.fr\\\/wp-content\\\/uploads\\\/2025\\\/08\\\/abritel_001.jpg\",\"contentUrl\":\"https:\\\/\\\/styqr.fr\\\/wp-content\\\/uploads\\\/2025\\\/08\\\/abritel_001.jpg\",\"width\":900,\"height\":900,\"caption\":\"Abritel\"},{\"@type\":\"BreadcrumbList\",\"@id\":\"https:\\\/\\\/styqr.fr\\\/pt-pt\\\/2025\\\/08\\\/26\\\/novas-funcionalidades-abritel\\\/#breadcrumb\",\"itemListElement\":[{\"@type\":\"ListItem\",\"position\":1,\"name\":\"Casa\",\"item\":\"https:\\\/\\\/styqr.fr\\\/pt-pt\\\/\"},{\"@type\":\"ListItem\",\"position\":2,\"name\":\"Indiv\u00edduos\",\"item\":\"https:\\\/\\\/styqr.fr\\\/pt-pt\\\/nos-categories\\\/individuos\\\/\"},{\"@type\":\"ListItem\",\"position\":3,\"name\":\"Novas funcionalidades Abritel\"}]},{\"@type\":\"WebSite\",\"@id\":\"https:\\\/\\\/styqr.fr\\\/pt-pt\\\/#website\",\"url\":\"https:\\\/\\\/styqr.fr\\\/pt-pt\\\/\",\"name\":\"StyQR\",\"description\":\"Cr\u00e9ez votre livret d&#039;accueil digital personnalis\u00e9 pour vos voyageurs\",\"publisher\":{\"@id\":\"https:\\\/\\\/styqr.fr\\\/pt-pt\\\/#organization\"},\"potentialAction\":[{\"@type\":\"SearchAction\",\"target\":{\"@type\":\"EntryPoint\",\"urlTemplate\":\"https:\\\/\\\/styqr.fr\\\/pt-pt\\\/?s={search_term_string}\"},\"query-input\":{\"@type\":\"PropertyValueSpecification\",\"valueRequired\":true,\"valueName\":\"search_term_string\"}}],\"inLanguage\":\"pt-PT\"},{\"@type\":\"Organization\",\"@id\":\"https:\\\/\\\/styqr.fr\\\/pt-pt\\\/#organization\",\"name\":\"StyQR\",\"url\":\"https:\\\/\\\/styqr.fr\\\/pt-pt\\\/\",\"logo\":{\"@type\":\"ImageObject\",\"inLanguage\":\"pt-PT\",\"@id\":\"https:\\\/\\\/styqr.fr\\\/pt-pt\\\/#\\\/schema\\\/logo\\\/image\\\/\",\"url\":\"https:\\\/\\\/styqr.fr\\\/wp-content\\\/uploads\\\/2020\\\/11\\\/Fichier-5.png\",\"contentUrl\":\"https:\\\/\\\/styqr.fr\\\/wp-content\\\/uploads\\\/2020\\\/11\\\/Fichier-5.png\",\"width\":388,\"height\":194,\"caption\":\"StyQR\"},\"image\":{\"@id\":\"https:\\\/\\\/styqr.fr\\\/pt-pt\\\/#\\\/schema\\\/logo\\\/image\\\/\"},\"sameAs\":[\"https:\\\/\\\/fr-fr.facebook.com\\\/styqr\\\/\",\"https:\\\/\\\/www.instagram.com\\\/styqr_fr\\\/\",\"https:\\\/\\\/fr.linkedin.com\\\/company\\\/styqr\"],\"description\":\"StyQR, le livret d'accueil digital\",\"email\":\"contact@styqr.fr\",\"legalName\":\"SAS StyQR\",\"foundingDate\":\"2019-05-27\",\"vatID\":\"FR55824532865\",\"taxID\":\"82453286500014\",\"numberOfEmployees\":{\"@type\":\"QuantitativeValue\",\"minValue\":\"1\",\"maxValue\":\"10\"}},{\"@type\":\"Person\",\"@id\":\"https:\\\/\\\/styqr.fr\\\/pt-pt\\\/#\\\/schema\\\/person\\\/9961aca9b86c9501bc1a72282df89aac\",\"name\":\"Marine\",\"image\":{\"@type\":\"ImageObject\",\"inLanguage\":\"pt-PT\",\"@id\":\"https:\\\/\\\/secure.gravatar.com\\\/avatar\\\/647b7182996833269bfb418442442520d7a3cf1ce76c2bbb26b93d7fbb28bb58?s=96&d=mm&r=g\",\"url\":\"https:\\\/\\\/secure.gravatar.com\\\/avatar\\\/647b7182996833269bfb418442442520d7a3cf1ce76c2bbb26b93d7fbb28bb58?s=96&d=mm&r=g\",\"contentUrl\":\"https:\\\/\\\/secure.gravatar.com\\\/avatar\\\/647b7182996833269bfb418442442520d7a3cf1ce76c2bbb26b93d7fbb28bb58?s=96&d=mm&r=g\",\"caption\":\"Marine\"},\"sameAs\":[\"https:\\\/\\\/x.com\\\/julien-styqr-admin\"]}]}<\/script>\n<!-- \/ Yoast SEO Premium plugin. -->","yoast_head_json":{"title":"Novidades Abritel: Pesquisa e aplica\u00e7\u00e3o otimizadas","description":"Descobre as novas funcionalidades do Abritel: motor de busca optimizado, an\u00fancios melhorados, aplica\u00e7\u00e3o renovada e mensagens instant\u00e2neas","robots":{"index":"index","follow":"follow","max-snippet":"max-snippet:-1","max-image-preview":"max-image-preview:large","max-video-preview":"max-video-preview:-1"},"canonical":"https:\/\/styqr.fr\/pt-pt\/2025\/08\/26\/novas-funcionalidades-abritel\/","og_locale":"pt_PT","og_type":"article","og_title":"StyQR | Le livret d'accueil digital","og_description":"Descobre as novas funcionalidades do Abritel: motor de busca optimizado, an\u00fancios melhorados, aplica\u00e7\u00e3o renovada e mensagens instant\u00e2neas","og_url":"https:\/\/styqr.fr\/pt-pt\/2025\/08\/26\/novas-funcionalidades-abritel\/","og_site_name":"StyQR","article_publisher":"https:\/\/fr-fr.facebook.com\/styqr\/","article_published_time":"2025-08-26T07:29:05+00:00","article_modified_time":"2025-09-03T12:11:08+00:00","og_image":[{"width":900,"height":900,"url":"https:\/\/styqr.fr\/wp-content\/uploads\/2025\/08\/abritel_001.jpg","type":"image\/jpeg"}],"author":"Marine","twitter_card":"summary_large_image","twitter_creator":"@julien-styqr-admin","schema":{"@context":"https:\/\/schema.org","@graph":[{"@type":"Article","@id":"https:\/\/styqr.fr\/pt-pt\/2025\/08\/26\/novas-funcionalidades-abritel\/#article","isPartOf":{"@id":"https:\/\/styqr.fr\/pt-pt\/2025\/08\/26\/novas-funcionalidades-abritel\/"},"author":{"name":"Marine","@id":"https:\/\/styqr.fr\/pt-pt\/#\/schema\/person\/9961aca9b86c9501bc1a72282df89aac"},"headline":"Novas funcionalidades Abritel","datePublished":"2025-08-26T07:29:05+00:00","dateModified":"2025-09-03T12:11:08+00:00","mainEntityOfPage":{"@id":"https:\/\/styqr.fr\/pt-pt\/2025\/08\/26\/novas-funcionalidades-abritel\/"},"wordCount":1025,"publisher":{"@id":"https:\/\/styqr.fr\/pt-pt\/#organization"},"image":{"@id":"https:\/\/styqr.fr\/pt-pt\/2025\/08\/26\/novas-funcionalidades-abritel\/#primaryimage"},"thumbnailUrl":"https:\/\/styqr.fr\/wp-content\/uploads\/2025\/08\/abritel_001.jpg","keywords":["styqr","f\u00e9rias","abritel","livret d'accueil","reservations","tourisme","vacances"],"articleSection":["Indiv\u00edduos"],"inLanguage":"pt-PT"},{"@type":"WebPage","@id":"https:\/\/styqr.fr\/pt-pt\/2025\/08\/26\/novas-funcionalidades-abritel\/","url":"https:\/\/styqr.fr\/pt-pt\/2025\/08\/26\/novas-funcionalidades-abritel\/","name":"Novidades Abritel: Pesquisa e aplica\u00e7\u00e3o otimizadas","isPartOf":{"@id":"https:\/\/styqr.fr\/pt-pt\/#website"},"primaryImageOfPage":{"@id":"https:\/\/styqr.fr\/pt-pt\/2025\/08\/26\/novas-funcionalidades-abritel\/#primaryimage"},"image":{"@id":"https:\/\/styqr.fr\/pt-pt\/2025\/08\/26\/novas-funcionalidades-abritel\/#primaryimage"},"thumbnailUrl":"https:\/\/styqr.fr\/wp-content\/uploads\/2025\/08\/abritel_001.jpg","datePublished":"2025-08-26T07:29:05+00:00","dateModified":"2025-09-03T12:11:08+00:00","description":"Descobre as novas funcionalidades do Abritel: motor de busca optimizado, an\u00fancios melhorados, aplica\u00e7\u00e3o renovada e mensagens instant\u00e2neas","breadcrumb":{"@id":"https:\/\/styqr.fr\/pt-pt\/2025\/08\/26\/novas-funcionalidades-abritel\/#breadcrumb"},"inLanguage":"pt-PT","potentialAction":[{"@type":"ReadAction","target":["https:\/\/styqr.fr\/pt-pt\/2025\/08\/26\/novas-funcionalidades-abritel\/"]}]},{"@type":"ImageObject","inLanguage":"pt-PT","@id":"https:\/\/styqr.fr\/pt-pt\/2025\/08\/26\/novas-funcionalidades-abritel\/#primaryimage","url":"https:\/\/styqr.fr\/wp-content\/uploads\/2025\/08\/abritel_001.jpg","contentUrl":"https:\/\/styqr.fr\/wp-content\/uploads\/2025\/08\/abritel_001.jpg","width":900,"height":900,"caption":"Abritel"},{"@type":"BreadcrumbList","@id":"https:\/\/styqr.fr\/pt-pt\/2025\/08\/26\/novas-funcionalidades-abritel\/#breadcrumb","itemListElement":[{"@type":"ListItem","position":1,"name":"Casa","item":"https:\/\/styqr.fr\/pt-pt\/"},{"@type":"ListItem","position":2,"name":"Indiv\u00edduos","item":"https:\/\/styqr.fr\/pt-pt\/nos-categories\/individuos\/"},{"@type":"ListItem","position":3,"name":"Novas funcionalidades Abritel"}]},{"@type":"WebSite","@id":"https:\/\/styqr.fr\/pt-pt\/#website","url":"https:\/\/styqr.fr\/pt-pt\/","name":"StyQR","description":"Cr\u00e9ez votre livret d&#039;accueil digital personnalis\u00e9 pour vos voyageurs","publisher":{"@id":"https:\/\/styqr.fr\/pt-pt\/#organization"},"potentialAction":[{"@type":"SearchAction","target":{"@type":"EntryPoint","urlTemplate":"https:\/\/styqr.fr\/pt-pt\/?s={search_term_string}"},"query-input":{"@type":"PropertyValueSpecification","valueRequired":true,"valueName":"search_term_string"}}],"inLanguage":"pt-PT"},{"@type":"Organization","@id":"https:\/\/styqr.fr\/pt-pt\/#organization","name":"StyQR","url":"https:\/\/styqr.fr\/pt-pt\/","logo":{"@type":"ImageObject","inLanguage":"pt-PT","@id":"https:\/\/styqr.fr\/pt-pt\/#\/schema\/logo\/image\/","url":"https:\/\/styqr.fr\/wp-content\/uploads\/2020\/11\/Fichier-5.png","contentUrl":"https:\/\/styqr.fr\/wp-content\/uploads\/2020\/11\/Fichier-5.png","width":388,"height":194,"caption":"StyQR"},"image":{"@id":"https:\/\/styqr.fr\/pt-pt\/#\/schema\/logo\/image\/"},"sameAs":["https:\/\/fr-fr.facebook.com\/styqr\/","https:\/\/www.instagram.com\/styqr_fr\/","https:\/\/fr.linkedin.com\/company\/styqr"],"description":"StyQR, le livret d'accueil digital","email":"contact@styqr.fr","legalName":"SAS StyQR","foundingDate":"2019-05-27","vatID":"FR55824532865","taxID":"82453286500014","numberOfEmployees":{"@type":"QuantitativeValue","minValue":"1","maxValue":"10"}},{"@type":"Person","@id":"https:\/\/styqr.fr\/pt-pt\/#\/schema\/person\/9961aca9b86c9501bc1a72282df89aac","name":"Marine","image":{"@type":"ImageObject","inLanguage":"pt-PT","@id":"https:\/\/secure.gravatar.com\/avatar\/647b7182996833269bfb418442442520d7a3cf1ce76c2bbb26b93d7fbb28bb58?s=96&d=mm&r=g","url":"https:\/\/secure.gravatar.com\/avatar\/647b7182996833269bfb418442442520d7a3cf1ce76c2bbb26b93d7fbb28bb58?s=96&d=mm&r=g","contentUrl":"https:\/\/secure.gravatar.com\/avatar\/647b7182996833269bfb418442442520d7a3cf1ce76c2bbb26b93d7fbb28bb58?s=96&d=mm&r=g","caption":"Marine"},"sameAs":["https:\/\/x.com\/julien-styqr-admin"]}]}},"_links":{"self":[{"href":"https:\/\/styqr.fr\/pt-pt\/wp-json\/wp\/v2\/posts\/126697","targetHints":{"allow":["GET"]}}],"collection":[{"href":"https:\/\/styqr.fr\/pt-pt\/wp-json\/wp\/v2\/posts"}],"about":[{"href":"https:\/\/styqr.fr\/pt-pt\/wp-json\/wp\/v2\/types\/post"}],"author":[{"embeddable":true,"href":"https:\/\/styqr.fr\/pt-pt\/wp-json\/wp\/v2\/users\/3"}],"replies":[{"embeddable":true,"href":"https:\/\/styqr.fr\/pt-pt\/wp-json\/wp\/v2\/comments?post=126697"}],"version-history":[{"count":0,"href":"https:\/\/styqr.fr\/pt-pt\/wp-json\/wp\/v2\/posts\/126697\/revisions"}],"wp:featuredmedia":[{"embeddable":true,"href":"https:\/\/styqr.fr\/pt-pt\/wp-json\/wp\/v2\/media\/126691"}],"wp:attachment":[{"href":"https:\/\/styqr.fr\/pt-pt\/wp-json\/wp\/v2\/media?parent=126697"}],"wp:term":[{"taxonomy":"category","embeddable":true,"href":"https:\/\/styqr.fr\/pt-pt\/wp-json\/wp\/v2\/categories?post=126697"},{"taxonomy":"post_tag","embeddable":true,"href":"https:\/\/styqr.fr\/pt-pt\/wp-json\/wp\/v2\/tags?post=126697"}],"curies":[{"name":"wp","href":"https:\/\/api.w.org\/{rel}","templated":true}]}}