{"id":125057,"date":"2025-07-08T09:35:53","date_gmt":"2025-07-08T07:35:53","guid":{"rendered":"https:\/\/styqr.fr\/2025\/07\/01\/%f0%9f%9b%91-novo-limite-de-90-dias-ano-para-os-alugueres-de-ferias\/"},"modified":"2025-08-12T09:13:03","modified_gmt":"2025-08-12T07:13:03","slug":"%f0%9f%9b%91-novo-limite-de-90-dias-ano-para-os-alugueres-de-ferias","status":"publish","type":"post","link":"https:\/\/styqr.fr\/pt-pt\/2025\/07\/08\/%f0%9f%9b%91-novo-limite-de-90-dias-ano-para-os-alugueres-de-ferias\/","title":{"rendered":"Novo limite de 90 dias\/ano para os alugueres de f\u00e9rias"},"content":{"rendered":"<div class=\"wpb-content-wrapper\"><p>[vc_row][vc_column width=&#8221;1\/1&#8243;][vc_column_text uncode_shortcode_id=&#8221;130730&#8243;]Fiquem tranquilos, propriet\u00e1rios e anfitri\u00f5es da Airbnb, os vossos chinelos ainda n\u00e3o est\u00e3o reformados! Mas a partir de 2025, o famoso limite de <b>120 dias<\/b> para alugar a tua resid\u00eancia principal para f\u00e9rias pode ser reduzido para apenas <b>90 dias por ano<\/b>. Eis uma an\u00e1lise mais detalhada do que isto significa para ti.[\/vc_column_text][\/vc_column][\/vc_row][vc_row][vc_column width=&#8221;1\/1&#8243;][vc_row_inner][vc_column_inner column_width_percent=&#8221;100&#8243; gutter_size=&#8221;0&#8243; overlay_alpha=&#8221;50&#8243; shift_x=&#8221;0&#8243; shift_y=&#8221;0&#8243; shift_y_down=&#8221;0&#8243; z_index=&#8221;0&#8243; medium_width=&#8221;0&#8243; mobile_width=&#8221;0&#8243; width=&#8221;1\/1&#8243;][vc_custom_heading uncode_shortcode_id=&#8221;663035&#8243;]<\/p>\n<h2>\ud83d\udccc Porqu\u00ea a reforma de 90 dias?<\/h2>\n<p>[\/vc_custom_heading][vc_empty_space empty_h=&#8221;2&#8243;][vc_column_text uncode_shortcode_id=&#8221;130596&#8243;]Decorrente da lei &#8220;Le Meur&#8221; (n.\u00ba 2024-1039 de 19 de novembro de 2024), esta medida destina-se a <b>proteger o parque de arrendamento destinado aos residentes<\/b> e a travar a expans\u00e3o dos arrendamentos de curta dura\u00e7\u00e3o, nomeadamente nas zonas de tens\u00e3o. Em termos pr\u00e1ticos, as autarquias locais situadas em zonas de tens\u00e3o (e, em certos casos, todas as autarquias locais at\u00e9 maio de 2026) podem decidir, por simples vota\u00e7\u00e3o do conselho local, reduzir o limite m\u00e1ximo de 120 para 90 dias.[\/vc_column_text][\/vc_column_inner][\/vc_row_inner][\/vc_column][\/vc_row][vc_row][vc_column width=&#8221;1\/1&#8243;][vc_custom_heading uncode_shortcode_id=&#8221;995709&#8243;]<\/p>\n<h2>\ud83c\udfe0 Quem \u00e9 afetado?<\/h2>\n<p>[\/vc_custom_heading][vc_column_text uncode_shortcode_id=&#8221;154655&#8243;]Trata-se principalmente de <b>resid\u00eancias prim\u00e1rias<\/b> (habitadas durante pelo menos 8 meses por ano). As resid\u00eancias secund\u00e1rias n\u00e3o s\u00e3o abrangidas por este limite m\u00e1ximo, mas aten\u00e7\u00e3o: est\u00e3o sujeitas a outras restri\u00e7\u00f5es de planeamento e de altera\u00e7\u00e3o de utiliza\u00e7\u00e3o.[\/vc_column_text][vc_custom_heading uncode_shortcode_id=&#8221;478363&#8243;]<\/p>\n<h2>\ud83d\udcdd O que tens de saber enquanto propriet\u00e1rio de uma resid\u00eancia principal<\/h2>\n<p>[\/vc_custom_heading][vc_column_text uncode_shortcode_id=&#8221;497235&#8243;]<b>Redu\u00e7\u00e3o do per\u00edodo m\u00e1ximo de aluguer<\/b>: a tua resid\u00eancia principal j\u00e1 n\u00e3o pode ser alugada por mais de 90 dias por ano, se a autarquia assim o exigir (caso contr\u00e1rio, 120 dias no m\u00e1ximo).<\/p>\n<p><b>Declara\u00e7\u00e3o obrigat\u00f3ria<\/b>: todos os alugueres devem ser registados junto da autarquia, com um n\u00famero que deve figurar nos teus an\u00fancios (Airbnb, Abritel&#8230;).<\/p>\n<p><b>Mudan\u00e7a de utiliza\u00e7\u00e3o<\/b>: ultrapassar o limite sem autoriza\u00e7\u00e3o municipal pode implicar uma mudan\u00e7a de utiliza\u00e7\u00e3o do alojamento complexa e potencialmente dispendiosa.<\/p>\n<p><b>Multas e controlos<\/b>: at\u00e9 15 000 euros se ultrapassares a quota, 10 000 euros se n\u00e3o declarares e 20 000 euros se fizeres uma declara\u00e7\u00e3o falsa.[\/vc_column_text][vc_custom_heading uncode_shortcode_id=&#8221;196318&#8243;]<\/p>\n<h2>\ud83e\udded O que \u00e9 que precisa de ser feito especificamente?<\/h2>\n<p>[\/vc_custom_heading][vc_column_text uncode_shortcode_id=&#8221;553786&#8243;]Aqui est\u00e3o algumas dicas para te ajudar a navegar neste novo ambiente com paz de esp\u00edrito:<\/p>\n<p>Informa-te <b>junto da tua autarquia local<\/b>: cada autarquia local pode ou n\u00e3o adotar o limite de 90 dias &#8211; informa-te antes de planeares as tuas reservas.<\/p>\n<p>Regista j\u00e1 <b>o teu aluguer<\/b> atrav\u00e9s do formul\u00e1rio Cerfa ou do servi\u00e7o municipal de telefone. Receber\u00e1s um n\u00famero para inserir nos teus an\u00fancios. <\/p>\n<p><b>Planeia bem<\/b>: antecipa o teu calend\u00e1rio para n\u00e3o ultrapassares os dias autorizados, sobretudo em \u00e9poca alta!<\/p>\n<p><b>Fica<\/b> de <b>olho no contador<\/b>: as plataformas devem desativar os teus an\u00fancios acima do limite se a autoridade local exigir um n\u00famero de registo.<\/p>\n<p>Explora <b>outros formatos<\/b>: considera um arrendamento de mobilidade (1 a 10 meses), um arrendamento partilhado ou um arrendamento durante todo o ano (arrendamento mobilado padr\u00e3o) para complementar o teu rendimento sem custos.[\/vc_column_text][vc_custom_heading uncode_shortcode_id=&#8221;180481&#8243;]<\/p>\n<h2>\ud83d\ude05 Algumas anedotas a ter em conta<\/h2>\n<p>[\/vc_custom_heading][vc_column_text uncode_shortcode_id=&#8221;666956&#8243;]Portanto, sim, 90 dias \u00e9 um pouco como um frasco de Nutella: gostarias de desfrutar mais, mas tens de te limitar \ud83d\ude09. E se alugares uma pequena parte do teu alojamento (como um quarto), o contador s\u00f3 come\u00e7a a funcionar se o anfitri\u00e3o estiver ausente.[\/vc_column_text][vc_custom_heading uncode_shortcode_id=&#8221;127333&#8243;]<\/p>\n<h2>\u2705 Em suma<\/h2>\n<p>[\/vc_custom_heading][vc_column_text uncode_shortcode_id=&#8221;767975&#8243;]O <a href=\"https:\/\/www.service-public.fr\/particuliers\/actualites\/A17883\">novo limite de 90 dias\/ano<\/a> para os alugueres de f\u00e9rias \u00e9 uma mudan\u00e7a importante para os propriet\u00e1rios de resid\u00eancias principais. \u00c9 confort\u00e1vel para ti? Depende: se costumavas alugar durante todo o ver\u00e3o, \u00e9 altura de rever o teu calend\u00e1rio ou explorar outras op\u00e7\u00f5es. Mas com um pouco de organiza\u00e7\u00e3o, conseguir\u00e1s manter-te no caminho certo&#8230; e evitar multas e palavr\u00f5es. Ent\u00e3o, est\u00e1s pronto para conciliar f\u00e9rias, regulamentos e rentabilidade? \ud83d\ude09[\/vc_column_text][\/vc_column][\/vc_row]<\/p>\n<\/div>","protected":false},"excerpt":{"rendered":"<p>[vc_row][vc_column width=&#8221;1\/1&#8243;][vc_column_text uncode_shortcode_id=&#8221;130730&#8243;]Fiquem tranquilos, propriet\u00e1rios e anfitri\u00f5es da Airbnb, os vossos chinelos ainda n\u00e3o est\u00e3o reformados! Mas a partir de [&hellip;]<\/p>\n","protected":false},"author":3,"featured_media":125051,"comment_status":"closed","ping_status":"open","sticky":false,"template":"","format":"standard","meta":{"footnotes":""},"categories":[905],"tags":[1929,1931,2025],"class_list":["post-125057","post","type-post","status-publish","format-standard","has-post-thumbnail","hentry","category-individuos","tag-styqr-pt-pt","tag-aluguer","tag-aluguer-sazonal"],"yoast_head":"<!-- This site is optimized with the Yoast SEO Premium plugin v27.4 (Yoast SEO v27.4) - https:\/\/yoast.com\/product\/yoast-seo-premium-wordpress\/ -->\n<title>Novo Limite de 90 Dias para Alugueres de F\u00e9rias: O Que Precisas Saber<\/title>\n<meta name=\"description\" content=\"Descobre tudo sobre o novo limite de 90 dias por ano para alugueres de f\u00e9rias. Simplificamos a legisla\u00e7\u00e3o para que estejas sempre atualizado!\" \/>\n<meta name=\"robots\" content=\"index, follow, max-snippet:-1, max-image-preview:large, max-video-preview:-1\" \/>\n<link rel=\"canonical\" href=\"https:\/\/styqr.fr\/pt-pt\/2025\/07\/08\/%f0%9f%9b%91-novo-limite-de-90-dias-ano-para-os-alugueres-de-ferias\/\" \/>\n<meta property=\"og:locale\" content=\"pt_PT\" \/>\n<meta property=\"og:type\" content=\"article\" \/>\n<meta property=\"og:title\" content=\"StyQR | Le livret d&#039;accueil digital\" \/>\n<meta property=\"og:description\" content=\"Descobre tudo sobre o novo limite de 90 dias por ano para alugueres de f\u00e9rias. Simplificamos a legisla\u00e7\u00e3o para que estejas sempre atualizado!\" \/>\n<meta property=\"og:url\" content=\"https:\/\/styqr.fr\/pt-pt\/2025\/07\/08\/%f0%9f%9b%91-novo-limite-de-90-dias-ano-para-os-alugueres-de-ferias\/\" \/>\n<meta property=\"og:site_name\" content=\"StyQR\" \/>\n<meta property=\"article:publisher\" content=\"https:\/\/fr-fr.facebook.com\/styqr\/\" \/>\n<meta property=\"article:published_time\" content=\"2025-07-08T07:35:53+00:00\" \/>\n<meta property=\"article:modified_time\" content=\"2025-08-12T07:13:03+00:00\" \/>\n<meta property=\"og:image\" content=\"https:\/\/styqr.fr\/wp-content\/uploads\/2025\/06\/warning-exclamation-mark-on-a-wooden-block-2025-01-07-09-54-50-utc-min-scaled.jpg\" \/>\n\t<meta property=\"og:image:width\" content=\"2560\" \/>\n\t<meta property=\"og:image:height\" content=\"1714\" \/>\n\t<meta property=\"og:image:type\" content=\"image\/jpeg\" \/>\n<meta name=\"author\" content=\"Marine\" \/>\n<meta name=\"twitter:card\" content=\"summary_large_image\" \/>\n<meta name=\"twitter:creator\" content=\"@julien-styqr-admin\" \/>\n<script type=\"application\/ld+json\" class=\"yoast-schema-graph\">{\"@context\":\"https:\\\/\\\/schema.org\",\"@graph\":[{\"@type\":\"Article\",\"@id\":\"https:\\\/\\\/styqr.fr\\\/pt-pt\\\/2025\\\/07\\\/08\\\/%f0%9f%9b%91-novo-limite-de-90-dias-ano-para-os-alugueres-de-ferias\\\/#article\",\"isPartOf\":{\"@id\":\"https:\\\/\\\/styqr.fr\\\/pt-pt\\\/2025\\\/07\\\/08\\\/%f0%9f%9b%91-novo-limite-de-90-dias-ano-para-os-alugueres-de-ferias\\\/\"},\"author\":{\"name\":\"Marine\",\"@id\":\"https:\\\/\\\/styqr.fr\\\/pt-pt\\\/#\\\/schema\\\/person\\\/9961aca9b86c9501bc1a72282df89aac\"},\"headline\":\"Novo limite de 90 dias\\\/ano para os alugueres de f\u00e9rias\",\"datePublished\":\"2025-07-08T07:35:53+00:00\",\"dateModified\":\"2025-08-12T07:13:03+00:00\",\"mainEntityOfPage\":{\"@id\":\"https:\\\/\\\/styqr.fr\\\/pt-pt\\\/2025\\\/07\\\/08\\\/%f0%9f%9b%91-novo-limite-de-90-dias-ano-para-os-alugueres-de-ferias\\\/\"},\"wordCount\":801,\"publisher\":{\"@id\":\"https:\\\/\\\/styqr.fr\\\/pt-pt\\\/#organization\"},\"image\":{\"@id\":\"https:\\\/\\\/styqr.fr\\\/pt-pt\\\/2025\\\/07\\\/08\\\/%f0%9f%9b%91-novo-limite-de-90-dias-ano-para-os-alugueres-de-ferias\\\/#primaryimage\"},\"thumbnailUrl\":\"https:\\\/\\\/styqr.fr\\\/wp-content\\\/uploads\\\/2025\\\/06\\\/warning-exclamation-mark-on-a-wooden-block-2025-01-07-09-54-50-utc-min-scaled.jpg\",\"keywords\":[\"styqr\",\"aluguer\",\"aluguer sazonal\"],\"articleSection\":[\"Indiv\u00edduos\"],\"inLanguage\":\"pt-PT\"},{\"@type\":\"WebPage\",\"@id\":\"https:\\\/\\\/styqr.fr\\\/pt-pt\\\/2025\\\/07\\\/08\\\/%f0%9f%9b%91-novo-limite-de-90-dias-ano-para-os-alugueres-de-ferias\\\/\",\"url\":\"https:\\\/\\\/styqr.fr\\\/pt-pt\\\/2025\\\/07\\\/08\\\/%f0%9f%9b%91-novo-limite-de-90-dias-ano-para-os-alugueres-de-ferias\\\/\",\"name\":\"Novo Limite de 90 Dias para Alugueres de F\u00e9rias: O Que Precisas Saber\",\"isPartOf\":{\"@id\":\"https:\\\/\\\/styqr.fr\\\/pt-pt\\\/#website\"},\"primaryImageOfPage\":{\"@id\":\"https:\\\/\\\/styqr.fr\\\/pt-pt\\\/2025\\\/07\\\/08\\\/%f0%9f%9b%91-novo-limite-de-90-dias-ano-para-os-alugueres-de-ferias\\\/#primaryimage\"},\"image\":{\"@id\":\"https:\\\/\\\/styqr.fr\\\/pt-pt\\\/2025\\\/07\\\/08\\\/%f0%9f%9b%91-novo-limite-de-90-dias-ano-para-os-alugueres-de-ferias\\\/#primaryimage\"},\"thumbnailUrl\":\"https:\\\/\\\/styqr.fr\\\/wp-content\\\/uploads\\\/2025\\\/06\\\/warning-exclamation-mark-on-a-wooden-block-2025-01-07-09-54-50-utc-min-scaled.jpg\",\"datePublished\":\"2025-07-08T07:35:53+00:00\",\"dateModified\":\"2025-08-12T07:13:03+00:00\",\"description\":\"Descobre tudo sobre o novo limite de 90 dias por ano para alugueres de f\u00e9rias. Simplificamos a legisla\u00e7\u00e3o para que estejas sempre atualizado!\",\"breadcrumb\":{\"@id\":\"https:\\\/\\\/styqr.fr\\\/pt-pt\\\/2025\\\/07\\\/08\\\/%f0%9f%9b%91-novo-limite-de-90-dias-ano-para-os-alugueres-de-ferias\\\/#breadcrumb\"},\"inLanguage\":\"pt-PT\",\"potentialAction\":[{\"@type\":\"ReadAction\",\"target\":[\"https:\\\/\\\/styqr.fr\\\/pt-pt\\\/2025\\\/07\\\/08\\\/%f0%9f%9b%91-novo-limite-de-90-dias-ano-para-os-alugueres-de-ferias\\\/\"]}]},{\"@type\":\"ImageObject\",\"inLanguage\":\"pt-PT\",\"@id\":\"https:\\\/\\\/styqr.fr\\\/pt-pt\\\/2025\\\/07\\\/08\\\/%f0%9f%9b%91-novo-limite-de-90-dias-ano-para-os-alugueres-de-ferias\\\/#primaryimage\",\"url\":\"https:\\\/\\\/styqr.fr\\\/wp-content\\\/uploads\\\/2025\\\/06\\\/warning-exclamation-mark-on-a-wooden-block-2025-01-07-09-54-50-utc-min-scaled.jpg\",\"contentUrl\":\"https:\\\/\\\/styqr.fr\\\/wp-content\\\/uploads\\\/2025\\\/06\\\/warning-exclamation-mark-on-a-wooden-block-2025-01-07-09-54-50-utc-min-scaled.jpg\",\"width\":2560,\"height\":1714,\"caption\":\"Un d\u00e9 avec un point d'exclamation\"},{\"@type\":\"BreadcrumbList\",\"@id\":\"https:\\\/\\\/styqr.fr\\\/pt-pt\\\/2025\\\/07\\\/08\\\/%f0%9f%9b%91-novo-limite-de-90-dias-ano-para-os-alugueres-de-ferias\\\/#breadcrumb\",\"itemListElement\":[{\"@type\":\"ListItem\",\"position\":1,\"name\":\"Casa\",\"item\":\"https:\\\/\\\/styqr.fr\\\/pt-pt\\\/\"},{\"@type\":\"ListItem\",\"position\":2,\"name\":\"Indiv\u00edduos\",\"item\":\"https:\\\/\\\/styqr.fr\\\/pt-pt\\\/nos-categories\\\/individuos\\\/\"},{\"@type\":\"ListItem\",\"position\":3,\"name\":\"Novo limite de 90 dias\\\/ano para os alugueres de f\u00e9rias\"}]},{\"@type\":\"WebSite\",\"@id\":\"https:\\\/\\\/styqr.fr\\\/pt-pt\\\/#website\",\"url\":\"https:\\\/\\\/styqr.fr\\\/pt-pt\\\/\",\"name\":\"StyQR\",\"description\":\"Cr\u00e9ez votre livret d&#039;accueil digital personnalis\u00e9 pour vos voyageurs\",\"publisher\":{\"@id\":\"https:\\\/\\\/styqr.fr\\\/pt-pt\\\/#organization\"},\"potentialAction\":[{\"@type\":\"SearchAction\",\"target\":{\"@type\":\"EntryPoint\",\"urlTemplate\":\"https:\\\/\\\/styqr.fr\\\/pt-pt\\\/?s={search_term_string}\"},\"query-input\":{\"@type\":\"PropertyValueSpecification\",\"valueRequired\":true,\"valueName\":\"search_term_string\"}}],\"inLanguage\":\"pt-PT\"},{\"@type\":\"Organization\",\"@id\":\"https:\\\/\\\/styqr.fr\\\/pt-pt\\\/#organization\",\"name\":\"StyQR\",\"url\":\"https:\\\/\\\/styqr.fr\\\/pt-pt\\\/\",\"logo\":{\"@type\":\"ImageObject\",\"inLanguage\":\"pt-PT\",\"@id\":\"https:\\\/\\\/styqr.fr\\\/pt-pt\\\/#\\\/schema\\\/logo\\\/image\\\/\",\"url\":\"https:\\\/\\\/styqr.fr\\\/wp-content\\\/uploads\\\/2020\\\/11\\\/Fichier-5.png\",\"contentUrl\":\"https:\\\/\\\/styqr.fr\\\/wp-content\\\/uploads\\\/2020\\\/11\\\/Fichier-5.png\",\"width\":388,\"height\":194,\"caption\":\"StyQR\"},\"image\":{\"@id\":\"https:\\\/\\\/styqr.fr\\\/pt-pt\\\/#\\\/schema\\\/logo\\\/image\\\/\"},\"sameAs\":[\"https:\\\/\\\/fr-fr.facebook.com\\\/styqr\\\/\",\"https:\\\/\\\/www.instagram.com\\\/styqr_fr\\\/\",\"https:\\\/\\\/fr.linkedin.com\\\/company\\\/styqr\"],\"description\":\"StyQR, le livret d'accueil digital\",\"email\":\"contact@styqr.fr\",\"legalName\":\"SAS StyQR\",\"foundingDate\":\"2019-05-27\",\"vatID\":\"FR55824532865\",\"taxID\":\"82453286500014\",\"numberOfEmployees\":{\"@type\":\"QuantitativeValue\",\"minValue\":\"1\",\"maxValue\":\"10\"}},{\"@type\":\"Person\",\"@id\":\"https:\\\/\\\/styqr.fr\\\/pt-pt\\\/#\\\/schema\\\/person\\\/9961aca9b86c9501bc1a72282df89aac\",\"name\":\"Marine\",\"image\":{\"@type\":\"ImageObject\",\"inLanguage\":\"pt-PT\",\"@id\":\"https:\\\/\\\/secure.gravatar.com\\\/avatar\\\/647b7182996833269bfb418442442520d7a3cf1ce76c2bbb26b93d7fbb28bb58?s=96&d=mm&r=g\",\"url\":\"https:\\\/\\\/secure.gravatar.com\\\/avatar\\\/647b7182996833269bfb418442442520d7a3cf1ce76c2bbb26b93d7fbb28bb58?s=96&d=mm&r=g\",\"contentUrl\":\"https:\\\/\\\/secure.gravatar.com\\\/avatar\\\/647b7182996833269bfb418442442520d7a3cf1ce76c2bbb26b93d7fbb28bb58?s=96&d=mm&r=g\",\"caption\":\"Marine\"},\"sameAs\":[\"https:\\\/\\\/x.com\\\/julien-styqr-admin\"]}]}<\/script>\n<!-- \/ Yoast SEO Premium plugin. -->","yoast_head_json":{"title":"Novo Limite de 90 Dias para Alugueres de F\u00e9rias: O Que Precisas Saber","description":"Descobre tudo sobre o novo limite de 90 dias por ano para alugueres de f\u00e9rias. Simplificamos a legisla\u00e7\u00e3o para que estejas sempre atualizado!","robots":{"index":"index","follow":"follow","max-snippet":"max-snippet:-1","max-image-preview":"max-image-preview:large","max-video-preview":"max-video-preview:-1"},"canonical":"https:\/\/styqr.fr\/pt-pt\/2025\/07\/08\/%f0%9f%9b%91-novo-limite-de-90-dias-ano-para-os-alugueres-de-ferias\/","og_locale":"pt_PT","og_type":"article","og_title":"StyQR | Le livret d'accueil digital","og_description":"Descobre tudo sobre o novo limite de 90 dias por ano para alugueres de f\u00e9rias. Simplificamos a legisla\u00e7\u00e3o para que estejas sempre atualizado!","og_url":"https:\/\/styqr.fr\/pt-pt\/2025\/07\/08\/%f0%9f%9b%91-novo-limite-de-90-dias-ano-para-os-alugueres-de-ferias\/","og_site_name":"StyQR","article_publisher":"https:\/\/fr-fr.facebook.com\/styqr\/","article_published_time":"2025-07-08T07:35:53+00:00","article_modified_time":"2025-08-12T07:13:03+00:00","og_image":[{"width":2560,"height":1714,"url":"https:\/\/styqr.fr\/wp-content\/uploads\/2025\/06\/warning-exclamation-mark-on-a-wooden-block-2025-01-07-09-54-50-utc-min-scaled.jpg","type":"image\/jpeg"}],"author":"Marine","twitter_card":"summary_large_image","twitter_creator":"@julien-styqr-admin","schema":{"@context":"https:\/\/schema.org","@graph":[{"@type":"Article","@id":"https:\/\/styqr.fr\/pt-pt\/2025\/07\/08\/%f0%9f%9b%91-novo-limite-de-90-dias-ano-para-os-alugueres-de-ferias\/#article","isPartOf":{"@id":"https:\/\/styqr.fr\/pt-pt\/2025\/07\/08\/%f0%9f%9b%91-novo-limite-de-90-dias-ano-para-os-alugueres-de-ferias\/"},"author":{"name":"Marine","@id":"https:\/\/styqr.fr\/pt-pt\/#\/schema\/person\/9961aca9b86c9501bc1a72282df89aac"},"headline":"Novo limite de 90 dias\/ano para os alugueres de f\u00e9rias","datePublished":"2025-07-08T07:35:53+00:00","dateModified":"2025-08-12T07:13:03+00:00","mainEntityOfPage":{"@id":"https:\/\/styqr.fr\/pt-pt\/2025\/07\/08\/%f0%9f%9b%91-novo-limite-de-90-dias-ano-para-os-alugueres-de-ferias\/"},"wordCount":801,"publisher":{"@id":"https:\/\/styqr.fr\/pt-pt\/#organization"},"image":{"@id":"https:\/\/styqr.fr\/pt-pt\/2025\/07\/08\/%f0%9f%9b%91-novo-limite-de-90-dias-ano-para-os-alugueres-de-ferias\/#primaryimage"},"thumbnailUrl":"https:\/\/styqr.fr\/wp-content\/uploads\/2025\/06\/warning-exclamation-mark-on-a-wooden-block-2025-01-07-09-54-50-utc-min-scaled.jpg","keywords":["styqr","aluguer","aluguer sazonal"],"articleSection":["Indiv\u00edduos"],"inLanguage":"pt-PT"},{"@type":"WebPage","@id":"https:\/\/styqr.fr\/pt-pt\/2025\/07\/08\/%f0%9f%9b%91-novo-limite-de-90-dias-ano-para-os-alugueres-de-ferias\/","url":"https:\/\/styqr.fr\/pt-pt\/2025\/07\/08\/%f0%9f%9b%91-novo-limite-de-90-dias-ano-para-os-alugueres-de-ferias\/","name":"Novo Limite de 90 Dias para Alugueres de F\u00e9rias: O Que Precisas Saber","isPartOf":{"@id":"https:\/\/styqr.fr\/pt-pt\/#website"},"primaryImageOfPage":{"@id":"https:\/\/styqr.fr\/pt-pt\/2025\/07\/08\/%f0%9f%9b%91-novo-limite-de-90-dias-ano-para-os-alugueres-de-ferias\/#primaryimage"},"image":{"@id":"https:\/\/styqr.fr\/pt-pt\/2025\/07\/08\/%f0%9f%9b%91-novo-limite-de-90-dias-ano-para-os-alugueres-de-ferias\/#primaryimage"},"thumbnailUrl":"https:\/\/styqr.fr\/wp-content\/uploads\/2025\/06\/warning-exclamation-mark-on-a-wooden-block-2025-01-07-09-54-50-utc-min-scaled.jpg","datePublished":"2025-07-08T07:35:53+00:00","dateModified":"2025-08-12T07:13:03+00:00","description":"Descobre tudo sobre o novo limite de 90 dias por ano para alugueres de f\u00e9rias. Simplificamos a legisla\u00e7\u00e3o para que estejas sempre atualizado!","breadcrumb":{"@id":"https:\/\/styqr.fr\/pt-pt\/2025\/07\/08\/%f0%9f%9b%91-novo-limite-de-90-dias-ano-para-os-alugueres-de-ferias\/#breadcrumb"},"inLanguage":"pt-PT","potentialAction":[{"@type":"ReadAction","target":["https:\/\/styqr.fr\/pt-pt\/2025\/07\/08\/%f0%9f%9b%91-novo-limite-de-90-dias-ano-para-os-alugueres-de-ferias\/"]}]},{"@type":"ImageObject","inLanguage":"pt-PT","@id":"https:\/\/styqr.fr\/pt-pt\/2025\/07\/08\/%f0%9f%9b%91-novo-limite-de-90-dias-ano-para-os-alugueres-de-ferias\/#primaryimage","url":"https:\/\/styqr.fr\/wp-content\/uploads\/2025\/06\/warning-exclamation-mark-on-a-wooden-block-2025-01-07-09-54-50-utc-min-scaled.jpg","contentUrl":"https:\/\/styqr.fr\/wp-content\/uploads\/2025\/06\/warning-exclamation-mark-on-a-wooden-block-2025-01-07-09-54-50-utc-min-scaled.jpg","width":2560,"height":1714,"caption":"Un d\u00e9 avec un point d'exclamation"},{"@type":"BreadcrumbList","@id":"https:\/\/styqr.fr\/pt-pt\/2025\/07\/08\/%f0%9f%9b%91-novo-limite-de-90-dias-ano-para-os-alugueres-de-ferias\/#breadcrumb","itemListElement":[{"@type":"ListItem","position":1,"name":"Casa","item":"https:\/\/styqr.fr\/pt-pt\/"},{"@type":"ListItem","position":2,"name":"Indiv\u00edduos","item":"https:\/\/styqr.fr\/pt-pt\/nos-categories\/individuos\/"},{"@type":"ListItem","position":3,"name":"Novo limite de 90 dias\/ano para os alugueres de f\u00e9rias"}]},{"@type":"WebSite","@id":"https:\/\/styqr.fr\/pt-pt\/#website","url":"https:\/\/styqr.fr\/pt-pt\/","name":"StyQR","description":"Cr\u00e9ez votre livret d&#039;accueil digital personnalis\u00e9 pour vos voyageurs","publisher":{"@id":"https:\/\/styqr.fr\/pt-pt\/#organization"},"potentialAction":[{"@type":"SearchAction","target":{"@type":"EntryPoint","urlTemplate":"https:\/\/styqr.fr\/pt-pt\/?s={search_term_string}"},"query-input":{"@type":"PropertyValueSpecification","valueRequired":true,"valueName":"search_term_string"}}],"inLanguage":"pt-PT"},{"@type":"Organization","@id":"https:\/\/styqr.fr\/pt-pt\/#organization","name":"StyQR","url":"https:\/\/styqr.fr\/pt-pt\/","logo":{"@type":"ImageObject","inLanguage":"pt-PT","@id":"https:\/\/styqr.fr\/pt-pt\/#\/schema\/logo\/image\/","url":"https:\/\/styqr.fr\/wp-content\/uploads\/2020\/11\/Fichier-5.png","contentUrl":"https:\/\/styqr.fr\/wp-content\/uploads\/2020\/11\/Fichier-5.png","width":388,"height":194,"caption":"StyQR"},"image":{"@id":"https:\/\/styqr.fr\/pt-pt\/#\/schema\/logo\/image\/"},"sameAs":["https:\/\/fr-fr.facebook.com\/styqr\/","https:\/\/www.instagram.com\/styqr_fr\/","https:\/\/fr.linkedin.com\/company\/styqr"],"description":"StyQR, le livret d'accueil digital","email":"contact@styqr.fr","legalName":"SAS StyQR","foundingDate":"2019-05-27","vatID":"FR55824532865","taxID":"82453286500014","numberOfEmployees":{"@type":"QuantitativeValue","minValue":"1","maxValue":"10"}},{"@type":"Person","@id":"https:\/\/styqr.fr\/pt-pt\/#\/schema\/person\/9961aca9b86c9501bc1a72282df89aac","name":"Marine","image":{"@type":"ImageObject","inLanguage":"pt-PT","@id":"https:\/\/secure.gravatar.com\/avatar\/647b7182996833269bfb418442442520d7a3cf1ce76c2bbb26b93d7fbb28bb58?s=96&d=mm&r=g","url":"https:\/\/secure.gravatar.com\/avatar\/647b7182996833269bfb418442442520d7a3cf1ce76c2bbb26b93d7fbb28bb58?s=96&d=mm&r=g","contentUrl":"https:\/\/secure.gravatar.com\/avatar\/647b7182996833269bfb418442442520d7a3cf1ce76c2bbb26b93d7fbb28bb58?s=96&d=mm&r=g","caption":"Marine"},"sameAs":["https:\/\/x.com\/julien-styqr-admin"]}]}},"_links":{"self":[{"href":"https:\/\/styqr.fr\/pt-pt\/wp-json\/wp\/v2\/posts\/125057","targetHints":{"allow":["GET"]}}],"collection":[{"href":"https:\/\/styqr.fr\/pt-pt\/wp-json\/wp\/v2\/posts"}],"about":[{"href":"https:\/\/styqr.fr\/pt-pt\/wp-json\/wp\/v2\/types\/post"}],"author":[{"embeddable":true,"href":"https:\/\/styqr.fr\/pt-pt\/wp-json\/wp\/v2\/users\/3"}],"replies":[{"embeddable":true,"href":"https:\/\/styqr.fr\/pt-pt\/wp-json\/wp\/v2\/comments?post=125057"}],"version-history":[{"count":0,"href":"https:\/\/styqr.fr\/pt-pt\/wp-json\/wp\/v2\/posts\/125057\/revisions"}],"wp:featuredmedia":[{"embeddable":true,"href":"https:\/\/styqr.fr\/pt-pt\/wp-json\/wp\/v2\/media\/125051"}],"wp:attachment":[{"href":"https:\/\/styqr.fr\/pt-pt\/wp-json\/wp\/v2\/media?parent=125057"}],"wp:term":[{"taxonomy":"category","embeddable":true,"href":"https:\/\/styqr.fr\/pt-pt\/wp-json\/wp\/v2\/categories?post=125057"},{"taxonomy":"post_tag","embeddable":true,"href":"https:\/\/styqr.fr\/pt-pt\/wp-json\/wp\/v2\/tags?post=125057"}],"curies":[{"name":"wp","href":"https:\/\/api.w.org\/{rel}","templated":true}]}}