{"id":106053,"date":"2024-08-22T09:36:08","date_gmt":"2024-08-22T07:36:08","guid":{"rendered":"https:\/\/styqr.fr\/2024\/08\/22\/regulamentacao-do-aluguer-sazonal\/"},"modified":"2025-08-26T17:06:07","modified_gmt":"2025-08-26T15:06:07","slug":"regulamentacao-do-aluguer-sazonal","status":"publish","type":"post","link":"https:\/\/styqr.fr\/pt-pt\/2024\/08\/22\/regulamentacao-do-aluguer-sazonal\/","title":{"rendered":"Regulamenta\u00e7\u00e3o do aluguer sazonal"},"content":{"rendered":"<div class=\"wpb-content-wrapper\"><p>[vc_row][vc_column width=&#8221;1\/1&#8243;][vc_column_text uncode_shortcode_id=&#8221;312173&#8243;]Se \u00e9s propriet\u00e1rio, inquilino, curioso ou apenas um amante de uma legisla\u00e7\u00e3o clara e concisa (quem n\u00e3o \u00e9, afinal?), este artigo \u00e9 para ti! Vamos embarcar juntos numa aventura informativa, onde os termos &#8220;regulamento&#8221; e &#8220;meubl\u00e9 de tourisme&#8221; se tornar\u00e3o os teus novos amigos.[\/vc_column_text][\/vc_column][\/vc_row][vc_row][vc_column width=&#8221;1\/1&#8243;][vc_row_inner][vc_column_inner column_width_percent=&#8221;100&#8243; gutter_size=&#8221;0&#8243; overlay_alpha=&#8221;50&#8243; shift_x=&#8221;0&#8243; shift_y=&#8221;0&#8243; shift_y_down=&#8221;0&#8243; z_index=&#8221;0&#8243; medium_width=&#8221;0&#8243; mobile_width=&#8221;0&#8243; width=&#8221;1\/1&#8243;][vc_custom_heading uncode_shortcode_id=&#8221;138719&#8243;]<\/p>\n<h2><span class=\"s1\"><b>O que \u00e9 um meubl\u00e9 de tourisme?<\/b><br \/>\n<\/span><\/h2>\n<p>[\/vc_custom_heading][vc_empty_space empty_h=&#8221;2&#8243;][vc_single_image media=&#8221;106042&#8243; media_width_percent=&#8221;100&#8243; uncode_shortcode_id=&#8221;849427&#8243;][vc_empty_space][vc_column_text uncode_shortcode_id=&#8221;151516&#8243;]Uma <strong>casa de f\u00e9rias mobilada<\/strong> \u00e9 um pouco como a tua segunda casa, mas partilhada com estranhos que est\u00e3o apenas de passagem. Mais formalmente, \u00e9 uma <strong>habita\u00e7\u00e3o mobilada<\/strong> que alugas a turistas por um curto per\u00edodo de tempo. Este tipo de alojamento \u00e9 a alternativa perfeita para quem procura uma experi\u00eancia mais calorosa e mais pessoal do que um hotel. Mas aten\u00e7\u00e3o, isto n\u00e3o \u00e9 o Oeste Selvagem! A legisla\u00e7\u00e3o \u00e9 muito rigorosa.[\/vc_column_text][vc_empty_space][vc_custom_heading uncode_shortcode_id=&#8221;236009&#8243;]<\/p>\n<h2>Regulamentos actuais em \u00e1reas tensas<\/h2>\n<p>[\/vc_custom_heading][vc_empty_space][vc_custom_heading uncode_shortcode_id=&#8221;756121&#8243;]<\/p>\n<h3>1. Defini\u00e7\u00e3o de zonas de tens\u00e3o<\/h3>\n<p>[\/vc_custom_heading][vc_empty_space empty_h=&#8221;2&#8243;][vc_column_text uncode_shortcode_id=&#8221;492227&#8243;]Estas s\u00e3o<strong> zonas<\/strong> onde encontrar um lugar para viver pode ser uma luta dif\u00edcil. Estas zonas s\u00e3o muitas vezes cidades onde a procura de habita\u00e7\u00e3o \u00e9 t\u00e3o elevada que, se n\u00e3o houvesse uma pequena regulamenta\u00e7\u00e3o, os pre\u00e7os poderiam disparar.[\/vc_column_text][vc_empty_space empty_h=&#8221;2&#8243;][vc_custom_heading uncode_shortcode_id=&#8221;154637&#8243;]<\/p>\n<h3>2. Registo e autoriza\u00e7\u00e3o<\/h3>\n<p>[\/vc_custom_heading][vc_column_text uncode_shortcode_id=&#8221;167237&#8243;]Para que um im\u00f3vel possa ser alugado como alojamento de f\u00e9rias mobilado nestas zonas, \u00e9 necess\u00e1rio passar por alguns tr\u00e2mites administrativos. Em primeiro lugar, tens <strong>de<\/strong><strong> registar<\/strong> a tua propriedade na c\u00e2mara municipal ou na prefeitura. \u00c9 um pouco como obter um visto para o teu apartamento![\/vc_column_text][\/vc_column_inner][\/vc_row_inner][\/vc_column][\/vc_row][vc_row][vc_column width=&#8221;1\/1&#8243;][vc_custom_heading uncode_shortcode_id=&#8221;915209&#8243;]<\/p>\n<h3>3. Prazo de aluguer<\/h3>\n<p>[\/vc_custom_heading][vc_column_text uncode_shortcode_id=&#8221;136583&#8243;]Os per\u00edodos de aluguer tamb\u00e9m s\u00e3o <strong>regulamentados<\/strong>. Em geral, n\u00e3o podes arrendar a tua propriedade por mais de <strong>120 dias por ano<\/strong>, para garantir que o alojamento n\u00e3o \u00e9 utilizado apenas para arrendamento sazonal, em detrimento dos habitantes locais que procuram uma resid\u00eancia principal.[\/vc_column_text][vc_custom_heading uncode_shortcode_id=&#8221;132478&#8243;]<\/p>\n<h2>Tributa\u00e7\u00e3o dos alojamentos tur\u00edsticos mobilados<\/h2>\n<p>[\/vc_custom_heading][vc_single_image media=&#8221;106046&#8243; media_width_percent=&#8221;100&#8243; uncode_shortcode_id=&#8221;942870&#8243;][vc_custom_heading uncode_shortcode_id=&#8221;208490&#8243;]<\/p>\n<h3>1. Tributa\u00e7\u00e3o dos rendimentos de rendas<\/h3>\n<p>[\/vc_custom_heading][vc_column_text uncode_shortcode_id=&#8221;208987&#8243;]Os rendimentos provenientes do aluguer de alojamentos tur\u00edsticos mobilados s\u00e3o considerados como <strong>&#8220;lucros industriais e comerciais&#8221; (BIC)<\/strong>.<\/p>\n<p>Por conseguinte, tens de os <strong>declarar<\/strong>, mas fica descansado que existem regimes simplificados como o <strong>micro-BIC <\/strong>.  <\/p>\n<p>Em 2024, haver\u00e1 algumas mudan\u00e7as nesta \u00e1rea.<\/p>\n<p>No \u00e2mbito deste regime, o<strong>anterior limiar<\/strong> de arrendamento de alojamentos tur\u00edsticos mobilados<strong>foi fixado em 77 700 euros<\/strong>. <strong>Atualmente,<\/strong> esse limite \u00e9 <strong>de 15.000 euros.<\/strong> A<strong>indemniza\u00e7\u00e3o fixa<\/strong> tamb\u00e9m foi alterada. Anteriormente, era de <strong>50%<\/strong>, mas agora \u00e9 <strong>de 30%<\/strong>.[\/vc_column_text][vc_custom_heading uncode_shortcode_id=&#8221;169426&#8243;]<\/p>\n<h3>2. Taxa tur\u00edstica<\/h3>\n<p>[\/vc_custom_heading][vc_column_text uncode_shortcode_id=&#8221;136220&#8243;]Ah, a famosa taxa tur\u00edstica! Esta pequena taxa \u00e9 cobrada pelas autoridades locais e<strong> varia consoante o local e o tipo de alojamento<\/strong>. <\/p>\n<p>\u00c9 devido pelos turistas, mas como propriet\u00e1rio, cabe-te a ti <strong>cobr\u00e1-lo e pag\u00e1-lo<\/strong>. \u00c9 um pouco como ser o cobrador de impostos do teu pr\u00f3prio mini-reino tur\u00edstico.[\/vc_column_text][vc_custom_heading uncode_shortcode_id=&#8221;627242&#8243;]<\/p>\n<h3>3. IVA e regras espec\u00edficas<\/h3>\n<p>[\/vc_custom_heading][vc_column_text uncode_shortcode_id=&#8221;131293&#8243;]Em certos casos, se os teus servi\u00e7os inclu\u00edrem servi\u00e7os compar\u00e1veis aos prestados pelos hot\u00e9is (como o pequeno-almo\u00e7o, a limpeza regular das instala\u00e7\u00f5es, a rece\u00e7\u00e3o de clientes), poder\u00e1s ter de cobrar<strong> IVA<\/strong>. O limiar para este efeito \u00e9 geralmente elevado, mas \u00e9 um ponto a n\u00e3o descurar se quiseres evitar surpresas desagrad\u00e1veis.[\/vc_column_text][vc_custom_heading uncode_shortcode_id=&#8221;578467&#8243;]<\/p>\n<h3>4. Declara\u00e7\u00f5es e obriga\u00e7\u00f5es contabil\u00edsticas<\/h3>\n<p>[\/vc_custom_heading][vc_column_text uncode_shortcode_id=&#8221;198602&#8243;]A contabilidade pode, por vezes, parecer complexa. Dependendo do regime fiscal que escolheres, podes ter de manter uma contabilidade detalhada e registar-te no <strong>Registre du Commerce et des Soci\u00e9t\u00e9s<\/strong>. O conselho de um revisor oficial de contas pode ser precioso para navegar nestas \u00e1guas fiscais por vezes turbulentas.[\/vc_column_text][vc_column_text uncode_shortcode_id=&#8221;193263&#8243;]Perante a press\u00e3o sobre o mercado imobili\u00e1rio e as cr\u00edticas sobre o impacto dos alugueres de curta dura\u00e7\u00e3o, prev\u00eaem-se regularmente ajustamentos. Por exemplo, algumas cidades est\u00e3o a considerar a possibilidade de reduzir ainda mais o n\u00famero de dias permitidos para os alugueres de f\u00e9rias, ou de aumentar os impostos para desencorajar a utiliza\u00e7\u00e3o excessiva. <\/p>\n<p>Por isso, mant\u00e9m-te a par dos novos regulamentos em vigor para evitares surpresas desagrad\u00e1veis![\/vc_column_text][vc_column_text uncode_shortcode_id=&#8221;642912&#8243;]Gostarias de saber mais sobre o mundo dos arrendamentos tur\u00edsticos e sazonais? V\u00ea o nosso artigo sobre o <a href=\"https:\/\/styqr.fr\/pt-pt\/2024\/07\/16\/aluguer-de-residencia-secundaria\/\" target=\"_blank\" rel=\"noopener\">arrendamento de casas de f\u00e9rias.<\/a>[\/vc_column_text][\/vc_column][\/vc_row]<\/p>\n<\/div>","protected":false},"excerpt":{"rendered":"<p>[vc_row][vc_column width=&#8221;1\/1&#8243;][vc_column_text uncode_shortcode_id=&#8221;312173&#8243;]Se \u00e9s propriet\u00e1rio, inquilino, curioso ou apenas um amante de uma legisla\u00e7\u00e3o clara e concisa (quem n\u00e3o \u00e9, [&hellip;]<\/p>\n","protected":false},"author":3,"featured_media":106048,"comment_status":"closed","ping_status":"open","sticky":false,"template":"","format":"standard","meta":{"footnotes":""},"categories":[905,929],"tags":[1929,1930,1973,2001,2025],"class_list":["post-106053","post","type-post","status-publish","format-standard","has-post-thumbnail","hentry","category-individuos","category-profissionais","tag-styqr-pt-pt","tag-digital-pt-pt","tag-viaja","tag-ferias","tag-aluguer-sazonal"],"yoast_head":"<!-- This site is optimized with the Yoast SEO Premium plugin v27.4 (Yoast SEO v27.4) - https:\/\/yoast.com\/product\/yoast-seo-premium-wordpress\/ -->\n<title>Tudo o que Voc\u00ea Precisa Saber sobre a Regulamenta\u00e7\u00e3o do Aluguer Sazonal.<\/title>\n<meta name=\"description\" content=\"Informa-te sobre as regras e obriga\u00e7\u00f5es fiscais para o arrendamento de um alojamento mobilado para f\u00e9rias. Simplifica a tua experi\u00eancia como propriet\u00e1rio de um im\u00f3vel com os nossos conselhos pr\u00e1ticos.\" \/>\n<meta name=\"robots\" content=\"index, follow, max-snippet:-1, max-image-preview:large, max-video-preview:-1\" \/>\n<link rel=\"canonical\" href=\"https:\/\/styqr.fr\/pt-pt\/2024\/08\/22\/regulamentacao-do-aluguer-sazonal\/\" \/>\n<meta property=\"og:locale\" content=\"pt_PT\" \/>\n<meta property=\"og:type\" content=\"article\" \/>\n<meta property=\"og:title\" content=\"StyQR | Le livret d&#039;accueil digital\" \/>\n<meta property=\"og:description\" content=\"Informa-te sobre as regras e obriga\u00e7\u00f5es fiscais para o arrendamento de um alojamento mobilado para f\u00e9rias. Simplifica a tua experi\u00eancia como propriet\u00e1rio de um im\u00f3vel com os nossos conselhos pr\u00e1ticos.\" \/>\n<meta property=\"og:url\" content=\"https:\/\/styqr.fr\/pt-pt\/2024\/08\/22\/regulamentacao-do-aluguer-sazonal\/\" \/>\n<meta property=\"og:site_name\" content=\"StyQR\" \/>\n<meta property=\"article:publisher\" content=\"https:\/\/fr-fr.facebook.com\/styqr\/\" \/>\n<meta property=\"article:published_time\" content=\"2024-08-22T07:36:08+00:00\" \/>\n<meta property=\"article:modified_time\" content=\"2025-08-26T15:06:07+00:00\" \/>\n<meta property=\"og:image\" content=\"https:\/\/styqr.fr\/wp-content\/uploads\/2024\/08\/pexels-wdnet-101808-scaled.jpg\" \/>\n\t<meta property=\"og:image:width\" content=\"2560\" \/>\n\t<meta property=\"og:image:height\" content=\"1707\" \/>\n\t<meta property=\"og:image:type\" content=\"image\/jpeg\" \/>\n<meta name=\"author\" content=\"Marine\" \/>\n<meta name=\"twitter:card\" content=\"summary_large_image\" \/>\n<meta name=\"twitter:creator\" content=\"@julien-styqr-admin\" \/>\n<script type=\"application\/ld+json\" class=\"yoast-schema-graph\">{\"@context\":\"https:\\\/\\\/schema.org\",\"@graph\":[{\"@type\":\"Article\",\"@id\":\"https:\\\/\\\/styqr.fr\\\/pt-pt\\\/2024\\\/08\\\/22\\\/regulamentacao-do-aluguer-sazonal\\\/#article\",\"isPartOf\":{\"@id\":\"https:\\\/\\\/styqr.fr\\\/pt-pt\\\/2024\\\/08\\\/22\\\/regulamentacao-do-aluguer-sazonal\\\/\"},\"author\":{\"name\":\"Marine\",\"@id\":\"https:\\\/\\\/styqr.fr\\\/pt-pt\\\/#\\\/schema\\\/person\\\/9961aca9b86c9501bc1a72282df89aac\"},\"headline\":\"Regulamenta\u00e7\u00e3o do aluguer sazonal\",\"datePublished\":\"2024-08-22T07:36:08+00:00\",\"dateModified\":\"2025-08-26T15:06:07+00:00\",\"mainEntityOfPage\":{\"@id\":\"https:\\\/\\\/styqr.fr\\\/pt-pt\\\/2024\\\/08\\\/22\\\/regulamentacao-do-aluguer-sazonal\\\/\"},\"wordCount\":960,\"publisher\":{\"@id\":\"https:\\\/\\\/styqr.fr\\\/pt-pt\\\/#organization\"},\"image\":{\"@id\":\"https:\\\/\\\/styqr.fr\\\/pt-pt\\\/2024\\\/08\\\/22\\\/regulamentacao-do-aluguer-sazonal\\\/#primaryimage\"},\"thumbnailUrl\":\"https:\\\/\\\/styqr.fr\\\/wp-content\\\/uploads\\\/2024\\\/08\\\/pexels-wdnet-101808-scaled.jpg\",\"keywords\":[\"styqr\",\"digital\",\"viaja\",\"f\u00e9rias\",\"aluguer sazonal\"],\"articleSection\":[\"Indiv\u00edduos\",\"Profissionais\"],\"inLanguage\":\"pt-PT\"},{\"@type\":\"WebPage\",\"@id\":\"https:\\\/\\\/styqr.fr\\\/pt-pt\\\/2024\\\/08\\\/22\\\/regulamentacao-do-aluguer-sazonal\\\/\",\"url\":\"https:\\\/\\\/styqr.fr\\\/pt-pt\\\/2024\\\/08\\\/22\\\/regulamentacao-do-aluguer-sazonal\\\/\",\"name\":\"Tudo o que Voc\u00ea Precisa Saber sobre a Regulamenta\u00e7\u00e3o do Aluguer Sazonal.\",\"isPartOf\":{\"@id\":\"https:\\\/\\\/styqr.fr\\\/pt-pt\\\/#website\"},\"primaryImageOfPage\":{\"@id\":\"https:\\\/\\\/styqr.fr\\\/pt-pt\\\/2024\\\/08\\\/22\\\/regulamentacao-do-aluguer-sazonal\\\/#primaryimage\"},\"image\":{\"@id\":\"https:\\\/\\\/styqr.fr\\\/pt-pt\\\/2024\\\/08\\\/22\\\/regulamentacao-do-aluguer-sazonal\\\/#primaryimage\"},\"thumbnailUrl\":\"https:\\\/\\\/styqr.fr\\\/wp-content\\\/uploads\\\/2024\\\/08\\\/pexels-wdnet-101808-scaled.jpg\",\"datePublished\":\"2024-08-22T07:36:08+00:00\",\"dateModified\":\"2025-08-26T15:06:07+00:00\",\"description\":\"Informa-te sobre as regras e obriga\u00e7\u00f5es fiscais para o arrendamento de um alojamento mobilado para f\u00e9rias. Simplifica a tua experi\u00eancia como propriet\u00e1rio de um im\u00f3vel com os nossos conselhos pr\u00e1ticos.\",\"breadcrumb\":{\"@id\":\"https:\\\/\\\/styqr.fr\\\/pt-pt\\\/2024\\\/08\\\/22\\\/regulamentacao-do-aluguer-sazonal\\\/#breadcrumb\"},\"inLanguage\":\"pt-PT\",\"potentialAction\":[{\"@type\":\"ReadAction\",\"target\":[\"https:\\\/\\\/styqr.fr\\\/pt-pt\\\/2024\\\/08\\\/22\\\/regulamentacao-do-aluguer-sazonal\\\/\"]}]},{\"@type\":\"ImageObject\",\"inLanguage\":\"pt-PT\",\"@id\":\"https:\\\/\\\/styqr.fr\\\/pt-pt\\\/2024\\\/08\\\/22\\\/regulamentacao-do-aluguer-sazonal\\\/#primaryimage\",\"url\":\"https:\\\/\\\/styqr.fr\\\/wp-content\\\/uploads\\\/2024\\\/08\\\/pexels-wdnet-101808-scaled.jpg\",\"contentUrl\":\"https:\\\/\\\/styqr.fr\\\/wp-content\\\/uploads\\\/2024\\\/08\\\/pexels-wdnet-101808-scaled.jpg\",\"width\":2560,\"height\":1707},{\"@type\":\"BreadcrumbList\",\"@id\":\"https:\\\/\\\/styqr.fr\\\/pt-pt\\\/2024\\\/08\\\/22\\\/regulamentacao-do-aluguer-sazonal\\\/#breadcrumb\",\"itemListElement\":[{\"@type\":\"ListItem\",\"position\":1,\"name\":\"Casa\",\"item\":\"https:\\\/\\\/styqr.fr\\\/pt-pt\\\/\"},{\"@type\":\"ListItem\",\"position\":2,\"name\":\"Profissionais\",\"item\":\"https:\\\/\\\/styqr.fr\\\/pt-pt\\\/nos-categories\\\/profissionais\\\/\"},{\"@type\":\"ListItem\",\"position\":3,\"name\":\"Regulamenta\u00e7\u00e3o do aluguer sazonal\"}]},{\"@type\":\"WebSite\",\"@id\":\"https:\\\/\\\/styqr.fr\\\/pt-pt\\\/#website\",\"url\":\"https:\\\/\\\/styqr.fr\\\/pt-pt\\\/\",\"name\":\"StyQR\",\"description\":\"Cr\u00e9ez votre livret d&#039;accueil digital personnalis\u00e9 pour vos voyageurs\",\"publisher\":{\"@id\":\"https:\\\/\\\/styqr.fr\\\/pt-pt\\\/#organization\"},\"potentialAction\":[{\"@type\":\"SearchAction\",\"target\":{\"@type\":\"EntryPoint\",\"urlTemplate\":\"https:\\\/\\\/styqr.fr\\\/pt-pt\\\/?s={search_term_string}\"},\"query-input\":{\"@type\":\"PropertyValueSpecification\",\"valueRequired\":true,\"valueName\":\"search_term_string\"}}],\"inLanguage\":\"pt-PT\"},{\"@type\":\"Organization\",\"@id\":\"https:\\\/\\\/styqr.fr\\\/pt-pt\\\/#organization\",\"name\":\"StyQR\",\"url\":\"https:\\\/\\\/styqr.fr\\\/pt-pt\\\/\",\"logo\":{\"@type\":\"ImageObject\",\"inLanguage\":\"pt-PT\",\"@id\":\"https:\\\/\\\/styqr.fr\\\/pt-pt\\\/#\\\/schema\\\/logo\\\/image\\\/\",\"url\":\"https:\\\/\\\/styqr.fr\\\/wp-content\\\/uploads\\\/2020\\\/11\\\/Fichier-5.png\",\"contentUrl\":\"https:\\\/\\\/styqr.fr\\\/wp-content\\\/uploads\\\/2020\\\/11\\\/Fichier-5.png\",\"width\":388,\"height\":194,\"caption\":\"StyQR\"},\"image\":{\"@id\":\"https:\\\/\\\/styqr.fr\\\/pt-pt\\\/#\\\/schema\\\/logo\\\/image\\\/\"},\"sameAs\":[\"https:\\\/\\\/fr-fr.facebook.com\\\/styqr\\\/\",\"https:\\\/\\\/www.instagram.com\\\/styqr_fr\\\/\",\"https:\\\/\\\/fr.linkedin.com\\\/company\\\/styqr\"],\"description\":\"StyQR, le livret d'accueil digital\",\"email\":\"contact@styqr.fr\",\"legalName\":\"SAS StyQR\",\"foundingDate\":\"2019-05-27\",\"vatID\":\"FR55824532865\",\"taxID\":\"82453286500014\",\"numberOfEmployees\":{\"@type\":\"QuantitativeValue\",\"minValue\":\"1\",\"maxValue\":\"10\"}},{\"@type\":\"Person\",\"@id\":\"https:\\\/\\\/styqr.fr\\\/pt-pt\\\/#\\\/schema\\\/person\\\/9961aca9b86c9501bc1a72282df89aac\",\"name\":\"Marine\",\"image\":{\"@type\":\"ImageObject\",\"inLanguage\":\"pt-PT\",\"@id\":\"https:\\\/\\\/secure.gravatar.com\\\/avatar\\\/647b7182996833269bfb418442442520d7a3cf1ce76c2bbb26b93d7fbb28bb58?s=96&d=mm&r=g\",\"url\":\"https:\\\/\\\/secure.gravatar.com\\\/avatar\\\/647b7182996833269bfb418442442520d7a3cf1ce76c2bbb26b93d7fbb28bb58?s=96&d=mm&r=g\",\"contentUrl\":\"https:\\\/\\\/secure.gravatar.com\\\/avatar\\\/647b7182996833269bfb418442442520d7a3cf1ce76c2bbb26b93d7fbb28bb58?s=96&d=mm&r=g\",\"caption\":\"Marine\"},\"sameAs\":[\"https:\\\/\\\/x.com\\\/julien-styqr-admin\"]}]}<\/script>\n<!-- \/ Yoast SEO Premium plugin. -->","yoast_head_json":{"title":"Tudo o que Voc\u00ea Precisa Saber sobre a Regulamenta\u00e7\u00e3o do Aluguer Sazonal.","description":"Informa-te sobre as regras e obriga\u00e7\u00f5es fiscais para o arrendamento de um alojamento mobilado para f\u00e9rias. Simplifica a tua experi\u00eancia como propriet\u00e1rio de um im\u00f3vel com os nossos conselhos pr\u00e1ticos.","robots":{"index":"index","follow":"follow","max-snippet":"max-snippet:-1","max-image-preview":"max-image-preview:large","max-video-preview":"max-video-preview:-1"},"canonical":"https:\/\/styqr.fr\/pt-pt\/2024\/08\/22\/regulamentacao-do-aluguer-sazonal\/","og_locale":"pt_PT","og_type":"article","og_title":"StyQR | Le livret d'accueil digital","og_description":"Informa-te sobre as regras e obriga\u00e7\u00f5es fiscais para o arrendamento de um alojamento mobilado para f\u00e9rias. Simplifica a tua experi\u00eancia como propriet\u00e1rio de um im\u00f3vel com os nossos conselhos pr\u00e1ticos.","og_url":"https:\/\/styqr.fr\/pt-pt\/2024\/08\/22\/regulamentacao-do-aluguer-sazonal\/","og_site_name":"StyQR","article_publisher":"https:\/\/fr-fr.facebook.com\/styqr\/","article_published_time":"2024-08-22T07:36:08+00:00","article_modified_time":"2025-08-26T15:06:07+00:00","og_image":[{"width":2560,"height":1707,"url":"https:\/\/styqr.fr\/wp-content\/uploads\/2024\/08\/pexels-wdnet-101808-scaled.jpg","type":"image\/jpeg"}],"author":"Marine","twitter_card":"summary_large_image","twitter_creator":"@julien-styqr-admin","schema":{"@context":"https:\/\/schema.org","@graph":[{"@type":"Article","@id":"https:\/\/styqr.fr\/pt-pt\/2024\/08\/22\/regulamentacao-do-aluguer-sazonal\/#article","isPartOf":{"@id":"https:\/\/styqr.fr\/pt-pt\/2024\/08\/22\/regulamentacao-do-aluguer-sazonal\/"},"author":{"name":"Marine","@id":"https:\/\/styqr.fr\/pt-pt\/#\/schema\/person\/9961aca9b86c9501bc1a72282df89aac"},"headline":"Regulamenta\u00e7\u00e3o do aluguer sazonal","datePublished":"2024-08-22T07:36:08+00:00","dateModified":"2025-08-26T15:06:07+00:00","mainEntityOfPage":{"@id":"https:\/\/styqr.fr\/pt-pt\/2024\/08\/22\/regulamentacao-do-aluguer-sazonal\/"},"wordCount":960,"publisher":{"@id":"https:\/\/styqr.fr\/pt-pt\/#organization"},"image":{"@id":"https:\/\/styqr.fr\/pt-pt\/2024\/08\/22\/regulamentacao-do-aluguer-sazonal\/#primaryimage"},"thumbnailUrl":"https:\/\/styqr.fr\/wp-content\/uploads\/2024\/08\/pexels-wdnet-101808-scaled.jpg","keywords":["styqr","digital","viaja","f\u00e9rias","aluguer sazonal"],"articleSection":["Indiv\u00edduos","Profissionais"],"inLanguage":"pt-PT"},{"@type":"WebPage","@id":"https:\/\/styqr.fr\/pt-pt\/2024\/08\/22\/regulamentacao-do-aluguer-sazonal\/","url":"https:\/\/styqr.fr\/pt-pt\/2024\/08\/22\/regulamentacao-do-aluguer-sazonal\/","name":"Tudo o que Voc\u00ea Precisa Saber sobre a Regulamenta\u00e7\u00e3o do Aluguer Sazonal.","isPartOf":{"@id":"https:\/\/styqr.fr\/pt-pt\/#website"},"primaryImageOfPage":{"@id":"https:\/\/styqr.fr\/pt-pt\/2024\/08\/22\/regulamentacao-do-aluguer-sazonal\/#primaryimage"},"image":{"@id":"https:\/\/styqr.fr\/pt-pt\/2024\/08\/22\/regulamentacao-do-aluguer-sazonal\/#primaryimage"},"thumbnailUrl":"https:\/\/styqr.fr\/wp-content\/uploads\/2024\/08\/pexels-wdnet-101808-scaled.jpg","datePublished":"2024-08-22T07:36:08+00:00","dateModified":"2025-08-26T15:06:07+00:00","description":"Informa-te sobre as regras e obriga\u00e7\u00f5es fiscais para o arrendamento de um alojamento mobilado para f\u00e9rias. Simplifica a tua experi\u00eancia como propriet\u00e1rio de um im\u00f3vel com os nossos conselhos pr\u00e1ticos.","breadcrumb":{"@id":"https:\/\/styqr.fr\/pt-pt\/2024\/08\/22\/regulamentacao-do-aluguer-sazonal\/#breadcrumb"},"inLanguage":"pt-PT","potentialAction":[{"@type":"ReadAction","target":["https:\/\/styqr.fr\/pt-pt\/2024\/08\/22\/regulamentacao-do-aluguer-sazonal\/"]}]},{"@type":"ImageObject","inLanguage":"pt-PT","@id":"https:\/\/styqr.fr\/pt-pt\/2024\/08\/22\/regulamentacao-do-aluguer-sazonal\/#primaryimage","url":"https:\/\/styqr.fr\/wp-content\/uploads\/2024\/08\/pexels-wdnet-101808-scaled.jpg","contentUrl":"https:\/\/styqr.fr\/wp-content\/uploads\/2024\/08\/pexels-wdnet-101808-scaled.jpg","width":2560,"height":1707},{"@type":"BreadcrumbList","@id":"https:\/\/styqr.fr\/pt-pt\/2024\/08\/22\/regulamentacao-do-aluguer-sazonal\/#breadcrumb","itemListElement":[{"@type":"ListItem","position":1,"name":"Casa","item":"https:\/\/styqr.fr\/pt-pt\/"},{"@type":"ListItem","position":2,"name":"Profissionais","item":"https:\/\/styqr.fr\/pt-pt\/nos-categories\/profissionais\/"},{"@type":"ListItem","position":3,"name":"Regulamenta\u00e7\u00e3o do aluguer sazonal"}]},{"@type":"WebSite","@id":"https:\/\/styqr.fr\/pt-pt\/#website","url":"https:\/\/styqr.fr\/pt-pt\/","name":"StyQR","description":"Cr\u00e9ez votre livret d&#039;accueil digital personnalis\u00e9 pour vos voyageurs","publisher":{"@id":"https:\/\/styqr.fr\/pt-pt\/#organization"},"potentialAction":[{"@type":"SearchAction","target":{"@type":"EntryPoint","urlTemplate":"https:\/\/styqr.fr\/pt-pt\/?s={search_term_string}"},"query-input":{"@type":"PropertyValueSpecification","valueRequired":true,"valueName":"search_term_string"}}],"inLanguage":"pt-PT"},{"@type":"Organization","@id":"https:\/\/styqr.fr\/pt-pt\/#organization","name":"StyQR","url":"https:\/\/styqr.fr\/pt-pt\/","logo":{"@type":"ImageObject","inLanguage":"pt-PT","@id":"https:\/\/styqr.fr\/pt-pt\/#\/schema\/logo\/image\/","url":"https:\/\/styqr.fr\/wp-content\/uploads\/2020\/11\/Fichier-5.png","contentUrl":"https:\/\/styqr.fr\/wp-content\/uploads\/2020\/11\/Fichier-5.png","width":388,"height":194,"caption":"StyQR"},"image":{"@id":"https:\/\/styqr.fr\/pt-pt\/#\/schema\/logo\/image\/"},"sameAs":["https:\/\/fr-fr.facebook.com\/styqr\/","https:\/\/www.instagram.com\/styqr_fr\/","https:\/\/fr.linkedin.com\/company\/styqr"],"description":"StyQR, le livret d'accueil digital","email":"contact@styqr.fr","legalName":"SAS StyQR","foundingDate":"2019-05-27","vatID":"FR55824532865","taxID":"82453286500014","numberOfEmployees":{"@type":"QuantitativeValue","minValue":"1","maxValue":"10"}},{"@type":"Person","@id":"https:\/\/styqr.fr\/pt-pt\/#\/schema\/person\/9961aca9b86c9501bc1a72282df89aac","name":"Marine","image":{"@type":"ImageObject","inLanguage":"pt-PT","@id":"https:\/\/secure.gravatar.com\/avatar\/647b7182996833269bfb418442442520d7a3cf1ce76c2bbb26b93d7fbb28bb58?s=96&d=mm&r=g","url":"https:\/\/secure.gravatar.com\/avatar\/647b7182996833269bfb418442442520d7a3cf1ce76c2bbb26b93d7fbb28bb58?s=96&d=mm&r=g","contentUrl":"https:\/\/secure.gravatar.com\/avatar\/647b7182996833269bfb418442442520d7a3cf1ce76c2bbb26b93d7fbb28bb58?s=96&d=mm&r=g","caption":"Marine"},"sameAs":["https:\/\/x.com\/julien-styqr-admin"]}]}},"_links":{"self":[{"href":"https:\/\/styqr.fr\/pt-pt\/wp-json\/wp\/v2\/posts\/106053","targetHints":{"allow":["GET"]}}],"collection":[{"href":"https:\/\/styqr.fr\/pt-pt\/wp-json\/wp\/v2\/posts"}],"about":[{"href":"https:\/\/styqr.fr\/pt-pt\/wp-json\/wp\/v2\/types\/post"}],"author":[{"embeddable":true,"href":"https:\/\/styqr.fr\/pt-pt\/wp-json\/wp\/v2\/users\/3"}],"replies":[{"embeddable":true,"href":"https:\/\/styqr.fr\/pt-pt\/wp-json\/wp\/v2\/comments?post=106053"}],"version-history":[{"count":0,"href":"https:\/\/styqr.fr\/pt-pt\/wp-json\/wp\/v2\/posts\/106053\/revisions"}],"wp:featuredmedia":[{"embeddable":true,"href":"https:\/\/styqr.fr\/pt-pt\/wp-json\/wp\/v2\/media\/106048"}],"wp:attachment":[{"href":"https:\/\/styqr.fr\/pt-pt\/wp-json\/wp\/v2\/media?parent=106053"}],"wp:term":[{"taxonomy":"category","embeddable":true,"href":"https:\/\/styqr.fr\/pt-pt\/wp-json\/wp\/v2\/categories?post=106053"},{"taxonomy":"post_tag","embeddable":true,"href":"https:\/\/styqr.fr\/pt-pt\/wp-json\/wp\/v2\/tags?post=106053"}],"curies":[{"name":"wp","href":"https:\/\/api.w.org\/{rel}","templated":true}]}}