{"id":105347,"date":"2024-06-24T15:43:39","date_gmt":"2024-06-24T13:43:39","guid":{"rendered":"https:\/\/styqr.fr\/2024\/06\/24\/subarrendamento-ilegal-na-airbnb-riscos-e-consequencias\/"},"modified":"2025-08-26T17:07:31","modified_gmt":"2025-08-26T15:07:31","slug":"subarrendamento-ilegal-na-airbnb-riscos-e-consequencias","status":"publish","type":"post","link":"https:\/\/styqr.fr\/pt-pt\/2024\/06\/24\/subarrendamento-ilegal-na-airbnb-riscos-e-consequencias\/","title":{"rendered":"Subarrendamento ilegal na Airbnb: riscos e san\u00e7\u00f5es"},"content":{"rendered":"<div class=\"wpb-content-wrapper\"><p>[vc_row][vc_column width=&#8221;1\/1&#8243;][vc_column_text uncode_shortcode_id=&#8221;103233&#8243;]Colocar um im\u00f3vel <strong>para aluguer de curta dura\u00e7\u00e3o<\/strong> na Airbnb est\u00e1 sujeito a<strong> regras<\/strong> que s\u00e3o comunicadas ao arrendat\u00e1rio assim que este acede \u00e0 plataforma. Infelizmente, por\u00e9m, h\u00e1 cada vez mais pessoas que abusam destas regras e n\u00e3o t\u00eam consci\u00eancia dos riscos desnecess\u00e1rios que correm.[\/vc_column_text][\/vc_column][\/vc_row][vc_row][vc_column width=&#8221;1\/1&#8243;][vc_row_inner][vc_column_inner column_width_percent=&#8221;100&#8243; gutter_size=&#8221;0&#8243; overlay_alpha=&#8221;50&#8243; shift_x=&#8221;0&#8243; shift_y=&#8221;0&#8243; shift_y_down=&#8221;0&#8243; z_index=&#8221;0&#8243; medium_width=&#8221;0&#8243; mobile_width=&#8221;0&#8243; width=&#8221;1\/1&#8243;][vc_custom_heading uncode_shortcode_id=&#8221;154296&#8243;]<\/p>\n<h2><span class=\"s1\"><b>O que \u00e9 um subarrendamento ilegal na Airbnb?<\/b><br \/>\n<\/span><\/h2>\n<p>[\/vc_custom_heading][vc_empty_space][vc_column_text uncode_shortcode_id=&#8221;943845&#8243;]\u00c9 importante compreender o que se entende exatamente por <strong>subarrendamento ilegal<\/strong> na Airbnb. Simplificando, ocorre quando algu\u00e9m aluga uma propriedade na Airbnb sem a permiss\u00e3o expl\u00edcita do propriet\u00e1rio original ou do senhorio. Isso pode ir contra os termos do contrato de arrendamento ou at\u00e9 mesmo contra as leis locais de zoneamento e de aluguel de curto prazo. \u00c9 por isso que o aluguer de propriedades a curto prazo \u00e9 geralmente legal apenas para os senhorios.[\/vc_column_text][vc_empty_space][vc_single_image media=&#8221;105334&#8243; media_width_percent=&#8221;100&#8243; uncode_shortcode_id=&#8221;174462&#8243;][vc_empty_space empty_h=&#8221;2&#8243;][vc_custom_heading uncode_shortcode_id=&#8221;110882&#8243;]<\/p>\n<h2>Riscos para os inquilinos<\/h2>\n<p>[\/vc_custom_heading][vc_empty_space empty_h=&#8221;2&#8243;][vc_custom_heading uncode_shortcode_id=&#8221;168762&#8243;]<\/p>\n<h3>1. Viola\u00e7\u00e3o do contrato de arrendamento<\/h3>\n<p>[\/vc_custom_heading][vc_empty_space empty_h=&#8221;2&#8243;][vc_column_text uncode_shortcode_id=&#8221;149480&#8243;]Se subarrendares sem autoriza\u00e7\u00e3o, corres o risco de <strong>violar o contrato de arrendamento<\/strong>. Os senhorios podem <strong>despejar-te<\/strong> legalmente por incumprimento das condi\u00e7\u00f5es de arrendamento.[\/vc_column_text][vc_empty_space empty_h=&#8221;2&#8243;][vc_custom_heading uncode_shortcode_id=&#8221;188525&#8243;]<\/p>\n<h3>2. Responsabilidade jur\u00eddica<\/h3>\n<p>[\/vc_custom_heading][vc_empty_space empty_h=&#8221;2&#8243;][vc_column_text uncode_shortcode_id=&#8221;162151&#8243;]Em caso de <strong>problemas<\/strong> com sublocat\u00e1rios ou de<strong> danos<\/strong> na propriedade, o inquilino original \u00e9 frequentemente responsabilizado. Isto pode levar a <strong>custos financeiros<\/strong> significativos e a<strong> complica\u00e7\u00f5es legais<\/strong>.[\/vc_column_text][vc_empty_space empty_h=&#8221;2&#8243;][vc_custom_heading uncode_shortcode_id=&#8221;188158&#8243;]<\/p>\n<h3>3. Perda do dep\u00f3sito de seguran\u00e7a<\/h3>\n<p>[\/vc_custom_heading][vc_empty_space empty_h=&#8221;2&#8243;][vc_column_text uncode_shortcode_id=&#8221;759688&#8243;]Se o teu contrato de arrendamento estipular que o subarrendamento \u00e9 proibido, podes <strong>perder a tua cau\u00e7\u00e3o<\/strong> e enfrentar <strong>multas<\/strong> adicionais por violar o contrato.[\/vc_column_text][\/vc_column_inner][\/vc_row_inner][\/vc_column][\/vc_row][vc_row][vc_column width=&#8221;1\/1&#8243;][vc_custom_heading uncode_shortcode_id=&#8221;132179&#8243;]<\/p>\n<h2>Riscos para os propriet\u00e1rios<\/h2>\n<p>[\/vc_custom_heading][vc_single_image media=&#8221;105342&#8243; media_width_percent=&#8221;100&#8243; uncode_shortcode_id=&#8221;111731&#8243;][vc_custom_heading uncode_shortcode_id=&#8221;805421&#8243;]<\/p>\n<h3>1. Seguros e responsabilidade civil<\/h3>\n<p>[\/vc_custom_heading][vc_column_text uncode_shortcode_id=&#8221;720816&#8243;]Os sublocat\u00e1rios n\u00e3o autorizados<strong> n\u00e3o<\/strong> est\u00e3o geralmente cobertos<strong> pelo seguro do im\u00f3vel<\/strong>. Em caso de danos ou lit\u00edgios, o propriet\u00e1rio pode ser responsabilizado.[\/vc_column_text][vc_custom_heading uncode_shortcode_id=&#8221;142944&#8243;]<\/p>\n<h3>2. Coimas e ac\u00e7\u00f5es judiciais<\/h3>\n<p>[\/vc_custom_heading][vc_column_text uncode_shortcode_id=&#8221;691122&#8243;]A viola\u00e7\u00e3o da regulamenta\u00e7\u00e3o local em mat\u00e9ria de ordenamento do territ\u00f3rio ou de arrendamento de curta dura\u00e7\u00e3o pode dar origem a <strong>coimas substanciais e a processos judiciais<\/strong>, muitas vezes dispendiosos e morosos. As coimas podem variar entre algumas centenas e v\u00e1rios milhares de euros, consoante a gravidade da infra\u00e7\u00e3o e a regulamenta\u00e7\u00e3o local em vigor. A coima mais comum \u00e9 de <strong>50 000 euros por cada pessoa envolvida<\/strong>. Inclui o propriet\u00e1rio e o inquilino original do im\u00f3vel.[\/vc_column_text][vc_custom_heading uncode_shortcode_id=&#8221;448266&#8243;]<\/p>\n<h3>3. Problemas de vizinhan\u00e7a<\/h3>\n<p>[\/vc_custom_heading][vc_column_text uncode_shortcode_id=&#8221;153443&#8243;]O subarrendamento ilegal pode <strong>perturbar a paz e o sossego dos vizinhos<\/strong>, dando origem a<strong> queixas e lit\u00edgios<\/strong> com as autoridades locais ou associa\u00e7\u00f5es de condom\u00ednios.[\/vc_column_text][vc_column_text uncode_shortcode_id=&#8221;166515&#8243;]Em resumo, o subarrendamento ilegal na Airbnb acarreta <strong>riscos significativos tanto para os inquilinos como para os propriet\u00e1rios.<\/strong> No entanto, se seguires as regras, \u00e9 poss\u00edvel usufruir dos benef\u00edcios dos alugueres de curta dura\u00e7\u00e3o de forma legal e respons\u00e1vel.[\/vc_column_text][vc_column_text uncode_shortcode_id=&#8221;110180&#8243;]Queres saber mais sobre os regulamentos da Airbnb? L\u00ea o nosso artigo sobre <a href=\"https:\/\/styqr.fr\/pt-pt\/2024\/01\/23\/como-e-que-se-criam-regras-internas-para-a-airbnb\/\"><strong>Como \u00e9 que crias as regras da casa para a Airbnb?<\/strong><\/a>[\/vc_column_text][\/vc_column][\/vc_row]<\/p>\n<\/div>","protected":false},"excerpt":{"rendered":"<p>[vc_row][vc_column width=&#8221;1\/1&#8243;][vc_column_text uncode_shortcode_id=&#8221;103233&#8243;]Colocar um im\u00f3vel para aluguer de curta dura\u00e7\u00e3o na Airbnb est\u00e1 sujeito a regras que s\u00e3o comunicadas ao [&hellip;]<\/p>\n","protected":false},"author":3,"featured_media":105338,"comment_status":"closed","ping_status":"open","sticky":false,"template":"","format":"standard","meta":{"footnotes":""},"categories":[905,929],"tags":[1929,1930,1931,1973,1988,2001,2007],"class_list":["post-105347","post","type-post","status-publish","format-standard","has-post-thumbnail","hentry","category-individuos","category-profissionais","tag-styqr-pt-pt","tag-digital-pt-pt","tag-aluguer","tag-viaja","tag-airbnb-pt-pt","tag-ferias","tag-proprietario"],"yoast_head":"<!-- This site is optimized with the Yoast SEO Premium plugin v27.4 (Yoast SEO v27.4) - https:\/\/yoast.com\/product\/yoast-seo-premium-wordpress\/ -->\n<title>Subarrendamento Ilegal na Airbnb: Conhe\u00e7a os Riscos e San\u00e7\u00f5es.<\/title>\n<meta name=\"description\" content=\"Descobre os riscos e as penaliza\u00e7\u00f5es associadas ao subarrendamento ilegal na Airbnb. Descobre as regras que tens de seguir para arrendar legalmente.\" \/>\n<meta name=\"robots\" content=\"index, follow, max-snippet:-1, max-image-preview:large, max-video-preview:-1\" \/>\n<link rel=\"canonical\" href=\"https:\/\/styqr.fr\/pt-pt\/2024\/06\/24\/subarrendamento-ilegal-na-airbnb-riscos-e-consequencias\/\" \/>\n<meta property=\"og:locale\" content=\"pt_PT\" \/>\n<meta property=\"og:type\" content=\"article\" \/>\n<meta property=\"og:title\" content=\"StyQR | Le livret d&#039;accueil digital\" \/>\n<meta property=\"og:description\" content=\"Descobre os riscos e as penaliza\u00e7\u00f5es associadas ao subarrendamento ilegal na Airbnb. Descobre as regras que tens de seguir para arrendar legalmente.\" \/>\n<meta property=\"og:url\" content=\"https:\/\/styqr.fr\/pt-pt\/2024\/06\/24\/subarrendamento-ilegal-na-airbnb-riscos-e-consequencias\/\" \/>\n<meta property=\"og:site_name\" content=\"StyQR\" \/>\n<meta property=\"article:publisher\" content=\"https:\/\/fr-fr.facebook.com\/styqr\/\" \/>\n<meta property=\"article:published_time\" content=\"2024-06-24T13:43:39+00:00\" \/>\n<meta property=\"article:modified_time\" content=\"2025-08-26T15:07:31+00:00\" \/>\n<meta property=\"og:image\" content=\"https:\/\/styqr.fr\/wp-content\/uploads\/2024\/06\/red-for-lease-sign-on-a-house-in-the-rental-proper-2023-11-27-05-00-02-utc-min-scaled.jpg\" \/>\n\t<meta property=\"og:image:width\" content=\"2560\" \/>\n\t<meta property=\"og:image:height\" content=\"1707\" \/>\n\t<meta property=\"og:image:type\" content=\"image\/jpeg\" \/>\n<meta name=\"author\" content=\"Marine\" \/>\n<meta name=\"twitter:card\" content=\"summary_large_image\" \/>\n<meta name=\"twitter:creator\" content=\"@julien-styqr-admin\" \/>\n<script type=\"application\/ld+json\" class=\"yoast-schema-graph\">{\"@context\":\"https:\\\/\\\/schema.org\",\"@graph\":[{\"@type\":\"Article\",\"@id\":\"https:\\\/\\\/styqr.fr\\\/pt-pt\\\/2024\\\/06\\\/24\\\/subarrendamento-ilegal-na-airbnb-riscos-e-consequencias\\\/#article\",\"isPartOf\":{\"@id\":\"https:\\\/\\\/styqr.fr\\\/pt-pt\\\/2024\\\/06\\\/24\\\/subarrendamento-ilegal-na-airbnb-riscos-e-consequencias\\\/\"},\"author\":{\"name\":\"Marine\",\"@id\":\"https:\\\/\\\/styqr.fr\\\/pt-pt\\\/#\\\/schema\\\/person\\\/9961aca9b86c9501bc1a72282df89aac\"},\"headline\":\"Subarrendamento ilegal na Airbnb: riscos e san\u00e7\u00f5es\",\"datePublished\":\"2024-06-24T13:43:39+00:00\",\"dateModified\":\"2025-08-26T15:07:31+00:00\",\"mainEntityOfPage\":{\"@id\":\"https:\\\/\\\/styqr.fr\\\/pt-pt\\\/2024\\\/06\\\/24\\\/subarrendamento-ilegal-na-airbnb-riscos-e-consequencias\\\/\"},\"wordCount\":763,\"publisher\":{\"@id\":\"https:\\\/\\\/styqr.fr\\\/pt-pt\\\/#organization\"},\"image\":{\"@id\":\"https:\\\/\\\/styqr.fr\\\/pt-pt\\\/2024\\\/06\\\/24\\\/subarrendamento-ilegal-na-airbnb-riscos-e-consequencias\\\/#primaryimage\"},\"thumbnailUrl\":\"https:\\\/\\\/styqr.fr\\\/wp-content\\\/uploads\\\/2024\\\/06\\\/red-for-lease-sign-on-a-house-in-the-rental-proper-2023-11-27-05-00-02-utc-min-scaled.jpg\",\"keywords\":[\"styqr\",\"digital\",\"aluguer\",\"viaja\",\"airbnb\",\"f\u00e9rias\",\"propriet\u00e1rio\"],\"articleSection\":[\"Indiv\u00edduos\",\"Profissionais\"],\"inLanguage\":\"pt-PT\"},{\"@type\":\"WebPage\",\"@id\":\"https:\\\/\\\/styqr.fr\\\/pt-pt\\\/2024\\\/06\\\/24\\\/subarrendamento-ilegal-na-airbnb-riscos-e-consequencias\\\/\",\"url\":\"https:\\\/\\\/styqr.fr\\\/pt-pt\\\/2024\\\/06\\\/24\\\/subarrendamento-ilegal-na-airbnb-riscos-e-consequencias\\\/\",\"name\":\"Subarrendamento Ilegal na Airbnb: Conhe\u00e7a os Riscos e San\u00e7\u00f5es.\",\"isPartOf\":{\"@id\":\"https:\\\/\\\/styqr.fr\\\/pt-pt\\\/#website\"},\"primaryImageOfPage\":{\"@id\":\"https:\\\/\\\/styqr.fr\\\/pt-pt\\\/2024\\\/06\\\/24\\\/subarrendamento-ilegal-na-airbnb-riscos-e-consequencias\\\/#primaryimage\"},\"image\":{\"@id\":\"https:\\\/\\\/styqr.fr\\\/pt-pt\\\/2024\\\/06\\\/24\\\/subarrendamento-ilegal-na-airbnb-riscos-e-consequencias\\\/#primaryimage\"},\"thumbnailUrl\":\"https:\\\/\\\/styqr.fr\\\/wp-content\\\/uploads\\\/2024\\\/06\\\/red-for-lease-sign-on-a-house-in-the-rental-proper-2023-11-27-05-00-02-utc-min-scaled.jpg\",\"datePublished\":\"2024-06-24T13:43:39+00:00\",\"dateModified\":\"2025-08-26T15:07:31+00:00\",\"description\":\"Descobre os riscos e as penaliza\u00e7\u00f5es associadas ao subarrendamento ilegal na Airbnb. Descobre as regras que tens de seguir para arrendar legalmente.\",\"breadcrumb\":{\"@id\":\"https:\\\/\\\/styqr.fr\\\/pt-pt\\\/2024\\\/06\\\/24\\\/subarrendamento-ilegal-na-airbnb-riscos-e-consequencias\\\/#breadcrumb\"},\"inLanguage\":\"pt-PT\",\"potentialAction\":[{\"@type\":\"ReadAction\",\"target\":[\"https:\\\/\\\/styqr.fr\\\/pt-pt\\\/2024\\\/06\\\/24\\\/subarrendamento-ilegal-na-airbnb-riscos-e-consequencias\\\/\"]}]},{\"@type\":\"ImageObject\",\"inLanguage\":\"pt-PT\",\"@id\":\"https:\\\/\\\/styqr.fr\\\/pt-pt\\\/2024\\\/06\\\/24\\\/subarrendamento-ilegal-na-airbnb-riscos-e-consequencias\\\/#primaryimage\",\"url\":\"https:\\\/\\\/styqr.fr\\\/wp-content\\\/uploads\\\/2024\\\/06\\\/red-for-lease-sign-on-a-house-in-the-rental-proper-2023-11-27-05-00-02-utc-min-scaled.jpg\",\"contentUrl\":\"https:\\\/\\\/styqr.fr\\\/wp-content\\\/uploads\\\/2024\\\/06\\\/red-for-lease-sign-on-a-house-in-the-rental-proper-2023-11-27-05-00-02-utc-min-scaled.jpg\",\"width\":2560,\"height\":1707},{\"@type\":\"BreadcrumbList\",\"@id\":\"https:\\\/\\\/styqr.fr\\\/pt-pt\\\/2024\\\/06\\\/24\\\/subarrendamento-ilegal-na-airbnb-riscos-e-consequencias\\\/#breadcrumb\",\"itemListElement\":[{\"@type\":\"ListItem\",\"position\":1,\"name\":\"Casa\",\"item\":\"https:\\\/\\\/styqr.fr\\\/pt-pt\\\/\"},{\"@type\":\"ListItem\",\"position\":2,\"name\":\"Profissionais\",\"item\":\"https:\\\/\\\/styqr.fr\\\/pt-pt\\\/nos-categories\\\/profissionais\\\/\"},{\"@type\":\"ListItem\",\"position\":3,\"name\":\"Subarrendamento ilegal na Airbnb: riscos e san\u00e7\u00f5es\"}]},{\"@type\":\"WebSite\",\"@id\":\"https:\\\/\\\/styqr.fr\\\/pt-pt\\\/#website\",\"url\":\"https:\\\/\\\/styqr.fr\\\/pt-pt\\\/\",\"name\":\"StyQR\",\"description\":\"Cr\u00e9ez votre livret d&#039;accueil digital personnalis\u00e9 pour vos voyageurs\",\"publisher\":{\"@id\":\"https:\\\/\\\/styqr.fr\\\/pt-pt\\\/#organization\"},\"potentialAction\":[{\"@type\":\"SearchAction\",\"target\":{\"@type\":\"EntryPoint\",\"urlTemplate\":\"https:\\\/\\\/styqr.fr\\\/pt-pt\\\/?s={search_term_string}\"},\"query-input\":{\"@type\":\"PropertyValueSpecification\",\"valueRequired\":true,\"valueName\":\"search_term_string\"}}],\"inLanguage\":\"pt-PT\"},{\"@type\":\"Organization\",\"@id\":\"https:\\\/\\\/styqr.fr\\\/pt-pt\\\/#organization\",\"name\":\"StyQR\",\"url\":\"https:\\\/\\\/styqr.fr\\\/pt-pt\\\/\",\"logo\":{\"@type\":\"ImageObject\",\"inLanguage\":\"pt-PT\",\"@id\":\"https:\\\/\\\/styqr.fr\\\/pt-pt\\\/#\\\/schema\\\/logo\\\/image\\\/\",\"url\":\"https:\\\/\\\/styqr.fr\\\/wp-content\\\/uploads\\\/2020\\\/11\\\/Fichier-5.png\",\"contentUrl\":\"https:\\\/\\\/styqr.fr\\\/wp-content\\\/uploads\\\/2020\\\/11\\\/Fichier-5.png\",\"width\":388,\"height\":194,\"caption\":\"StyQR\"},\"image\":{\"@id\":\"https:\\\/\\\/styqr.fr\\\/pt-pt\\\/#\\\/schema\\\/logo\\\/image\\\/\"},\"sameAs\":[\"https:\\\/\\\/fr-fr.facebook.com\\\/styqr\\\/\",\"https:\\\/\\\/www.instagram.com\\\/styqr_fr\\\/\",\"https:\\\/\\\/fr.linkedin.com\\\/company\\\/styqr\"],\"description\":\"StyQR, le livret d'accueil digital\",\"email\":\"contact@styqr.fr\",\"legalName\":\"SAS StyQR\",\"foundingDate\":\"2019-05-27\",\"vatID\":\"FR55824532865\",\"taxID\":\"82453286500014\",\"numberOfEmployees\":{\"@type\":\"QuantitativeValue\",\"minValue\":\"1\",\"maxValue\":\"10\"}},{\"@type\":\"Person\",\"@id\":\"https:\\\/\\\/styqr.fr\\\/pt-pt\\\/#\\\/schema\\\/person\\\/9961aca9b86c9501bc1a72282df89aac\",\"name\":\"Marine\",\"image\":{\"@type\":\"ImageObject\",\"inLanguage\":\"pt-PT\",\"@id\":\"https:\\\/\\\/secure.gravatar.com\\\/avatar\\\/647b7182996833269bfb418442442520d7a3cf1ce76c2bbb26b93d7fbb28bb58?s=96&d=mm&r=g\",\"url\":\"https:\\\/\\\/secure.gravatar.com\\\/avatar\\\/647b7182996833269bfb418442442520d7a3cf1ce76c2bbb26b93d7fbb28bb58?s=96&d=mm&r=g\",\"contentUrl\":\"https:\\\/\\\/secure.gravatar.com\\\/avatar\\\/647b7182996833269bfb418442442520d7a3cf1ce76c2bbb26b93d7fbb28bb58?s=96&d=mm&r=g\",\"caption\":\"Marine\"},\"sameAs\":[\"https:\\\/\\\/x.com\\\/julien-styqr-admin\"]}]}<\/script>\n<!-- \/ Yoast SEO Premium plugin. -->","yoast_head_json":{"title":"Subarrendamento Ilegal na Airbnb: Conhe\u00e7a os Riscos e San\u00e7\u00f5es.","description":"Descobre os riscos e as penaliza\u00e7\u00f5es associadas ao subarrendamento ilegal na Airbnb. Descobre as regras que tens de seguir para arrendar legalmente.","robots":{"index":"index","follow":"follow","max-snippet":"max-snippet:-1","max-image-preview":"max-image-preview:large","max-video-preview":"max-video-preview:-1"},"canonical":"https:\/\/styqr.fr\/pt-pt\/2024\/06\/24\/subarrendamento-ilegal-na-airbnb-riscos-e-consequencias\/","og_locale":"pt_PT","og_type":"article","og_title":"StyQR | Le livret d'accueil digital","og_description":"Descobre os riscos e as penaliza\u00e7\u00f5es associadas ao subarrendamento ilegal na Airbnb. Descobre as regras que tens de seguir para arrendar legalmente.","og_url":"https:\/\/styqr.fr\/pt-pt\/2024\/06\/24\/subarrendamento-ilegal-na-airbnb-riscos-e-consequencias\/","og_site_name":"StyQR","article_publisher":"https:\/\/fr-fr.facebook.com\/styqr\/","article_published_time":"2024-06-24T13:43:39+00:00","article_modified_time":"2025-08-26T15:07:31+00:00","og_image":[{"width":2560,"height":1707,"url":"https:\/\/styqr.fr\/wp-content\/uploads\/2024\/06\/red-for-lease-sign-on-a-house-in-the-rental-proper-2023-11-27-05-00-02-utc-min-scaled.jpg","type":"image\/jpeg"}],"author":"Marine","twitter_card":"summary_large_image","twitter_creator":"@julien-styqr-admin","schema":{"@context":"https:\/\/schema.org","@graph":[{"@type":"Article","@id":"https:\/\/styqr.fr\/pt-pt\/2024\/06\/24\/subarrendamento-ilegal-na-airbnb-riscos-e-consequencias\/#article","isPartOf":{"@id":"https:\/\/styqr.fr\/pt-pt\/2024\/06\/24\/subarrendamento-ilegal-na-airbnb-riscos-e-consequencias\/"},"author":{"name":"Marine","@id":"https:\/\/styqr.fr\/pt-pt\/#\/schema\/person\/9961aca9b86c9501bc1a72282df89aac"},"headline":"Subarrendamento ilegal na Airbnb: riscos e san\u00e7\u00f5es","datePublished":"2024-06-24T13:43:39+00:00","dateModified":"2025-08-26T15:07:31+00:00","mainEntityOfPage":{"@id":"https:\/\/styqr.fr\/pt-pt\/2024\/06\/24\/subarrendamento-ilegal-na-airbnb-riscos-e-consequencias\/"},"wordCount":763,"publisher":{"@id":"https:\/\/styqr.fr\/pt-pt\/#organization"},"image":{"@id":"https:\/\/styqr.fr\/pt-pt\/2024\/06\/24\/subarrendamento-ilegal-na-airbnb-riscos-e-consequencias\/#primaryimage"},"thumbnailUrl":"https:\/\/styqr.fr\/wp-content\/uploads\/2024\/06\/red-for-lease-sign-on-a-house-in-the-rental-proper-2023-11-27-05-00-02-utc-min-scaled.jpg","keywords":["styqr","digital","aluguer","viaja","airbnb","f\u00e9rias","propriet\u00e1rio"],"articleSection":["Indiv\u00edduos","Profissionais"],"inLanguage":"pt-PT"},{"@type":"WebPage","@id":"https:\/\/styqr.fr\/pt-pt\/2024\/06\/24\/subarrendamento-ilegal-na-airbnb-riscos-e-consequencias\/","url":"https:\/\/styqr.fr\/pt-pt\/2024\/06\/24\/subarrendamento-ilegal-na-airbnb-riscos-e-consequencias\/","name":"Subarrendamento Ilegal na Airbnb: Conhe\u00e7a os Riscos e San\u00e7\u00f5es.","isPartOf":{"@id":"https:\/\/styqr.fr\/pt-pt\/#website"},"primaryImageOfPage":{"@id":"https:\/\/styqr.fr\/pt-pt\/2024\/06\/24\/subarrendamento-ilegal-na-airbnb-riscos-e-consequencias\/#primaryimage"},"image":{"@id":"https:\/\/styqr.fr\/pt-pt\/2024\/06\/24\/subarrendamento-ilegal-na-airbnb-riscos-e-consequencias\/#primaryimage"},"thumbnailUrl":"https:\/\/styqr.fr\/wp-content\/uploads\/2024\/06\/red-for-lease-sign-on-a-house-in-the-rental-proper-2023-11-27-05-00-02-utc-min-scaled.jpg","datePublished":"2024-06-24T13:43:39+00:00","dateModified":"2025-08-26T15:07:31+00:00","description":"Descobre os riscos e as penaliza\u00e7\u00f5es associadas ao subarrendamento ilegal na Airbnb. Descobre as regras que tens de seguir para arrendar legalmente.","breadcrumb":{"@id":"https:\/\/styqr.fr\/pt-pt\/2024\/06\/24\/subarrendamento-ilegal-na-airbnb-riscos-e-consequencias\/#breadcrumb"},"inLanguage":"pt-PT","potentialAction":[{"@type":"ReadAction","target":["https:\/\/styqr.fr\/pt-pt\/2024\/06\/24\/subarrendamento-ilegal-na-airbnb-riscos-e-consequencias\/"]}]},{"@type":"ImageObject","inLanguage":"pt-PT","@id":"https:\/\/styqr.fr\/pt-pt\/2024\/06\/24\/subarrendamento-ilegal-na-airbnb-riscos-e-consequencias\/#primaryimage","url":"https:\/\/styqr.fr\/wp-content\/uploads\/2024\/06\/red-for-lease-sign-on-a-house-in-the-rental-proper-2023-11-27-05-00-02-utc-min-scaled.jpg","contentUrl":"https:\/\/styqr.fr\/wp-content\/uploads\/2024\/06\/red-for-lease-sign-on-a-house-in-the-rental-proper-2023-11-27-05-00-02-utc-min-scaled.jpg","width":2560,"height":1707},{"@type":"BreadcrumbList","@id":"https:\/\/styqr.fr\/pt-pt\/2024\/06\/24\/subarrendamento-ilegal-na-airbnb-riscos-e-consequencias\/#breadcrumb","itemListElement":[{"@type":"ListItem","position":1,"name":"Casa","item":"https:\/\/styqr.fr\/pt-pt\/"},{"@type":"ListItem","position":2,"name":"Profissionais","item":"https:\/\/styqr.fr\/pt-pt\/nos-categories\/profissionais\/"},{"@type":"ListItem","position":3,"name":"Subarrendamento ilegal na Airbnb: riscos e san\u00e7\u00f5es"}]},{"@type":"WebSite","@id":"https:\/\/styqr.fr\/pt-pt\/#website","url":"https:\/\/styqr.fr\/pt-pt\/","name":"StyQR","description":"Cr\u00e9ez votre livret d&#039;accueil digital personnalis\u00e9 pour vos voyageurs","publisher":{"@id":"https:\/\/styqr.fr\/pt-pt\/#organization"},"potentialAction":[{"@type":"SearchAction","target":{"@type":"EntryPoint","urlTemplate":"https:\/\/styqr.fr\/pt-pt\/?s={search_term_string}"},"query-input":{"@type":"PropertyValueSpecification","valueRequired":true,"valueName":"search_term_string"}}],"inLanguage":"pt-PT"},{"@type":"Organization","@id":"https:\/\/styqr.fr\/pt-pt\/#organization","name":"StyQR","url":"https:\/\/styqr.fr\/pt-pt\/","logo":{"@type":"ImageObject","inLanguage":"pt-PT","@id":"https:\/\/styqr.fr\/pt-pt\/#\/schema\/logo\/image\/","url":"https:\/\/styqr.fr\/wp-content\/uploads\/2020\/11\/Fichier-5.png","contentUrl":"https:\/\/styqr.fr\/wp-content\/uploads\/2020\/11\/Fichier-5.png","width":388,"height":194,"caption":"StyQR"},"image":{"@id":"https:\/\/styqr.fr\/pt-pt\/#\/schema\/logo\/image\/"},"sameAs":["https:\/\/fr-fr.facebook.com\/styqr\/","https:\/\/www.instagram.com\/styqr_fr\/","https:\/\/fr.linkedin.com\/company\/styqr"],"description":"StyQR, le livret d'accueil digital","email":"contact@styqr.fr","legalName":"SAS StyQR","foundingDate":"2019-05-27","vatID":"FR55824532865","taxID":"82453286500014","numberOfEmployees":{"@type":"QuantitativeValue","minValue":"1","maxValue":"10"}},{"@type":"Person","@id":"https:\/\/styqr.fr\/pt-pt\/#\/schema\/person\/9961aca9b86c9501bc1a72282df89aac","name":"Marine","image":{"@type":"ImageObject","inLanguage":"pt-PT","@id":"https:\/\/secure.gravatar.com\/avatar\/647b7182996833269bfb418442442520d7a3cf1ce76c2bbb26b93d7fbb28bb58?s=96&d=mm&r=g","url":"https:\/\/secure.gravatar.com\/avatar\/647b7182996833269bfb418442442520d7a3cf1ce76c2bbb26b93d7fbb28bb58?s=96&d=mm&r=g","contentUrl":"https:\/\/secure.gravatar.com\/avatar\/647b7182996833269bfb418442442520d7a3cf1ce76c2bbb26b93d7fbb28bb58?s=96&d=mm&r=g","caption":"Marine"},"sameAs":["https:\/\/x.com\/julien-styqr-admin"]}]}},"_links":{"self":[{"href":"https:\/\/styqr.fr\/pt-pt\/wp-json\/wp\/v2\/posts\/105347","targetHints":{"allow":["GET"]}}],"collection":[{"href":"https:\/\/styqr.fr\/pt-pt\/wp-json\/wp\/v2\/posts"}],"about":[{"href":"https:\/\/styqr.fr\/pt-pt\/wp-json\/wp\/v2\/types\/post"}],"author":[{"embeddable":true,"href":"https:\/\/styqr.fr\/pt-pt\/wp-json\/wp\/v2\/users\/3"}],"replies":[{"embeddable":true,"href":"https:\/\/styqr.fr\/pt-pt\/wp-json\/wp\/v2\/comments?post=105347"}],"version-history":[{"count":0,"href":"https:\/\/styqr.fr\/pt-pt\/wp-json\/wp\/v2\/posts\/105347\/revisions"}],"wp:featuredmedia":[{"embeddable":true,"href":"https:\/\/styqr.fr\/pt-pt\/wp-json\/wp\/v2\/media\/105338"}],"wp:attachment":[{"href":"https:\/\/styqr.fr\/pt-pt\/wp-json\/wp\/v2\/media?parent=105347"}],"wp:term":[{"taxonomy":"category","embeddable":true,"href":"https:\/\/styqr.fr\/pt-pt\/wp-json\/wp\/v2\/categories?post=105347"},{"taxonomy":"post_tag","embeddable":true,"href":"https:\/\/styqr.fr\/pt-pt\/wp-json\/wp\/v2\/tags?post=105347"}],"curies":[{"name":"wp","href":"https:\/\/api.w.org\/{rel}","templated":true}]}}