{"id":102121,"date":"2024-01-23T17:19:34","date_gmt":"2024-01-23T16:19:34","guid":{"rendered":"https:\/\/styqr.fr\/2024\/01\/23\/as-nossas-estancias-de-desportos-de-inverno-preferidas-em-franca\/"},"modified":"2025-01-23T11:25:24","modified_gmt":"2025-01-23T10:25:24","slug":"as-nossas-estancias-de-desportos-de-inverno-preferidas-em-franca","status":"publish","type":"post","link":"https:\/\/styqr.fr\/pt-pt\/2024\/01\/23\/as-nossas-estancias-de-desportos-de-inverno-preferidas-em-franca\/","title":{"rendered":"Melhores esta\u00e7\u00f5es de esqui na Fran\u00e7a"},"content":{"rendered":"<div class=\"wpb-content-wrapper\"><p>[vc_row][vc_column width=&#8221;1\/1&#8243;][vc_column_text uncode_shortcode_id=&#8221;203505&#8243;]O inverno est\u00e1 a chegar! E com ele a abertura das <strong>est\u00e2ncias de desportos de inverno<\/strong>. O ano passado n\u00e3o foi uma boa \u00e9poca, por isso este ano estamos a planear compensar e desfrutar das <strong>encostas ne<\/strong> vadas![\/vc_column_text][\/vc_column][\/vc_row][vc_row][vc_column width=&#8221;1\/1&#8243;][vc_single_image media=&#8221;86664&#8243; media_width_percent=&#8221;100&#8243; media_ratio=&#8221;three-two&#8221; shape=&#8221;img-round&#8221; radius=&#8221;std&#8221; uncode_shortcode_id=&#8221;169522&#8243;][vc_row_inner][vc_column_inner column_width_percent=&#8221;100&#8243; gutter_size=&#8221;0&#8243; overlay_alpha=&#8221;50&#8243; shift_x=&#8221;0&#8243; shift_y=&#8221;0&#8243; shift_y_down=&#8221;0&#8243; z_index=&#8221;0&#8243; medium_width=&#8221;0&#8243; mobile_width=&#8221;0&#8243; width=&#8221;1\/1&#8243;][vc_custom_heading uncode_shortcode_id=&#8221;305609&#8243;]<\/p>\n<h2>1. Est\u00e2ncias de luxo<\/h2>\n<p>[\/vc_custom_heading][\/vc_column_inner][\/vc_row_inner][vc_column_text uncode_shortcode_id=&#8221;157355&#8243;]Algumas das <strong>mais conhecidas<\/strong> s\u00e3o <a href=\"https:\/\/www.malakoff.fr\/227\/grandir\/centres-de-vacances\/megeve.htm\" target=\"_blank\" rel=\"noopener\">Meg\u00e8ve<\/a>, <a href=\"https:\/\/www.meribel.net\/\" target=\"_blank\" rel=\"noopener\">M\u00e9ribel<\/a>, <a href=\"https:\/\/www.courchevel.com\/fr\" target=\"_blank\" rel=\"noopener\">Courchevel<\/a> e <a href=\"https:\/\/www.valdisere.com\/\" target=\"_blank\" rel=\"noopener\">Val d&#8217;Is\u00e9re<\/a>. <strong>Porqu\u00ea ir at\u00e9 l\u00e1<\/strong>? Para uma estadia num chal\u00e9 confort\u00e1vel, para as <strong>boutiques<\/strong> de luxo e para o n\u00famero impressionante de <strong>restaurantes com estrelas Michelin<\/strong> nestas est\u00e2ncias. <strong>No programa<\/strong>: \u00e1rvores de Natal enormes e decora\u00e7\u00f5es de topo, mas boa sorte para encontrares um Franprix![\/vc_column_text][\/vc_column][\/vc_row][vc_row][vc_column width=&#8221;1\/1&#8243;][vc_single_image media=&#8221;86662&#8243; media_width_percent=&#8221;100&#8243; media_ratio=&#8221;three-two&#8221; shape=&#8221;img-round&#8221; radius=&#8221;std&#8221; uncode_shortcode_id=&#8221;145792&#8243;][vc_row_inner][vc_column_inner column_width_percent=&#8221;100&#8243; gutter_size=&#8221;0&#8243; overlay_alpha=&#8221;50&#8243; shift_x=&#8221;0&#8243; shift_y=&#8221;0&#8243; shift_y_down=&#8221;0&#8243; z_index=&#8221;0&#8243; medium_width=&#8221;0&#8243; mobile_width=&#8221;0&#8243; width=&#8221;1\/1&#8243;][vc_custom_heading uncode_shortcode_id=&#8221;159266&#8243;]<\/p>\n<h2>2. Est\u00e2ncias de desportos de inverno para festejar<\/h2>\n<p>[\/vc_custom_heading][\/vc_column_inner][\/vc_row_inner][vc_column_text uncode_shortcode_id=&#8221;137554&#8243;]<strong>Arc 1800<\/strong>: a est\u00e2ncia mais famosa para festejar. E por uma boa raz\u00e3o, com os seus muitos bares e discotecas! Desde h\u00e1 v\u00e1rios anos, a <a href=\"https:\/\/www.lafoliedouce.com\/fr\/?option=com_content&amp;view=article&amp;id=54:un-apres-ski-de-folie&amp;catid=19:le-spectacle&amp;Itemid=217\" target=\"_blank\" rel=\"noopener\"><strong>Folie Douce<\/strong><\/a> em Val d&#8217;Is\u00e8re, M\u00e9ribel e Val Thorens, tem vindo a desenvolver-se cada vez mais. No programa: <strong>festas ao ar livre<\/strong> e <strong>dan\u00e7as nas mesas<\/strong>, tudo com uma <strong>vista soberba para as montanhas<\/strong>! Um pouco menos conhecido, mas popular pela sua iniciativa &#8220;<a href=\"https:\/\/en.rockthepistes.com\/\" target=\"_blank\" rel=\"noopener\"><strong>Rock The Pistes<\/strong><\/a>&#8220;Avoriaz tamb\u00e9m promete grandes festividades. Encontra a<strong> discoteca<\/strong> &#8220;Yak&#8221;, o festival &#8220;Snowboxx&#8221; e a noite de abertura imperd\u00edvel &#8220;Rock on Ultimate&#8221;.[\/vc_column_text][\/vc_column][\/vc_row][vc_row][vc_column width=&#8221;1\/1&#8243;][vc_single_image media=&#8221;86660&#8243; media_width_percent=&#8221;100&#8243; media_ratio=&#8221;three-two&#8221; shape=&#8221;img-round&#8221; radius=&#8221;std&#8221; uncode_shortcode_id=&#8221;118675&#8243;][vc_row_inner][vc_column_inner column_width_percent=&#8221;100&#8243; gutter_size=&#8221;0&#8243; overlay_alpha=&#8221;50&#8243; shift_x=&#8221;0&#8243; shift_y=&#8221;0&#8243; shift_y_down=&#8221;0&#8243; z_index=&#8221;0&#8243; medium_width=&#8221;0&#8243; mobile_width=&#8221;0&#8243; width=&#8221;1\/1&#8243;][vc_custom_heading uncode_shortcode_id=&#8221;154099&#8243;]<\/p>\n<h2>3. Fam\u00edlias<\/h2>\n<p>[\/vc_custom_heading][\/vc_column_inner][\/vc_row_inner][vc_column_text uncode_shortcode_id=&#8221;916673&#8243;]Com o seu log\u00f3tipo reconhec\u00edvel, <strong>La Plagne<\/strong> d\u00e1-te as boas-vindas a mais de <strong>225 km de pistas<\/strong> e <strong>6 est\u00e2ncias de altitude<\/strong>. Aqui, tudo est\u00e1 preparado para cuidar da tua fam\u00edlia, seja qual for o teu n\u00edvel. Outro dos nossos favoritos: <strong>Les Arcs<\/strong>. Com 4 est\u00e2ncias diferentes, <strong>vistas inesquec\u00edveis<\/strong> e pistas para <strong>todos os n\u00edveis<\/strong>, vais encontrar algo que te <strong>agrade<\/strong>! Por \u00faltimo, mas n\u00e3o menos importante, Les <strong>Deux<\/strong> Alpes \u00e9 um \u00f3timo lugar para esquiar e <strong>andar de tren\u00f3 puxado por c\u00e3es<\/strong>![\/vc_column_text][\/vc_column][\/vc_row][vc_row][vc_column width=&#8221;1\/1&#8243;][vc_single_image media=&#8221;86658&#8243; media_width_percent=&#8221;100&#8243; media_ratio=&#8221;three-two&#8221; uncode_shortcode_id=&#8221;127230&#8243;][vc_row_inner][vc_column_inner column_width_percent=&#8221;100&#8243; gutter_size=&#8221;0&#8243; overlay_alpha=&#8221;50&#8243; shift_x=&#8221;0&#8243; shift_y=&#8221;0&#8243; shift_y_down=&#8221;0&#8243; z_index=&#8221;0&#8243; medium_width=&#8221;0&#8243; mobile_width=&#8221;0&#8243; width=&#8221;1\/1&#8243;][vc_custom_heading uncode_shortcode_id=&#8221;802977&#8243;]<\/p>\n<h2>4. O mais \u00edntimo<\/h2>\n<p>[\/vc_custom_heading][\/vc_column_inner][\/vc_row_inner][vc_column_text uncode_shortcode_id=&#8221;614613&#8243;]Aqui, temos de confessar que temos o nosso favorito: <a href=\"https:\/\/www.la-plagne.com\/champagny-en-vanoise\" target=\"_blank\" rel=\"noopener\"><strong>Champagny en Vanoise<\/strong><\/a>. \u00c9 uma pequena est\u00e2ncia mesmo em frente a <strong>Courchevel<\/strong> (para variar). Os habitantes locais s\u00e3o ador\u00e1veis, e encontrar\u00e1s muitos restaurantes e pequenas mercearias. Tamb\u00e9m encontrar\u00e1s <strong>Ar\u00eaches-Beaufort<\/strong> em Beaufortain, <strong>Albiez-Montrond<\/strong> e <strong>Pralognan-la-Vanoise<\/strong>. A<strong>vantagem destas<\/strong> est\u00e2ncias de desportos de inverno mais pequenas? Fica mais perto da <strong>natureza<\/strong> e desfruta de <strong>umas f\u00e9rias mais aut\u00eanticas.<\/strong>[\/vc_column_text][\/vc_column][\/vc_row][vc_row][vc_column width=&#8221;1\/1&#8243;][vc_column_text uncode_shortcode_id=&#8221;207274&#8243;]Quais s\u00e3o as tuas <strong>est\u00e2ncias preferidas<\/strong>? E se est\u00e1s \u00e0 procura de uma <strong>atividade espec\u00edfica<\/strong> durante as tuas f\u00e9rias, tamb\u00e9m temos um <a href=\"https:\/\/styqr.fr\/pt-pt\/2024\/01\/23\/actividades-de-inverno-para-desfrutar-este-ano\/\" target=\"_blank\" rel=\"noopener\"><strong>artigo para ti<\/strong><\/a> ![\/vc_column_text][\/vc_column][\/vc_row]<\/p>\n<\/div>","protected":false},"excerpt":{"rendered":"<p>Com o inverno a aproximar-se, eis a nossa sele\u00e7\u00e3o das melhores est\u00e2ncias de esqui em Fran\u00e7a!<\/p>\n","protected":false},"author":3,"featured_media":95429,"comment_status":"closed","ping_status":"open","sticky":false,"template":"","format":"standard","meta":{"footnotes":""},"categories":[905],"tags":[1929,1931,2255,2256,2257],"class_list":["post-102121","post","type-post","status-publish","format-standard","has-post-thumbnail","hentry","category-individuos","tag-styqr-pt-pt","tag-aluguer","tag-neve","tag-esquiar","tag-inverno"],"yoast_head":"<!-- This site is optimized with the Yoast SEO Premium plugin v27.4 (Yoast SEO v27.4) - https:\/\/yoast.com\/product\/yoast-seo-premium-wordpress\/ -->\n<title>Descubra as Melhores Esta\u00e7\u00f5es de Esqui na Fran\u00e7a.<\/title>\n<meta name=\"description\" content=\"Prepare-se para a temporada de esportes de inverno! Conhe\u00e7a as melhores esta\u00e7\u00f5es de esqui na Fran\u00e7a e planeje f\u00e9rias inesquec\u00edveis nas montanhas.\" \/>\n<meta name=\"robots\" content=\"index, follow, max-snippet:-1, max-image-preview:large, max-video-preview:-1\" \/>\n<link rel=\"canonical\" href=\"https:\/\/styqr.fr\/pt-pt\/2024\/01\/23\/as-nossas-estancias-de-desportos-de-inverno-preferidas-em-franca\/\" \/>\n<meta property=\"og:locale\" content=\"pt_PT\" \/>\n<meta property=\"og:type\" content=\"article\" \/>\n<meta property=\"og:title\" content=\"StyQR | Le livret d&#039;accueil digital\" \/>\n<meta property=\"og:description\" content=\"Prepare-se para a temporada de esportes de inverno! Conhe\u00e7a as melhores esta\u00e7\u00f5es de esqui na Fran\u00e7a e planeje f\u00e9rias inesquec\u00edveis nas montanhas.\" \/>\n<meta property=\"og:url\" content=\"https:\/\/styqr.fr\/pt-pt\/2024\/01\/23\/as-nossas-estancias-de-desportos-de-inverno-preferidas-em-franca\/\" \/>\n<meta property=\"og:site_name\" content=\"StyQR\" \/>\n<meta property=\"article:publisher\" content=\"https:\/\/fr-fr.facebook.com\/styqr\/\" \/>\n<meta property=\"article:published_time\" content=\"2024-01-23T16:19:34+00:00\" \/>\n<meta property=\"article:modified_time\" content=\"2025-01-23T10:25:24+00:00\" \/>\n<meta property=\"og:image\" content=\"https:\/\/styqr.fr\/wp-content\/uploads\/2021\/10\/glenn-claire-AkTea_GkU40-unsplash-scaled.jpg\" \/>\n\t<meta property=\"og:image:width\" content=\"2560\" \/>\n\t<meta property=\"og:image:height\" content=\"1707\" \/>\n\t<meta property=\"og:image:type\" content=\"image\/jpeg\" \/>\n<meta name=\"author\" content=\"Marine\" \/>\n<meta name=\"twitter:card\" content=\"summary_large_image\" \/>\n<meta name=\"twitter:creator\" content=\"@julien-styqr-admin\" \/>\n<script type=\"application\/ld+json\" class=\"yoast-schema-graph\">{\"@context\":\"https:\\\/\\\/schema.org\",\"@graph\":[{\"@type\":\"Article\",\"@id\":\"https:\\\/\\\/styqr.fr\\\/pt-pt\\\/2024\\\/01\\\/23\\\/as-nossas-estancias-de-desportos-de-inverno-preferidas-em-franca\\\/#article\",\"isPartOf\":{\"@id\":\"https:\\\/\\\/styqr.fr\\\/pt-pt\\\/2024\\\/01\\\/23\\\/as-nossas-estancias-de-desportos-de-inverno-preferidas-em-franca\\\/\"},\"author\":{\"name\":\"Marine\",\"@id\":\"https:\\\/\\\/styqr.fr\\\/pt-pt\\\/#\\\/schema\\\/person\\\/9961aca9b86c9501bc1a72282df89aac\"},\"headline\":\"Melhores esta\u00e7\u00f5es de esqui na Fran\u00e7a\",\"datePublished\":\"2024-01-23T16:19:34+00:00\",\"dateModified\":\"2025-01-23T10:25:24+00:00\",\"mainEntityOfPage\":{\"@id\":\"https:\\\/\\\/styqr.fr\\\/pt-pt\\\/2024\\\/01\\\/23\\\/as-nossas-estancias-de-desportos-de-inverno-preferidas-em-franca\\\/\"},\"wordCount\":762,\"publisher\":{\"@id\":\"https:\\\/\\\/styqr.fr\\\/pt-pt\\\/#organization\"},\"image\":{\"@id\":\"https:\\\/\\\/styqr.fr\\\/pt-pt\\\/2024\\\/01\\\/23\\\/as-nossas-estancias-de-desportos-de-inverno-preferidas-em-franca\\\/#primaryimage\"},\"thumbnailUrl\":\"https:\\\/\\\/styqr.fr\\\/wp-content\\\/uploads\\\/2021\\\/10\\\/glenn-claire-AkTea_GkU40-unsplash-scaled.jpg\",\"keywords\":[\"styqr\",\"aluguer\",\"neve\",\"esquiar\",\"inverno\"],\"articleSection\":[\"Indiv\u00edduos\"],\"inLanguage\":\"pt-PT\"},{\"@type\":\"WebPage\",\"@id\":\"https:\\\/\\\/styqr.fr\\\/pt-pt\\\/2024\\\/01\\\/23\\\/as-nossas-estancias-de-desportos-de-inverno-preferidas-em-franca\\\/\",\"url\":\"https:\\\/\\\/styqr.fr\\\/pt-pt\\\/2024\\\/01\\\/23\\\/as-nossas-estancias-de-desportos-de-inverno-preferidas-em-franca\\\/\",\"name\":\"Descubra as Melhores Esta\u00e7\u00f5es de Esqui na Fran\u00e7a.\",\"isPartOf\":{\"@id\":\"https:\\\/\\\/styqr.fr\\\/pt-pt\\\/#website\"},\"primaryImageOfPage\":{\"@id\":\"https:\\\/\\\/styqr.fr\\\/pt-pt\\\/2024\\\/01\\\/23\\\/as-nossas-estancias-de-desportos-de-inverno-preferidas-em-franca\\\/#primaryimage\"},\"image\":{\"@id\":\"https:\\\/\\\/styqr.fr\\\/pt-pt\\\/2024\\\/01\\\/23\\\/as-nossas-estancias-de-desportos-de-inverno-preferidas-em-franca\\\/#primaryimage\"},\"thumbnailUrl\":\"https:\\\/\\\/styqr.fr\\\/wp-content\\\/uploads\\\/2021\\\/10\\\/glenn-claire-AkTea_GkU40-unsplash-scaled.jpg\",\"datePublished\":\"2024-01-23T16:19:34+00:00\",\"dateModified\":\"2025-01-23T10:25:24+00:00\",\"description\":\"Prepare-se para a temporada de esportes de inverno! Conhe\u00e7a as melhores esta\u00e7\u00f5es de esqui na Fran\u00e7a e planeje f\u00e9rias inesquec\u00edveis nas montanhas.\",\"breadcrumb\":{\"@id\":\"https:\\\/\\\/styqr.fr\\\/pt-pt\\\/2024\\\/01\\\/23\\\/as-nossas-estancias-de-desportos-de-inverno-preferidas-em-franca\\\/#breadcrumb\"},\"inLanguage\":\"pt-PT\",\"potentialAction\":[{\"@type\":\"ReadAction\",\"target\":[\"https:\\\/\\\/styqr.fr\\\/pt-pt\\\/2024\\\/01\\\/23\\\/as-nossas-estancias-de-desportos-de-inverno-preferidas-em-franca\\\/\"]}]},{\"@type\":\"ImageObject\",\"inLanguage\":\"pt-PT\",\"@id\":\"https:\\\/\\\/styqr.fr\\\/pt-pt\\\/2024\\\/01\\\/23\\\/as-nossas-estancias-de-desportos-de-inverno-preferidas-em-franca\\\/#primaryimage\",\"url\":\"https:\\\/\\\/styqr.fr\\\/wp-content\\\/uploads\\\/2021\\\/10\\\/glenn-claire-AkTea_GkU40-unsplash-scaled.jpg\",\"contentUrl\":\"https:\\\/\\\/styqr.fr\\\/wp-content\\\/uploads\\\/2021\\\/10\\\/glenn-claire-AkTea_GkU40-unsplash-scaled.jpg\",\"width\":2560,\"height\":1707},{\"@type\":\"BreadcrumbList\",\"@id\":\"https:\\\/\\\/styqr.fr\\\/pt-pt\\\/2024\\\/01\\\/23\\\/as-nossas-estancias-de-desportos-de-inverno-preferidas-em-franca\\\/#breadcrumb\",\"itemListElement\":[{\"@type\":\"ListItem\",\"position\":1,\"name\":\"Casa\",\"item\":\"https:\\\/\\\/styqr.fr\\\/pt-pt\\\/\"},{\"@type\":\"ListItem\",\"position\":2,\"name\":\"Indiv\u00edduos\",\"item\":\"https:\\\/\\\/styqr.fr\\\/pt-pt\\\/nos-categories\\\/individuos\\\/\"},{\"@type\":\"ListItem\",\"position\":3,\"name\":\"Melhores esta\u00e7\u00f5es de esqui na Fran\u00e7a\"}]},{\"@type\":\"WebSite\",\"@id\":\"https:\\\/\\\/styqr.fr\\\/pt-pt\\\/#website\",\"url\":\"https:\\\/\\\/styqr.fr\\\/pt-pt\\\/\",\"name\":\"StyQR\",\"description\":\"Cr\u00e9ez votre livret d&#039;accueil digital personnalis\u00e9 pour vos voyageurs\",\"publisher\":{\"@id\":\"https:\\\/\\\/styqr.fr\\\/pt-pt\\\/#organization\"},\"potentialAction\":[{\"@type\":\"SearchAction\",\"target\":{\"@type\":\"EntryPoint\",\"urlTemplate\":\"https:\\\/\\\/styqr.fr\\\/pt-pt\\\/?s={search_term_string}\"},\"query-input\":{\"@type\":\"PropertyValueSpecification\",\"valueRequired\":true,\"valueName\":\"search_term_string\"}}],\"inLanguage\":\"pt-PT\"},{\"@type\":\"Organization\",\"@id\":\"https:\\\/\\\/styqr.fr\\\/pt-pt\\\/#organization\",\"name\":\"StyQR\",\"url\":\"https:\\\/\\\/styqr.fr\\\/pt-pt\\\/\",\"logo\":{\"@type\":\"ImageObject\",\"inLanguage\":\"pt-PT\",\"@id\":\"https:\\\/\\\/styqr.fr\\\/pt-pt\\\/#\\\/schema\\\/logo\\\/image\\\/\",\"url\":\"https:\\\/\\\/styqr.fr\\\/wp-content\\\/uploads\\\/2020\\\/11\\\/Fichier-5.png\",\"contentUrl\":\"https:\\\/\\\/styqr.fr\\\/wp-content\\\/uploads\\\/2020\\\/11\\\/Fichier-5.png\",\"width\":388,\"height\":194,\"caption\":\"StyQR\"},\"image\":{\"@id\":\"https:\\\/\\\/styqr.fr\\\/pt-pt\\\/#\\\/schema\\\/logo\\\/image\\\/\"},\"sameAs\":[\"https:\\\/\\\/fr-fr.facebook.com\\\/styqr\\\/\",\"https:\\\/\\\/www.instagram.com\\\/styqr_fr\\\/\",\"https:\\\/\\\/fr.linkedin.com\\\/company\\\/styqr\"],\"description\":\"StyQR, le livret d'accueil digital\",\"email\":\"contact@styqr.fr\",\"legalName\":\"SAS StyQR\",\"foundingDate\":\"2019-05-27\",\"vatID\":\"FR55824532865\",\"taxID\":\"82453286500014\",\"numberOfEmployees\":{\"@type\":\"QuantitativeValue\",\"minValue\":\"1\",\"maxValue\":\"10\"}},{\"@type\":\"Person\",\"@id\":\"https:\\\/\\\/styqr.fr\\\/pt-pt\\\/#\\\/schema\\\/person\\\/9961aca9b86c9501bc1a72282df89aac\",\"name\":\"Marine\",\"image\":{\"@type\":\"ImageObject\",\"inLanguage\":\"pt-PT\",\"@id\":\"https:\\\/\\\/secure.gravatar.com\\\/avatar\\\/647b7182996833269bfb418442442520d7a3cf1ce76c2bbb26b93d7fbb28bb58?s=96&d=mm&r=g\",\"url\":\"https:\\\/\\\/secure.gravatar.com\\\/avatar\\\/647b7182996833269bfb418442442520d7a3cf1ce76c2bbb26b93d7fbb28bb58?s=96&d=mm&r=g\",\"contentUrl\":\"https:\\\/\\\/secure.gravatar.com\\\/avatar\\\/647b7182996833269bfb418442442520d7a3cf1ce76c2bbb26b93d7fbb28bb58?s=96&d=mm&r=g\",\"caption\":\"Marine\"},\"sameAs\":[\"https:\\\/\\\/x.com\\\/julien-styqr-admin\"]}]}<\/script>\n<!-- \/ Yoast SEO Premium plugin. -->","yoast_head_json":{"title":"Descubra as Melhores Esta\u00e7\u00f5es de Esqui na Fran\u00e7a.","description":"Prepare-se para a temporada de esportes de inverno! Conhe\u00e7a as melhores esta\u00e7\u00f5es de esqui na Fran\u00e7a e planeje f\u00e9rias inesquec\u00edveis nas montanhas.","robots":{"index":"index","follow":"follow","max-snippet":"max-snippet:-1","max-image-preview":"max-image-preview:large","max-video-preview":"max-video-preview:-1"},"canonical":"https:\/\/styqr.fr\/pt-pt\/2024\/01\/23\/as-nossas-estancias-de-desportos-de-inverno-preferidas-em-franca\/","og_locale":"pt_PT","og_type":"article","og_title":"StyQR | Le livret d'accueil digital","og_description":"Prepare-se para a temporada de esportes de inverno! Conhe\u00e7a as melhores esta\u00e7\u00f5es de esqui na Fran\u00e7a e planeje f\u00e9rias inesquec\u00edveis nas montanhas.","og_url":"https:\/\/styqr.fr\/pt-pt\/2024\/01\/23\/as-nossas-estancias-de-desportos-de-inverno-preferidas-em-franca\/","og_site_name":"StyQR","article_publisher":"https:\/\/fr-fr.facebook.com\/styqr\/","article_published_time":"2024-01-23T16:19:34+00:00","article_modified_time":"2025-01-23T10:25:24+00:00","og_image":[{"width":2560,"height":1707,"url":"https:\/\/styqr.fr\/wp-content\/uploads\/2021\/10\/glenn-claire-AkTea_GkU40-unsplash-scaled.jpg","type":"image\/jpeg"}],"author":"Marine","twitter_card":"summary_large_image","twitter_creator":"@julien-styqr-admin","schema":{"@context":"https:\/\/schema.org","@graph":[{"@type":"Article","@id":"https:\/\/styqr.fr\/pt-pt\/2024\/01\/23\/as-nossas-estancias-de-desportos-de-inverno-preferidas-em-franca\/#article","isPartOf":{"@id":"https:\/\/styqr.fr\/pt-pt\/2024\/01\/23\/as-nossas-estancias-de-desportos-de-inverno-preferidas-em-franca\/"},"author":{"name":"Marine","@id":"https:\/\/styqr.fr\/pt-pt\/#\/schema\/person\/9961aca9b86c9501bc1a72282df89aac"},"headline":"Melhores esta\u00e7\u00f5es de esqui na Fran\u00e7a","datePublished":"2024-01-23T16:19:34+00:00","dateModified":"2025-01-23T10:25:24+00:00","mainEntityOfPage":{"@id":"https:\/\/styqr.fr\/pt-pt\/2024\/01\/23\/as-nossas-estancias-de-desportos-de-inverno-preferidas-em-franca\/"},"wordCount":762,"publisher":{"@id":"https:\/\/styqr.fr\/pt-pt\/#organization"},"image":{"@id":"https:\/\/styqr.fr\/pt-pt\/2024\/01\/23\/as-nossas-estancias-de-desportos-de-inverno-preferidas-em-franca\/#primaryimage"},"thumbnailUrl":"https:\/\/styqr.fr\/wp-content\/uploads\/2021\/10\/glenn-claire-AkTea_GkU40-unsplash-scaled.jpg","keywords":["styqr","aluguer","neve","esquiar","inverno"],"articleSection":["Indiv\u00edduos"],"inLanguage":"pt-PT"},{"@type":"WebPage","@id":"https:\/\/styqr.fr\/pt-pt\/2024\/01\/23\/as-nossas-estancias-de-desportos-de-inverno-preferidas-em-franca\/","url":"https:\/\/styqr.fr\/pt-pt\/2024\/01\/23\/as-nossas-estancias-de-desportos-de-inverno-preferidas-em-franca\/","name":"Descubra as Melhores Esta\u00e7\u00f5es de Esqui na Fran\u00e7a.","isPartOf":{"@id":"https:\/\/styqr.fr\/pt-pt\/#website"},"primaryImageOfPage":{"@id":"https:\/\/styqr.fr\/pt-pt\/2024\/01\/23\/as-nossas-estancias-de-desportos-de-inverno-preferidas-em-franca\/#primaryimage"},"image":{"@id":"https:\/\/styqr.fr\/pt-pt\/2024\/01\/23\/as-nossas-estancias-de-desportos-de-inverno-preferidas-em-franca\/#primaryimage"},"thumbnailUrl":"https:\/\/styqr.fr\/wp-content\/uploads\/2021\/10\/glenn-claire-AkTea_GkU40-unsplash-scaled.jpg","datePublished":"2024-01-23T16:19:34+00:00","dateModified":"2025-01-23T10:25:24+00:00","description":"Prepare-se para a temporada de esportes de inverno! Conhe\u00e7a as melhores esta\u00e7\u00f5es de esqui na Fran\u00e7a e planeje f\u00e9rias inesquec\u00edveis nas montanhas.","breadcrumb":{"@id":"https:\/\/styqr.fr\/pt-pt\/2024\/01\/23\/as-nossas-estancias-de-desportos-de-inverno-preferidas-em-franca\/#breadcrumb"},"inLanguage":"pt-PT","potentialAction":[{"@type":"ReadAction","target":["https:\/\/styqr.fr\/pt-pt\/2024\/01\/23\/as-nossas-estancias-de-desportos-de-inverno-preferidas-em-franca\/"]}]},{"@type":"ImageObject","inLanguage":"pt-PT","@id":"https:\/\/styqr.fr\/pt-pt\/2024\/01\/23\/as-nossas-estancias-de-desportos-de-inverno-preferidas-em-franca\/#primaryimage","url":"https:\/\/styqr.fr\/wp-content\/uploads\/2021\/10\/glenn-claire-AkTea_GkU40-unsplash-scaled.jpg","contentUrl":"https:\/\/styqr.fr\/wp-content\/uploads\/2021\/10\/glenn-claire-AkTea_GkU40-unsplash-scaled.jpg","width":2560,"height":1707},{"@type":"BreadcrumbList","@id":"https:\/\/styqr.fr\/pt-pt\/2024\/01\/23\/as-nossas-estancias-de-desportos-de-inverno-preferidas-em-franca\/#breadcrumb","itemListElement":[{"@type":"ListItem","position":1,"name":"Casa","item":"https:\/\/styqr.fr\/pt-pt\/"},{"@type":"ListItem","position":2,"name":"Indiv\u00edduos","item":"https:\/\/styqr.fr\/pt-pt\/nos-categories\/individuos\/"},{"@type":"ListItem","position":3,"name":"Melhores esta\u00e7\u00f5es de esqui na Fran\u00e7a"}]},{"@type":"WebSite","@id":"https:\/\/styqr.fr\/pt-pt\/#website","url":"https:\/\/styqr.fr\/pt-pt\/","name":"StyQR","description":"Cr\u00e9ez votre livret d&#039;accueil digital personnalis\u00e9 pour vos voyageurs","publisher":{"@id":"https:\/\/styqr.fr\/pt-pt\/#organization"},"potentialAction":[{"@type":"SearchAction","target":{"@type":"EntryPoint","urlTemplate":"https:\/\/styqr.fr\/pt-pt\/?s={search_term_string}"},"query-input":{"@type":"PropertyValueSpecification","valueRequired":true,"valueName":"search_term_string"}}],"inLanguage":"pt-PT"},{"@type":"Organization","@id":"https:\/\/styqr.fr\/pt-pt\/#organization","name":"StyQR","url":"https:\/\/styqr.fr\/pt-pt\/","logo":{"@type":"ImageObject","inLanguage":"pt-PT","@id":"https:\/\/styqr.fr\/pt-pt\/#\/schema\/logo\/image\/","url":"https:\/\/styqr.fr\/wp-content\/uploads\/2020\/11\/Fichier-5.png","contentUrl":"https:\/\/styqr.fr\/wp-content\/uploads\/2020\/11\/Fichier-5.png","width":388,"height":194,"caption":"StyQR"},"image":{"@id":"https:\/\/styqr.fr\/pt-pt\/#\/schema\/logo\/image\/"},"sameAs":["https:\/\/fr-fr.facebook.com\/styqr\/","https:\/\/www.instagram.com\/styqr_fr\/","https:\/\/fr.linkedin.com\/company\/styqr"],"description":"StyQR, le livret d'accueil digital","email":"contact@styqr.fr","legalName":"SAS StyQR","foundingDate":"2019-05-27","vatID":"FR55824532865","taxID":"82453286500014","numberOfEmployees":{"@type":"QuantitativeValue","minValue":"1","maxValue":"10"}},{"@type":"Person","@id":"https:\/\/styqr.fr\/pt-pt\/#\/schema\/person\/9961aca9b86c9501bc1a72282df89aac","name":"Marine","image":{"@type":"ImageObject","inLanguage":"pt-PT","@id":"https:\/\/secure.gravatar.com\/avatar\/647b7182996833269bfb418442442520d7a3cf1ce76c2bbb26b93d7fbb28bb58?s=96&d=mm&r=g","url":"https:\/\/secure.gravatar.com\/avatar\/647b7182996833269bfb418442442520d7a3cf1ce76c2bbb26b93d7fbb28bb58?s=96&d=mm&r=g","contentUrl":"https:\/\/secure.gravatar.com\/avatar\/647b7182996833269bfb418442442520d7a3cf1ce76c2bbb26b93d7fbb28bb58?s=96&d=mm&r=g","caption":"Marine"},"sameAs":["https:\/\/x.com\/julien-styqr-admin"]}]}},"_links":{"self":[{"href":"https:\/\/styqr.fr\/pt-pt\/wp-json\/wp\/v2\/posts\/102121","targetHints":{"allow":["GET"]}}],"collection":[{"href":"https:\/\/styqr.fr\/pt-pt\/wp-json\/wp\/v2\/posts"}],"about":[{"href":"https:\/\/styqr.fr\/pt-pt\/wp-json\/wp\/v2\/types\/post"}],"author":[{"embeddable":true,"href":"https:\/\/styqr.fr\/pt-pt\/wp-json\/wp\/v2\/users\/3"}],"replies":[{"embeddable":true,"href":"https:\/\/styqr.fr\/pt-pt\/wp-json\/wp\/v2\/comments?post=102121"}],"version-history":[{"count":0,"href":"https:\/\/styqr.fr\/pt-pt\/wp-json\/wp\/v2\/posts\/102121\/revisions"}],"wp:featuredmedia":[{"embeddable":true,"href":"https:\/\/styqr.fr\/pt-pt\/wp-json\/wp\/v2\/media\/95429"}],"wp:attachment":[{"href":"https:\/\/styqr.fr\/pt-pt\/wp-json\/wp\/v2\/media?parent=102121"}],"wp:term":[{"taxonomy":"category","embeddable":true,"href":"https:\/\/styqr.fr\/pt-pt\/wp-json\/wp\/v2\/categories?post=102121"},{"taxonomy":"post_tag","embeddable":true,"href":"https:\/\/styqr.fr\/pt-pt\/wp-json\/wp\/v2\/tags?post=102121"}],"curies":[{"name":"wp","href":"https:\/\/api.w.org\/{rel}","templated":true}]}}