{"id":102073,"date":"2024-01-23T17:19:25","date_gmt":"2024-01-23T16:19:25","guid":{"rendered":"https:\/\/styqr.fr\/2024\/01\/23\/fotografias-da-sua-casa-os-principios-basicos\/"},"modified":"2024-01-23T17:19:27","modified_gmt":"2024-01-23T16:19:27","slug":"fotografias-da-sua-casa-os-principios-basicos","status":"publish","type":"post","link":"https:\/\/styqr.fr\/pt-pt\/2024\/01\/23\/fotografias-da-sua-casa-os-principios-basicos\/","title":{"rendered":"Fotografias da sua casa: os princ\u00edpios b\u00e1sicos"},"content":{"rendered":"<div class=\"wpb-content-wrapper\"><p>[vc_row][vc_column width=&#8221;1\/1&#8243;][vc_column_text]\u00c9 essencial tirar <strong>boas fotografias<\/strong> do seu alojamento para obter <strong>mais visitas<\/strong> e<strong>reservas<\/strong>. Sabemos que nem sempre \u00e9 f\u00e1cil mostrar certos artigos, mas estamos aqui para <strong>ajudar<\/strong>. Vamos dar-lhe <strong>todos os conselhos<\/strong> necess\u00e1rios para tirar <strong>fotografias<\/strong> que lhe dar\u00e3o mais visibilidade![\/vc_column_text][\/vc_column][\/vc_row][vc_row][vc_column width=&#8221;1\/1&#8243;][vc_single_image media=&#8221;81850&#8243; media_width_percent=&#8221;100&#8243; media_ratio=&#8221;three-two&#8221; shape=&#8221;img-round&#8221; radius=&#8221;std&#8221; uncode_shortcode_id=&#8221;498132&#8243;][vc_row_inner][vc_column_inner column_width_percent=&#8221;100&#8243; gutter_size=&#8221;0&#8243; overlay_alpha=&#8221;50&#8243; shift_x=&#8221;0&#8243; shift_y=&#8221;0&#8243; shift_y_down=&#8221;0&#8243; z_index=&#8221;0&#8243; medium_width=&#8221;0&#8243; mobile_width=&#8221;0&#8243; width=&#8221;1\/1&#8243;][vc_custom_heading]<\/p>\n<h2><strong>1. Como \u00e9 que tira as suas fotografias?  <\/strong><\/h2>\n<p>[\/vc_custom_heading][\/vc_column_inner][\/vc_row_inner][vc_column_text]A base de uma<strong> boa fotografia<\/strong> \u00e9 a <strong>luz<\/strong> e a<strong>c\u00e2mara<\/strong>. Por isso, tente tirar as suas fotografias com uma <strong>c\u00e2mara<\/strong>, tanto quanto poss\u00edvel. Se n\u00e3o tiver um, a op\u00e7\u00e3o do smartphone tamb\u00e9m est\u00e1 dispon\u00edvel, desde que a <strong>qualidade<\/strong> seja adequada.<\/p>\n<p>Quanto ao formato, opte por um <strong>formato de paisagem<\/strong>, que d\u00e1 uma sensa\u00e7\u00e3o de espa\u00e7o e permite-lhe mostrar mais.<\/p>\n<p>Por fim, fotografe o seu alojamento a <strong>meio do dia<\/strong> se for<strong> luminoso<\/strong> e acrescente algumas fotografias \u00e0 noite se for interessante (vista para um lago, c\u00e9u estrelado&#8230;). Realce tanto quanto poss\u00edvel <strong>o que mais gosta<\/strong> na sua casa.[\/vc_column_text][\/vc_column][\/vc_row][vc_row][vc_column width=&#8221;1\/1&#8243;][vc_single_image media=&#8221;81851&#8243; media_width_percent=&#8221;100&#8243; media_ratio=&#8221;three-two&#8221; shape=&#8221;img-round&#8221; radius=&#8221;std&#8221; uncode_shortcode_id=&#8221;212504&#8243;][vc_row_inner][vc_column_inner column_width_percent=&#8221;100&#8243; gutter_size=&#8221;0&#8243; overlay_alpha=&#8221;50&#8243; shift_x=&#8221;0&#8243; shift_y=&#8221;0&#8243; shift_y_down=&#8221;0&#8243; z_index=&#8221;0&#8243; medium_width=&#8221;0&#8243; mobile_width=&#8221;0&#8243; width=&#8221;1\/1&#8243;][vc_custom_heading]<\/p>\n<h2><strong>2. O que fotografar?<\/strong><\/h2>\n<p>[\/vc_custom_heading][\/vc_column_inner][\/vc_row_inner][vc_column_text]<strong>Tudo<\/strong>! Bem, quase tudo. A primeira coisa a fazer \u00e9 mostrar <strong>todas as divis\u00f5es<\/strong> da sua casa. Os clientes precisam de ter uma vis\u00e3o global do que v\u00e3o reservar.<\/p>\n<p>Depois, se tem um <strong>local preferido<\/strong> ou alguns pormenores que significam muito para si, v\u00e1 em frente! Mas n\u00e3o se deixe enganar: 3 fotos do alojamento para 5 fotos da praia, da floresta ou das actividades circundantes s\u00e3o in\u00fateis. Eis um <a href=\"https:\/\/www.airbnb.fr\/rooms\/12926326?federated_search_id=65993068-aa61-42cd-8fb8-195ec3ae6d38&amp;source_impression_id=p3_1614690045_PLXa10HHKLC7pQbM&amp;guests=1&amp;adults=1\" target=\"_blank\" rel=\"noopener\">bom exemplo.<\/a><\/p>\n<p>Certifique-se de que n\u00e3o <strong>aparece<\/strong> nas fotografias (cuidado com os espelhos, reflexos, etc.).<\/p>\n<p>\u00c9 tamb\u00e9m uma <strong>boa ideia<\/strong> tirar fotografias da sua casa em <strong>todas as esta\u00e7\u00f5es<\/strong> do ano. Especialmente se o ambiente mudar muito.[\/vc_column_text][\/vc_column][\/vc_row][vc_row][vc_column width=&#8221;1\/1&#8243;][vc_single_image media=&#8221;81853&#8243; media_width_percent=&#8221;100&#8243; media_ratio=&#8221;three-two&#8221; shape=&#8221;img-round&#8221; radius=&#8221;std&#8221; uncode_shortcode_id=&#8221;467935&#8243;][vc_row_inner][vc_column_inner column_width_percent=&#8221;100&#8243; gutter_size=&#8221;0&#8243; overlay_alpha=&#8221;50&#8243; shift_x=&#8221;0&#8243; shift_y=&#8221;0&#8243; shift_y_down=&#8221;0&#8243; z_index=&#8221;0&#8243; medium_width=&#8221;0&#8243; mobile_width=&#8221;0&#8243; width=&#8221;1\/1&#8243;][vc_custom_heading]<\/p>\n<h2><strong>3. Como \u00e9 que os retoca?  <\/strong><\/h2>\n<p>[\/vc_custom_heading][\/vc_column_inner][\/vc_row_inner][vc_column_text]Se as suas fotografias parecerem um <strong>pouco ba\u00e7as<\/strong> ou se tiver deixado a <strong>esfregona<\/strong> \u00e0 vista durante a sess\u00e3o fotogr\u00e1fica, n\u00e3o entre <strong>em p\u00e2nico<\/strong>! Aqui est\u00e3o algumas aplica\u00e7\u00f5es gratuitas que ser\u00e3o de grande ajuda:<\/p>\n<ul>\n<li>Snapseed<\/li>\n<li>Iluminar<\/li>\n<li>VSCO<\/li>\n<\/ul>\n<p>Retocar <strong>as suas fotografias<\/strong> <strong>demora algum tempo<\/strong>, mas lembre-se, <strong>boas fotografias<\/strong> atraem mais pessoas e, por conseguinte, <strong>mais reservas<\/strong>![\/vc_column_text][\/vc_column][\/vc_row][vc_row][vc_column width=&#8221;1\/1&#8243;][vc_single_image media=&#8221;81852&#8243; media_width_percent=&#8221;100&#8243; media_ratio=&#8221;three-two&#8221; shape=&#8221;img-round&#8221; radius=&#8221;std&#8221; uncode_shortcode_id=&#8221;154612&#8243;][vc_row_inner][vc_column_inner column_width_percent=&#8221;100&#8243; gutter_size=&#8221;0&#8243; overlay_alpha=&#8221;50&#8243; shift_x=&#8221;0&#8243; shift_y=&#8221;0&#8243; shift_y_down=&#8221;0&#8243; z_index=&#8221;0&#8243; medium_width=&#8221;0&#8243; mobile_width=&#8221;0&#8243; width=&#8221;1\/1&#8243;][vc_custom_heading]<\/p>\n<h2><strong>4. Como pode tornar a sua casa mais atractiva?  <\/strong><\/h2>\n<p>[\/vc_custom_heading][\/vc_column_inner][\/vc_row_inner][vc_column_text]De que \u00e9 que estamos \u00e0 procura? <strong>Vida<\/strong>! Procuramos projetar-nos. <strong>Imaginar-se<\/strong> no seu sof\u00e1 ou a dormir na sua cama de aspeto confort\u00e1vel. N\u00e3o hesite em acrescentar alguns <strong>toques de cor<\/strong> e de vida: livros, ramos de flores, um cesto de fruta&#8230; Todos estes pormenores ajudar\u00e3o os viajantes a imaginarem-se em sua casa. Mas <strong>tenha cuidado para<\/strong> n\u00e3o acrescentar demasiadas coisas, especialmente se n\u00e3o as deixar no alojamento. O seu anfitri\u00e3o pode sentir-se enganado.[\/vc_column_text][\/vc_column][\/vc_row][vc_row][vc_column width=&#8221;1\/1&#8243;][vc_column_text]E pronto, j\u00e1 \u00e9 um <strong>profissional da fotografia<\/strong> em casa! Muito bem! N\u00e3o hesite em partilhar connosco o que mais o ajudou![\/vc_column_text][\/vc_column][\/vc_row]<\/p>\n<\/div>","protected":false},"excerpt":{"rendered":"<p>O seu an\u00fancio deve refletir a sua propriedade e o seu ambiente. N\u00e3o h\u00e1 melhor maneira de aumentar as suas reservas do que com fotografias fant\u00e1sticas!<\/p>\n","protected":false},"author":3,"featured_media":81849,"comment_status":"closed","ping_status":"open","sticky":false,"template":"","format":"standard","meta":{"footnotes":""},"categories":[905],"tags":[],"class_list":["post-102073","post","type-post","status-publish","format-standard","has-post-thumbnail","hentry","category-individuos"],"yoast_head":"<!-- This site is optimized with the Yoast SEO Premium plugin v27.4 (Yoast SEO v27.4) - https:\/\/yoast.com\/product\/yoast-seo-premium-wordpress\/ -->\n<title>Photographies de votre maison : Conseils pour des images attractives et efficaces.<\/title>\n<meta name=\"description\" content=\"Descubra como capturar fotografias impressionantes do seu im\u00f3vel para aluguer. Aprenda t\u00e9cnicas de fotografia e retoque para destacar sua casa no mercado!\" \/>\n<meta name=\"robots\" content=\"index, follow, max-snippet:-1, max-image-preview:large, max-video-preview:-1\" \/>\n<link rel=\"canonical\" href=\"https:\/\/styqr.fr\/pt-pt\/2024\/01\/23\/fotografias-da-sua-casa-os-principios-basicos\/\" \/>\n<meta property=\"og:locale\" content=\"pt_PT\" \/>\n<meta property=\"og:type\" content=\"article\" \/>\n<meta property=\"og:title\" content=\"StyQR | Le livret d&#039;accueil digital\" \/>\n<meta property=\"og:description\" content=\"Descubra como capturar fotografias impressionantes do seu im\u00f3vel para aluguer. Aprenda t\u00e9cnicas de fotografia e retoque para destacar sua casa no mercado!\" \/>\n<meta property=\"og:url\" content=\"https:\/\/styqr.fr\/pt-pt\/2024\/01\/23\/fotografias-da-sua-casa-os-principios-basicos\/\" \/>\n<meta property=\"og:site_name\" content=\"StyQR\" \/>\n<meta property=\"article:publisher\" content=\"https:\/\/fr-fr.facebook.com\/styqr\/\" \/>\n<meta property=\"article:published_time\" content=\"2024-01-23T16:19:25+00:00\" \/>\n<meta property=\"article:modified_time\" content=\"2024-01-23T16:19:27+00:00\" \/>\n<meta property=\"og:image\" content=\"https:\/\/styqr.fr\/wp-content\/uploads\/2021\/03\/andrea-davis-IWfe63thJxk-unsplash-scaled.jpg\" \/>\n\t<meta property=\"og:image:width\" content=\"2560\" \/>\n\t<meta property=\"og:image:height\" content=\"1707\" \/>\n\t<meta property=\"og:image:type\" content=\"image\/jpeg\" \/>\n<meta name=\"author\" content=\"Marine\" \/>\n<meta name=\"twitter:card\" content=\"summary_large_image\" \/>\n<meta name=\"twitter:creator\" content=\"@julien-styqr-admin\" \/>\n<script type=\"application\/ld+json\" class=\"yoast-schema-graph\">{\"@context\":\"https:\\\/\\\/schema.org\",\"@graph\":[{\"@type\":\"Article\",\"@id\":\"https:\\\/\\\/styqr.fr\\\/pt-pt\\\/2024\\\/01\\\/23\\\/fotografias-da-sua-casa-os-principios-basicos\\\/#article\",\"isPartOf\":{\"@id\":\"https:\\\/\\\/styqr.fr\\\/pt-pt\\\/2024\\\/01\\\/23\\\/fotografias-da-sua-casa-os-principios-basicos\\\/\"},\"author\":{\"name\":\"Marine\",\"@id\":\"https:\\\/\\\/styqr.fr\\\/pt-pt\\\/#\\\/schema\\\/person\\\/9961aca9b86c9501bc1a72282df89aac\"},\"headline\":\"Fotografias da sua casa: os princ\u00edpios b\u00e1sicos\",\"datePublished\":\"2024-01-23T16:19:25+00:00\",\"dateModified\":\"2024-01-23T16:19:27+00:00\",\"mainEntityOfPage\":{\"@id\":\"https:\\\/\\\/styqr.fr\\\/pt-pt\\\/2024\\\/01\\\/23\\\/fotografias-da-sua-casa-os-principios-basicos\\\/\"},\"wordCount\":769,\"publisher\":{\"@id\":\"https:\\\/\\\/styqr.fr\\\/pt-pt\\\/#organization\"},\"image\":{\"@id\":\"https:\\\/\\\/styqr.fr\\\/pt-pt\\\/2024\\\/01\\\/23\\\/fotografias-da-sua-casa-os-principios-basicos\\\/#primaryimage\"},\"thumbnailUrl\":\"https:\\\/\\\/styqr.fr\\\/wp-content\\\/uploads\\\/2021\\\/03\\\/andrea-davis-IWfe63thJxk-unsplash-scaled.jpg\",\"articleSection\":[\"Indiv\u00edduos\"],\"inLanguage\":\"pt-PT\"},{\"@type\":\"WebPage\",\"@id\":\"https:\\\/\\\/styqr.fr\\\/pt-pt\\\/2024\\\/01\\\/23\\\/fotografias-da-sua-casa-os-principios-basicos\\\/\",\"url\":\"https:\\\/\\\/styqr.fr\\\/pt-pt\\\/2024\\\/01\\\/23\\\/fotografias-da-sua-casa-os-principios-basicos\\\/\",\"name\":\"Photographies de votre maison : Conseils pour des images attractives et efficaces.\",\"isPartOf\":{\"@id\":\"https:\\\/\\\/styqr.fr\\\/pt-pt\\\/#website\"},\"primaryImageOfPage\":{\"@id\":\"https:\\\/\\\/styqr.fr\\\/pt-pt\\\/2024\\\/01\\\/23\\\/fotografias-da-sua-casa-os-principios-basicos\\\/#primaryimage\"},\"image\":{\"@id\":\"https:\\\/\\\/styqr.fr\\\/pt-pt\\\/2024\\\/01\\\/23\\\/fotografias-da-sua-casa-os-principios-basicos\\\/#primaryimage\"},\"thumbnailUrl\":\"https:\\\/\\\/styqr.fr\\\/wp-content\\\/uploads\\\/2021\\\/03\\\/andrea-davis-IWfe63thJxk-unsplash-scaled.jpg\",\"datePublished\":\"2024-01-23T16:19:25+00:00\",\"dateModified\":\"2024-01-23T16:19:27+00:00\",\"description\":\"Descubra como capturar fotografias impressionantes do seu im\u00f3vel para aluguer. Aprenda t\u00e9cnicas de fotografia e retoque para destacar sua casa no mercado!\",\"breadcrumb\":{\"@id\":\"https:\\\/\\\/styqr.fr\\\/pt-pt\\\/2024\\\/01\\\/23\\\/fotografias-da-sua-casa-os-principios-basicos\\\/#breadcrumb\"},\"inLanguage\":\"pt-PT\",\"potentialAction\":[{\"@type\":\"ReadAction\",\"target\":[\"https:\\\/\\\/styqr.fr\\\/pt-pt\\\/2024\\\/01\\\/23\\\/fotografias-da-sua-casa-os-principios-basicos\\\/\"]}]},{\"@type\":\"ImageObject\",\"inLanguage\":\"pt-PT\",\"@id\":\"https:\\\/\\\/styqr.fr\\\/pt-pt\\\/2024\\\/01\\\/23\\\/fotografias-da-sua-casa-os-principios-basicos\\\/#primaryimage\",\"url\":\"https:\\\/\\\/styqr.fr\\\/wp-content\\\/uploads\\\/2021\\\/03\\\/andrea-davis-IWfe63thJxk-unsplash-scaled.jpg\",\"contentUrl\":\"https:\\\/\\\/styqr.fr\\\/wp-content\\\/uploads\\\/2021\\\/03\\\/andrea-davis-IWfe63thJxk-unsplash-scaled.jpg\",\"width\":2560,\"height\":1707,\"caption\":\"@andreaedavis\"},{\"@type\":\"BreadcrumbList\",\"@id\":\"https:\\\/\\\/styqr.fr\\\/pt-pt\\\/2024\\\/01\\\/23\\\/fotografias-da-sua-casa-os-principios-basicos\\\/#breadcrumb\",\"itemListElement\":[{\"@type\":\"ListItem\",\"position\":1,\"name\":\"Casa\",\"item\":\"https:\\\/\\\/styqr.fr\\\/pt-pt\\\/\"},{\"@type\":\"ListItem\",\"position\":2,\"name\":\"Indiv\u00edduos\",\"item\":\"https:\\\/\\\/styqr.fr\\\/pt-pt\\\/nos-categories\\\/individuos\\\/\"},{\"@type\":\"ListItem\",\"position\":3,\"name\":\"Fotografias da sua casa: os princ\u00edpios b\u00e1sicos\"}]},{\"@type\":\"WebSite\",\"@id\":\"https:\\\/\\\/styqr.fr\\\/pt-pt\\\/#website\",\"url\":\"https:\\\/\\\/styqr.fr\\\/pt-pt\\\/\",\"name\":\"StyQR\",\"description\":\"Cr\u00e9ez votre livret d&#039;accueil digital personnalis\u00e9 pour vos voyageurs\",\"publisher\":{\"@id\":\"https:\\\/\\\/styqr.fr\\\/pt-pt\\\/#organization\"},\"potentialAction\":[{\"@type\":\"SearchAction\",\"target\":{\"@type\":\"EntryPoint\",\"urlTemplate\":\"https:\\\/\\\/styqr.fr\\\/pt-pt\\\/?s={search_term_string}\"},\"query-input\":{\"@type\":\"PropertyValueSpecification\",\"valueRequired\":true,\"valueName\":\"search_term_string\"}}],\"inLanguage\":\"pt-PT\"},{\"@type\":\"Organization\",\"@id\":\"https:\\\/\\\/styqr.fr\\\/pt-pt\\\/#organization\",\"name\":\"StyQR\",\"url\":\"https:\\\/\\\/styqr.fr\\\/pt-pt\\\/\",\"logo\":{\"@type\":\"ImageObject\",\"inLanguage\":\"pt-PT\",\"@id\":\"https:\\\/\\\/styqr.fr\\\/pt-pt\\\/#\\\/schema\\\/logo\\\/image\\\/\",\"url\":\"https:\\\/\\\/styqr.fr\\\/wp-content\\\/uploads\\\/2020\\\/11\\\/Fichier-5.png\",\"contentUrl\":\"https:\\\/\\\/styqr.fr\\\/wp-content\\\/uploads\\\/2020\\\/11\\\/Fichier-5.png\",\"width\":388,\"height\":194,\"caption\":\"StyQR\"},\"image\":{\"@id\":\"https:\\\/\\\/styqr.fr\\\/pt-pt\\\/#\\\/schema\\\/logo\\\/image\\\/\"},\"sameAs\":[\"https:\\\/\\\/fr-fr.facebook.com\\\/styqr\\\/\",\"https:\\\/\\\/www.instagram.com\\\/styqr_fr\\\/\",\"https:\\\/\\\/fr.linkedin.com\\\/company\\\/styqr\"],\"description\":\"StyQR, le livret d'accueil digital\",\"email\":\"contact@styqr.fr\",\"legalName\":\"SAS StyQR\",\"foundingDate\":\"2019-05-27\",\"vatID\":\"FR55824532865\",\"taxID\":\"82453286500014\",\"numberOfEmployees\":{\"@type\":\"QuantitativeValue\",\"minValue\":\"1\",\"maxValue\":\"10\"}},{\"@type\":\"Person\",\"@id\":\"https:\\\/\\\/styqr.fr\\\/pt-pt\\\/#\\\/schema\\\/person\\\/9961aca9b86c9501bc1a72282df89aac\",\"name\":\"Marine\",\"image\":{\"@type\":\"ImageObject\",\"inLanguage\":\"pt-PT\",\"@id\":\"https:\\\/\\\/secure.gravatar.com\\\/avatar\\\/647b7182996833269bfb418442442520d7a3cf1ce76c2bbb26b93d7fbb28bb58?s=96&d=mm&r=g\",\"url\":\"https:\\\/\\\/secure.gravatar.com\\\/avatar\\\/647b7182996833269bfb418442442520d7a3cf1ce76c2bbb26b93d7fbb28bb58?s=96&d=mm&r=g\",\"contentUrl\":\"https:\\\/\\\/secure.gravatar.com\\\/avatar\\\/647b7182996833269bfb418442442520d7a3cf1ce76c2bbb26b93d7fbb28bb58?s=96&d=mm&r=g\",\"caption\":\"Marine\"},\"sameAs\":[\"https:\\\/\\\/x.com\\\/julien-styqr-admin\"]}]}<\/script>\n<!-- \/ Yoast SEO Premium plugin. -->","yoast_head_json":{"title":"Photographies de votre maison : Conseils pour des images attractives et efficaces.","description":"Descubra como capturar fotografias impressionantes do seu im\u00f3vel para aluguer. Aprenda t\u00e9cnicas de fotografia e retoque para destacar sua casa no mercado!","robots":{"index":"index","follow":"follow","max-snippet":"max-snippet:-1","max-image-preview":"max-image-preview:large","max-video-preview":"max-video-preview:-1"},"canonical":"https:\/\/styqr.fr\/pt-pt\/2024\/01\/23\/fotografias-da-sua-casa-os-principios-basicos\/","og_locale":"pt_PT","og_type":"article","og_title":"StyQR | Le livret d'accueil digital","og_description":"Descubra como capturar fotografias impressionantes do seu im\u00f3vel para aluguer. Aprenda t\u00e9cnicas de fotografia e retoque para destacar sua casa no mercado!","og_url":"https:\/\/styqr.fr\/pt-pt\/2024\/01\/23\/fotografias-da-sua-casa-os-principios-basicos\/","og_site_name":"StyQR","article_publisher":"https:\/\/fr-fr.facebook.com\/styqr\/","article_published_time":"2024-01-23T16:19:25+00:00","article_modified_time":"2024-01-23T16:19:27+00:00","og_image":[{"width":2560,"height":1707,"url":"https:\/\/styqr.fr\/wp-content\/uploads\/2021\/03\/andrea-davis-IWfe63thJxk-unsplash-scaled.jpg","type":"image\/jpeg"}],"author":"Marine","twitter_card":"summary_large_image","twitter_creator":"@julien-styqr-admin","schema":{"@context":"https:\/\/schema.org","@graph":[{"@type":"Article","@id":"https:\/\/styqr.fr\/pt-pt\/2024\/01\/23\/fotografias-da-sua-casa-os-principios-basicos\/#article","isPartOf":{"@id":"https:\/\/styqr.fr\/pt-pt\/2024\/01\/23\/fotografias-da-sua-casa-os-principios-basicos\/"},"author":{"name":"Marine","@id":"https:\/\/styqr.fr\/pt-pt\/#\/schema\/person\/9961aca9b86c9501bc1a72282df89aac"},"headline":"Fotografias da sua casa: os princ\u00edpios b\u00e1sicos","datePublished":"2024-01-23T16:19:25+00:00","dateModified":"2024-01-23T16:19:27+00:00","mainEntityOfPage":{"@id":"https:\/\/styqr.fr\/pt-pt\/2024\/01\/23\/fotografias-da-sua-casa-os-principios-basicos\/"},"wordCount":769,"publisher":{"@id":"https:\/\/styqr.fr\/pt-pt\/#organization"},"image":{"@id":"https:\/\/styqr.fr\/pt-pt\/2024\/01\/23\/fotografias-da-sua-casa-os-principios-basicos\/#primaryimage"},"thumbnailUrl":"https:\/\/styqr.fr\/wp-content\/uploads\/2021\/03\/andrea-davis-IWfe63thJxk-unsplash-scaled.jpg","articleSection":["Indiv\u00edduos"],"inLanguage":"pt-PT"},{"@type":"WebPage","@id":"https:\/\/styqr.fr\/pt-pt\/2024\/01\/23\/fotografias-da-sua-casa-os-principios-basicos\/","url":"https:\/\/styqr.fr\/pt-pt\/2024\/01\/23\/fotografias-da-sua-casa-os-principios-basicos\/","name":"Photographies de votre maison : Conseils pour des images attractives et efficaces.","isPartOf":{"@id":"https:\/\/styqr.fr\/pt-pt\/#website"},"primaryImageOfPage":{"@id":"https:\/\/styqr.fr\/pt-pt\/2024\/01\/23\/fotografias-da-sua-casa-os-principios-basicos\/#primaryimage"},"image":{"@id":"https:\/\/styqr.fr\/pt-pt\/2024\/01\/23\/fotografias-da-sua-casa-os-principios-basicos\/#primaryimage"},"thumbnailUrl":"https:\/\/styqr.fr\/wp-content\/uploads\/2021\/03\/andrea-davis-IWfe63thJxk-unsplash-scaled.jpg","datePublished":"2024-01-23T16:19:25+00:00","dateModified":"2024-01-23T16:19:27+00:00","description":"Descubra como capturar fotografias impressionantes do seu im\u00f3vel para aluguer. Aprenda t\u00e9cnicas de fotografia e retoque para destacar sua casa no mercado!","breadcrumb":{"@id":"https:\/\/styqr.fr\/pt-pt\/2024\/01\/23\/fotografias-da-sua-casa-os-principios-basicos\/#breadcrumb"},"inLanguage":"pt-PT","potentialAction":[{"@type":"ReadAction","target":["https:\/\/styqr.fr\/pt-pt\/2024\/01\/23\/fotografias-da-sua-casa-os-principios-basicos\/"]}]},{"@type":"ImageObject","inLanguage":"pt-PT","@id":"https:\/\/styqr.fr\/pt-pt\/2024\/01\/23\/fotografias-da-sua-casa-os-principios-basicos\/#primaryimage","url":"https:\/\/styqr.fr\/wp-content\/uploads\/2021\/03\/andrea-davis-IWfe63thJxk-unsplash-scaled.jpg","contentUrl":"https:\/\/styqr.fr\/wp-content\/uploads\/2021\/03\/andrea-davis-IWfe63thJxk-unsplash-scaled.jpg","width":2560,"height":1707,"caption":"@andreaedavis"},{"@type":"BreadcrumbList","@id":"https:\/\/styqr.fr\/pt-pt\/2024\/01\/23\/fotografias-da-sua-casa-os-principios-basicos\/#breadcrumb","itemListElement":[{"@type":"ListItem","position":1,"name":"Casa","item":"https:\/\/styqr.fr\/pt-pt\/"},{"@type":"ListItem","position":2,"name":"Indiv\u00edduos","item":"https:\/\/styqr.fr\/pt-pt\/nos-categories\/individuos\/"},{"@type":"ListItem","position":3,"name":"Fotografias da sua casa: os princ\u00edpios b\u00e1sicos"}]},{"@type":"WebSite","@id":"https:\/\/styqr.fr\/pt-pt\/#website","url":"https:\/\/styqr.fr\/pt-pt\/","name":"StyQR","description":"Cr\u00e9ez votre livret d&#039;accueil digital personnalis\u00e9 pour vos voyageurs","publisher":{"@id":"https:\/\/styqr.fr\/pt-pt\/#organization"},"potentialAction":[{"@type":"SearchAction","target":{"@type":"EntryPoint","urlTemplate":"https:\/\/styqr.fr\/pt-pt\/?s={search_term_string}"},"query-input":{"@type":"PropertyValueSpecification","valueRequired":true,"valueName":"search_term_string"}}],"inLanguage":"pt-PT"},{"@type":"Organization","@id":"https:\/\/styqr.fr\/pt-pt\/#organization","name":"StyQR","url":"https:\/\/styqr.fr\/pt-pt\/","logo":{"@type":"ImageObject","inLanguage":"pt-PT","@id":"https:\/\/styqr.fr\/pt-pt\/#\/schema\/logo\/image\/","url":"https:\/\/styqr.fr\/wp-content\/uploads\/2020\/11\/Fichier-5.png","contentUrl":"https:\/\/styqr.fr\/wp-content\/uploads\/2020\/11\/Fichier-5.png","width":388,"height":194,"caption":"StyQR"},"image":{"@id":"https:\/\/styqr.fr\/pt-pt\/#\/schema\/logo\/image\/"},"sameAs":["https:\/\/fr-fr.facebook.com\/styqr\/","https:\/\/www.instagram.com\/styqr_fr\/","https:\/\/fr.linkedin.com\/company\/styqr"],"description":"StyQR, le livret d'accueil digital","email":"contact@styqr.fr","legalName":"SAS StyQR","foundingDate":"2019-05-27","vatID":"FR55824532865","taxID":"82453286500014","numberOfEmployees":{"@type":"QuantitativeValue","minValue":"1","maxValue":"10"}},{"@type":"Person","@id":"https:\/\/styqr.fr\/pt-pt\/#\/schema\/person\/9961aca9b86c9501bc1a72282df89aac","name":"Marine","image":{"@type":"ImageObject","inLanguage":"pt-PT","@id":"https:\/\/secure.gravatar.com\/avatar\/647b7182996833269bfb418442442520d7a3cf1ce76c2bbb26b93d7fbb28bb58?s=96&d=mm&r=g","url":"https:\/\/secure.gravatar.com\/avatar\/647b7182996833269bfb418442442520d7a3cf1ce76c2bbb26b93d7fbb28bb58?s=96&d=mm&r=g","contentUrl":"https:\/\/secure.gravatar.com\/avatar\/647b7182996833269bfb418442442520d7a3cf1ce76c2bbb26b93d7fbb28bb58?s=96&d=mm&r=g","caption":"Marine"},"sameAs":["https:\/\/x.com\/julien-styqr-admin"]}]}},"_links":{"self":[{"href":"https:\/\/styqr.fr\/pt-pt\/wp-json\/wp\/v2\/posts\/102073","targetHints":{"allow":["GET"]}}],"collection":[{"href":"https:\/\/styqr.fr\/pt-pt\/wp-json\/wp\/v2\/posts"}],"about":[{"href":"https:\/\/styqr.fr\/pt-pt\/wp-json\/wp\/v2\/types\/post"}],"author":[{"embeddable":true,"href":"https:\/\/styqr.fr\/pt-pt\/wp-json\/wp\/v2\/users\/3"}],"replies":[{"embeddable":true,"href":"https:\/\/styqr.fr\/pt-pt\/wp-json\/wp\/v2\/comments?post=102073"}],"version-history":[{"count":0,"href":"https:\/\/styqr.fr\/pt-pt\/wp-json\/wp\/v2\/posts\/102073\/revisions"}],"wp:featuredmedia":[{"embeddable":true,"href":"https:\/\/styqr.fr\/pt-pt\/wp-json\/wp\/v2\/media\/81849"}],"wp:attachment":[{"href":"https:\/\/styqr.fr\/pt-pt\/wp-json\/wp\/v2\/media?parent=102073"}],"wp:term":[{"taxonomy":"category","embeddable":true,"href":"https:\/\/styqr.fr\/pt-pt\/wp-json\/wp\/v2\/categories?post=102073"},{"taxonomy":"post_tag","embeddable":true,"href":"https:\/\/styqr.fr\/pt-pt\/wp-json\/wp\/v2\/tags?post=102073"}],"curies":[{"name":"wp","href":"https:\/\/api.w.org\/{rel}","templated":true}]}}