{"id":101402,"date":"2024-01-23T17:19:01","date_gmt":"2024-01-23T16:19:01","guid":{"rendered":"https:\/\/styqr.fr\/2024\/01\/23\/ambiente-tornar-as-ferias-dos-seus-clientes-mais-ecologicas\/"},"modified":"2025-01-13T14:45:03","modified_gmt":"2025-01-13T13:45:03","slug":"ambiente-tornar-as-ferias-dos-seus-clientes-mais-ecologicas","status":"publish","type":"post","link":"https:\/\/styqr.fr\/pt-pt\/2024\/01\/23\/ambiente-tornar-as-ferias-dos-seus-clientes-mais-ecologicas\/","title":{"rendered":"Ambiente: tornar as f\u00e9rias dos teus clientes mais ecol\u00f3gicas"},"content":{"rendered":"<div class=\"wpb-content-wrapper\"><p>[vc_row][vc_column width=&#8221;1\/1&#8243;][vc_column_text uncode_shortcode_id=&#8221;943703&#8243;]Nos \u00faltimos anos, temos tentado adotar uma <strong>forma de consumo<\/strong> mais<strong>amiga do ambiente<\/strong>. Estamos a consumir mais e menos, mas tamb\u00e9m estamos a viajar de forma mais ponderada. O sector <strong>do aluguer<\/strong> tem de se adaptar a este novo<strong>&#8220;modo de consumo<\/strong>&#8221; e oferecer alternativas mais<strong>respeitadoras do ambiente<\/strong>.<\/p>\n<p>[\/vc_column_text][\/vc_column][\/vc_row][vc_row][vc_column width=&#8221;1\/1&#8243;][vc_single_image media=&#8221;86722&#8243; media_width_percent=&#8221;100&#8243; media_ratio=&#8221;three-two&#8221; shape=&#8221;img-round&#8221; radius=&#8221;std&#8221; uncode_shortcode_id=&#8221;861981&#8243;][vc_row_inner][vc_column_inner column_width_percent=&#8221;100&#8243; gutter_size=&#8221;0&#8243; overlay_alpha=&#8221;50&#8243; shift_x=&#8221;0&#8243; shift_y=&#8221;0&#8243; shift_y_down=&#8221;0&#8243; z_index=&#8221;0&#8243; medium_width=&#8221;0&#8243; mobile_width=&#8221;0&#8243; width=&#8221;1\/1&#8243;][vc_custom_heading uncode_shortcode_id=&#8221;136452&#8243;]<\/p>\n<h2>1. O que podes fazer para tornar a tua casa mais ecol\u00f3gica?<\/h2>\n<p>[\/vc_custom_heading][\/vc_column_inner][\/vc_row_inner][vc_column_text uncode_shortcode_id=&#8221;773548&#8243;]Para tornar a tua casa mais amiga do ambiente, tens de verificar algumas coisas. Como \u00e9 o teu<strong> isolamento<\/strong>, por exemplo? Que tipo de <strong>eletricidade<\/strong> utilizas? Tens <strong>l\u00e2mpadas de baixo consumo<\/strong>? Depois, olha para os m\u00f3veis e a decora\u00e7\u00e3o. De onde v\u00eam? Podes compr\u00e1-los <strong>em segunda m\u00e3o<\/strong>? Finalmente, sugere alguns objectos<strong>&#8220;verdes&#8221;<\/strong> do dia a dia:   <\/p>\n<ul>\n<li><strong>Sabonetes e champ\u00f4s<\/strong> s\u00f3lidos ou, pelo menos, rotulados. Cuidados de pele locais? <\/li>\n<li><strong>Produtos dom\u00e9sticos<\/strong> amigos do ambiente<\/li>\n<li>Um contentor para <strong>separar o lixo em casa<\/strong> e incentivar os teus clientes a faz\u00ea-lo<\/li>\n<li>No inverno, usa o xadrez para <strong>evitar o sobreaquecimento<\/strong><\/li>\n<li>Informa\u00e7\u00f5es sobre produtores locais e restaurantes com menus sazonais&#8230;<\/li>\n<\/ul>\n<p>Estas pequenas mudan\u00e7as n\u00e3o te v\u00e3o custar muito e v\u00e3o ajudar-te a conquistar um <strong>novo tipo de cliente<\/strong>. Se estiveres realmente motivado, podes at\u00e9 instalar<strong> pain\u00e9is solares<\/strong> no teu telhado!<\/p>\n<p>[\/vc_column_text][\/vc_column][\/vc_row][vc_row][vc_column width=&#8221;1\/1&#8243;][vc_single_image media=&#8221;86724&#8243; media_width_percent=&#8221;100&#8243; media_ratio=&#8221;three-two&#8221; shape=&#8221;img-round&#8221; radius=&#8221;std&#8221; uncode_shortcode_id=&#8221;708129&#8243;][vc_row_inner][vc_column_inner column_width_percent=&#8221;100&#8243; gutter_size=&#8221;0&#8243; overlay_alpha=&#8221;50&#8243; shift_x=&#8221;0&#8243; shift_y=&#8221;0&#8243; shift_y_down=&#8221;0&#8243; z_index=&#8221;0&#8243; medium_width=&#8221;0&#8243; mobile_width=&#8221;0&#8243; width=&#8221;1\/1&#8243;][vc_custom_heading uncode_shortcode_id=&#8221;133304&#8243;]<\/p>\n<h2>2. Vai mais longe: o guia de boas-vindas digital<\/h2>\n<p>[\/vc_custom_heading][\/vc_column_inner][\/vc_row_inner][vc_column_text uncode_shortcode_id=&#8221;500241&#8243;]Para al\u00e9m de tudo isto, podes ir ainda mais longe no teu esfor\u00e7o de respeito pelo<strong> ambiente<\/strong>. Podes optar por um<strong> guia de boas-vindas digital<\/strong> para substituir o guia em papel que \u00e9 impresso para cada novo cliente. Com o teu<a href=\"https:\/\/styqr.fr\/pt-pt\/\" target=\"_blank\" rel=\"noopener\"> <strong>StyQR booklet<\/strong><\/a>pode <strong>modificar<\/strong> e<strong> atualizar o seu folheto<\/strong> para cada nova reserva, cada esta\u00e7\u00e3o&#8230; tudo sem utilizar uma \u00fanica folha de papel. Podes mesmo propor aos teus clientes <strong>restaurantes<\/strong> ou <strong>locais de actividades<\/strong> que respeitam plenamente <strong>as restri\u00e7\u00f5es ambientais<\/strong>. Poder\u00e1 aconselhar-se com um habitante <strong>local<\/strong> onde quer que esteja, e isso n\u00e3o tem pre\u00e7o![\/vc_column_text][\/vc_column][\/vc_row][vc_row][vc_column width=&#8221;1\/1&#8243;][vc_column_text uncode_shortcode_id=&#8221;811131&#8243;]O aspeto ambiental das <strong>f\u00e9rias<\/strong> \u00e9 uma no\u00e7\u00e3o que n\u00e3o deve continuar a ser ignorada em 2021. Destacar este ponto no teu an\u00fancio pode fazer pender <strong>a balan\u00e7a<\/strong> a teu favor![\/vc_column_text][\/vc_column][\/vc_row]<\/p>\n<\/div>","protected":false},"excerpt":{"rendered":"<p>Como podes adaptar a tua casa para um consumo mais ecol\u00f3gico e respeitar o ambiente? N\u00f3s contamos-te tudo! <\/p>\n","protected":false},"author":3,"featured_media":95481,"comment_status":"closed","ping_status":"open","sticky":false,"template":"","format":"standard","meta":{"footnotes":""},"categories":[905],"tags":[1929,1931,1986,2240],"class_list":["post-101402","post","type-post","status-publish","format-standard","has-post-thumbnail","hentry","category-individuos","tag-styqr-pt-pt","tag-aluguer","tag-ambiente","tag-clientes-pt-pt"],"yoast_head":"<!-- This site is optimized with the Yoast SEO Premium plugin v27.4 (Yoast SEO v27.4) - https:\/\/yoast.com\/product\/yoast-seo-premium-wordpress\/ -->\n<title>F\u00e9rias Sustent\u00e1veis: Dicas para Viagens Ecol\u00f3gicas StyQR<\/title>\n<meta name=\"description\" content=\"Transforme as f\u00e9rias dos seus clientes em experi\u00eancias ecol\u00f3gicas! Descubra como respeitar o meio ambiente enquanto desfruta de momentos inesquec\u00edveis.\" \/>\n<meta name=\"robots\" content=\"index, follow, max-snippet:-1, max-image-preview:large, max-video-preview:-1\" \/>\n<link rel=\"canonical\" href=\"https:\/\/styqr.fr\/pt-pt\/2024\/01\/23\/ambiente-tornar-as-ferias-dos-seus-clientes-mais-ecologicas\/\" \/>\n<meta property=\"og:locale\" content=\"pt_PT\" \/>\n<meta property=\"og:type\" content=\"article\" \/>\n<meta property=\"og:title\" content=\"StyQR | Le livret d&#039;accueil digital\" \/>\n<meta property=\"og:description\" content=\"Transforme as f\u00e9rias dos seus clientes em experi\u00eancias ecol\u00f3gicas! Descubra como respeitar o meio ambiente enquanto desfruta de momentos inesquec\u00edveis.\" \/>\n<meta property=\"og:url\" content=\"https:\/\/styqr.fr\/pt-pt\/2024\/01\/23\/ambiente-tornar-as-ferias-dos-seus-clientes-mais-ecologicas\/\" \/>\n<meta property=\"og:site_name\" content=\"StyQR\" \/>\n<meta property=\"article:publisher\" content=\"https:\/\/fr-fr.facebook.com\/styqr\/\" \/>\n<meta property=\"article:published_time\" content=\"2024-01-23T16:19:01+00:00\" \/>\n<meta property=\"article:modified_time\" content=\"2025-01-13T13:45:03+00:00\" \/>\n<meta property=\"og:image\" content=\"https:\/\/styqr.fr\/wp-content\/uploads\/2021\/10\/maria-rodideal-XxFumrTnqDY-unsplash-scaled.jpg\" \/>\n\t<meta property=\"og:image:width\" content=\"2560\" \/>\n\t<meta property=\"og:image:height\" content=\"1707\" \/>\n\t<meta property=\"og:image:type\" content=\"image\/jpeg\" \/>\n<meta name=\"author\" content=\"Marine\" \/>\n<meta name=\"twitter:card\" content=\"summary_large_image\" \/>\n<meta name=\"twitter:creator\" content=\"@julien-styqr-admin\" \/>\n<script type=\"application\/ld+json\" class=\"yoast-schema-graph\">{\"@context\":\"https:\\\/\\\/schema.org\",\"@graph\":[{\"@type\":\"Article\",\"@id\":\"https:\\\/\\\/styqr.fr\\\/pt-pt\\\/2024\\\/01\\\/23\\\/ambiente-tornar-as-ferias-dos-seus-clientes-mais-ecologicas\\\/#article\",\"isPartOf\":{\"@id\":\"https:\\\/\\\/styqr.fr\\\/pt-pt\\\/2024\\\/01\\\/23\\\/ambiente-tornar-as-ferias-dos-seus-clientes-mais-ecologicas\\\/\"},\"author\":{\"name\":\"Marine\",\"@id\":\"https:\\\/\\\/styqr.fr\\\/pt-pt\\\/#\\\/schema\\\/person\\\/9961aca9b86c9501bc1a72282df89aac\"},\"headline\":\"Ambiente: tornar as f\u00e9rias dos teus clientes mais ecol\u00f3gicas\",\"datePublished\":\"2024-01-23T16:19:01+00:00\",\"dateModified\":\"2025-01-13T13:45:03+00:00\",\"mainEntityOfPage\":{\"@id\":\"https:\\\/\\\/styqr.fr\\\/pt-pt\\\/2024\\\/01\\\/23\\\/ambiente-tornar-as-ferias-dos-seus-clientes-mais-ecologicas\\\/\"},\"wordCount\":556,\"publisher\":{\"@id\":\"https:\\\/\\\/styqr.fr\\\/pt-pt\\\/#organization\"},\"image\":{\"@id\":\"https:\\\/\\\/styqr.fr\\\/pt-pt\\\/2024\\\/01\\\/23\\\/ambiente-tornar-as-ferias-dos-seus-clientes-mais-ecologicas\\\/#primaryimage\"},\"thumbnailUrl\":\"https:\\\/\\\/styqr.fr\\\/wp-content\\\/uploads\\\/2021\\\/10\\\/maria-rodideal-XxFumrTnqDY-unsplash-scaled.jpg\",\"keywords\":[\"styqr\",\"aluguer\",\"ambiente\",\"clientes\"],\"articleSection\":[\"Indiv\u00edduos\"],\"inLanguage\":\"pt-PT\"},{\"@type\":\"WebPage\",\"@id\":\"https:\\\/\\\/styqr.fr\\\/pt-pt\\\/2024\\\/01\\\/23\\\/ambiente-tornar-as-ferias-dos-seus-clientes-mais-ecologicas\\\/\",\"url\":\"https:\\\/\\\/styqr.fr\\\/pt-pt\\\/2024\\\/01\\\/23\\\/ambiente-tornar-as-ferias-dos-seus-clientes-mais-ecologicas\\\/\",\"name\":\"F\u00e9rias Sustent\u00e1veis: Dicas para Viagens Ecol\u00f3gicas StyQR\",\"isPartOf\":{\"@id\":\"https:\\\/\\\/styqr.fr\\\/pt-pt\\\/#website\"},\"primaryImageOfPage\":{\"@id\":\"https:\\\/\\\/styqr.fr\\\/pt-pt\\\/2024\\\/01\\\/23\\\/ambiente-tornar-as-ferias-dos-seus-clientes-mais-ecologicas\\\/#primaryimage\"},\"image\":{\"@id\":\"https:\\\/\\\/styqr.fr\\\/pt-pt\\\/2024\\\/01\\\/23\\\/ambiente-tornar-as-ferias-dos-seus-clientes-mais-ecologicas\\\/#primaryimage\"},\"thumbnailUrl\":\"https:\\\/\\\/styqr.fr\\\/wp-content\\\/uploads\\\/2021\\\/10\\\/maria-rodideal-XxFumrTnqDY-unsplash-scaled.jpg\",\"datePublished\":\"2024-01-23T16:19:01+00:00\",\"dateModified\":\"2025-01-13T13:45:03+00:00\",\"description\":\"Transforme as f\u00e9rias dos seus clientes em experi\u00eancias ecol\u00f3gicas! Descubra como respeitar o meio ambiente enquanto desfruta de momentos inesquec\u00edveis.\",\"breadcrumb\":{\"@id\":\"https:\\\/\\\/styqr.fr\\\/pt-pt\\\/2024\\\/01\\\/23\\\/ambiente-tornar-as-ferias-dos-seus-clientes-mais-ecologicas\\\/#breadcrumb\"},\"inLanguage\":\"pt-PT\",\"potentialAction\":[{\"@type\":\"ReadAction\",\"target\":[\"https:\\\/\\\/styqr.fr\\\/pt-pt\\\/2024\\\/01\\\/23\\\/ambiente-tornar-as-ferias-dos-seus-clientes-mais-ecologicas\\\/\"]}]},{\"@type\":\"ImageObject\",\"inLanguage\":\"pt-PT\",\"@id\":\"https:\\\/\\\/styqr.fr\\\/pt-pt\\\/2024\\\/01\\\/23\\\/ambiente-tornar-as-ferias-dos-seus-clientes-mais-ecologicas\\\/#primaryimage\",\"url\":\"https:\\\/\\\/styqr.fr\\\/wp-content\\\/uploads\\\/2021\\\/10\\\/maria-rodideal-XxFumrTnqDY-unsplash-scaled.jpg\",\"contentUrl\":\"https:\\\/\\\/styqr.fr\\\/wp-content\\\/uploads\\\/2021\\\/10\\\/maria-rodideal-XxFumrTnqDY-unsplash-scaled.jpg\",\"width\":2560,\"height\":1707},{\"@type\":\"BreadcrumbList\",\"@id\":\"https:\\\/\\\/styqr.fr\\\/pt-pt\\\/2024\\\/01\\\/23\\\/ambiente-tornar-as-ferias-dos-seus-clientes-mais-ecologicas\\\/#breadcrumb\",\"itemListElement\":[{\"@type\":\"ListItem\",\"position\":1,\"name\":\"Casa\",\"item\":\"https:\\\/\\\/styqr.fr\\\/pt-pt\\\/\"},{\"@type\":\"ListItem\",\"position\":2,\"name\":\"Indiv\u00edduos\",\"item\":\"https:\\\/\\\/styqr.fr\\\/pt-pt\\\/nos-categories\\\/individuos\\\/\"},{\"@type\":\"ListItem\",\"position\":3,\"name\":\"Ambiente: tornar as f\u00e9rias dos teus clientes mais ecol\u00f3gicas\"}]},{\"@type\":\"WebSite\",\"@id\":\"https:\\\/\\\/styqr.fr\\\/pt-pt\\\/#website\",\"url\":\"https:\\\/\\\/styqr.fr\\\/pt-pt\\\/\",\"name\":\"StyQR\",\"description\":\"Cr\u00e9ez votre livret d&#039;accueil digital personnalis\u00e9 pour vos voyageurs\",\"publisher\":{\"@id\":\"https:\\\/\\\/styqr.fr\\\/pt-pt\\\/#organization\"},\"potentialAction\":[{\"@type\":\"SearchAction\",\"target\":{\"@type\":\"EntryPoint\",\"urlTemplate\":\"https:\\\/\\\/styqr.fr\\\/pt-pt\\\/?s={search_term_string}\"},\"query-input\":{\"@type\":\"PropertyValueSpecification\",\"valueRequired\":true,\"valueName\":\"search_term_string\"}}],\"inLanguage\":\"pt-PT\"},{\"@type\":\"Organization\",\"@id\":\"https:\\\/\\\/styqr.fr\\\/pt-pt\\\/#organization\",\"name\":\"StyQR\",\"url\":\"https:\\\/\\\/styqr.fr\\\/pt-pt\\\/\",\"logo\":{\"@type\":\"ImageObject\",\"inLanguage\":\"pt-PT\",\"@id\":\"https:\\\/\\\/styqr.fr\\\/pt-pt\\\/#\\\/schema\\\/logo\\\/image\\\/\",\"url\":\"https:\\\/\\\/styqr.fr\\\/wp-content\\\/uploads\\\/2020\\\/11\\\/Fichier-5.png\",\"contentUrl\":\"https:\\\/\\\/styqr.fr\\\/wp-content\\\/uploads\\\/2020\\\/11\\\/Fichier-5.png\",\"width\":388,\"height\":194,\"caption\":\"StyQR\"},\"image\":{\"@id\":\"https:\\\/\\\/styqr.fr\\\/pt-pt\\\/#\\\/schema\\\/logo\\\/image\\\/\"},\"sameAs\":[\"https:\\\/\\\/fr-fr.facebook.com\\\/styqr\\\/\",\"https:\\\/\\\/www.instagram.com\\\/styqr_fr\\\/\",\"https:\\\/\\\/fr.linkedin.com\\\/company\\\/styqr\"],\"description\":\"StyQR, le livret d'accueil digital\",\"email\":\"contact@styqr.fr\",\"legalName\":\"SAS StyQR\",\"foundingDate\":\"2019-05-27\",\"vatID\":\"FR55824532865\",\"taxID\":\"82453286500014\",\"numberOfEmployees\":{\"@type\":\"QuantitativeValue\",\"minValue\":\"1\",\"maxValue\":\"10\"}},{\"@type\":\"Person\",\"@id\":\"https:\\\/\\\/styqr.fr\\\/pt-pt\\\/#\\\/schema\\\/person\\\/9961aca9b86c9501bc1a72282df89aac\",\"name\":\"Marine\",\"image\":{\"@type\":\"ImageObject\",\"inLanguage\":\"pt-PT\",\"@id\":\"https:\\\/\\\/secure.gravatar.com\\\/avatar\\\/647b7182996833269bfb418442442520d7a3cf1ce76c2bbb26b93d7fbb28bb58?s=96&d=mm&r=g\",\"url\":\"https:\\\/\\\/secure.gravatar.com\\\/avatar\\\/647b7182996833269bfb418442442520d7a3cf1ce76c2bbb26b93d7fbb28bb58?s=96&d=mm&r=g\",\"contentUrl\":\"https:\\\/\\\/secure.gravatar.com\\\/avatar\\\/647b7182996833269bfb418442442520d7a3cf1ce76c2bbb26b93d7fbb28bb58?s=96&d=mm&r=g\",\"caption\":\"Marine\"},\"sameAs\":[\"https:\\\/\\\/x.com\\\/julien-styqr-admin\"]}]}<\/script>\n<!-- \/ Yoast SEO Premium plugin. -->","yoast_head_json":{"title":"F\u00e9rias Sustent\u00e1veis: Dicas para Viagens Ecol\u00f3gicas StyQR","description":"Transforme as f\u00e9rias dos seus clientes em experi\u00eancias ecol\u00f3gicas! Descubra como respeitar o meio ambiente enquanto desfruta de momentos inesquec\u00edveis.","robots":{"index":"index","follow":"follow","max-snippet":"max-snippet:-1","max-image-preview":"max-image-preview:large","max-video-preview":"max-video-preview:-1"},"canonical":"https:\/\/styqr.fr\/pt-pt\/2024\/01\/23\/ambiente-tornar-as-ferias-dos-seus-clientes-mais-ecologicas\/","og_locale":"pt_PT","og_type":"article","og_title":"StyQR | Le livret d'accueil digital","og_description":"Transforme as f\u00e9rias dos seus clientes em experi\u00eancias ecol\u00f3gicas! Descubra como respeitar o meio ambiente enquanto desfruta de momentos inesquec\u00edveis.","og_url":"https:\/\/styqr.fr\/pt-pt\/2024\/01\/23\/ambiente-tornar-as-ferias-dos-seus-clientes-mais-ecologicas\/","og_site_name":"StyQR","article_publisher":"https:\/\/fr-fr.facebook.com\/styqr\/","article_published_time":"2024-01-23T16:19:01+00:00","article_modified_time":"2025-01-13T13:45:03+00:00","og_image":[{"width":2560,"height":1707,"url":"https:\/\/styqr.fr\/wp-content\/uploads\/2021\/10\/maria-rodideal-XxFumrTnqDY-unsplash-scaled.jpg","type":"image\/jpeg"}],"author":"Marine","twitter_card":"summary_large_image","twitter_creator":"@julien-styqr-admin","schema":{"@context":"https:\/\/schema.org","@graph":[{"@type":"Article","@id":"https:\/\/styqr.fr\/pt-pt\/2024\/01\/23\/ambiente-tornar-as-ferias-dos-seus-clientes-mais-ecologicas\/#article","isPartOf":{"@id":"https:\/\/styqr.fr\/pt-pt\/2024\/01\/23\/ambiente-tornar-as-ferias-dos-seus-clientes-mais-ecologicas\/"},"author":{"name":"Marine","@id":"https:\/\/styqr.fr\/pt-pt\/#\/schema\/person\/9961aca9b86c9501bc1a72282df89aac"},"headline":"Ambiente: tornar as f\u00e9rias dos teus clientes mais ecol\u00f3gicas","datePublished":"2024-01-23T16:19:01+00:00","dateModified":"2025-01-13T13:45:03+00:00","mainEntityOfPage":{"@id":"https:\/\/styqr.fr\/pt-pt\/2024\/01\/23\/ambiente-tornar-as-ferias-dos-seus-clientes-mais-ecologicas\/"},"wordCount":556,"publisher":{"@id":"https:\/\/styqr.fr\/pt-pt\/#organization"},"image":{"@id":"https:\/\/styqr.fr\/pt-pt\/2024\/01\/23\/ambiente-tornar-as-ferias-dos-seus-clientes-mais-ecologicas\/#primaryimage"},"thumbnailUrl":"https:\/\/styqr.fr\/wp-content\/uploads\/2021\/10\/maria-rodideal-XxFumrTnqDY-unsplash-scaled.jpg","keywords":["styqr","aluguer","ambiente","clientes"],"articleSection":["Indiv\u00edduos"],"inLanguage":"pt-PT"},{"@type":"WebPage","@id":"https:\/\/styqr.fr\/pt-pt\/2024\/01\/23\/ambiente-tornar-as-ferias-dos-seus-clientes-mais-ecologicas\/","url":"https:\/\/styqr.fr\/pt-pt\/2024\/01\/23\/ambiente-tornar-as-ferias-dos-seus-clientes-mais-ecologicas\/","name":"F\u00e9rias Sustent\u00e1veis: Dicas para Viagens Ecol\u00f3gicas StyQR","isPartOf":{"@id":"https:\/\/styqr.fr\/pt-pt\/#website"},"primaryImageOfPage":{"@id":"https:\/\/styqr.fr\/pt-pt\/2024\/01\/23\/ambiente-tornar-as-ferias-dos-seus-clientes-mais-ecologicas\/#primaryimage"},"image":{"@id":"https:\/\/styqr.fr\/pt-pt\/2024\/01\/23\/ambiente-tornar-as-ferias-dos-seus-clientes-mais-ecologicas\/#primaryimage"},"thumbnailUrl":"https:\/\/styqr.fr\/wp-content\/uploads\/2021\/10\/maria-rodideal-XxFumrTnqDY-unsplash-scaled.jpg","datePublished":"2024-01-23T16:19:01+00:00","dateModified":"2025-01-13T13:45:03+00:00","description":"Transforme as f\u00e9rias dos seus clientes em experi\u00eancias ecol\u00f3gicas! Descubra como respeitar o meio ambiente enquanto desfruta de momentos inesquec\u00edveis.","breadcrumb":{"@id":"https:\/\/styqr.fr\/pt-pt\/2024\/01\/23\/ambiente-tornar-as-ferias-dos-seus-clientes-mais-ecologicas\/#breadcrumb"},"inLanguage":"pt-PT","potentialAction":[{"@type":"ReadAction","target":["https:\/\/styqr.fr\/pt-pt\/2024\/01\/23\/ambiente-tornar-as-ferias-dos-seus-clientes-mais-ecologicas\/"]}]},{"@type":"ImageObject","inLanguage":"pt-PT","@id":"https:\/\/styqr.fr\/pt-pt\/2024\/01\/23\/ambiente-tornar-as-ferias-dos-seus-clientes-mais-ecologicas\/#primaryimage","url":"https:\/\/styqr.fr\/wp-content\/uploads\/2021\/10\/maria-rodideal-XxFumrTnqDY-unsplash-scaled.jpg","contentUrl":"https:\/\/styqr.fr\/wp-content\/uploads\/2021\/10\/maria-rodideal-XxFumrTnqDY-unsplash-scaled.jpg","width":2560,"height":1707},{"@type":"BreadcrumbList","@id":"https:\/\/styqr.fr\/pt-pt\/2024\/01\/23\/ambiente-tornar-as-ferias-dos-seus-clientes-mais-ecologicas\/#breadcrumb","itemListElement":[{"@type":"ListItem","position":1,"name":"Casa","item":"https:\/\/styqr.fr\/pt-pt\/"},{"@type":"ListItem","position":2,"name":"Indiv\u00edduos","item":"https:\/\/styqr.fr\/pt-pt\/nos-categories\/individuos\/"},{"@type":"ListItem","position":3,"name":"Ambiente: tornar as f\u00e9rias dos teus clientes mais ecol\u00f3gicas"}]},{"@type":"WebSite","@id":"https:\/\/styqr.fr\/pt-pt\/#website","url":"https:\/\/styqr.fr\/pt-pt\/","name":"StyQR","description":"Cr\u00e9ez votre livret d&#039;accueil digital personnalis\u00e9 pour vos voyageurs","publisher":{"@id":"https:\/\/styqr.fr\/pt-pt\/#organization"},"potentialAction":[{"@type":"SearchAction","target":{"@type":"EntryPoint","urlTemplate":"https:\/\/styqr.fr\/pt-pt\/?s={search_term_string}"},"query-input":{"@type":"PropertyValueSpecification","valueRequired":true,"valueName":"search_term_string"}}],"inLanguage":"pt-PT"},{"@type":"Organization","@id":"https:\/\/styqr.fr\/pt-pt\/#organization","name":"StyQR","url":"https:\/\/styqr.fr\/pt-pt\/","logo":{"@type":"ImageObject","inLanguage":"pt-PT","@id":"https:\/\/styqr.fr\/pt-pt\/#\/schema\/logo\/image\/","url":"https:\/\/styqr.fr\/wp-content\/uploads\/2020\/11\/Fichier-5.png","contentUrl":"https:\/\/styqr.fr\/wp-content\/uploads\/2020\/11\/Fichier-5.png","width":388,"height":194,"caption":"StyQR"},"image":{"@id":"https:\/\/styqr.fr\/pt-pt\/#\/schema\/logo\/image\/"},"sameAs":["https:\/\/fr-fr.facebook.com\/styqr\/","https:\/\/www.instagram.com\/styqr_fr\/","https:\/\/fr.linkedin.com\/company\/styqr"],"description":"StyQR, le livret d'accueil digital","email":"contact@styqr.fr","legalName":"SAS StyQR","foundingDate":"2019-05-27","vatID":"FR55824532865","taxID":"82453286500014","numberOfEmployees":{"@type":"QuantitativeValue","minValue":"1","maxValue":"10"}},{"@type":"Person","@id":"https:\/\/styqr.fr\/pt-pt\/#\/schema\/person\/9961aca9b86c9501bc1a72282df89aac","name":"Marine","image":{"@type":"ImageObject","inLanguage":"pt-PT","@id":"https:\/\/secure.gravatar.com\/avatar\/647b7182996833269bfb418442442520d7a3cf1ce76c2bbb26b93d7fbb28bb58?s=96&d=mm&r=g","url":"https:\/\/secure.gravatar.com\/avatar\/647b7182996833269bfb418442442520d7a3cf1ce76c2bbb26b93d7fbb28bb58?s=96&d=mm&r=g","contentUrl":"https:\/\/secure.gravatar.com\/avatar\/647b7182996833269bfb418442442520d7a3cf1ce76c2bbb26b93d7fbb28bb58?s=96&d=mm&r=g","caption":"Marine"},"sameAs":["https:\/\/x.com\/julien-styqr-admin"]}]}},"_links":{"self":[{"href":"https:\/\/styqr.fr\/pt-pt\/wp-json\/wp\/v2\/posts\/101402","targetHints":{"allow":["GET"]}}],"collection":[{"href":"https:\/\/styqr.fr\/pt-pt\/wp-json\/wp\/v2\/posts"}],"about":[{"href":"https:\/\/styqr.fr\/pt-pt\/wp-json\/wp\/v2\/types\/post"}],"author":[{"embeddable":true,"href":"https:\/\/styqr.fr\/pt-pt\/wp-json\/wp\/v2\/users\/3"}],"replies":[{"embeddable":true,"href":"https:\/\/styqr.fr\/pt-pt\/wp-json\/wp\/v2\/comments?post=101402"}],"version-history":[{"count":0,"href":"https:\/\/styqr.fr\/pt-pt\/wp-json\/wp\/v2\/posts\/101402\/revisions"}],"wp:featuredmedia":[{"embeddable":true,"href":"https:\/\/styqr.fr\/pt-pt\/wp-json\/wp\/v2\/media\/95481"}],"wp:attachment":[{"href":"https:\/\/styqr.fr\/pt-pt\/wp-json\/wp\/v2\/media?parent=101402"}],"wp:term":[{"taxonomy":"category","embeddable":true,"href":"https:\/\/styqr.fr\/pt-pt\/wp-json\/wp\/v2\/categories?post=101402"},{"taxonomy":"post_tag","embeddable":true,"href":"https:\/\/styqr.fr\/pt-pt\/wp-json\/wp\/v2\/tags?post=101402"}],"curies":[{"name":"wp","href":"https:\/\/api.w.org\/{rel}","templated":true}]}}