{"id":101317,"date":"2024-01-23T17:18:59","date_gmt":"2024-01-23T16:18:59","guid":{"rendered":"https:\/\/styqr.fr\/2024\/01\/23\/kitro-a-jovem-start-up-suica-com-poder-tecnologico\/"},"modified":"2024-12-05T12:39:28","modified_gmt":"2024-12-05T11:39:28","slug":"kitro-a-jovem-start-up-suica-com-poder-tecnologico","status":"publish","type":"post","link":"https:\/\/styqr.fr\/pt-pt\/2024\/01\/23\/kitro-a-jovem-start-up-suica-com-poder-tecnologico\/","title":{"rendered":"Kitro, a jovem start-up su\u00ed\u00e7a com poder tecnol\u00f3gico!"},"content":{"rendered":"<div class=\"wpb-content-wrapper\"><p>[vc_row][vc_column width=&#8221;1\/1&#8243;][vc_row_inner][vc_column_inner width=&#8221;1\/1&#8243;][vc_column_text uncode_shortcode_id=&#8221;104289&#8243;]A Kitro \u00e9 uma cria\u00e7\u00e3o de<strong> Anastasia Hofmann<\/strong> e <strong>Naomi Mackenzie<\/strong>, que est\u00e3o a ajudar a restaurar o <strong>valor dos alimentos<\/strong>, para que sejam <strong>apreciados<\/strong> em vez de desperdi\u00e7ados. Porque estas duas jovens empres\u00e1rias foram estudantes na Ecole h\u00f4teli\u00e8re de Lausanne e conhecem os bastidores. O que se passa? Os alimentos est\u00e3o a ser desperdi\u00e7ados.<br \/>\nE agora <strong>Kitro utiliza a intelig\u00eancia artificial para reduzir o teu desperd\u00edcio e poupar os teus recursos!<\/strong> \u00c9<strong>A solu\u00e7\u00e3o automatizada para recolher e analisar dados<\/strong> sobre o desperd\u00edcio alimentar.[\/vc_column_text][\/vc_column_inner][\/vc_row_inner][\/vc_column][\/vc_row][vc_row][vc_column width=&#8221;1\/1&#8243;][vc_row_inner][vc_column_inner width=&#8221;1\/1&#8243;][vc_column_text text_lead=&#8221;small&#8221; uncode_shortcode_id=&#8221;649503&#8243;]<\/p>\n<h2>O sistema?<\/h2>\n<p>[\/vc_column_text][\/vc_column_inner][\/vc_row_inner][vc_column_text uncode_shortcode_id=&#8221;211475&#8243;]Uma <strong>balan\u00e7a conectada<\/strong>, simplesmente colocada<strong> debaixo dos caixotes do lixo, capta o peso e as imagens dos teus res\u00edduos alimentares.<\/strong> Depois, a intelig\u00eancia artificial<strong>analisa os teus dados para te fornecer informa\u00e7\u00f5es atrav\u00e9s de um painel de controlo<\/strong>, como o <strong>n\u00famero de res\u00edduos alimentares comest\u00edveis e n\u00e3o comest\u00edveis<\/strong> que deitas fora,<strong> o dia do m\u00eas em que desperdi\u00e7as mais<\/strong> e, claro, <strong>o custo financeiro desses res\u00edduos alimentares.<\/strong>[\/vc_column_text][\/vc_column][\/vc_row][vc_row][vc_column width=&#8221;1\/1&#8243;][vc_row_inner][vc_column_inner width=&#8221;1\/1&#8243;][vc_column_text uncode_shortcode_id=&#8221;170234&#8243;]<\/p>\n<h2>Destaques<\/h2>\n<p>[\/vc_column_text][\/vc_column_inner][\/vc_row_inner][vc_row_inner][vc_column_inner width=&#8221;1\/2&#8243;][vc_column_text uncode_shortcode_id=&#8221;736522&#8243;]<\/p>\n<h3>Kitro significa qualidade!<\/h3>\n<p>[\/vc_column_text][vc_column_text uncode_shortcode_id=&#8221;741865&#8243;]Com a <strong>Kitro<\/strong>, obt\u00e9m solu\u00e7\u00f5es su\u00ed\u00e7as<strong> de alta qualidade, eficientes e robustas.<\/strong> E n\u00e3o te preocupes, a ferramenta resiste ao ambiente da cozinha! Al\u00e9m disso, o painel de controlo \u00e9<strong> personalizado e interativo &#8211;<\/strong> nada mau, pois n\u00e3o? \ud83d\ude09[\/vc_column_text][\/vc_column_inner][vc_column_inner width=&#8221;1\/2&#8243;][vc_single_image media=&#8221;88208&#8243; media_width_percent=&#8221;100&#8243; shape=&#8221;img-round&#8221; radius=&#8221;std&#8221; uncode_shortcode_id=&#8221;799515&#8243;][\/vc_column_inner][\/vc_row_inner][vc_row_inner][vc_column_inner width=&#8221;1\/2&#8243;][vc_single_image media=&#8221;88212&#8243; media_width_percent=&#8221;100&#8243; shape=&#8221;img-round&#8221; radius=&#8221;std&#8221; uncode_shortcode_id=&#8221;212564&#8243;][\/vc_column_inner][vc_column_inner width=&#8221;1\/2&#8243;][vc_column_text uncode_shortcode_id=&#8221;534045&#8243;]<\/p>\n<h3>O impacto sustent\u00e1vel em primeiro lugar e acima de tudo!<\/h3>\n<p>[\/vc_column_text][vc_column_text uncode_shortcode_id=&#8221;235883&#8243;]A prioridade da Kitro<strong> \u00e9s tu e o ambiente!<\/strong> Acreditas em solu\u00e7\u00f5es a longo prazo que tenham um <strong>impacto positivo<\/strong> e, sobretudo, <strong>duradouro<\/strong> no planeta e em ti? Porque a Kitro acredita![\/vc_column_text][\/vc_column_inner][\/vc_row_inner][vc_row_inner][vc_column_inner width=&#8221;1\/2&#8243;][vc_column_text uncode_shortcode_id=&#8221;640444&#8243;]<\/p>\n<h3>Sensibiliza\u00e7\u00e3o<\/h3>\n<p>[\/vc_column_text][vc_column_text uncode_shortcode_id=&#8221;731903&#8243;]<strong>Sensibilizar e lutar contra o desperd\u00edcio alimentar<\/strong> \u00e9 a vis\u00e3o da Kitro!<br \/>\nEducar e intensificar o di\u00e1logo com e entre as partes interessadas faz parte da sua pol\u00edtica. Gra\u00e7as \u00e0 Kitro, todos os que pensam no futuro e querem contribuir para a causa beneficiam de<strong>uma solu\u00e7\u00e3o chave-na-m\u00e3o!<\/strong>[\/vc_column_text][\/vc_column_inner][vc_column_inner width=&#8221;1\/2&#8243;][vc_single_image media=&#8221;88206&#8243; media_width_percent=&#8221;100&#8243; shape=&#8221;img-round&#8221; radius=&#8221;std&#8221; uncode_shortcode_id=&#8221;975893&#8243;][\/vc_column_inner][\/vc_row_inner][\/vc_column][\/vc_row][vc_row][vc_column width=&#8221;1\/1&#8243;][vc_row_inner][vc_column_inner width=&#8221;1\/1&#8243;][vc_column_text uncode_shortcode_id=&#8221;783411&#8243;]<\/p>\n<h2>Vantagens para os profissionais<\/h2>\n<p>[\/vc_column_text][\/vc_column_inner][\/vc_row_inner][vc_row_inner][vc_column_inner width=&#8221;1\/1&#8243;][vc_column_text uncode_shortcode_id=&#8221;535737&#8243;]<\/p>\n<h3>Para os diretores gerais<\/h3>\n<p>[\/vc_column_text][vc_column_text uncode_shortcode_id=&#8221;171841&#8243;]Receber\u00e1s uma an\u00e1lise regular do teu desempenho em termos de res\u00edduos, para que possas comparar os resultados entre as tuas diferentes cozinhas e os teus concorrentes! \ud83d\ude09<br \/>\nE se adicionares um KPI \u00e0s tuas opera\u00e7\u00f5es, receber\u00e1s <strong>o teu Kitro label ap\u00f3s 1 ano de an\u00e1lise e redu\u00e7\u00e3o de res\u00edduos bem sucedida!<\/strong> \ud83c\udf93<\/p>\n<p><em>&#8220;A solu\u00e7\u00e3o hol\u00edstica da Kitro permitiu-nos fazer altera\u00e7\u00f5es espec\u00edficas \u00e0 nossa oferta de pequeno-almo\u00e7o, reduzindo o desperd\u00edcio e os custos.&#8221;<\/em><\/p>\n<p><strong>Michael VOGT<\/strong> &#8211; Diretor Geral, Einstein St. Gallen[\/vc_column_text][\/vc_column_inner][\/vc_row_inner][vc_row_inner][vc_column_inner width=&#8221;1\/1&#8243;][vc_column_text uncode_shortcode_id=&#8221;688739&#8243;]<\/p>\n<h3>Para gestores de sustentabilidade e marketing<\/h3>\n<p>[\/vc_column_text][vc_column_text uncode_shortcode_id=&#8221;214126&#8243;]A Kitro ajuda-te a<strong> melhorar a imagem de marca<\/strong> que queres partilhar com os teus clientes.<em>&#8220;A Kitro fornece um dispositivo e um painel de controlo muito f\u00e1ceis de usar para reduzir o desperd\u00edcio alimentar.<\/em><\/p>\n<p> C<em>onseguimos otimizar as nossas opera\u00e7\u00f5es num dos nossos restaurantes com uma redu\u00e7\u00e3o de 34% no desperd\u00edcio de pratos durante um projeto-piloto de 3 meses.<\/em><strong>&#8220;<\/strong><strong>D\u00f6rte BACHMANN<\/strong> &#8211; Diretor de Sustentabilidade, SV Group[\/vc_column_text][\/vc_column_inner][\/vc_row_inner][vc_row_inner][vc_column_inner width=&#8221;1\/1&#8243;][vc_column_text uncode_shortcode_id=&#8221;166936&#8243;]<\/p>\n<h3>Para gestores de restaurantes<\/h3>\n<p>[\/vc_column_text][vc_column_text uncode_shortcode_id=&#8221;193111&#8243;]Kitro d\u00e1-te um <strong>novo indicador de desempenho<\/strong> (KPI) para monitorizar o teu progresso, para que possas reagir rapidamente, <strong>alinhar os teus objectivos comerciais<\/strong> e <strong>otimizar<\/strong> a tua margem de lucro nos custos alimentares.<em>&#8220;Gra\u00e7as a Kitro, pude realizar uma an\u00e1lise profissional e aprofundada.<\/em><\/p>\n<p> E<em>stou ansioso por continuar a nossa colabora\u00e7\u00e3o.<\/em><strong>&#8220;<\/strong><strong>Sarah LINDENMANN<\/strong> &#8211; Diretora de Restaurante, Centro de Di\u00e1logo Global da Swiss Re[\/vc_column_text][\/vc_column_inner][\/vc_row_inner][vc_button button_color=&#8221;color-189884&#8243; border_width=&#8221;0&#8243; link=&#8221;url:https%3A%2F%2Fwww.kitro.ch%2F|&#8221; button_color_type=&#8221;uncode-palette&#8221; uncode_shortcode_id=&#8221;432892&#8243;]Descobre o Kitro[\/vc_button][\/vc_column][\/vc_row]<\/p>\n<\/div>","protected":false},"excerpt":{"rendered":"<p>Descobre mais sobre a start-up Kitro! Ver\u00e1s como a sua intelig\u00eancia artificial ajuda a reduzir o desperd\u00edcio e a poupar recursos. <\/p>\n","protected":false},"author":1,"featured_media":88224,"comment_status":"closed","ping_status":"open","sticky":false,"template":"","format":"standard","meta":{"footnotes":""},"categories":[905,929,943],"tags":[],"class_list":["post-101317","post","type-post","status-publish","format-standard","has-post-thumbnail","hentry","category-individuos","category-profissionais","category-os-nossos-amigos"],"yoast_head":"<!-- This site is optimized with the Yoast SEO Premium plugin v27.4 (Yoast SEO v27.4) - https:\/\/yoast.com\/product\/yoast-seo-premium-wordpress\/ -->\n<title>Kitro: A Start-up Su\u00ed\u00e7a que Revoluciona a Gest\u00e3o de Res\u00edduos com IA<\/title>\n<meta name=\"description\" content=\"Descubra como a Kitro, uma inovadora start-up su\u00ed\u00e7a, utiliza intelig\u00eancia artificial para reduzir res\u00edduos e economizar recursos. Junte-se \u00e0 revolu\u00e7\u00e3o verde!\" \/>\n<meta name=\"robots\" content=\"index, follow, max-snippet:-1, max-image-preview:large, max-video-preview:-1\" \/>\n<link rel=\"canonical\" href=\"https:\/\/styqr.fr\/pt-pt\/2024\/01\/23\/kitro-a-jovem-start-up-suica-com-poder-tecnologico\/\" \/>\n<meta property=\"og:locale\" content=\"pt_PT\" \/>\n<meta property=\"og:type\" content=\"article\" \/>\n<meta property=\"og:title\" content=\"StyQR | Le livret d&#039;accueil digital\" \/>\n<meta property=\"og:description\" content=\"Descubra como a Kitro, uma inovadora start-up su\u00ed\u00e7a, utiliza intelig\u00eancia artificial para reduzir res\u00edduos e economizar recursos. Junte-se \u00e0 revolu\u00e7\u00e3o verde!\" \/>\n<meta property=\"og:url\" content=\"https:\/\/styqr.fr\/pt-pt\/2024\/01\/23\/kitro-a-jovem-start-up-suica-com-poder-tecnologico\/\" \/>\n<meta property=\"og:site_name\" content=\"StyQR\" \/>\n<meta property=\"article:publisher\" content=\"https:\/\/fr-fr.facebook.com\/styqr\/\" \/>\n<meta property=\"article:published_time\" content=\"2024-01-23T16:18:59+00:00\" \/>\n<meta property=\"article:modified_time\" content=\"2024-12-05T11:39:28+00:00\" \/>\n<meta property=\"og:image\" content=\"https:\/\/styqr.fr\/wp-content\/uploads\/2022\/02\/Sans-titre-3.png\" \/>\n\t<meta property=\"og:image:width\" content=\"1920\" \/>\n\t<meta property=\"og:image:height\" content=\"1080\" \/>\n\t<meta property=\"og:image:type\" content=\"image\/png\" \/>\n<meta name=\"author\" content=\"julien-styqr-admin\" \/>\n<meta name=\"twitter:card\" content=\"summary_large_image\" \/>\n<script type=\"application\/ld+json\" class=\"yoast-schema-graph\">{\"@context\":\"https:\\\/\\\/schema.org\",\"@graph\":[{\"@type\":\"Article\",\"@id\":\"https:\\\/\\\/styqr.fr\\\/pt-pt\\\/2024\\\/01\\\/23\\\/kitro-a-jovem-start-up-suica-com-poder-tecnologico\\\/#article\",\"isPartOf\":{\"@id\":\"https:\\\/\\\/styqr.fr\\\/pt-pt\\\/2024\\\/01\\\/23\\\/kitro-a-jovem-start-up-suica-com-poder-tecnologico\\\/\"},\"author\":{\"name\":\"julien-styqr-admin\",\"@id\":\"https:\\\/\\\/styqr.fr\\\/pt-pt\\\/#\\\/schema\\\/person\\\/1c3ec87abbbfc1b604a5bfade25e11a5\"},\"headline\":\"Kitro, a jovem start-up su\u00ed\u00e7a com poder tecnol\u00f3gico!\",\"datePublished\":\"2024-01-23T16:18:59+00:00\",\"dateModified\":\"2024-12-05T11:39:28+00:00\",\"mainEntityOfPage\":{\"@id\":\"https:\\\/\\\/styqr.fr\\\/pt-pt\\\/2024\\\/01\\\/23\\\/kitro-a-jovem-start-up-suica-com-poder-tecnologico\\\/\"},\"wordCount\":992,\"publisher\":{\"@id\":\"https:\\\/\\\/styqr.fr\\\/pt-pt\\\/#organization\"},\"image\":{\"@id\":\"https:\\\/\\\/styqr.fr\\\/pt-pt\\\/2024\\\/01\\\/23\\\/kitro-a-jovem-start-up-suica-com-poder-tecnologico\\\/#primaryimage\"},\"thumbnailUrl\":\"https:\\\/\\\/styqr.fr\\\/wp-content\\\/uploads\\\/2022\\\/02\\\/Sans-titre-3.png\",\"articleSection\":[\"Indiv\u00edduos\",\"Profissionais\",\"Gostamos deles\"],\"inLanguage\":\"pt-PT\"},{\"@type\":\"WebPage\",\"@id\":\"https:\\\/\\\/styqr.fr\\\/pt-pt\\\/2024\\\/01\\\/23\\\/kitro-a-jovem-start-up-suica-com-poder-tecnologico\\\/\",\"url\":\"https:\\\/\\\/styqr.fr\\\/pt-pt\\\/2024\\\/01\\\/23\\\/kitro-a-jovem-start-up-suica-com-poder-tecnologico\\\/\",\"name\":\"Kitro: A Start-up Su\u00ed\u00e7a que Revoluciona a Gest\u00e3o de Res\u00edduos com IA\",\"isPartOf\":{\"@id\":\"https:\\\/\\\/styqr.fr\\\/pt-pt\\\/#website\"},\"primaryImageOfPage\":{\"@id\":\"https:\\\/\\\/styqr.fr\\\/pt-pt\\\/2024\\\/01\\\/23\\\/kitro-a-jovem-start-up-suica-com-poder-tecnologico\\\/#primaryimage\"},\"image\":{\"@id\":\"https:\\\/\\\/styqr.fr\\\/pt-pt\\\/2024\\\/01\\\/23\\\/kitro-a-jovem-start-up-suica-com-poder-tecnologico\\\/#primaryimage\"},\"thumbnailUrl\":\"https:\\\/\\\/styqr.fr\\\/wp-content\\\/uploads\\\/2022\\\/02\\\/Sans-titre-3.png\",\"datePublished\":\"2024-01-23T16:18:59+00:00\",\"dateModified\":\"2024-12-05T11:39:28+00:00\",\"description\":\"Descubra como a Kitro, uma inovadora start-up su\u00ed\u00e7a, utiliza intelig\u00eancia artificial para reduzir res\u00edduos e economizar recursos. Junte-se \u00e0 revolu\u00e7\u00e3o verde!\",\"breadcrumb\":{\"@id\":\"https:\\\/\\\/styqr.fr\\\/pt-pt\\\/2024\\\/01\\\/23\\\/kitro-a-jovem-start-up-suica-com-poder-tecnologico\\\/#breadcrumb\"},\"inLanguage\":\"pt-PT\",\"potentialAction\":[{\"@type\":\"ReadAction\",\"target\":[\"https:\\\/\\\/styqr.fr\\\/pt-pt\\\/2024\\\/01\\\/23\\\/kitro-a-jovem-start-up-suica-com-poder-tecnologico\\\/\"]}]},{\"@type\":\"ImageObject\",\"inLanguage\":\"pt-PT\",\"@id\":\"https:\\\/\\\/styqr.fr\\\/pt-pt\\\/2024\\\/01\\\/23\\\/kitro-a-jovem-start-up-suica-com-poder-tecnologico\\\/#primaryimage\",\"url\":\"https:\\\/\\\/styqr.fr\\\/wp-content\\\/uploads\\\/2022\\\/02\\\/Sans-titre-3.png\",\"contentUrl\":\"https:\\\/\\\/styqr.fr\\\/wp-content\\\/uploads\\\/2022\\\/02\\\/Sans-titre-3.png\",\"width\":1920,\"height\":1080},{\"@type\":\"BreadcrumbList\",\"@id\":\"https:\\\/\\\/styqr.fr\\\/pt-pt\\\/2024\\\/01\\\/23\\\/kitro-a-jovem-start-up-suica-com-poder-tecnologico\\\/#breadcrumb\",\"itemListElement\":[{\"@type\":\"ListItem\",\"position\":1,\"name\":\"Casa\",\"item\":\"https:\\\/\\\/styqr.fr\\\/pt-pt\\\/\"},{\"@type\":\"ListItem\",\"position\":2,\"name\":\"Indiv\u00edduos\",\"item\":\"https:\\\/\\\/styqr.fr\\\/pt-pt\\\/nos-categories\\\/individuos\\\/\"},{\"@type\":\"ListItem\",\"position\":3,\"name\":\"Kitro, a jovem start-up su\u00ed\u00e7a com poder tecnol\u00f3gico!\"}]},{\"@type\":\"WebSite\",\"@id\":\"https:\\\/\\\/styqr.fr\\\/pt-pt\\\/#website\",\"url\":\"https:\\\/\\\/styqr.fr\\\/pt-pt\\\/\",\"name\":\"StyQR\",\"description\":\"Cr\u00e9ez votre livret d&#039;accueil digital personnalis\u00e9 pour vos voyageurs\",\"publisher\":{\"@id\":\"https:\\\/\\\/styqr.fr\\\/pt-pt\\\/#organization\"},\"potentialAction\":[{\"@type\":\"SearchAction\",\"target\":{\"@type\":\"EntryPoint\",\"urlTemplate\":\"https:\\\/\\\/styqr.fr\\\/pt-pt\\\/?s={search_term_string}\"},\"query-input\":{\"@type\":\"PropertyValueSpecification\",\"valueRequired\":true,\"valueName\":\"search_term_string\"}}],\"inLanguage\":\"pt-PT\"},{\"@type\":\"Organization\",\"@id\":\"https:\\\/\\\/styqr.fr\\\/pt-pt\\\/#organization\",\"name\":\"StyQR\",\"url\":\"https:\\\/\\\/styqr.fr\\\/pt-pt\\\/\",\"logo\":{\"@type\":\"ImageObject\",\"inLanguage\":\"pt-PT\",\"@id\":\"https:\\\/\\\/styqr.fr\\\/pt-pt\\\/#\\\/schema\\\/logo\\\/image\\\/\",\"url\":\"https:\\\/\\\/styqr.fr\\\/wp-content\\\/uploads\\\/2020\\\/11\\\/Fichier-5.png\",\"contentUrl\":\"https:\\\/\\\/styqr.fr\\\/wp-content\\\/uploads\\\/2020\\\/11\\\/Fichier-5.png\",\"width\":388,\"height\":194,\"caption\":\"StyQR\"},\"image\":{\"@id\":\"https:\\\/\\\/styqr.fr\\\/pt-pt\\\/#\\\/schema\\\/logo\\\/image\\\/\"},\"sameAs\":[\"https:\\\/\\\/fr-fr.facebook.com\\\/styqr\\\/\",\"https:\\\/\\\/www.instagram.com\\\/styqr_fr\\\/\",\"https:\\\/\\\/fr.linkedin.com\\\/company\\\/styqr\"],\"description\":\"StyQR, le livret d'accueil digital\",\"email\":\"contact@styqr.fr\",\"legalName\":\"SAS StyQR\",\"foundingDate\":\"2019-05-27\",\"vatID\":\"FR55824532865\",\"taxID\":\"82453286500014\",\"numberOfEmployees\":{\"@type\":\"QuantitativeValue\",\"minValue\":\"1\",\"maxValue\":\"10\"}},{\"@type\":\"Person\",\"@id\":\"https:\\\/\\\/styqr.fr\\\/pt-pt\\\/#\\\/schema\\\/person\\\/1c3ec87abbbfc1b604a5bfade25e11a5\",\"name\":\"julien-styqr-admin\",\"image\":{\"@type\":\"ImageObject\",\"inLanguage\":\"pt-PT\",\"@id\":\"https:\\\/\\\/secure.gravatar.com\\\/avatar\\\/9f51111c0554d4868fb9d8c7d1a35c7adcd4c4e4152ded86b44eb45fec952cea?s=96&d=mm&r=g\",\"url\":\"https:\\\/\\\/secure.gravatar.com\\\/avatar\\\/9f51111c0554d4868fb9d8c7d1a35c7adcd4c4e4152ded86b44eb45fec952cea?s=96&d=mm&r=g\",\"contentUrl\":\"https:\\\/\\\/secure.gravatar.com\\\/avatar\\\/9f51111c0554d4868fb9d8c7d1a35c7adcd4c4e4152ded86b44eb45fec952cea?s=96&d=mm&r=g\",\"caption\":\"julien-styqr-admin\"},\"sameAs\":[\"https:\\\/\\\/styqr.fr\"]}]}<\/script>\n<!-- \/ Yoast SEO Premium plugin. -->","yoast_head_json":{"title":"Kitro: A Start-up Su\u00ed\u00e7a que Revoluciona a Gest\u00e3o de Res\u00edduos com IA","description":"Descubra como a Kitro, uma inovadora start-up su\u00ed\u00e7a, utiliza intelig\u00eancia artificial para reduzir res\u00edduos e economizar recursos. Junte-se \u00e0 revolu\u00e7\u00e3o verde!","robots":{"index":"index","follow":"follow","max-snippet":"max-snippet:-1","max-image-preview":"max-image-preview:large","max-video-preview":"max-video-preview:-1"},"canonical":"https:\/\/styqr.fr\/pt-pt\/2024\/01\/23\/kitro-a-jovem-start-up-suica-com-poder-tecnologico\/","og_locale":"pt_PT","og_type":"article","og_title":"StyQR | Le livret d'accueil digital","og_description":"Descubra como a Kitro, uma inovadora start-up su\u00ed\u00e7a, utiliza intelig\u00eancia artificial para reduzir res\u00edduos e economizar recursos. Junte-se \u00e0 revolu\u00e7\u00e3o verde!","og_url":"https:\/\/styqr.fr\/pt-pt\/2024\/01\/23\/kitro-a-jovem-start-up-suica-com-poder-tecnologico\/","og_site_name":"StyQR","article_publisher":"https:\/\/fr-fr.facebook.com\/styqr\/","article_published_time":"2024-01-23T16:18:59+00:00","article_modified_time":"2024-12-05T11:39:28+00:00","og_image":[{"width":1920,"height":1080,"url":"https:\/\/styqr.fr\/wp-content\/uploads\/2022\/02\/Sans-titre-3.png","type":"image\/png"}],"author":"julien-styqr-admin","twitter_card":"summary_large_image","schema":{"@context":"https:\/\/schema.org","@graph":[{"@type":"Article","@id":"https:\/\/styqr.fr\/pt-pt\/2024\/01\/23\/kitro-a-jovem-start-up-suica-com-poder-tecnologico\/#article","isPartOf":{"@id":"https:\/\/styqr.fr\/pt-pt\/2024\/01\/23\/kitro-a-jovem-start-up-suica-com-poder-tecnologico\/"},"author":{"name":"julien-styqr-admin","@id":"https:\/\/styqr.fr\/pt-pt\/#\/schema\/person\/1c3ec87abbbfc1b604a5bfade25e11a5"},"headline":"Kitro, a jovem start-up su\u00ed\u00e7a com poder tecnol\u00f3gico!","datePublished":"2024-01-23T16:18:59+00:00","dateModified":"2024-12-05T11:39:28+00:00","mainEntityOfPage":{"@id":"https:\/\/styqr.fr\/pt-pt\/2024\/01\/23\/kitro-a-jovem-start-up-suica-com-poder-tecnologico\/"},"wordCount":992,"publisher":{"@id":"https:\/\/styqr.fr\/pt-pt\/#organization"},"image":{"@id":"https:\/\/styqr.fr\/pt-pt\/2024\/01\/23\/kitro-a-jovem-start-up-suica-com-poder-tecnologico\/#primaryimage"},"thumbnailUrl":"https:\/\/styqr.fr\/wp-content\/uploads\/2022\/02\/Sans-titre-3.png","articleSection":["Indiv\u00edduos","Profissionais","Gostamos deles"],"inLanguage":"pt-PT"},{"@type":"WebPage","@id":"https:\/\/styqr.fr\/pt-pt\/2024\/01\/23\/kitro-a-jovem-start-up-suica-com-poder-tecnologico\/","url":"https:\/\/styqr.fr\/pt-pt\/2024\/01\/23\/kitro-a-jovem-start-up-suica-com-poder-tecnologico\/","name":"Kitro: A Start-up Su\u00ed\u00e7a que Revoluciona a Gest\u00e3o de Res\u00edduos com IA","isPartOf":{"@id":"https:\/\/styqr.fr\/pt-pt\/#website"},"primaryImageOfPage":{"@id":"https:\/\/styqr.fr\/pt-pt\/2024\/01\/23\/kitro-a-jovem-start-up-suica-com-poder-tecnologico\/#primaryimage"},"image":{"@id":"https:\/\/styqr.fr\/pt-pt\/2024\/01\/23\/kitro-a-jovem-start-up-suica-com-poder-tecnologico\/#primaryimage"},"thumbnailUrl":"https:\/\/styqr.fr\/wp-content\/uploads\/2022\/02\/Sans-titre-3.png","datePublished":"2024-01-23T16:18:59+00:00","dateModified":"2024-12-05T11:39:28+00:00","description":"Descubra como a Kitro, uma inovadora start-up su\u00ed\u00e7a, utiliza intelig\u00eancia artificial para reduzir res\u00edduos e economizar recursos. Junte-se \u00e0 revolu\u00e7\u00e3o verde!","breadcrumb":{"@id":"https:\/\/styqr.fr\/pt-pt\/2024\/01\/23\/kitro-a-jovem-start-up-suica-com-poder-tecnologico\/#breadcrumb"},"inLanguage":"pt-PT","potentialAction":[{"@type":"ReadAction","target":["https:\/\/styqr.fr\/pt-pt\/2024\/01\/23\/kitro-a-jovem-start-up-suica-com-poder-tecnologico\/"]}]},{"@type":"ImageObject","inLanguage":"pt-PT","@id":"https:\/\/styqr.fr\/pt-pt\/2024\/01\/23\/kitro-a-jovem-start-up-suica-com-poder-tecnologico\/#primaryimage","url":"https:\/\/styqr.fr\/wp-content\/uploads\/2022\/02\/Sans-titre-3.png","contentUrl":"https:\/\/styqr.fr\/wp-content\/uploads\/2022\/02\/Sans-titre-3.png","width":1920,"height":1080},{"@type":"BreadcrumbList","@id":"https:\/\/styqr.fr\/pt-pt\/2024\/01\/23\/kitro-a-jovem-start-up-suica-com-poder-tecnologico\/#breadcrumb","itemListElement":[{"@type":"ListItem","position":1,"name":"Casa","item":"https:\/\/styqr.fr\/pt-pt\/"},{"@type":"ListItem","position":2,"name":"Indiv\u00edduos","item":"https:\/\/styqr.fr\/pt-pt\/nos-categories\/individuos\/"},{"@type":"ListItem","position":3,"name":"Kitro, a jovem start-up su\u00ed\u00e7a com poder tecnol\u00f3gico!"}]},{"@type":"WebSite","@id":"https:\/\/styqr.fr\/pt-pt\/#website","url":"https:\/\/styqr.fr\/pt-pt\/","name":"StyQR","description":"Cr\u00e9ez votre livret d&#039;accueil digital personnalis\u00e9 pour vos voyageurs","publisher":{"@id":"https:\/\/styqr.fr\/pt-pt\/#organization"},"potentialAction":[{"@type":"SearchAction","target":{"@type":"EntryPoint","urlTemplate":"https:\/\/styqr.fr\/pt-pt\/?s={search_term_string}"},"query-input":{"@type":"PropertyValueSpecification","valueRequired":true,"valueName":"search_term_string"}}],"inLanguage":"pt-PT"},{"@type":"Organization","@id":"https:\/\/styqr.fr\/pt-pt\/#organization","name":"StyQR","url":"https:\/\/styqr.fr\/pt-pt\/","logo":{"@type":"ImageObject","inLanguage":"pt-PT","@id":"https:\/\/styqr.fr\/pt-pt\/#\/schema\/logo\/image\/","url":"https:\/\/styqr.fr\/wp-content\/uploads\/2020\/11\/Fichier-5.png","contentUrl":"https:\/\/styqr.fr\/wp-content\/uploads\/2020\/11\/Fichier-5.png","width":388,"height":194,"caption":"StyQR"},"image":{"@id":"https:\/\/styqr.fr\/pt-pt\/#\/schema\/logo\/image\/"},"sameAs":["https:\/\/fr-fr.facebook.com\/styqr\/","https:\/\/www.instagram.com\/styqr_fr\/","https:\/\/fr.linkedin.com\/company\/styqr"],"description":"StyQR, le livret d'accueil digital","email":"contact@styqr.fr","legalName":"SAS StyQR","foundingDate":"2019-05-27","vatID":"FR55824532865","taxID":"82453286500014","numberOfEmployees":{"@type":"QuantitativeValue","minValue":"1","maxValue":"10"}},{"@type":"Person","@id":"https:\/\/styqr.fr\/pt-pt\/#\/schema\/person\/1c3ec87abbbfc1b604a5bfade25e11a5","name":"julien-styqr-admin","image":{"@type":"ImageObject","inLanguage":"pt-PT","@id":"https:\/\/secure.gravatar.com\/avatar\/9f51111c0554d4868fb9d8c7d1a35c7adcd4c4e4152ded86b44eb45fec952cea?s=96&d=mm&r=g","url":"https:\/\/secure.gravatar.com\/avatar\/9f51111c0554d4868fb9d8c7d1a35c7adcd4c4e4152ded86b44eb45fec952cea?s=96&d=mm&r=g","contentUrl":"https:\/\/secure.gravatar.com\/avatar\/9f51111c0554d4868fb9d8c7d1a35c7adcd4c4e4152ded86b44eb45fec952cea?s=96&d=mm&r=g","caption":"julien-styqr-admin"},"sameAs":["https:\/\/styqr.fr"]}]}},"_links":{"self":[{"href":"https:\/\/styqr.fr\/pt-pt\/wp-json\/wp\/v2\/posts\/101317","targetHints":{"allow":["GET"]}}],"collection":[{"href":"https:\/\/styqr.fr\/pt-pt\/wp-json\/wp\/v2\/posts"}],"about":[{"href":"https:\/\/styqr.fr\/pt-pt\/wp-json\/wp\/v2\/types\/post"}],"author":[{"embeddable":true,"href":"https:\/\/styqr.fr\/pt-pt\/wp-json\/wp\/v2\/users\/1"}],"replies":[{"embeddable":true,"href":"https:\/\/styqr.fr\/pt-pt\/wp-json\/wp\/v2\/comments?post=101317"}],"version-history":[{"count":0,"href":"https:\/\/styqr.fr\/pt-pt\/wp-json\/wp\/v2\/posts\/101317\/revisions"}],"wp:featuredmedia":[{"embeddable":true,"href":"https:\/\/styqr.fr\/pt-pt\/wp-json\/wp\/v2\/media\/88224"}],"wp:attachment":[{"href":"https:\/\/styqr.fr\/pt-pt\/wp-json\/wp\/v2\/media?parent=101317"}],"wp:term":[{"taxonomy":"category","embeddable":true,"href":"https:\/\/styqr.fr\/pt-pt\/wp-json\/wp\/v2\/categories?post=101317"},{"taxonomy":"post_tag","embeddable":true,"href":"https:\/\/styqr.fr\/pt-pt\/wp-json\/wp\/v2\/tags?post=101317"}],"curies":[{"name":"wp","href":"https:\/\/api.w.org\/{rel}","templated":true}]}}