{"id":101159,"date":"2024-01-23T17:18:53","date_gmt":"2024-01-23T16:18:53","guid":{"rendered":"https:\/\/styqr.fr\/2024\/01\/23\/a-bela-regiao-paca\/"},"modified":"2024-12-05T12:38:27","modified_gmt":"2024-12-05T11:38:27","slug":"a-bela-regiao-paca","status":"publish","type":"post","link":"https:\/\/styqr.fr\/pt-pt\/2024\/01\/23\/a-bela-regiao-paca\/","title":{"rendered":"A bela regi\u00e3o PACA"},"content":{"rendered":"<div class=\"wpb-content-wrapper\"><p>[vc_row][vc_column width=&#8221;1\/1&#8243;][vc_column_text uncode_shortcode_id=&#8221;179032&#8243;]Voltamos para a 6\u00aa etapa da nossa R\u00e9giontrip! Dirigimo-nos para o sudeste de Fran\u00e7a, para a regi\u00e3o Provence-Alpes-C\u00f4te d&#8217;Azur! Muito procurada durante os meses de ver\u00e3o, esta regi\u00e3o \u00e9 rica em paisagens e actividades.<br \/>\n[\/vc_column_text][\/vc_column][\/vc_row][vc_row][vc_column width=&#8221;1\/1&#8243;][vc_row_inner][vc_column_inner column_width_percent=&#8221;100&#8243; gutter_size=&#8221;0&#8243; overlay_alpha=&#8221;50&#8243; shift_x=&#8221;0&#8243; shift_y=&#8221;0&#8243; shift_y_down=&#8221;0&#8243; z_index=&#8221;0&#8243; medium_width=&#8221;0&#8243; mobile_width=&#8221;0&#8243; width=&#8221;1\/1&#8243;][vc_custom_heading text_color=&#8221;color-466698&#8243; text_size=&#8221;fontsize-108063&#8243; uncode_shortcode_id=&#8221;172151&#8243; text_color_type=&#8221;uncode-palette&#8221;]<\/p>\n<h3><strong>As suas cidades emblem\u00e1ticas :<\/strong><\/h3>\n<p>[\/vc_custom_heading][\/vc_column_inner][\/vc_row_inner][vc_gallery el_id=&#8221;gallery-907333&#8243; type=&#8221;carousel&#8221; medias=&#8221;88053,88055,88057&#8243; carousel_lg=&#8221;1&#8243; carousel_md=&#8221;1&#8243; carousel_sm=&#8221;1&#8243; thumb_size=&#8221;three-two&#8221; gutter_size=&#8221;3&#8243; media_items=&#8221;media|nolink|original&#8221; carousel_interval=&#8221;3000&#8243; carousel_navspeed=&#8221;400&#8243; carousel_loop=&#8221;yes&#8221; carousel_dots=&#8221;yes&#8221; carousel_dots_mobile=&#8221;yes&#8221; stage_padding=&#8221;0&#8243; single_shape=&#8221;round&#8221; radius=&#8221;lg&#8221; single_overlay_opacity=&#8221;50&#8243; single_overlay_anim=&#8221;no&#8221; single_padding=&#8221;2&#8243; single_border=&#8221;yes&#8221; uncode_shortcode_id=&#8221;213771&#8243;][vc_column_text uncode_shortcode_id=&#8221;193756&#8243;]A Riviera Francesa \u00e9 um sonho tornado realidade, e por uma boa raz\u00e3o: \u00e9 o lar de cidades lend\u00e1rias como <strong>Saint-Tropez<\/strong>, <strong>Nice<\/strong> e a Promenade des Anglais, e<strong> Marselha<\/strong>. Entre praias de areia fina e actividades, todas estas cidades t\u00eam os seus pr\u00f3prios encantos.[\/vc_column_text][vc_column_text uncode_shortcode_id=&#8221;790243&#8243;]Aconselhamos-te a visitar o <strong>Museu de Marselha<\/strong>, o primeiro museu dedicado \u00e0s culturas mediterr\u00e2nicas. Para aqueles que procuram um passeio pela hist\u00f3ria, o <strong>Forte de Saint-Jean<\/strong> e o Forte de <strong>Saint-Nicolas<\/strong> v\u00e3o satisfazer as tuas expectativas.[\/vc_column_text][vc_column_text uncode_shortcode_id=&#8221;626376&#8243;]Na minha opini\u00e3o, <strong>Avignon<\/strong> \u00e9 um ponto de passagem obrigat\u00f3rio para quem visita a regi\u00e3o!<br \/>\nA sua ponte de fama nacional e <strong>o Pal\u00e1cio dos Papas<\/strong> s\u00e3o imperd\u00edveis. H\u00e1 tamb\u00e9m<strong>muitas excurs\u00f5es<\/strong> dispon\u00edveis para visitar a cidade de <strong>Grasse<\/strong> e as suas f\u00e1bricas de perfumes.[\/vc_column_text][\/vc_column][\/vc_row][vc_row][vc_column width=&#8221;1\/1&#8243;][vc_row_inner][vc_column_inner column_width_percent=&#8221;100&#8243; gutter_size=&#8221;0&#8243; overlay_alpha=&#8221;50&#8243; shift_x=&#8221;0&#8243; shift_y=&#8221;0&#8243; shift_y_down=&#8221;0&#8243; z_index=&#8221;0&#8243; medium_width=&#8221;0&#8243; mobile_width=&#8221;0&#8243; width=&#8221;1\/1&#8243;][vc_custom_heading text_color=&#8221;color-466698&#8243; text_size=&#8221;fontsize-108063&#8243; uncode_shortcode_id=&#8221;854936&#8243; text_color_type=&#8221;uncode-palette&#8221;]<\/p>\n<h3><strong>Os seus recursos naturais excepcionais :<\/strong><\/h3>\n<p>[\/vc_custom_heading][\/vc_column_inner][\/vc_row_inner][vc_gallery el_id=&#8221;gallery-907334&#8243; type=&#8221;carousel&#8221; medias=&#8221;88059,88061,88063,88065&#8243; carousel_lg=&#8221;1&#8243; carousel_md=&#8221;1&#8243; carousel_sm=&#8221;1&#8243; thumb_size=&#8221;three-two&#8221; gutter_size=&#8221;3&#8243; media_items=&#8221;media|nolink|original&#8221; carousel_interval=&#8221;3000&#8243; carousel_navspeed=&#8221;400&#8243; carousel_loop=&#8221;yes&#8221; carousel_dots=&#8221;yes&#8221; carousel_dots_mobile=&#8221;yes&#8221; stage_padding=&#8221;0&#8243; single_shape=&#8221;round&#8221; radius=&#8221;lg&#8221; single_overlay_opacity=&#8221;50&#8243; single_overlay_anim=&#8221;no&#8221; single_padding=&#8221;2&#8243; single_border=&#8221;yes&#8221; uncode_shortcode_id=&#8221;163372&#8243;][vc_column_text uncode_shortcode_id=&#8221;748223&#8243;]A regi\u00e3o PACA \u00e9 rica em maravilhas naturais. Na verde Proven\u00e7a, os itiner\u00e1rios espirituais s\u00e3o numerosos. <strong>O Santu\u00e1rio de Sainte Baume<\/strong> ou a <strong>Gruta de Sainte Marie Madeleine.<\/strong> Encontra tamb\u00e9m a <strong>Bas\u00edlica de Sainte Marie Madeleine em Saint Maximin<\/strong>. Por fim, <strong>o Santu\u00e1rio de Notre Dame de Gr\u00e2ce em Cotignac<\/strong>. A regi\u00e3o tamb\u00e9m criou um sistema <strong>Provence by Bike<\/strong>, que permite descobrir a regi\u00e3o e os seus tesouros em ciclovias. Estas levam-te atrav\u00e9s do <strong>parque natural do Luberon<\/strong>, atrav\u00e9s da via verde de Cavalon, e at\u00e9 \u00e0s <strong>Dentelles de Montmirail<\/strong>, atrav\u00e9s da via Venaissia.[\/vc_column_text][vc_column_text uncode_shortcode_id=&#8221;190870&#8243;]A <strong>pen\u00ednsula de Saint-Roch e o seu Forte Carr\u00e9<\/strong> oferecem um magn\u00edfico miradouro. A canoagem nos<strong>desfiladeiros do Verdon<\/strong> \u00e9 obrigat\u00f3ria se quiseres descobrir estas maravilhas naturais.<br \/>\nE depois disso, recomendamos que te percas na <strong>Camargue<\/strong>, este m\u00edtico parque natural. O interior de Nice n\u00e3o fica atr\u00e1s em termos de paisagens e n\u00e3o tem nada a invejar \u00e0 costa!  E, para saborear o grande Oeste americano, a regi\u00e3o tamb\u00e9m tem algo para ti. Aproveita para descobrir <strong>o Colorado Proven\u00e7al<\/strong> e as suas cores sensacionais.[\/vc_column_text][vc_column_text uncode_shortcode_id=&#8221;262936&#8243;]Por fim, n\u00e3o poder\u00edamos falar dos recursos naturais da regi\u00e3o sem mencionar as suas sublimes <strong>calanques<\/strong>. Encontramo-las ao longo de toda a costa e s\u00e3o particularmente famosas nos arredores de <strong>Marselha e Cassis<\/strong>. Garanto-te que a subida nem sempre \u00e9 f\u00e1cil, mas confia em mim, quando l\u00e1 chegares, vais esquecer tudo![\/vc_column_text][\/vc_column][\/vc_row][vc_row][vc_column width=&#8221;1\/1&#8243;][vc_row_inner][vc_column_inner column_width_percent=&#8221;100&#8243; gutter_size=&#8221;0&#8243; overlay_alpha=&#8221;50&#8243; shift_x=&#8221;0&#8243; shift_y=&#8221;0&#8243; shift_y_down=&#8221;0&#8243; z_index=&#8221;0&#8243; medium_width=&#8221;0&#8243; mobile_width=&#8221;0&#8243; width=&#8221;1\/1&#8243;][vc_custom_heading text_color=&#8221;color-466698&#8243; text_size=&#8221;fontsize-108063&#8243; uncode_shortcode_id=&#8221;125248&#8243; text_color_type=&#8221;uncode-palette&#8221;]<\/p>\n<h3><strong>O seu territ\u00f3rio hist\u00f3rico :<\/strong><\/h3>\n<p>[\/vc_custom_heading][\/vc_column_inner][\/vc_row_inner][vc_gallery el_id=&#8221;gallery-907335&#8243; type=&#8221;carousel&#8221; medias=&#8221;88067,88069,88071&#8243; carousel_lg=&#8221;1&#8243; carousel_md=&#8221;1&#8243; carousel_sm=&#8221;1&#8243; thumb_size=&#8221;three-two&#8221; gutter_size=&#8221;3&#8243; media_items=&#8221;media|nolink|original&#8221; carousel_interval=&#8221;3000&#8243; carousel_navspeed=&#8221;400&#8243; carousel_loop=&#8221;yes&#8221; carousel_dots=&#8221;yes&#8221; carousel_dots_mobile=&#8221;yes&#8221; stage_padding=&#8221;0&#8243; single_shape=&#8221;round&#8221; radius=&#8221;lg&#8221; single_overlay_opacity=&#8221;50&#8243; single_overlay_anim=&#8221;no&#8221; single_padding=&#8221;2&#8243; single_border=&#8221;yes&#8221; uncode_shortcode_id=&#8221;115120&#8243;][vc_column_text uncode_shortcode_id=&#8221;713756&#8243;]Com a sua rica hist\u00f3ria e patrim\u00f3nio, a regi\u00e3o Provence-Alpes-C\u00f4te d&#8217;Azur alberga muitos vest\u00edgios, incluindo o famoso <strong>teatro antigo de Orange<\/strong> e o<strong> antigo s\u00edtio de Puymin em Vaison la Romaine<\/strong>.<br \/>\nO s\u00edtio <strong>de Cimiez<\/strong>, em Nice, \u00e9 tamb\u00e9m um local not\u00f3rio para os interessados em vest\u00edgios hist\u00f3ricos. Mas n\u00e3o \u00e9 tudo: a hist\u00f3ria da regi\u00e3o pode ser encontrada atrav\u00e9s de visitas \u00e0s suas muitas aldeias, que ainda est\u00e3o intactas e perfeitamente preservadas.<strong>Les Baux de Provence,<\/strong> situada no cora\u00e7\u00e3o do parque natural dos Alpilles, \u00e9 excecional. No mesmo esp\u00edrito, a aldeia de <strong>Gordes<\/strong>, situada nas montanhas da Proven\u00e7a, \u00e9 particularmente agrad\u00e1vel.[\/vc_column_text][vc_column_text uncode_shortcode_id=&#8221;230797&#8243;]M <strong>artigues<\/strong>, uma antiga aldeia piscat\u00f3ria, \u00e9 conhecida como a Veneza da Proven\u00e7a. Para os amantes da arte e da pintura, h\u00e1 uma visita organizada s\u00f3 para ti! A regi\u00e3o est\u00e1 repleta de obras de arte e de museus. Como o<strong>Museu Picasso<\/strong> em Antibes ou o <strong>Mamac<\/strong> em Nice.<\/p>\n<p>Aproveita para visitar <strong>a ilha de Porquerolles e a Fondation Carmignac.<\/strong> As abadias do sul, como<strong>a Abbaye de Boscodon<\/strong>, perto do lago Serre-Pon\u00e7on, <strong>a Abbaye de S\u00e9nanque<\/strong> e a Abbaye du Thoronet, podem ser visitadas e as suas hist\u00f3rias contadas. Finalmente, h\u00e1 muitas ilhas que podem ser visitadas e acedidas a partir da costa. Entre elas, as ilhas douradas de<strong>Porquerolles e Port-Cros e as ilhas L\u00e9rins.<\/strong>[\/vc_column_text][\/vc_column][\/vc_row][vc_row][vc_column width=&#8221;1\/1&#8243;][vc_column_text uncode_shortcode_id=&#8221;137556&#8243;]Claro que, como gosto de sublinhar, os locais e actividades mencionados neste artigo s\u00e3o apenas uma parte do que a regi\u00e3o tem para oferecer. \u00c9 uma escolha pessoal minha. Espero que este artigo tenha sido \u00fatil para ti e que consideres visitar esta regi\u00e3o e fazer a tua pr\u00f3pria lista de favoritos! <a href=\"https:\/\/styqr.fr\/pt-pt\/\">A tua caderneta<\/a> \u00e9 um guia precioso, mant\u00e9m-na actualizada! Vejo-te em breve![\/vc_column_text][\/vc_column][\/vc_row]<\/p>\n<\/div>","protected":false},"excerpt":{"rendered":"<p>A regi\u00e3o PACA \u00e9 muitas vezes sin\u00f3nimo de sol e de f\u00e9rias. Deixa-nos mostrar-te o que podes fazer este ver\u00e3o \ud83d\ude09   <\/p>\n","protected":false},"author":3,"featured_media":96256,"comment_status":"closed","ping_status":"closed","sticky":false,"template":"","format":"standard","meta":{"footnotes":""},"categories":[1069],"tags":[1929,2116,2117,2119,2120,2198],"class_list":["post-101159","post","type-post","status-publish","format-standard","has-post-thumbnail","hentry","category-as-nossas-regioes","tag-styqr-pt-pt","tag-actividades-pt-pt","tag-descobertas","tag-natureza","tag-regiao-de-auvergne-rhone-alpes","tag-provenca"],"yoast_head":"<!-- This site is optimized with the Yoast SEO Premium plugin v27.4 (Yoast SEO v27.4) - https:\/\/yoast.com\/product\/yoast-seo-premium-wordpress\/ -->\n<title>Descubra a Magia da Regi\u00e3o PACA: Atra\u00e7\u00f5es Imperd\u00edveis e Dicas de Viagem!<\/title>\n<meta name=\"description\" content=\"Explore a encantadora regi\u00e3o PACA na Fran\u00e7a! Conhe\u00e7a os principais pontos tur\u00edsticos e descubra experi\u00eancias \u00fanicas para tornar sua viagem inesquec\u00edvel.\" \/>\n<meta name=\"robots\" content=\"index, follow, max-snippet:-1, max-image-preview:large, max-video-preview:-1\" \/>\n<link rel=\"canonical\" href=\"https:\/\/styqr.fr\/pt-pt\/2024\/01\/23\/a-bela-regiao-paca\/\" \/>\n<meta property=\"og:locale\" content=\"pt_PT\" \/>\n<meta property=\"og:type\" content=\"article\" \/>\n<meta property=\"og:title\" content=\"StyQR | Le livret d&#039;accueil digital\" \/>\n<meta property=\"og:description\" content=\"Explore a encantadora regi\u00e3o PACA na Fran\u00e7a! Conhe\u00e7a os principais pontos tur\u00edsticos e descubra experi\u00eancias \u00fanicas para tornar sua viagem inesquec\u00edvel.\" \/>\n<meta property=\"og:url\" content=\"https:\/\/styqr.fr\/pt-pt\/2024\/01\/23\/a-bela-regiao-paca\/\" \/>\n<meta property=\"og:site_name\" content=\"StyQR\" \/>\n<meta property=\"article:publisher\" content=\"https:\/\/fr-fr.facebook.com\/styqr\/\" \/>\n<meta property=\"article:published_time\" content=\"2024-01-23T16:18:53+00:00\" \/>\n<meta property=\"article:modified_time\" content=\"2024-12-05T11:38:27+00:00\" \/>\n<meta property=\"og:image\" content=\"https:\/\/styqr.fr\/wp-content\/uploads\/2022\/03\/calanque-en-vau-marseille-4.jpg\" \/>\n\t<meta property=\"og:image:width\" content=\"600\" \/>\n\t<meta property=\"og:image:height\" content=\"397\" \/>\n\t<meta property=\"og:image:type\" content=\"image\/jpeg\" \/>\n<meta name=\"author\" content=\"Marine\" \/>\n<meta name=\"twitter:card\" content=\"summary_large_image\" \/>\n<meta name=\"twitter:creator\" content=\"@julien-styqr-admin\" \/>\n<script type=\"application\/ld+json\" class=\"yoast-schema-graph\">{\"@context\":\"https:\\\/\\\/schema.org\",\"@graph\":[{\"@type\":\"Article\",\"@id\":\"https:\\\/\\\/styqr.fr\\\/pt-pt\\\/2024\\\/01\\\/23\\\/a-bela-regiao-paca\\\/#article\",\"isPartOf\":{\"@id\":\"https:\\\/\\\/styqr.fr\\\/pt-pt\\\/2024\\\/01\\\/23\\\/a-bela-regiao-paca\\\/\"},\"author\":{\"name\":\"Marine\",\"@id\":\"https:\\\/\\\/styqr.fr\\\/pt-pt\\\/#\\\/schema\\\/person\\\/9961aca9b86c9501bc1a72282df89aac\"},\"headline\":\"A bela regi\u00e3o PACA\",\"datePublished\":\"2024-01-23T16:18:53+00:00\",\"dateModified\":\"2024-12-05T11:38:27+00:00\",\"mainEntityOfPage\":{\"@id\":\"https:\\\/\\\/styqr.fr\\\/pt-pt\\\/2024\\\/01\\\/23\\\/a-bela-regiao-paca\\\/\"},\"wordCount\":1230,\"publisher\":{\"@id\":\"https:\\\/\\\/styqr.fr\\\/pt-pt\\\/#organization\"},\"image\":{\"@id\":\"https:\\\/\\\/styqr.fr\\\/pt-pt\\\/2024\\\/01\\\/23\\\/a-bela-regiao-paca\\\/#primaryimage\"},\"thumbnailUrl\":\"https:\\\/\\\/styqr.fr\\\/wp-content\\\/uploads\\\/2022\\\/03\\\/calanque-en-vau-marseille-4.jpg\",\"keywords\":[\"styqr\",\"actividades\",\"descobertas\",\"natureza\",\"regi\u00e3o de auvergne-rh\u00f4ne-alpes\",\"Proven\u00e7a\"],\"articleSection\":[\"As nossas regi\u00f5es\"],\"inLanguage\":\"pt-PT\"},{\"@type\":\"WebPage\",\"@id\":\"https:\\\/\\\/styqr.fr\\\/pt-pt\\\/2024\\\/01\\\/23\\\/a-bela-regiao-paca\\\/\",\"url\":\"https:\\\/\\\/styqr.fr\\\/pt-pt\\\/2024\\\/01\\\/23\\\/a-bela-regiao-paca\\\/\",\"name\":\"Descubra a Magia da Regi\u00e3o PACA: Atra\u00e7\u00f5es Imperd\u00edveis e Dicas de Viagem!\",\"isPartOf\":{\"@id\":\"https:\\\/\\\/styqr.fr\\\/pt-pt\\\/#website\"},\"primaryImageOfPage\":{\"@id\":\"https:\\\/\\\/styqr.fr\\\/pt-pt\\\/2024\\\/01\\\/23\\\/a-bela-regiao-paca\\\/#primaryimage\"},\"image\":{\"@id\":\"https:\\\/\\\/styqr.fr\\\/pt-pt\\\/2024\\\/01\\\/23\\\/a-bela-regiao-paca\\\/#primaryimage\"},\"thumbnailUrl\":\"https:\\\/\\\/styqr.fr\\\/wp-content\\\/uploads\\\/2022\\\/03\\\/calanque-en-vau-marseille-4.jpg\",\"datePublished\":\"2024-01-23T16:18:53+00:00\",\"dateModified\":\"2024-12-05T11:38:27+00:00\",\"description\":\"Explore a encantadora regi\u00e3o PACA na Fran\u00e7a! Conhe\u00e7a os principais pontos tur\u00edsticos e descubra experi\u00eancias \u00fanicas para tornar sua viagem inesquec\u00edvel.\",\"breadcrumb\":{\"@id\":\"https:\\\/\\\/styqr.fr\\\/pt-pt\\\/2024\\\/01\\\/23\\\/a-bela-regiao-paca\\\/#breadcrumb\"},\"inLanguage\":\"pt-PT\",\"potentialAction\":[{\"@type\":\"ReadAction\",\"target\":[\"https:\\\/\\\/styqr.fr\\\/pt-pt\\\/2024\\\/01\\\/23\\\/a-bela-regiao-paca\\\/\"]}]},{\"@type\":\"ImageObject\",\"inLanguage\":\"pt-PT\",\"@id\":\"https:\\\/\\\/styqr.fr\\\/pt-pt\\\/2024\\\/01\\\/23\\\/a-bela-regiao-paca\\\/#primaryimage\",\"url\":\"https:\\\/\\\/styqr.fr\\\/wp-content\\\/uploads\\\/2022\\\/03\\\/calanque-en-vau-marseille-4.jpg\",\"contentUrl\":\"https:\\\/\\\/styqr.fr\\\/wp-content\\\/uploads\\\/2022\\\/03\\\/calanque-en-vau-marseille-4.jpg\",\"width\":600,\"height\":397},{\"@type\":\"BreadcrumbList\",\"@id\":\"https:\\\/\\\/styqr.fr\\\/pt-pt\\\/2024\\\/01\\\/23\\\/a-bela-regiao-paca\\\/#breadcrumb\",\"itemListElement\":[{\"@type\":\"ListItem\",\"position\":1,\"name\":\"Casa\",\"item\":\"https:\\\/\\\/styqr.fr\\\/pt-pt\\\/\"},{\"@type\":\"ListItem\",\"position\":2,\"name\":\"As nossas regi\u00f5es\",\"item\":\"https:\\\/\\\/styqr.fr\\\/pt-pt\\\/nos-categories\\\/as-nossas-regioes\\\/\"},{\"@type\":\"ListItem\",\"position\":3,\"name\":\"A bela regi\u00e3o PACA\"}]},{\"@type\":\"WebSite\",\"@id\":\"https:\\\/\\\/styqr.fr\\\/pt-pt\\\/#website\",\"url\":\"https:\\\/\\\/styqr.fr\\\/pt-pt\\\/\",\"name\":\"StyQR\",\"description\":\"Cr\u00e9ez votre livret d&#039;accueil digital personnalis\u00e9 pour vos voyageurs\",\"publisher\":{\"@id\":\"https:\\\/\\\/styqr.fr\\\/pt-pt\\\/#organization\"},\"potentialAction\":[{\"@type\":\"SearchAction\",\"target\":{\"@type\":\"EntryPoint\",\"urlTemplate\":\"https:\\\/\\\/styqr.fr\\\/pt-pt\\\/?s={search_term_string}\"},\"query-input\":{\"@type\":\"PropertyValueSpecification\",\"valueRequired\":true,\"valueName\":\"search_term_string\"}}],\"inLanguage\":\"pt-PT\"},{\"@type\":\"Organization\",\"@id\":\"https:\\\/\\\/styqr.fr\\\/pt-pt\\\/#organization\",\"name\":\"StyQR\",\"url\":\"https:\\\/\\\/styqr.fr\\\/pt-pt\\\/\",\"logo\":{\"@type\":\"ImageObject\",\"inLanguage\":\"pt-PT\",\"@id\":\"https:\\\/\\\/styqr.fr\\\/pt-pt\\\/#\\\/schema\\\/logo\\\/image\\\/\",\"url\":\"https:\\\/\\\/styqr.fr\\\/wp-content\\\/uploads\\\/2020\\\/11\\\/Fichier-5.png\",\"contentUrl\":\"https:\\\/\\\/styqr.fr\\\/wp-content\\\/uploads\\\/2020\\\/11\\\/Fichier-5.png\",\"width\":388,\"height\":194,\"caption\":\"StyQR\"},\"image\":{\"@id\":\"https:\\\/\\\/styqr.fr\\\/pt-pt\\\/#\\\/schema\\\/logo\\\/image\\\/\"},\"sameAs\":[\"https:\\\/\\\/fr-fr.facebook.com\\\/styqr\\\/\",\"https:\\\/\\\/www.instagram.com\\\/styqr_fr\\\/\",\"https:\\\/\\\/fr.linkedin.com\\\/company\\\/styqr\"],\"description\":\"StyQR, le livret d'accueil digital\",\"email\":\"contact@styqr.fr\",\"legalName\":\"SAS StyQR\",\"foundingDate\":\"2019-05-27\",\"vatID\":\"FR55824532865\",\"taxID\":\"82453286500014\",\"numberOfEmployees\":{\"@type\":\"QuantitativeValue\",\"minValue\":\"1\",\"maxValue\":\"10\"}},{\"@type\":\"Person\",\"@id\":\"https:\\\/\\\/styqr.fr\\\/pt-pt\\\/#\\\/schema\\\/person\\\/9961aca9b86c9501bc1a72282df89aac\",\"name\":\"Marine\",\"image\":{\"@type\":\"ImageObject\",\"inLanguage\":\"pt-PT\",\"@id\":\"https:\\\/\\\/secure.gravatar.com\\\/avatar\\\/647b7182996833269bfb418442442520d7a3cf1ce76c2bbb26b93d7fbb28bb58?s=96&d=mm&r=g\",\"url\":\"https:\\\/\\\/secure.gravatar.com\\\/avatar\\\/647b7182996833269bfb418442442520d7a3cf1ce76c2bbb26b93d7fbb28bb58?s=96&d=mm&r=g\",\"contentUrl\":\"https:\\\/\\\/secure.gravatar.com\\\/avatar\\\/647b7182996833269bfb418442442520d7a3cf1ce76c2bbb26b93d7fbb28bb58?s=96&d=mm&r=g\",\"caption\":\"Marine\"},\"sameAs\":[\"https:\\\/\\\/x.com\\\/julien-styqr-admin\"]}]}<\/script>\n<!-- \/ Yoast SEO Premium plugin. -->","yoast_head_json":{"title":"Descubra a Magia da Regi\u00e3o PACA: Atra\u00e7\u00f5es Imperd\u00edveis e Dicas de Viagem!","description":"Explore a encantadora regi\u00e3o PACA na Fran\u00e7a! Conhe\u00e7a os principais pontos tur\u00edsticos e descubra experi\u00eancias \u00fanicas para tornar sua viagem inesquec\u00edvel.","robots":{"index":"index","follow":"follow","max-snippet":"max-snippet:-1","max-image-preview":"max-image-preview:large","max-video-preview":"max-video-preview:-1"},"canonical":"https:\/\/styqr.fr\/pt-pt\/2024\/01\/23\/a-bela-regiao-paca\/","og_locale":"pt_PT","og_type":"article","og_title":"StyQR | Le livret d'accueil digital","og_description":"Explore a encantadora regi\u00e3o PACA na Fran\u00e7a! Conhe\u00e7a os principais pontos tur\u00edsticos e descubra experi\u00eancias \u00fanicas para tornar sua viagem inesquec\u00edvel.","og_url":"https:\/\/styqr.fr\/pt-pt\/2024\/01\/23\/a-bela-regiao-paca\/","og_site_name":"StyQR","article_publisher":"https:\/\/fr-fr.facebook.com\/styqr\/","article_published_time":"2024-01-23T16:18:53+00:00","article_modified_time":"2024-12-05T11:38:27+00:00","og_image":[{"width":600,"height":397,"url":"https:\/\/styqr.fr\/wp-content\/uploads\/2022\/03\/calanque-en-vau-marseille-4.jpg","type":"image\/jpeg"}],"author":"Marine","twitter_card":"summary_large_image","twitter_creator":"@julien-styqr-admin","schema":{"@context":"https:\/\/schema.org","@graph":[{"@type":"Article","@id":"https:\/\/styqr.fr\/pt-pt\/2024\/01\/23\/a-bela-regiao-paca\/#article","isPartOf":{"@id":"https:\/\/styqr.fr\/pt-pt\/2024\/01\/23\/a-bela-regiao-paca\/"},"author":{"name":"Marine","@id":"https:\/\/styqr.fr\/pt-pt\/#\/schema\/person\/9961aca9b86c9501bc1a72282df89aac"},"headline":"A bela regi\u00e3o PACA","datePublished":"2024-01-23T16:18:53+00:00","dateModified":"2024-12-05T11:38:27+00:00","mainEntityOfPage":{"@id":"https:\/\/styqr.fr\/pt-pt\/2024\/01\/23\/a-bela-regiao-paca\/"},"wordCount":1230,"publisher":{"@id":"https:\/\/styqr.fr\/pt-pt\/#organization"},"image":{"@id":"https:\/\/styqr.fr\/pt-pt\/2024\/01\/23\/a-bela-regiao-paca\/#primaryimage"},"thumbnailUrl":"https:\/\/styqr.fr\/wp-content\/uploads\/2022\/03\/calanque-en-vau-marseille-4.jpg","keywords":["styqr","actividades","descobertas","natureza","regi\u00e3o de auvergne-rh\u00f4ne-alpes","Proven\u00e7a"],"articleSection":["As nossas regi\u00f5es"],"inLanguage":"pt-PT"},{"@type":"WebPage","@id":"https:\/\/styqr.fr\/pt-pt\/2024\/01\/23\/a-bela-regiao-paca\/","url":"https:\/\/styqr.fr\/pt-pt\/2024\/01\/23\/a-bela-regiao-paca\/","name":"Descubra a Magia da Regi\u00e3o PACA: Atra\u00e7\u00f5es Imperd\u00edveis e Dicas de Viagem!","isPartOf":{"@id":"https:\/\/styqr.fr\/pt-pt\/#website"},"primaryImageOfPage":{"@id":"https:\/\/styqr.fr\/pt-pt\/2024\/01\/23\/a-bela-regiao-paca\/#primaryimage"},"image":{"@id":"https:\/\/styqr.fr\/pt-pt\/2024\/01\/23\/a-bela-regiao-paca\/#primaryimage"},"thumbnailUrl":"https:\/\/styqr.fr\/wp-content\/uploads\/2022\/03\/calanque-en-vau-marseille-4.jpg","datePublished":"2024-01-23T16:18:53+00:00","dateModified":"2024-12-05T11:38:27+00:00","description":"Explore a encantadora regi\u00e3o PACA na Fran\u00e7a! Conhe\u00e7a os principais pontos tur\u00edsticos e descubra experi\u00eancias \u00fanicas para tornar sua viagem inesquec\u00edvel.","breadcrumb":{"@id":"https:\/\/styqr.fr\/pt-pt\/2024\/01\/23\/a-bela-regiao-paca\/#breadcrumb"},"inLanguage":"pt-PT","potentialAction":[{"@type":"ReadAction","target":["https:\/\/styqr.fr\/pt-pt\/2024\/01\/23\/a-bela-regiao-paca\/"]}]},{"@type":"ImageObject","inLanguage":"pt-PT","@id":"https:\/\/styqr.fr\/pt-pt\/2024\/01\/23\/a-bela-regiao-paca\/#primaryimage","url":"https:\/\/styqr.fr\/wp-content\/uploads\/2022\/03\/calanque-en-vau-marseille-4.jpg","contentUrl":"https:\/\/styqr.fr\/wp-content\/uploads\/2022\/03\/calanque-en-vau-marseille-4.jpg","width":600,"height":397},{"@type":"BreadcrumbList","@id":"https:\/\/styqr.fr\/pt-pt\/2024\/01\/23\/a-bela-regiao-paca\/#breadcrumb","itemListElement":[{"@type":"ListItem","position":1,"name":"Casa","item":"https:\/\/styqr.fr\/pt-pt\/"},{"@type":"ListItem","position":2,"name":"As nossas regi\u00f5es","item":"https:\/\/styqr.fr\/pt-pt\/nos-categories\/as-nossas-regioes\/"},{"@type":"ListItem","position":3,"name":"A bela regi\u00e3o PACA"}]},{"@type":"WebSite","@id":"https:\/\/styqr.fr\/pt-pt\/#website","url":"https:\/\/styqr.fr\/pt-pt\/","name":"StyQR","description":"Cr\u00e9ez votre livret d&#039;accueil digital personnalis\u00e9 pour vos voyageurs","publisher":{"@id":"https:\/\/styqr.fr\/pt-pt\/#organization"},"potentialAction":[{"@type":"SearchAction","target":{"@type":"EntryPoint","urlTemplate":"https:\/\/styqr.fr\/pt-pt\/?s={search_term_string}"},"query-input":{"@type":"PropertyValueSpecification","valueRequired":true,"valueName":"search_term_string"}}],"inLanguage":"pt-PT"},{"@type":"Organization","@id":"https:\/\/styqr.fr\/pt-pt\/#organization","name":"StyQR","url":"https:\/\/styqr.fr\/pt-pt\/","logo":{"@type":"ImageObject","inLanguage":"pt-PT","@id":"https:\/\/styqr.fr\/pt-pt\/#\/schema\/logo\/image\/","url":"https:\/\/styqr.fr\/wp-content\/uploads\/2020\/11\/Fichier-5.png","contentUrl":"https:\/\/styqr.fr\/wp-content\/uploads\/2020\/11\/Fichier-5.png","width":388,"height":194,"caption":"StyQR"},"image":{"@id":"https:\/\/styqr.fr\/pt-pt\/#\/schema\/logo\/image\/"},"sameAs":["https:\/\/fr-fr.facebook.com\/styqr\/","https:\/\/www.instagram.com\/styqr_fr\/","https:\/\/fr.linkedin.com\/company\/styqr"],"description":"StyQR, le livret d'accueil digital","email":"contact@styqr.fr","legalName":"SAS StyQR","foundingDate":"2019-05-27","vatID":"FR55824532865","taxID":"82453286500014","numberOfEmployees":{"@type":"QuantitativeValue","minValue":"1","maxValue":"10"}},{"@type":"Person","@id":"https:\/\/styqr.fr\/pt-pt\/#\/schema\/person\/9961aca9b86c9501bc1a72282df89aac","name":"Marine","image":{"@type":"ImageObject","inLanguage":"pt-PT","@id":"https:\/\/secure.gravatar.com\/avatar\/647b7182996833269bfb418442442520d7a3cf1ce76c2bbb26b93d7fbb28bb58?s=96&d=mm&r=g","url":"https:\/\/secure.gravatar.com\/avatar\/647b7182996833269bfb418442442520d7a3cf1ce76c2bbb26b93d7fbb28bb58?s=96&d=mm&r=g","contentUrl":"https:\/\/secure.gravatar.com\/avatar\/647b7182996833269bfb418442442520d7a3cf1ce76c2bbb26b93d7fbb28bb58?s=96&d=mm&r=g","caption":"Marine"},"sameAs":["https:\/\/x.com\/julien-styqr-admin"]}]}},"_links":{"self":[{"href":"https:\/\/styqr.fr\/pt-pt\/wp-json\/wp\/v2\/posts\/101159","targetHints":{"allow":["GET"]}}],"collection":[{"href":"https:\/\/styqr.fr\/pt-pt\/wp-json\/wp\/v2\/posts"}],"about":[{"href":"https:\/\/styqr.fr\/pt-pt\/wp-json\/wp\/v2\/types\/post"}],"author":[{"embeddable":true,"href":"https:\/\/styqr.fr\/pt-pt\/wp-json\/wp\/v2\/users\/3"}],"replies":[{"embeddable":true,"href":"https:\/\/styqr.fr\/pt-pt\/wp-json\/wp\/v2\/comments?post=101159"}],"version-history":[{"count":0,"href":"https:\/\/styqr.fr\/pt-pt\/wp-json\/wp\/v2\/posts\/101159\/revisions"}],"wp:featuredmedia":[{"embeddable":true,"href":"https:\/\/styqr.fr\/pt-pt\/wp-json\/wp\/v2\/media\/96256"}],"wp:attachment":[{"href":"https:\/\/styqr.fr\/pt-pt\/wp-json\/wp\/v2\/media?parent=101159"}],"wp:term":[{"taxonomy":"category","embeddable":true,"href":"https:\/\/styqr.fr\/pt-pt\/wp-json\/wp\/v2\/categories?post=101159"},{"taxonomy":"post_tag","embeddable":true,"href":"https:\/\/styqr.fr\/pt-pt\/wp-json\/wp\/v2\/tags?post=101159"}],"curies":[{"name":"wp","href":"https:\/\/api.w.org\/{rel}","templated":true}]}}