{"id":101099,"date":"2024-01-23T17:18:52","date_gmt":"2024-01-23T16:18:52","guid":{"rendered":"https:\/\/styqr.fr\/2024\/01\/23\/as-chaves-da-casa-partilhar-e-tudo\/"},"modified":"2024-12-05T12:27:56","modified_gmt":"2024-12-05T11:27:56","slug":"as-chaves-da-casa-partilhar-e-tudo","status":"publish","type":"post","link":"https:\/\/styqr.fr\/pt-pt\/2024\/01\/23\/as-chaves-da-casa-partilhar-e-tudo\/","title":{"rendered":"As chaves da casa, partilhar \u00e9 tudo"},"content":{"rendered":"<div class=\"wpb-content-wrapper\"><p>[vc_row][vc_column width=&#8221;1\/1&#8243;][vc_custom_heading uncode_shortcode_id=&#8221;189677&#8243;]<\/p>\n<h3>Qual \u00e9 o teu conceito?<\/h3>\n<p>[\/vc_custom_heading][vc_row_inner][vc_column_inner width=&#8221;1\/2&#8243;][vc_column_text uncode_shortcode_id=&#8221;372691&#8243;]\u00c9 uma plataforma dedicada \u00e0s <strong>casas de campo e<\/strong> aos <strong>B&amp;B.<\/strong> \u00c9 ao mesmo tempo uma mina de informa\u00e7\u00f5es e um local para estabelecer liga\u00e7\u00f5es. <a href=\"https:\/\/lesclesdugite.fr\" target=\"_blank\" rel=\"noopener\">Les cl\u00e9s du g\u00eete<\/a> coloca \u00e0 tua disposi\u00e7\u00e3o ferramentas especialmente concebidas para ti por uma rede de profissionais e entusiastas:<\/p>\n<ul>\n<li>Um centro de recursos e de compet\u00eancias<\/li>\n<li>Um f\u00f3rum de discuss\u00e3o<\/li>\n<li>Um cat\u00e1logo de parceiros sem precedentes<\/li>\n<li>Uma lista de organismos de forma\u00e7\u00e3o<\/li>\n<li>Um diret\u00f3rio mapeado de membros<\/li>\n<\/ul>\n<p>[\/vc_column_text][\/vc_column_inner][vc_column_inner width=&#8221;1\/2&#8243;][vc_single_image media=&#8221;88991&#8243; media_width_percent=&#8221;100&#8243; alignment=&#8221;center&#8221; shape=&#8221;img-round&#8221; radius=&#8221;std&#8221; uncode_shortcode_id=&#8221;110810&#8243;][\/vc_column_inner][\/vc_row_inner][\/vc_column][\/vc_row][vc_row][vc_column width=&#8221;1\/1&#8243;][vc_custom_heading uncode_shortcode_id=&#8221;740885&#8243;]<\/p>\n<h3>A sua vis\u00e3o<\/h3>\n<p>[\/vc_custom_heading][vc_row_inner][vc_column_inner width=&#8221;1\/2&#8243;][vc_single_image media=&#8221;88993&#8243; media_width_percent=&#8221;100&#8243; alignment=&#8221;center&#8221; shape=&#8221;img-round&#8221; radius=&#8221;std&#8221; uncode_shortcode_id=&#8221;243486&#8243;][\/vc_column_inner][vc_column_inner width=&#8221;1\/2&#8243;][vc_column_text uncode_shortcode_id=&#8221;214643&#8243;]Acompanhar-te \u00e9 o objetivo principal de &#8220;les cl\u00e9s du g\u00eete&#8221;! Elas ajudam-vos, pousadas e casas de campo, a gerir melhor o vosso estabelecimento, a quebrar o isolamento, a partilhar uma experi\u00eancia, a recolher conselhos preciosos&#8230;[\/vc_column_text][\/vc_column_inner][\/vc_row_inner][vc_column_text uncode_shortcode_id=&#8221;185644&#8243;]Sim, tens todas as chaves necess\u00e1rias para te tornares <strong>um anfitri\u00e3o experiente e, sobretudo, realizado!<\/strong>? \u00c9 com simpatia e bom humor que as chaves da casa te facilitam a vida para que os teus inquilinos se sintam em casa! Podes ter a certeza de que, com as chaves da casa, poder\u00e1s trocar informa\u00e7\u00f5es livremente,<strong>encontrar inspira\u00e7\u00e3o e at\u00e9 transmitir as tuas boas pr\u00e1ticas a outros!<\/strong>:)[\/vc_column_text][\/vc_column][\/vc_row][vc_row][vc_column width=&#8221;1\/1&#8243;][vc_custom_heading uncode_shortcode_id=&#8221;122063&#8243;]<\/p>\n<h3>N\u00e3o \u00e9 apenas uma plataforma!<\/h3>\n<p>[\/vc_custom_heading][vc_row_inner][vc_column_inner width=&#8221;1\/2&#8243;][vc_column_text uncode_shortcode_id=&#8221;866252&#8243;]Sonhas em abrir uma casa de campo ou uma casa de h\u00f3spedes? Ent\u00e3o les cl\u00e9s du g\u00eete \u00e9 a plataforma que procuras, para te ajudar no teu projeto e para te ajudar a subir a escada do sucesso! Mas les cl\u00e9s du g\u00eete \u00e9 tamb\u00e9m<a href=\"https:\/\/lesclesdugite.fr\/le-podcast\/\" target=\"_blank\" rel=\"noopener\"><strong>O podcast<\/strong><\/a> que n\u00e3o deves perder ;)[\/vc_column_text][\/vc_column_inner][vc_column_inner width=&#8221;1\/2&#8243;][vc_single_image media=&#8221;88995&#8243; media_width_percent=&#8221;100&#8243; alignment=&#8221;center&#8221; shape=&#8221;img-round&#8221; radius=&#8221;std&#8221; uncode_shortcode_id=&#8221;171577&#8243;][\/vc_column_inner][\/vc_row_inner][vc_column_text uncode_shortcode_id=&#8221;817627&#8243;]Todas as <strong>primeiras quintas-feiras do m\u00eas, um gestor de uma casa de campo ou de uma casa de h\u00f3spedes pode ser entrevistado durante uma hora.<\/strong> O objetivo \u00e9 analisar o percurso profissional do gestor, as suas dificuldades, os seus objectivos, os obst\u00e1culos que encontrou e, claro, os \u00eaxitos que alcan\u00e7ou para viver da sua paix\u00e3o todos os dias! E todas as <strong>terceiras quintas-feiras do m\u00eas, um especialista partilha os seus conhecimentos e conselhos pr\u00e1ticos,<\/strong> para que tenhas todas as chaves na m\u00e3o ;)[\/vc_column_text][\/vc_column][\/vc_row][vc_row][vc_column width=&#8221;1\/1&#8243;][vc_custom_heading uncode_shortcode_id=&#8221;647759&#8243;]<\/p>\n<h3>Especialistas ao teu servi\u00e7o<\/h3>\n<p>[\/vc_custom_heading][vc_row_inner][vc_column_inner width=&#8221;1\/2&#8243;][vc_single_image media=&#8221;88989&#8243; media_width_percent=&#8221;100&#8243; alignment=&#8221;center&#8221; shape=&#8221;img-round&#8221; radius=&#8221;std&#8221; uncode_shortcode_id=&#8221;116167&#8243;][\/vc_column_inner][vc_column_inner width=&#8221;1\/2&#8243;][vc_column_text uncode_shortcode_id=&#8221;138345&#8243;]A nossa equipa est\u00e1 aqui para te ajudar a poupar tempo, fornecendo-te informa\u00e7\u00f5es ordenadas, verificadas e validadas. Chega de horas de pesquisa, Les cl\u00e9s du g\u00eete \u00e9<strong>A refer\u00eancia para te ajudar a desenvolver o teu neg\u00f3cio<\/strong>;)[\/vc_column_text][\/vc_column_inner][\/vc_row_inner][\/vc_column][\/vc_row]<\/p>\n<\/div>","protected":false},"excerpt":{"rendered":"<p>Descobre as chaves da casa que te podem apoiar nos teus projectos e levar-te ao sucesso!<\/p>\n","protected":false},"author":1,"featured_media":96406,"comment_status":"closed","ping_status":"open","sticky":false,"template":"","format":"standard","meta":{"footnotes":""},"categories":[905,929,943],"tags":[1929,2147,2149],"class_list":["post-101099","post","type-post","status-publish","format-standard","has-post-thumbnail","hentry","category-individuos","category-profissionais","category-os-nossos-amigos","tag-styqr-pt-pt","tag-chaves","tag-alojamento-e-pequeno-almoco"],"yoast_head":"<!-- This site is optimized with the Yoast SEO Premium plugin v27.4 (Yoast SEO v27.4) - https:\/\/yoast.com\/product\/yoast-seo-premium-wordpress\/ -->\n<title>Transformez votre maison en un logement r\u00e9ussi avec nos conseils pratiques !<\/title>\n<meta name=\"description\" content=\"Est\u00e1 pronto para compartilhar as chaves da sua casa? Descubra dicas e inspira\u00e7\u00f5es para abrir um alojamento incr\u00edvel e atrair h\u00f3spedes com Les cl\u00e9s du g\u00eete!\" \/>\n<meta name=\"robots\" content=\"index, follow, max-snippet:-1, max-image-preview:large, max-video-preview:-1\" \/>\n<link rel=\"canonical\" href=\"https:\/\/styqr.fr\/pt-pt\/2024\/01\/23\/as-chaves-da-casa-partilhar-e-tudo\/\" \/>\n<meta property=\"og:locale\" content=\"pt_PT\" \/>\n<meta property=\"og:type\" content=\"article\" \/>\n<meta property=\"og:title\" content=\"StyQR | Le livret d&#039;accueil digital\" \/>\n<meta property=\"og:description\" content=\"Est\u00e1 pronto para compartilhar as chaves da sua casa? Descubra dicas e inspira\u00e7\u00f5es para abrir um alojamento incr\u00edvel e atrair h\u00f3spedes com Les cl\u00e9s du g\u00eete!\" \/>\n<meta property=\"og:url\" content=\"https:\/\/styqr.fr\/pt-pt\/2024\/01\/23\/as-chaves-da-casa-partilhar-e-tudo\/\" \/>\n<meta property=\"og:site_name\" content=\"StyQR\" \/>\n<meta property=\"article:publisher\" content=\"https:\/\/fr-fr.facebook.com\/styqr\/\" \/>\n<meta property=\"article:published_time\" content=\"2024-01-23T16:18:52+00:00\" \/>\n<meta property=\"article:modified_time\" content=\"2024-12-05T11:27:56+00:00\" \/>\n<meta property=\"og:image\" content=\"https:\/\/styqr.fr\/wp-content\/uploads\/2022\/04\/Copie-de-logo-lcdg-carre.jpg\" \/>\n\t<meta property=\"og:image:width\" content=\"1313\" \/>\n\t<meta property=\"og:image:height\" content=\"1313\" \/>\n\t<meta property=\"og:image:type\" content=\"image\/jpeg\" \/>\n<meta name=\"author\" content=\"julien-styqr-admin\" \/>\n<meta name=\"twitter:card\" content=\"summary_large_image\" \/>\n<script type=\"application\/ld+json\" class=\"yoast-schema-graph\">{\"@context\":\"https:\\\/\\\/schema.org\",\"@graph\":[{\"@type\":\"Article\",\"@id\":\"https:\\\/\\\/styqr.fr\\\/pt-pt\\\/2024\\\/01\\\/23\\\/as-chaves-da-casa-partilhar-e-tudo\\\/#article\",\"isPartOf\":{\"@id\":\"https:\\\/\\\/styqr.fr\\\/pt-pt\\\/2024\\\/01\\\/23\\\/as-chaves-da-casa-partilhar-e-tudo\\\/\"},\"author\":{\"name\":\"julien-styqr-admin\",\"@id\":\"https:\\\/\\\/styqr.fr\\\/pt-pt\\\/#\\\/schema\\\/person\\\/1c3ec87abbbfc1b604a5bfade25e11a5\"},\"headline\":\"As chaves da casa, partilhar \u00e9 tudo\",\"datePublished\":\"2024-01-23T16:18:52+00:00\",\"dateModified\":\"2024-12-05T11:27:56+00:00\",\"mainEntityOfPage\":{\"@id\":\"https:\\\/\\\/styqr.fr\\\/pt-pt\\\/2024\\\/01\\\/23\\\/as-chaves-da-casa-partilhar-e-tudo\\\/\"},\"wordCount\":671,\"publisher\":{\"@id\":\"https:\\\/\\\/styqr.fr\\\/pt-pt\\\/#organization\"},\"image\":{\"@id\":\"https:\\\/\\\/styqr.fr\\\/pt-pt\\\/2024\\\/01\\\/23\\\/as-chaves-da-casa-partilhar-e-tudo\\\/#primaryimage\"},\"thumbnailUrl\":\"https:\\\/\\\/styqr.fr\\\/wp-content\\\/uploads\\\/2022\\\/04\\\/Copie-de-logo-lcdg-carre.jpg\",\"keywords\":[\"styqr\",\"chaves\",\"alojamento e pequeno-almo\u00e7o\"],\"articleSection\":[\"Indiv\u00edduos\",\"Profissionais\",\"Gostamos deles\"],\"inLanguage\":\"pt-PT\"},{\"@type\":\"WebPage\",\"@id\":\"https:\\\/\\\/styqr.fr\\\/pt-pt\\\/2024\\\/01\\\/23\\\/as-chaves-da-casa-partilhar-e-tudo\\\/\",\"url\":\"https:\\\/\\\/styqr.fr\\\/pt-pt\\\/2024\\\/01\\\/23\\\/as-chaves-da-casa-partilhar-e-tudo\\\/\",\"name\":\"Transformez votre maison en un logement r\u00e9ussi avec nos conseils pratiques !\",\"isPartOf\":{\"@id\":\"https:\\\/\\\/styqr.fr\\\/pt-pt\\\/#website\"},\"primaryImageOfPage\":{\"@id\":\"https:\\\/\\\/styqr.fr\\\/pt-pt\\\/2024\\\/01\\\/23\\\/as-chaves-da-casa-partilhar-e-tudo\\\/#primaryimage\"},\"image\":{\"@id\":\"https:\\\/\\\/styqr.fr\\\/pt-pt\\\/2024\\\/01\\\/23\\\/as-chaves-da-casa-partilhar-e-tudo\\\/#primaryimage\"},\"thumbnailUrl\":\"https:\\\/\\\/styqr.fr\\\/wp-content\\\/uploads\\\/2022\\\/04\\\/Copie-de-logo-lcdg-carre.jpg\",\"datePublished\":\"2024-01-23T16:18:52+00:00\",\"dateModified\":\"2024-12-05T11:27:56+00:00\",\"description\":\"Est\u00e1 pronto para compartilhar as chaves da sua casa? Descubra dicas e inspira\u00e7\u00f5es para abrir um alojamento incr\u00edvel e atrair h\u00f3spedes com Les cl\u00e9s du g\u00eete!\",\"breadcrumb\":{\"@id\":\"https:\\\/\\\/styqr.fr\\\/pt-pt\\\/2024\\\/01\\\/23\\\/as-chaves-da-casa-partilhar-e-tudo\\\/#breadcrumb\"},\"inLanguage\":\"pt-PT\",\"potentialAction\":[{\"@type\":\"ReadAction\",\"target\":[\"https:\\\/\\\/styqr.fr\\\/pt-pt\\\/2024\\\/01\\\/23\\\/as-chaves-da-casa-partilhar-e-tudo\\\/\"]}]},{\"@type\":\"ImageObject\",\"inLanguage\":\"pt-PT\",\"@id\":\"https:\\\/\\\/styqr.fr\\\/pt-pt\\\/2024\\\/01\\\/23\\\/as-chaves-da-casa-partilhar-e-tudo\\\/#primaryimage\",\"url\":\"https:\\\/\\\/styqr.fr\\\/wp-content\\\/uploads\\\/2022\\\/04\\\/Copie-de-logo-lcdg-carre.jpg\",\"contentUrl\":\"https:\\\/\\\/styqr.fr\\\/wp-content\\\/uploads\\\/2022\\\/04\\\/Copie-de-logo-lcdg-carre.jpg\",\"width\":1313,\"height\":1313},{\"@type\":\"BreadcrumbList\",\"@id\":\"https:\\\/\\\/styqr.fr\\\/pt-pt\\\/2024\\\/01\\\/23\\\/as-chaves-da-casa-partilhar-e-tudo\\\/#breadcrumb\",\"itemListElement\":[{\"@type\":\"ListItem\",\"position\":1,\"name\":\"Casa\",\"item\":\"https:\\\/\\\/styqr.fr\\\/pt-pt\\\/\"},{\"@type\":\"ListItem\",\"position\":2,\"name\":\"Indiv\u00edduos\",\"item\":\"https:\\\/\\\/styqr.fr\\\/pt-pt\\\/nos-categories\\\/individuos\\\/\"},{\"@type\":\"ListItem\",\"position\":3,\"name\":\"As chaves da casa, partilhar \u00e9 tudo\"}]},{\"@type\":\"WebSite\",\"@id\":\"https:\\\/\\\/styqr.fr\\\/pt-pt\\\/#website\",\"url\":\"https:\\\/\\\/styqr.fr\\\/pt-pt\\\/\",\"name\":\"StyQR\",\"description\":\"Cr\u00e9ez votre livret d&#039;accueil digital personnalis\u00e9 pour vos voyageurs\",\"publisher\":{\"@id\":\"https:\\\/\\\/styqr.fr\\\/pt-pt\\\/#organization\"},\"potentialAction\":[{\"@type\":\"SearchAction\",\"target\":{\"@type\":\"EntryPoint\",\"urlTemplate\":\"https:\\\/\\\/styqr.fr\\\/pt-pt\\\/?s={search_term_string}\"},\"query-input\":{\"@type\":\"PropertyValueSpecification\",\"valueRequired\":true,\"valueName\":\"search_term_string\"}}],\"inLanguage\":\"pt-PT\"},{\"@type\":\"Organization\",\"@id\":\"https:\\\/\\\/styqr.fr\\\/pt-pt\\\/#organization\",\"name\":\"StyQR\",\"url\":\"https:\\\/\\\/styqr.fr\\\/pt-pt\\\/\",\"logo\":{\"@type\":\"ImageObject\",\"inLanguage\":\"pt-PT\",\"@id\":\"https:\\\/\\\/styqr.fr\\\/pt-pt\\\/#\\\/schema\\\/logo\\\/image\\\/\",\"url\":\"https:\\\/\\\/styqr.fr\\\/wp-content\\\/uploads\\\/2020\\\/11\\\/Fichier-5.png\",\"contentUrl\":\"https:\\\/\\\/styqr.fr\\\/wp-content\\\/uploads\\\/2020\\\/11\\\/Fichier-5.png\",\"width\":388,\"height\":194,\"caption\":\"StyQR\"},\"image\":{\"@id\":\"https:\\\/\\\/styqr.fr\\\/pt-pt\\\/#\\\/schema\\\/logo\\\/image\\\/\"},\"sameAs\":[\"https:\\\/\\\/fr-fr.facebook.com\\\/styqr\\\/\",\"https:\\\/\\\/www.instagram.com\\\/styqr_fr\\\/\",\"https:\\\/\\\/fr.linkedin.com\\\/company\\\/styqr\"],\"description\":\"StyQR, le livret d'accueil digital\",\"email\":\"contact@styqr.fr\",\"legalName\":\"SAS StyQR\",\"foundingDate\":\"2019-05-27\",\"vatID\":\"FR55824532865\",\"taxID\":\"82453286500014\",\"numberOfEmployees\":{\"@type\":\"QuantitativeValue\",\"minValue\":\"1\",\"maxValue\":\"10\"}},{\"@type\":\"Person\",\"@id\":\"https:\\\/\\\/styqr.fr\\\/pt-pt\\\/#\\\/schema\\\/person\\\/1c3ec87abbbfc1b604a5bfade25e11a5\",\"name\":\"julien-styqr-admin\",\"image\":{\"@type\":\"ImageObject\",\"inLanguage\":\"pt-PT\",\"@id\":\"https:\\\/\\\/secure.gravatar.com\\\/avatar\\\/9f51111c0554d4868fb9d8c7d1a35c7adcd4c4e4152ded86b44eb45fec952cea?s=96&d=mm&r=g\",\"url\":\"https:\\\/\\\/secure.gravatar.com\\\/avatar\\\/9f51111c0554d4868fb9d8c7d1a35c7adcd4c4e4152ded86b44eb45fec952cea?s=96&d=mm&r=g\",\"contentUrl\":\"https:\\\/\\\/secure.gravatar.com\\\/avatar\\\/9f51111c0554d4868fb9d8c7d1a35c7adcd4c4e4152ded86b44eb45fec952cea?s=96&d=mm&r=g\",\"caption\":\"julien-styqr-admin\"},\"sameAs\":[\"https:\\\/\\\/styqr.fr\"]}]}<\/script>\n<!-- \/ Yoast SEO Premium plugin. -->","yoast_head_json":{"title":"Transformez votre maison en un logement r\u00e9ussi avec nos conseils pratiques !","description":"Est\u00e1 pronto para compartilhar as chaves da sua casa? Descubra dicas e inspira\u00e7\u00f5es para abrir um alojamento incr\u00edvel e atrair h\u00f3spedes com Les cl\u00e9s du g\u00eete!","robots":{"index":"index","follow":"follow","max-snippet":"max-snippet:-1","max-image-preview":"max-image-preview:large","max-video-preview":"max-video-preview:-1"},"canonical":"https:\/\/styqr.fr\/pt-pt\/2024\/01\/23\/as-chaves-da-casa-partilhar-e-tudo\/","og_locale":"pt_PT","og_type":"article","og_title":"StyQR | Le livret d'accueil digital","og_description":"Est\u00e1 pronto para compartilhar as chaves da sua casa? Descubra dicas e inspira\u00e7\u00f5es para abrir um alojamento incr\u00edvel e atrair h\u00f3spedes com Les cl\u00e9s du g\u00eete!","og_url":"https:\/\/styqr.fr\/pt-pt\/2024\/01\/23\/as-chaves-da-casa-partilhar-e-tudo\/","og_site_name":"StyQR","article_publisher":"https:\/\/fr-fr.facebook.com\/styqr\/","article_published_time":"2024-01-23T16:18:52+00:00","article_modified_time":"2024-12-05T11:27:56+00:00","og_image":[{"width":1313,"height":1313,"url":"https:\/\/styqr.fr\/wp-content\/uploads\/2022\/04\/Copie-de-logo-lcdg-carre.jpg","type":"image\/jpeg"}],"author":"julien-styqr-admin","twitter_card":"summary_large_image","schema":{"@context":"https:\/\/schema.org","@graph":[{"@type":"Article","@id":"https:\/\/styqr.fr\/pt-pt\/2024\/01\/23\/as-chaves-da-casa-partilhar-e-tudo\/#article","isPartOf":{"@id":"https:\/\/styqr.fr\/pt-pt\/2024\/01\/23\/as-chaves-da-casa-partilhar-e-tudo\/"},"author":{"name":"julien-styqr-admin","@id":"https:\/\/styqr.fr\/pt-pt\/#\/schema\/person\/1c3ec87abbbfc1b604a5bfade25e11a5"},"headline":"As chaves da casa, partilhar \u00e9 tudo","datePublished":"2024-01-23T16:18:52+00:00","dateModified":"2024-12-05T11:27:56+00:00","mainEntityOfPage":{"@id":"https:\/\/styqr.fr\/pt-pt\/2024\/01\/23\/as-chaves-da-casa-partilhar-e-tudo\/"},"wordCount":671,"publisher":{"@id":"https:\/\/styqr.fr\/pt-pt\/#organization"},"image":{"@id":"https:\/\/styqr.fr\/pt-pt\/2024\/01\/23\/as-chaves-da-casa-partilhar-e-tudo\/#primaryimage"},"thumbnailUrl":"https:\/\/styqr.fr\/wp-content\/uploads\/2022\/04\/Copie-de-logo-lcdg-carre.jpg","keywords":["styqr","chaves","alojamento e pequeno-almo\u00e7o"],"articleSection":["Indiv\u00edduos","Profissionais","Gostamos deles"],"inLanguage":"pt-PT"},{"@type":"WebPage","@id":"https:\/\/styqr.fr\/pt-pt\/2024\/01\/23\/as-chaves-da-casa-partilhar-e-tudo\/","url":"https:\/\/styqr.fr\/pt-pt\/2024\/01\/23\/as-chaves-da-casa-partilhar-e-tudo\/","name":"Transformez votre maison en un logement r\u00e9ussi avec nos conseils pratiques !","isPartOf":{"@id":"https:\/\/styqr.fr\/pt-pt\/#website"},"primaryImageOfPage":{"@id":"https:\/\/styqr.fr\/pt-pt\/2024\/01\/23\/as-chaves-da-casa-partilhar-e-tudo\/#primaryimage"},"image":{"@id":"https:\/\/styqr.fr\/pt-pt\/2024\/01\/23\/as-chaves-da-casa-partilhar-e-tudo\/#primaryimage"},"thumbnailUrl":"https:\/\/styqr.fr\/wp-content\/uploads\/2022\/04\/Copie-de-logo-lcdg-carre.jpg","datePublished":"2024-01-23T16:18:52+00:00","dateModified":"2024-12-05T11:27:56+00:00","description":"Est\u00e1 pronto para compartilhar as chaves da sua casa? Descubra dicas e inspira\u00e7\u00f5es para abrir um alojamento incr\u00edvel e atrair h\u00f3spedes com Les cl\u00e9s du g\u00eete!","breadcrumb":{"@id":"https:\/\/styqr.fr\/pt-pt\/2024\/01\/23\/as-chaves-da-casa-partilhar-e-tudo\/#breadcrumb"},"inLanguage":"pt-PT","potentialAction":[{"@type":"ReadAction","target":["https:\/\/styqr.fr\/pt-pt\/2024\/01\/23\/as-chaves-da-casa-partilhar-e-tudo\/"]}]},{"@type":"ImageObject","inLanguage":"pt-PT","@id":"https:\/\/styqr.fr\/pt-pt\/2024\/01\/23\/as-chaves-da-casa-partilhar-e-tudo\/#primaryimage","url":"https:\/\/styqr.fr\/wp-content\/uploads\/2022\/04\/Copie-de-logo-lcdg-carre.jpg","contentUrl":"https:\/\/styqr.fr\/wp-content\/uploads\/2022\/04\/Copie-de-logo-lcdg-carre.jpg","width":1313,"height":1313},{"@type":"BreadcrumbList","@id":"https:\/\/styqr.fr\/pt-pt\/2024\/01\/23\/as-chaves-da-casa-partilhar-e-tudo\/#breadcrumb","itemListElement":[{"@type":"ListItem","position":1,"name":"Casa","item":"https:\/\/styqr.fr\/pt-pt\/"},{"@type":"ListItem","position":2,"name":"Indiv\u00edduos","item":"https:\/\/styqr.fr\/pt-pt\/nos-categories\/individuos\/"},{"@type":"ListItem","position":3,"name":"As chaves da casa, partilhar \u00e9 tudo"}]},{"@type":"WebSite","@id":"https:\/\/styqr.fr\/pt-pt\/#website","url":"https:\/\/styqr.fr\/pt-pt\/","name":"StyQR","description":"Cr\u00e9ez votre livret d&#039;accueil digital personnalis\u00e9 pour vos voyageurs","publisher":{"@id":"https:\/\/styqr.fr\/pt-pt\/#organization"},"potentialAction":[{"@type":"SearchAction","target":{"@type":"EntryPoint","urlTemplate":"https:\/\/styqr.fr\/pt-pt\/?s={search_term_string}"},"query-input":{"@type":"PropertyValueSpecification","valueRequired":true,"valueName":"search_term_string"}}],"inLanguage":"pt-PT"},{"@type":"Organization","@id":"https:\/\/styqr.fr\/pt-pt\/#organization","name":"StyQR","url":"https:\/\/styqr.fr\/pt-pt\/","logo":{"@type":"ImageObject","inLanguage":"pt-PT","@id":"https:\/\/styqr.fr\/pt-pt\/#\/schema\/logo\/image\/","url":"https:\/\/styqr.fr\/wp-content\/uploads\/2020\/11\/Fichier-5.png","contentUrl":"https:\/\/styqr.fr\/wp-content\/uploads\/2020\/11\/Fichier-5.png","width":388,"height":194,"caption":"StyQR"},"image":{"@id":"https:\/\/styqr.fr\/pt-pt\/#\/schema\/logo\/image\/"},"sameAs":["https:\/\/fr-fr.facebook.com\/styqr\/","https:\/\/www.instagram.com\/styqr_fr\/","https:\/\/fr.linkedin.com\/company\/styqr"],"description":"StyQR, le livret d'accueil digital","email":"contact@styqr.fr","legalName":"SAS StyQR","foundingDate":"2019-05-27","vatID":"FR55824532865","taxID":"82453286500014","numberOfEmployees":{"@type":"QuantitativeValue","minValue":"1","maxValue":"10"}},{"@type":"Person","@id":"https:\/\/styqr.fr\/pt-pt\/#\/schema\/person\/1c3ec87abbbfc1b604a5bfade25e11a5","name":"julien-styqr-admin","image":{"@type":"ImageObject","inLanguage":"pt-PT","@id":"https:\/\/secure.gravatar.com\/avatar\/9f51111c0554d4868fb9d8c7d1a35c7adcd4c4e4152ded86b44eb45fec952cea?s=96&d=mm&r=g","url":"https:\/\/secure.gravatar.com\/avatar\/9f51111c0554d4868fb9d8c7d1a35c7adcd4c4e4152ded86b44eb45fec952cea?s=96&d=mm&r=g","contentUrl":"https:\/\/secure.gravatar.com\/avatar\/9f51111c0554d4868fb9d8c7d1a35c7adcd4c4e4152ded86b44eb45fec952cea?s=96&d=mm&r=g","caption":"julien-styqr-admin"},"sameAs":["https:\/\/styqr.fr"]}]}},"_links":{"self":[{"href":"https:\/\/styqr.fr\/pt-pt\/wp-json\/wp\/v2\/posts\/101099","targetHints":{"allow":["GET"]}}],"collection":[{"href":"https:\/\/styqr.fr\/pt-pt\/wp-json\/wp\/v2\/posts"}],"about":[{"href":"https:\/\/styqr.fr\/pt-pt\/wp-json\/wp\/v2\/types\/post"}],"author":[{"embeddable":true,"href":"https:\/\/styqr.fr\/pt-pt\/wp-json\/wp\/v2\/users\/1"}],"replies":[{"embeddable":true,"href":"https:\/\/styqr.fr\/pt-pt\/wp-json\/wp\/v2\/comments?post=101099"}],"version-history":[{"count":0,"href":"https:\/\/styqr.fr\/pt-pt\/wp-json\/wp\/v2\/posts\/101099\/revisions"}],"wp:featuredmedia":[{"embeddable":true,"href":"https:\/\/styqr.fr\/pt-pt\/wp-json\/wp\/v2\/media\/96406"}],"wp:attachment":[{"href":"https:\/\/styqr.fr\/pt-pt\/wp-json\/wp\/v2\/media?parent=101099"}],"wp:term":[{"taxonomy":"category","embeddable":true,"href":"https:\/\/styqr.fr\/pt-pt\/wp-json\/wp\/v2\/categories?post=101099"},{"taxonomy":"post_tag","embeddable":true,"href":"https:\/\/styqr.fr\/pt-pt\/wp-json\/wp\/v2\/tags?post=101099"}],"curies":[{"name":"wp","href":"https:\/\/api.w.org\/{rel}","templated":true}]}}