{"id":100929,"date":"2024-01-23T17:16:23","date_gmt":"2024-01-23T16:16:23","guid":{"rendered":"https:\/\/styqr.fr\/2024\/01\/23\/alojamento-turistico-em-franca-em-2021\/"},"modified":"2024-12-05T12:29:53","modified_gmt":"2024-12-05T11:29:53","slug":"alojamento-turistico-em-franca-em-2021","status":"publish","type":"post","link":"https:\/\/styqr.fr\/pt-pt\/2024\/01\/23\/alojamento-turistico-em-franca-em-2021\/","title":{"rendered":"Alojamento tur\u00edstico em Fran\u00e7a em 2021"},"content":{"rendered":"<div class=\"wpb-content-wrapper\"><p>[vc_row][vc_column width=&#8221;1\/1&#8243;][vc_column_text uncode_shortcode_id=&#8221;139941&#8243;]Quantos<strong>alojamentos tur\u00edsticos<\/strong> existem em Fran\u00e7a? E quantos deles s\u00e3o<strong>hot\u00e9is<\/strong>? <strong>Acampamentos<\/strong>? Quem foi mais afetado pela <strong>crise da Covid<\/strong>? Vamos responder-te a todas estas perguntas![\/vc_column_text][\/vc_column][\/vc_row][vc_row][vc_column width=&#8221;1\/1&#8243;][vc_single_image media=&#8221;88322&#8243; media_width_percent=&#8221;100&#8243; media_ratio=&#8221;three-two&#8221; shape=&#8221;img-round&#8221; radius=&#8221;std&#8221; uncode_shortcode_id=&#8221;365577&#8243;][vc_row_inner][vc_column_inner column_width_percent=&#8221;100&#8243; gutter_size=&#8221;0&#8243; overlay_alpha=&#8221;50&#8243; shift_x=&#8221;0&#8243; shift_y=&#8221;0&#8243; shift_y_down=&#8221;0&#8243; z_index=&#8221;0&#8243; medium_width=&#8221;0&#8243; mobile_width=&#8221;0&#8243; width=&#8221;1\/1&#8243;][vc_custom_heading uncode_shortcode_id=&#8221;960373&#8243;]<\/p>\n<h2>1. Os n\u00fameros<\/h2>\n<p>[\/vc_custom_heading][\/vc_column_inner][\/vc_row_inner][vc_column_text uncode_shortcode_id=&#8221;911448&#8243;]H\u00e1 um total de <strong>29.313 alojamentos tur\u00edsticos<\/strong>em Fran\u00e7a (em 2021). Estes incluem : <\/p>\n<ul>\n<li>  Hot\u00e9is tur\u00edsticos: 17.405<\/li>\n<li>Parques de campismo: 8.239<\/li>\n<li>Casas de turismo e alojamentos similares: 2.386<\/li>\n<li>Aldeamentos tur\u00edsticos e casas de fam\u00edlia: 962<\/li>\n<li>Pousadas de juventude, centros de f\u00e9rias internacionais, centros desportivos: 321<\/li>\n<\/ul>\n<p>Nota a <strong>diferen\u00e7a<\/strong> entre um hotel, reservado para uma estadia curta, e uma resid\u00eancia tur\u00edstica, para estadias mais longas.[\/vc_column_text][\/vc_column][\/vc_row][vc_row][vc_column width=&#8221;1\/1&#8243;][vc_single_image media=&#8221;88324&#8243; media_width_percent=&#8221;100&#8243; media_ratio=&#8221;three-two&#8221; shape=&#8221;img-round&#8221; radius=&#8221;std&#8221; uncode_shortcode_id=&#8221;148231&#8243;][vc_row_inner][vc_column_inner column_width_percent=&#8221;100&#8243; gutter_size=&#8221;0&#8243; overlay_alpha=&#8221;50&#8243; shift_x=&#8221;0&#8243; shift_y=&#8221;0&#8243; shift_y_down=&#8221;0&#8243; z_index=&#8221;0&#8243; medium_width=&#8221;0&#8243; mobile_width=&#8221;0&#8243; width=&#8221;1\/1&#8243;][vc_custom_heading uncode_shortcode_id=&#8221;124077&#8243;]<\/p>\n<h2>2. O alojamento tur\u00edstico e a crise da covid-19<\/h2>\n<p>[\/vc_custom_heading][\/vc_column_inner][\/vc_row_inner][vc_column_text uncode_shortcode_id=&#8221;919304&#8243;]Para os hot\u00e9is, a queda do <strong>volume de neg\u00f3cios<\/strong> \u00e9 brutal (em compara\u00e7\u00e3o com 2019): <strong>menos 43%<\/strong>! No entanto, a hotelaria francesa \u00e9 mais <strong>resistente<\/strong> do que a dos seus vizinhos: 47% no Reino Unido e 63% na Alemanha. Sem surpresa, os hot\u00e9is mais afectados s\u00e3o os <strong>de luxo<\/strong>, devido \u00e0 falta de <strong>clientela internacional<\/strong>. No entanto, <strong>o turismo de lazer<\/strong> n\u00e3o registou uma quebra dr\u00e1stica. De facto, ao adiarem a sua viagem a <strong>Fran\u00e7a<\/strong>, os franceses aumentaram as reservas nas <strong>montanhas<\/strong> e no <strong>litoral.<\/strong> Os pre\u00e7os dos alugueres aumentaram e <strong>as casas com piscinas<\/strong> foram invadidas durante o ver\u00e3o! Se quiseres saber mais, consulta as <strong>numerosas infografias<\/strong><a href=\"https:\/\/www.insee.fr\/fr\/statistiques\/4625624?sommaire=4625628\" target=\"_blank\" rel=\"noopener\">do INSEE<\/a>.[\/vc_column_text][\/vc_column][\/vc_row][vc_row][vc_column width=&#8221;1\/1&#8243;][vc_column_text uncode_shortcode_id=&#8221;322482&#8243;]Todos estes n\u00fameros s\u00e3o <strong>impressionantes<\/strong>. Tinhas alguma d\u00favida sobre estes n\u00fameros? Se estiveres interessado, aqui est\u00e1 um artigo sobre a <a href=\"https:\/\/styqr.fr\/pt-pt\/2024\/01\/23\/gites-de-france-a-marca\/\" target=\"_blank\" rel=\"noopener\"><strong>etiqueta G\u00eetes de France<\/strong><\/a> que te deve agradar.[\/vc_column_text][\/vc_column][\/vc_row]<\/p>\n<\/div>","protected":false},"excerpt":{"rendered":"<p>Descobre os n\u00fameros do alojamento tur\u00edstico em Fran\u00e7a em 2021 face \u00e0 crise.  <\/p>\n","protected":false},"author":3,"featured_media":88319,"comment_status":"closed","ping_status":"open","sticky":false,"template":"","format":"standard","meta":{"footnotes":""},"categories":[905,929],"tags":[1929,1930,2075],"class_list":["post-100929","post","type-post","status-publish","format-standard","has-post-thumbnail","hentry","category-individuos","category-profissionais","tag-styqr-pt-pt","tag-digital-pt-pt","tag-alojamento-turistico"],"yoast_head":"<!-- This site is optimized with the Yoast SEO Premium plugin v27.4 (Yoast SEO v27.4) - https:\/\/yoast.com\/product\/yoast-seo-premium-wordpress\/ -->\n<title>Alojamento tur\u00edstico : chiffres 2021 et analyse StyQR<\/title>\n<meta name=\"description\" content=\"D\u00e9couvrez les impacts de la crise sur l&#039;alojamento tur\u00edstico en 2021. Qui a profit\u00e9 et qui a souffert ? Analyse compl\u00e8te avec StyQR.\" \/>\n<meta name=\"robots\" content=\"index, follow, max-snippet:-1, max-image-preview:large, max-video-preview:-1\" \/>\n<link rel=\"canonical\" href=\"https:\/\/styqr.fr\/pt-pt\/2024\/01\/23\/alojamento-turistico-em-franca-em-2021\/\" \/>\n<meta property=\"og:locale\" content=\"pt_PT\" \/>\n<meta property=\"og:type\" content=\"article\" \/>\n<meta property=\"og:title\" content=\"StyQR | Le livret d&#039;accueil digital\" \/>\n<meta property=\"og:description\" content=\"D\u00e9couvrez les impacts de la crise sur l&#039;alojamento tur\u00edstico en 2021. Qui a profit\u00e9 et qui a souffert ? Analyse compl\u00e8te avec StyQR.\" \/>\n<meta property=\"og:url\" content=\"https:\/\/styqr.fr\/pt-pt\/2024\/01\/23\/alojamento-turistico-em-franca-em-2021\/\" \/>\n<meta property=\"og:site_name\" content=\"StyQR\" \/>\n<meta property=\"article:publisher\" content=\"https:\/\/fr-fr.facebook.com\/styqr\/\" \/>\n<meta property=\"article:published_time\" content=\"2024-01-23T16:16:23+00:00\" \/>\n<meta property=\"article:modified_time\" content=\"2024-12-05T11:29:53+00:00\" \/>\n<meta property=\"og:image\" content=\"https:\/\/styqr.fr\/wp-content\/uploads\/2022\/04\/humphrey-muleba-dyj7RTs85Fs-unsplash-scaled.jpg\" \/>\n\t<meta property=\"og:image:width\" content=\"2560\" \/>\n\t<meta property=\"og:image:height\" content=\"1706\" \/>\n\t<meta property=\"og:image:type\" content=\"image\/jpeg\" \/>\n<meta name=\"author\" content=\"Marine\" \/>\n<meta name=\"twitter:card\" content=\"summary_large_image\" \/>\n<meta name=\"twitter:creator\" content=\"@julien-styqr-admin\" \/>\n<script type=\"application\/ld+json\" class=\"yoast-schema-graph\">{\"@context\":\"https:\\\/\\\/schema.org\",\"@graph\":[{\"@type\":\"Article\",\"@id\":\"https:\\\/\\\/styqr.fr\\\/pt-pt\\\/2024\\\/01\\\/23\\\/alojamento-turistico-em-franca-em-2021\\\/#article\",\"isPartOf\":{\"@id\":\"https:\\\/\\\/styqr.fr\\\/pt-pt\\\/2024\\\/01\\\/23\\\/alojamento-turistico-em-franca-em-2021\\\/\"},\"author\":{\"name\":\"Marine\",\"@id\":\"https:\\\/\\\/styqr.fr\\\/pt-pt\\\/#\\\/schema\\\/person\\\/9961aca9b86c9501bc1a72282df89aac\"},\"headline\":\"Alojamento tur\u00edstico em Fran\u00e7a em 2021\",\"datePublished\":\"2024-01-23T16:16:23+00:00\",\"dateModified\":\"2024-12-05T11:29:53+00:00\",\"mainEntityOfPage\":{\"@id\":\"https:\\\/\\\/styqr.fr\\\/pt-pt\\\/2024\\\/01\\\/23\\\/alojamento-turistico-em-franca-em-2021\\\/\"},\"wordCount\":448,\"publisher\":{\"@id\":\"https:\\\/\\\/styqr.fr\\\/pt-pt\\\/#organization\"},\"image\":{\"@id\":\"https:\\\/\\\/styqr.fr\\\/pt-pt\\\/2024\\\/01\\\/23\\\/alojamento-turistico-em-franca-em-2021\\\/#primaryimage\"},\"thumbnailUrl\":\"https:\\\/\\\/styqr.fr\\\/wp-content\\\/uploads\\\/2022\\\/04\\\/humphrey-muleba-dyj7RTs85Fs-unsplash-scaled.jpg\",\"keywords\":[\"styqr\",\"digital\",\"alojamento tur\u00edstico\"],\"articleSection\":[\"Indiv\u00edduos\",\"Profissionais\"],\"inLanguage\":\"pt-PT\"},{\"@type\":\"WebPage\",\"@id\":\"https:\\\/\\\/styqr.fr\\\/pt-pt\\\/2024\\\/01\\\/23\\\/alojamento-turistico-em-franca-em-2021\\\/\",\"url\":\"https:\\\/\\\/styqr.fr\\\/pt-pt\\\/2024\\\/01\\\/23\\\/alojamento-turistico-em-franca-em-2021\\\/\",\"name\":\"Alojamento tur\u00edstico : chiffres 2021 et analyse StyQR\",\"isPartOf\":{\"@id\":\"https:\\\/\\\/styqr.fr\\\/pt-pt\\\/#website\"},\"primaryImageOfPage\":{\"@id\":\"https:\\\/\\\/styqr.fr\\\/pt-pt\\\/2024\\\/01\\\/23\\\/alojamento-turistico-em-franca-em-2021\\\/#primaryimage\"},\"image\":{\"@id\":\"https:\\\/\\\/styqr.fr\\\/pt-pt\\\/2024\\\/01\\\/23\\\/alojamento-turistico-em-franca-em-2021\\\/#primaryimage\"},\"thumbnailUrl\":\"https:\\\/\\\/styqr.fr\\\/wp-content\\\/uploads\\\/2022\\\/04\\\/humphrey-muleba-dyj7RTs85Fs-unsplash-scaled.jpg\",\"datePublished\":\"2024-01-23T16:16:23+00:00\",\"dateModified\":\"2024-12-05T11:29:53+00:00\",\"description\":\"D\u00e9couvrez les impacts de la crise sur l'alojamento tur\u00edstico en 2021. Qui a profit\u00e9 et qui a souffert ? Analyse compl\u00e8te avec StyQR.\",\"breadcrumb\":{\"@id\":\"https:\\\/\\\/styqr.fr\\\/pt-pt\\\/2024\\\/01\\\/23\\\/alojamento-turistico-em-franca-em-2021\\\/#breadcrumb\"},\"inLanguage\":\"pt-PT\",\"potentialAction\":[{\"@type\":\"ReadAction\",\"target\":[\"https:\\\/\\\/styqr.fr\\\/pt-pt\\\/2024\\\/01\\\/23\\\/alojamento-turistico-em-franca-em-2021\\\/\"]}]},{\"@type\":\"ImageObject\",\"inLanguage\":\"pt-PT\",\"@id\":\"https:\\\/\\\/styqr.fr\\\/pt-pt\\\/2024\\\/01\\\/23\\\/alojamento-turistico-em-franca-em-2021\\\/#primaryimage\",\"url\":\"https:\\\/\\\/styqr.fr\\\/wp-content\\\/uploads\\\/2022\\\/04\\\/humphrey-muleba-dyj7RTs85Fs-unsplash-scaled.jpg\",\"contentUrl\":\"https:\\\/\\\/styqr.fr\\\/wp-content\\\/uploads\\\/2022\\\/04\\\/humphrey-muleba-dyj7RTs85Fs-unsplash-scaled.jpg\",\"width\":2560,\"height\":1706},{\"@type\":\"BreadcrumbList\",\"@id\":\"https:\\\/\\\/styqr.fr\\\/pt-pt\\\/2024\\\/01\\\/23\\\/alojamento-turistico-em-franca-em-2021\\\/#breadcrumb\",\"itemListElement\":[{\"@type\":\"ListItem\",\"position\":1,\"name\":\"Casa\",\"item\":\"https:\\\/\\\/styqr.fr\\\/pt-pt\\\/\"},{\"@type\":\"ListItem\",\"position\":2,\"name\":\"Profissionais\",\"item\":\"https:\\\/\\\/styqr.fr\\\/pt-pt\\\/nos-categories\\\/profissionais\\\/\"},{\"@type\":\"ListItem\",\"position\":3,\"name\":\"Alojamento tur\u00edstico em Fran\u00e7a em 2021\"}]},{\"@type\":\"WebSite\",\"@id\":\"https:\\\/\\\/styqr.fr\\\/pt-pt\\\/#website\",\"url\":\"https:\\\/\\\/styqr.fr\\\/pt-pt\\\/\",\"name\":\"StyQR\",\"description\":\"Cr\u00e9ez votre livret d&#039;accueil digital personnalis\u00e9 pour vos voyageurs\",\"publisher\":{\"@id\":\"https:\\\/\\\/styqr.fr\\\/pt-pt\\\/#organization\"},\"potentialAction\":[{\"@type\":\"SearchAction\",\"target\":{\"@type\":\"EntryPoint\",\"urlTemplate\":\"https:\\\/\\\/styqr.fr\\\/pt-pt\\\/?s={search_term_string}\"},\"query-input\":{\"@type\":\"PropertyValueSpecification\",\"valueRequired\":true,\"valueName\":\"search_term_string\"}}],\"inLanguage\":\"pt-PT\"},{\"@type\":\"Organization\",\"@id\":\"https:\\\/\\\/styqr.fr\\\/pt-pt\\\/#organization\",\"name\":\"StyQR\",\"url\":\"https:\\\/\\\/styqr.fr\\\/pt-pt\\\/\",\"logo\":{\"@type\":\"ImageObject\",\"inLanguage\":\"pt-PT\",\"@id\":\"https:\\\/\\\/styqr.fr\\\/pt-pt\\\/#\\\/schema\\\/logo\\\/image\\\/\",\"url\":\"https:\\\/\\\/styqr.fr\\\/wp-content\\\/uploads\\\/2020\\\/11\\\/Fichier-5.png\",\"contentUrl\":\"https:\\\/\\\/styqr.fr\\\/wp-content\\\/uploads\\\/2020\\\/11\\\/Fichier-5.png\",\"width\":388,\"height\":194,\"caption\":\"StyQR\"},\"image\":{\"@id\":\"https:\\\/\\\/styqr.fr\\\/pt-pt\\\/#\\\/schema\\\/logo\\\/image\\\/\"},\"sameAs\":[\"https:\\\/\\\/fr-fr.facebook.com\\\/styqr\\\/\",\"https:\\\/\\\/www.instagram.com\\\/styqr_fr\\\/\",\"https:\\\/\\\/fr.linkedin.com\\\/company\\\/styqr\"],\"description\":\"StyQR, le livret d'accueil digital\",\"email\":\"contact@styqr.fr\",\"legalName\":\"SAS StyQR\",\"foundingDate\":\"2019-05-27\",\"vatID\":\"FR55824532865\",\"taxID\":\"82453286500014\",\"numberOfEmployees\":{\"@type\":\"QuantitativeValue\",\"minValue\":\"1\",\"maxValue\":\"10\"}},{\"@type\":\"Person\",\"@id\":\"https:\\\/\\\/styqr.fr\\\/pt-pt\\\/#\\\/schema\\\/person\\\/9961aca9b86c9501bc1a72282df89aac\",\"name\":\"Marine\",\"image\":{\"@type\":\"ImageObject\",\"inLanguage\":\"pt-PT\",\"@id\":\"https:\\\/\\\/secure.gravatar.com\\\/avatar\\\/647b7182996833269bfb418442442520d7a3cf1ce76c2bbb26b93d7fbb28bb58?s=96&d=mm&r=g\",\"url\":\"https:\\\/\\\/secure.gravatar.com\\\/avatar\\\/647b7182996833269bfb418442442520d7a3cf1ce76c2bbb26b93d7fbb28bb58?s=96&d=mm&r=g\",\"contentUrl\":\"https:\\\/\\\/secure.gravatar.com\\\/avatar\\\/647b7182996833269bfb418442442520d7a3cf1ce76c2bbb26b93d7fbb28bb58?s=96&d=mm&r=g\",\"caption\":\"Marine\"},\"sameAs\":[\"https:\\\/\\\/x.com\\\/julien-styqr-admin\"]}]}<\/script>\n<!-- \/ Yoast SEO Premium plugin. -->","yoast_head_json":{"title":"Alojamento tur\u00edstico : chiffres 2021 et analyse StyQR","description":"D\u00e9couvrez les impacts de la crise sur l'alojamento tur\u00edstico en 2021. Qui a profit\u00e9 et qui a souffert ? Analyse compl\u00e8te avec StyQR.","robots":{"index":"index","follow":"follow","max-snippet":"max-snippet:-1","max-image-preview":"max-image-preview:large","max-video-preview":"max-video-preview:-1"},"canonical":"https:\/\/styqr.fr\/pt-pt\/2024\/01\/23\/alojamento-turistico-em-franca-em-2021\/","og_locale":"pt_PT","og_type":"article","og_title":"StyQR | Le livret d'accueil digital","og_description":"D\u00e9couvrez les impacts de la crise sur l'alojamento tur\u00edstico en 2021. Qui a profit\u00e9 et qui a souffert ? Analyse compl\u00e8te avec StyQR.","og_url":"https:\/\/styqr.fr\/pt-pt\/2024\/01\/23\/alojamento-turistico-em-franca-em-2021\/","og_site_name":"StyQR","article_publisher":"https:\/\/fr-fr.facebook.com\/styqr\/","article_published_time":"2024-01-23T16:16:23+00:00","article_modified_time":"2024-12-05T11:29:53+00:00","og_image":[{"width":2560,"height":1706,"url":"https:\/\/styqr.fr\/wp-content\/uploads\/2022\/04\/humphrey-muleba-dyj7RTs85Fs-unsplash-scaled.jpg","type":"image\/jpeg"}],"author":"Marine","twitter_card":"summary_large_image","twitter_creator":"@julien-styqr-admin","schema":{"@context":"https:\/\/schema.org","@graph":[{"@type":"Article","@id":"https:\/\/styqr.fr\/pt-pt\/2024\/01\/23\/alojamento-turistico-em-franca-em-2021\/#article","isPartOf":{"@id":"https:\/\/styqr.fr\/pt-pt\/2024\/01\/23\/alojamento-turistico-em-franca-em-2021\/"},"author":{"name":"Marine","@id":"https:\/\/styqr.fr\/pt-pt\/#\/schema\/person\/9961aca9b86c9501bc1a72282df89aac"},"headline":"Alojamento tur\u00edstico em Fran\u00e7a em 2021","datePublished":"2024-01-23T16:16:23+00:00","dateModified":"2024-12-05T11:29:53+00:00","mainEntityOfPage":{"@id":"https:\/\/styqr.fr\/pt-pt\/2024\/01\/23\/alojamento-turistico-em-franca-em-2021\/"},"wordCount":448,"publisher":{"@id":"https:\/\/styqr.fr\/pt-pt\/#organization"},"image":{"@id":"https:\/\/styqr.fr\/pt-pt\/2024\/01\/23\/alojamento-turistico-em-franca-em-2021\/#primaryimage"},"thumbnailUrl":"https:\/\/styqr.fr\/wp-content\/uploads\/2022\/04\/humphrey-muleba-dyj7RTs85Fs-unsplash-scaled.jpg","keywords":["styqr","digital","alojamento tur\u00edstico"],"articleSection":["Indiv\u00edduos","Profissionais"],"inLanguage":"pt-PT"},{"@type":"WebPage","@id":"https:\/\/styqr.fr\/pt-pt\/2024\/01\/23\/alojamento-turistico-em-franca-em-2021\/","url":"https:\/\/styqr.fr\/pt-pt\/2024\/01\/23\/alojamento-turistico-em-franca-em-2021\/","name":"Alojamento tur\u00edstico : chiffres 2021 et analyse StyQR","isPartOf":{"@id":"https:\/\/styqr.fr\/pt-pt\/#website"},"primaryImageOfPage":{"@id":"https:\/\/styqr.fr\/pt-pt\/2024\/01\/23\/alojamento-turistico-em-franca-em-2021\/#primaryimage"},"image":{"@id":"https:\/\/styqr.fr\/pt-pt\/2024\/01\/23\/alojamento-turistico-em-franca-em-2021\/#primaryimage"},"thumbnailUrl":"https:\/\/styqr.fr\/wp-content\/uploads\/2022\/04\/humphrey-muleba-dyj7RTs85Fs-unsplash-scaled.jpg","datePublished":"2024-01-23T16:16:23+00:00","dateModified":"2024-12-05T11:29:53+00:00","description":"D\u00e9couvrez les impacts de la crise sur l'alojamento tur\u00edstico en 2021. Qui a profit\u00e9 et qui a souffert ? Analyse compl\u00e8te avec StyQR.","breadcrumb":{"@id":"https:\/\/styqr.fr\/pt-pt\/2024\/01\/23\/alojamento-turistico-em-franca-em-2021\/#breadcrumb"},"inLanguage":"pt-PT","potentialAction":[{"@type":"ReadAction","target":["https:\/\/styqr.fr\/pt-pt\/2024\/01\/23\/alojamento-turistico-em-franca-em-2021\/"]}]},{"@type":"ImageObject","inLanguage":"pt-PT","@id":"https:\/\/styqr.fr\/pt-pt\/2024\/01\/23\/alojamento-turistico-em-franca-em-2021\/#primaryimage","url":"https:\/\/styqr.fr\/wp-content\/uploads\/2022\/04\/humphrey-muleba-dyj7RTs85Fs-unsplash-scaled.jpg","contentUrl":"https:\/\/styqr.fr\/wp-content\/uploads\/2022\/04\/humphrey-muleba-dyj7RTs85Fs-unsplash-scaled.jpg","width":2560,"height":1706},{"@type":"BreadcrumbList","@id":"https:\/\/styqr.fr\/pt-pt\/2024\/01\/23\/alojamento-turistico-em-franca-em-2021\/#breadcrumb","itemListElement":[{"@type":"ListItem","position":1,"name":"Casa","item":"https:\/\/styqr.fr\/pt-pt\/"},{"@type":"ListItem","position":2,"name":"Profissionais","item":"https:\/\/styqr.fr\/pt-pt\/nos-categories\/profissionais\/"},{"@type":"ListItem","position":3,"name":"Alojamento tur\u00edstico em Fran\u00e7a em 2021"}]},{"@type":"WebSite","@id":"https:\/\/styqr.fr\/pt-pt\/#website","url":"https:\/\/styqr.fr\/pt-pt\/","name":"StyQR","description":"Cr\u00e9ez votre livret d&#039;accueil digital personnalis\u00e9 pour vos voyageurs","publisher":{"@id":"https:\/\/styqr.fr\/pt-pt\/#organization"},"potentialAction":[{"@type":"SearchAction","target":{"@type":"EntryPoint","urlTemplate":"https:\/\/styqr.fr\/pt-pt\/?s={search_term_string}"},"query-input":{"@type":"PropertyValueSpecification","valueRequired":true,"valueName":"search_term_string"}}],"inLanguage":"pt-PT"},{"@type":"Organization","@id":"https:\/\/styqr.fr\/pt-pt\/#organization","name":"StyQR","url":"https:\/\/styqr.fr\/pt-pt\/","logo":{"@type":"ImageObject","inLanguage":"pt-PT","@id":"https:\/\/styqr.fr\/pt-pt\/#\/schema\/logo\/image\/","url":"https:\/\/styqr.fr\/wp-content\/uploads\/2020\/11\/Fichier-5.png","contentUrl":"https:\/\/styqr.fr\/wp-content\/uploads\/2020\/11\/Fichier-5.png","width":388,"height":194,"caption":"StyQR"},"image":{"@id":"https:\/\/styqr.fr\/pt-pt\/#\/schema\/logo\/image\/"},"sameAs":["https:\/\/fr-fr.facebook.com\/styqr\/","https:\/\/www.instagram.com\/styqr_fr\/","https:\/\/fr.linkedin.com\/company\/styqr"],"description":"StyQR, le livret d'accueil digital","email":"contact@styqr.fr","legalName":"SAS StyQR","foundingDate":"2019-05-27","vatID":"FR55824532865","taxID":"82453286500014","numberOfEmployees":{"@type":"QuantitativeValue","minValue":"1","maxValue":"10"}},{"@type":"Person","@id":"https:\/\/styqr.fr\/pt-pt\/#\/schema\/person\/9961aca9b86c9501bc1a72282df89aac","name":"Marine","image":{"@type":"ImageObject","inLanguage":"pt-PT","@id":"https:\/\/secure.gravatar.com\/avatar\/647b7182996833269bfb418442442520d7a3cf1ce76c2bbb26b93d7fbb28bb58?s=96&d=mm&r=g","url":"https:\/\/secure.gravatar.com\/avatar\/647b7182996833269bfb418442442520d7a3cf1ce76c2bbb26b93d7fbb28bb58?s=96&d=mm&r=g","contentUrl":"https:\/\/secure.gravatar.com\/avatar\/647b7182996833269bfb418442442520d7a3cf1ce76c2bbb26b93d7fbb28bb58?s=96&d=mm&r=g","caption":"Marine"},"sameAs":["https:\/\/x.com\/julien-styqr-admin"]}]}},"_links":{"self":[{"href":"https:\/\/styqr.fr\/pt-pt\/wp-json\/wp\/v2\/posts\/100929","targetHints":{"allow":["GET"]}}],"collection":[{"href":"https:\/\/styqr.fr\/pt-pt\/wp-json\/wp\/v2\/posts"}],"about":[{"href":"https:\/\/styqr.fr\/pt-pt\/wp-json\/wp\/v2\/types\/post"}],"author":[{"embeddable":true,"href":"https:\/\/styqr.fr\/pt-pt\/wp-json\/wp\/v2\/users\/3"}],"replies":[{"embeddable":true,"href":"https:\/\/styqr.fr\/pt-pt\/wp-json\/wp\/v2\/comments?post=100929"}],"version-history":[{"count":0,"href":"https:\/\/styqr.fr\/pt-pt\/wp-json\/wp\/v2\/posts\/100929\/revisions"}],"wp:featuredmedia":[{"embeddable":true,"href":"https:\/\/styqr.fr\/pt-pt\/wp-json\/wp\/v2\/media\/88319"}],"wp:attachment":[{"href":"https:\/\/styqr.fr\/pt-pt\/wp-json\/wp\/v2\/media?parent=100929"}],"wp:term":[{"taxonomy":"category","embeddable":true,"href":"https:\/\/styqr.fr\/pt-pt\/wp-json\/wp\/v2\/categories?post=100929"},{"taxonomy":"post_tag","embeddable":true,"href":"https:\/\/styqr.fr\/pt-pt\/wp-json\/wp\/v2\/tags?post=100929"}],"curies":[{"name":"wp","href":"https:\/\/api.w.org\/{rel}","templated":true}]}}