{"id":100893,"date":"2024-01-23T17:16:23","date_gmt":"2024-01-23T16:16:23","guid":{"rendered":"https:\/\/styqr.fr\/2024\/01\/23\/o-que-posso-fazer-em-caso-de-danos-no-meu-imovel-arrendado\/"},"modified":"2025-01-23T11:01:57","modified_gmt":"2025-01-23T10:01:57","slug":"o-que-posso-fazer-em-caso-de-danos-no-meu-imovel-arrendado","status":"publish","type":"post","link":"https:\/\/styqr.fr\/pt-pt\/2024\/01\/23\/o-que-posso-fazer-em-caso-de-danos-no-meu-imovel-arrendado\/","title":{"rendered":"O que fazer em caso de danos no im\u00f3vel arrendado ?"},"content":{"rendered":"<div class=\"wpb-content-wrapper\"><p>[vc_row][vc_column width=&#8221;1\/1&#8243;][vc_column_text uncode_shortcode_id=&#8221;235953&#8243;]<span class=\"s2\">Inc\u00eandio, danos causados pela \u00e1gua&#8230; Todas estas coisas podem acontecer durante um per\u00edodo de aluguer. Ent\u00e3o, o que deves fazer se <strong>algo correr mal<\/strong>? <\/span>[\/vc_column_text][\/vc_column][\/vc_row][vc_row][vc_column width=&#8221;1\/1&#8243;][vc_single_image media=&#8221;88382&#8243; media_width_percent=&#8221;100&#8243; media_ratio=&#8221;three-two&#8221; shape=&#8221;img-round&#8221; radius=&#8221;std&#8221; uncode_shortcode_id=&#8221;143904&#8243;][vc_row_inner][vc_column_inner column_width_percent=&#8221;100&#8243; gutter_size=&#8221;0&#8243; overlay_alpha=&#8221;50&#8243; shift_x=&#8221;0&#8243; shift_y=&#8221;0&#8243; shift_y_down=&#8221;0&#8243; z_index=&#8221;0&#8243; medium_width=&#8221;0&#8243; mobile_width=&#8221;0&#8243; width=&#8221;1\/1&#8243;][vc_custom_heading uncode_shortcode_id=&#8221;196610&#8243;]<\/p>\n<h2>1. Verifica o teu contrato de seguro<\/h2>\n<p>[\/vc_custom_heading][\/vc_column_inner][\/vc_row_inner][vc_column_text uncode_shortcode_id=&#8221;139405&#8243;]<\/p>\n<p class=\"p3\"><span class=\"s2\">Como <strong>propriet\u00e1rio de uma casa<\/strong>, est\u00e1s normalmente coberto por um <\/span><span class=\"s2\"><a href=\"https:\/\/www.service-public.fr\/particuliers\/vosdroits\/N44\" target=\"_blank\" rel=\"noopener\"><strong>seguro residencial completo<\/strong> <\/a>para alojamento de f\u00e9rias. Este contrato tem duas cl\u00e1usulas: ren\u00fancia<strong>ao recurso<\/strong> ou <strong>ren\u00fancia ao recurso<\/strong>. <\/span><\/p>\n<p class=\"p3\"><span class=\"s2\">Estas cl\u00e1usulas especificam se o propriet\u00e1rio, e por conseguinte a companhia de seguros, pode ou n\u00e3o reclamar o pagamento ao turista. <\/span><\/p>\n<p class=\"p3\"><span class=\"s2\">Preocupa-se com o seu im\u00f3vel arrendado e com os seus clientes? Opta por um seguro de habita\u00e7\u00e3o completo <strong>com ren\u00fancia de recurso<\/strong>. \u00c9 a <strong>\u00fanica maneira<\/strong> de garantir que os turistas est\u00e3o cobertos por responsabilidade civil, inc\u00eandio e danos causados pela \u00e1gua. <\/span><\/p>\n<p>[\/vc_column_text][\/vc_column][\/vc_row][vc_row][vc_column width=&#8221;1\/1&#8243;][vc_single_image media=&#8221;88384&#8243; media_width_percent=&#8221;100&#8243; media_ratio=&#8221;three-two&#8221; shape=&#8221;img-round&#8221; radius=&#8221;std&#8221; uncode_shortcode_id=&#8221;185536&#8243;][vc_row_inner][vc_column_inner column_width_percent=&#8221;100&#8243; gutter_size=&#8221;0&#8243; overlay_alpha=&#8221;50&#8243; shift_x=&#8221;0&#8243; shift_y=&#8221;0&#8243; shift_y_down=&#8221;0&#8243; z_index=&#8221;0&#8243; medium_width=&#8221;0&#8243; mobile_width=&#8221;0&#8243; width=&#8221;1\/1&#8243;][vc_custom_heading uncode_shortcode_id=&#8221;900483&#8243;]<\/p>\n<h2>2. Para os inquilinos<\/h2>\n<p>[\/vc_custom_heading][\/vc_column_inner][\/vc_row_inner][vc_column_text uncode_shortcode_id=&#8221;106605&#8243;]<\/p>\n<p class=\"p3\"><span class=\"s2\">Se tinha inquilinos na altura do <strong>sinistro,<\/strong> cabe-lhes a eles subscrever <strong>um seguro de habita\u00e7\u00e3o completo<\/strong>. O seu contrato inclui uma cl\u00e1usula designada por cl\u00e1usula <strong>&#8220;casa de f\u00e9rias&#8221;<\/strong>. <\/span><\/p>\n<p class=\"p3\"><span class=\"s2\">Pode verificar previamente com o seu inquilino se esta cl\u00e1usula est\u00e1 inclu\u00edda no seu contrato. Se a cl\u00e1usula n\u00e3o estiver inclu\u00edda, os inquilinos podem subscrever <strong>um seguro de habita\u00e7\u00e3o tempor\u00e1rio<\/strong> (1 a 90 dias) para os cobrir durante a sua estadia. Este seguro funciona como um seguro global e \u00e9 muito barato. <\/span><\/p>\n<p>[\/vc_column_text][\/vc_column][\/vc_row][vc_row][vc_column width=&#8221;1\/1&#8243;][vc_column_text uncode_shortcode_id=&#8221;239124&#8243;]J\u00e1 alguma vez tiveste de lidar com uma situa\u00e7\u00e3o como esta? Se estiveres interessado, tamb\u00e9m temos um artigo sobre a <a href=\"https:\/\/styqr.fr\/pt-pt\/2024\/01\/23\/luko-e-airbnb-uma-nova-parceria-que-faz-sucesso\/\" target=\"_blank\" rel=\"noopener\"><strong>parceria entre a Luko e a Airbnb<\/strong><\/a>.[\/vc_column_text][\/vc_column][\/vc_row]<\/p>\n<\/div>","protected":false},"excerpt":{"rendered":"<p>Informa-te sobre os recursos dispon\u00edveis em caso de sinistro no teu im\u00f3vel arrendado.<\/p>\n","protected":false},"author":3,"featured_media":96215,"comment_status":"closed","ping_status":"open","sticky":false,"template":"","format":"standard","meta":{"footnotes":""},"categories":[905],"tags":[1929,1930,1931,2156,2157],"class_list":["post-100893","post","type-post","status-publish","format-standard","has-post-thumbnail","hentry","category-individuos","tag-styqr-pt-pt","tag-digital-pt-pt","tag-aluguer","tag-seguro-pt-pt","tag-perda"],"yoast_head":"<!-- This site is optimized with the Yoast SEO Premium plugin v27.4 (Yoast SEO v27.4) - https:\/\/yoast.com\/product\/yoast-seo-premium-wordpress\/ -->\n<title>Perdida de bienes: seguro y reacci\u00f3n con StyQR<\/title>\n<meta name=\"description\" content=\"Descubre c\u00f3mo actuar ante la p\u00e9rdida de bienes por incendio o agua y elige el seguro adecuado para proteger tu hogar.\" \/>\n<meta name=\"robots\" content=\"index, follow, max-snippet:-1, max-image-preview:large, max-video-preview:-1\" \/>\n<link rel=\"canonical\" href=\"https:\/\/styqr.fr\/pt-pt\/2024\/01\/23\/o-que-posso-fazer-em-caso-de-danos-no-meu-imovel-arrendado\/\" \/>\n<meta property=\"og:locale\" content=\"pt_PT\" \/>\n<meta property=\"og:type\" content=\"article\" \/>\n<meta property=\"og:title\" content=\"StyQR | Le livret d&#039;accueil digital\" \/>\n<meta property=\"og:description\" content=\"Descubre c\u00f3mo actuar ante la p\u00e9rdida de bienes por incendio o agua y elige el seguro adecuado para proteger tu hogar.\" \/>\n<meta property=\"og:url\" content=\"https:\/\/styqr.fr\/pt-pt\/2024\/01\/23\/o-que-posso-fazer-em-caso-de-danos-no-meu-imovel-arrendado\/\" \/>\n<meta property=\"og:site_name\" content=\"StyQR\" \/>\n<meta property=\"article:publisher\" content=\"https:\/\/fr-fr.facebook.com\/styqr\/\" \/>\n<meta property=\"article:published_time\" content=\"2024-01-23T16:16:23+00:00\" \/>\n<meta property=\"article:modified_time\" content=\"2025-01-23T10:01:57+00:00\" \/>\n<meta property=\"og:image\" content=\"https:\/\/styqr.fr\/wp-content\/uploads\/2022\/05\/hush-naidoo-jade-photography-C2sErz-Kd00-unsplash-scaled.jpg\" \/>\n\t<meta property=\"og:image:width\" content=\"2560\" \/>\n\t<meta property=\"og:image:height\" content=\"1706\" \/>\n\t<meta property=\"og:image:type\" content=\"image\/jpeg\" \/>\n<meta name=\"author\" content=\"Marine\" \/>\n<meta name=\"twitter:card\" content=\"summary_large_image\" \/>\n<meta name=\"twitter:creator\" content=\"@julien-styqr-admin\" \/>\n<script type=\"application\/ld+json\" class=\"yoast-schema-graph\">{\"@context\":\"https:\\\/\\\/schema.org\",\"@graph\":[{\"@type\":\"Article\",\"@id\":\"https:\\\/\\\/styqr.fr\\\/pt-pt\\\/2024\\\/01\\\/23\\\/o-que-posso-fazer-em-caso-de-danos-no-meu-imovel-arrendado\\\/#article\",\"isPartOf\":{\"@id\":\"https:\\\/\\\/styqr.fr\\\/pt-pt\\\/2024\\\/01\\\/23\\\/o-que-posso-fazer-em-caso-de-danos-no-meu-imovel-arrendado\\\/\"},\"author\":{\"name\":\"Marine\",\"@id\":\"https:\\\/\\\/styqr.fr\\\/pt-pt\\\/#\\\/schema\\\/person\\\/9961aca9b86c9501bc1a72282df89aac\"},\"headline\":\"O que fazer em caso de danos no im\u00f3vel arrendado ?\",\"datePublished\":\"2024-01-23T16:16:23+00:00\",\"dateModified\":\"2025-01-23T10:01:57+00:00\",\"mainEntityOfPage\":{\"@id\":\"https:\\\/\\\/styqr.fr\\\/pt-pt\\\/2024\\\/01\\\/23\\\/o-que-posso-fazer-em-caso-de-danos-no-meu-imovel-arrendado\\\/\"},\"wordCount\":458,\"publisher\":{\"@id\":\"https:\\\/\\\/styqr.fr\\\/pt-pt\\\/#organization\"},\"image\":{\"@id\":\"https:\\\/\\\/styqr.fr\\\/pt-pt\\\/2024\\\/01\\\/23\\\/o-que-posso-fazer-em-caso-de-danos-no-meu-imovel-arrendado\\\/#primaryimage\"},\"thumbnailUrl\":\"https:\\\/\\\/styqr.fr\\\/wp-content\\\/uploads\\\/2022\\\/05\\\/hush-naidoo-jade-photography-C2sErz-Kd00-unsplash-scaled.jpg\",\"keywords\":[\"styqr\",\"digital\",\"aluguer\",\"seguro\",\"perda\"],\"articleSection\":[\"Indiv\u00edduos\"],\"inLanguage\":\"pt-PT\"},{\"@type\":\"WebPage\",\"@id\":\"https:\\\/\\\/styqr.fr\\\/pt-pt\\\/2024\\\/01\\\/23\\\/o-que-posso-fazer-em-caso-de-danos-no-meu-imovel-arrendado\\\/\",\"url\":\"https:\\\/\\\/styqr.fr\\\/pt-pt\\\/2024\\\/01\\\/23\\\/o-que-posso-fazer-em-caso-de-danos-no-meu-imovel-arrendado\\\/\",\"name\":\"Perdida de bienes: seguro y reacci\u00f3n con StyQR\",\"isPartOf\":{\"@id\":\"https:\\\/\\\/styqr.fr\\\/pt-pt\\\/#website\"},\"primaryImageOfPage\":{\"@id\":\"https:\\\/\\\/styqr.fr\\\/pt-pt\\\/2024\\\/01\\\/23\\\/o-que-posso-fazer-em-caso-de-danos-no-meu-imovel-arrendado\\\/#primaryimage\"},\"image\":{\"@id\":\"https:\\\/\\\/styqr.fr\\\/pt-pt\\\/2024\\\/01\\\/23\\\/o-que-posso-fazer-em-caso-de-danos-no-meu-imovel-arrendado\\\/#primaryimage\"},\"thumbnailUrl\":\"https:\\\/\\\/styqr.fr\\\/wp-content\\\/uploads\\\/2022\\\/05\\\/hush-naidoo-jade-photography-C2sErz-Kd00-unsplash-scaled.jpg\",\"datePublished\":\"2024-01-23T16:16:23+00:00\",\"dateModified\":\"2025-01-23T10:01:57+00:00\",\"description\":\"Descubre c\u00f3mo actuar ante la p\u00e9rdida de bienes por incendio o agua y elige el seguro adecuado para proteger tu hogar.\",\"breadcrumb\":{\"@id\":\"https:\\\/\\\/styqr.fr\\\/pt-pt\\\/2024\\\/01\\\/23\\\/o-que-posso-fazer-em-caso-de-danos-no-meu-imovel-arrendado\\\/#breadcrumb\"},\"inLanguage\":\"pt-PT\",\"potentialAction\":[{\"@type\":\"ReadAction\",\"target\":[\"https:\\\/\\\/styqr.fr\\\/pt-pt\\\/2024\\\/01\\\/23\\\/o-que-posso-fazer-em-caso-de-danos-no-meu-imovel-arrendado\\\/\"]}]},{\"@type\":\"ImageObject\",\"inLanguage\":\"pt-PT\",\"@id\":\"https:\\\/\\\/styqr.fr\\\/pt-pt\\\/2024\\\/01\\\/23\\\/o-que-posso-fazer-em-caso-de-danos-no-meu-imovel-arrendado\\\/#primaryimage\",\"url\":\"https:\\\/\\\/styqr.fr\\\/wp-content\\\/uploads\\\/2022\\\/05\\\/hush-naidoo-jade-photography-C2sErz-Kd00-unsplash-scaled.jpg\",\"contentUrl\":\"https:\\\/\\\/styqr.fr\\\/wp-content\\\/uploads\\\/2022\\\/05\\\/hush-naidoo-jade-photography-C2sErz-Kd00-unsplash-scaled.jpg\",\"width\":2560,\"height\":1706},{\"@type\":\"BreadcrumbList\",\"@id\":\"https:\\\/\\\/styqr.fr\\\/pt-pt\\\/2024\\\/01\\\/23\\\/o-que-posso-fazer-em-caso-de-danos-no-meu-imovel-arrendado\\\/#breadcrumb\",\"itemListElement\":[{\"@type\":\"ListItem\",\"position\":1,\"name\":\"Casa\",\"item\":\"https:\\\/\\\/styqr.fr\\\/pt-pt\\\/\"},{\"@type\":\"ListItem\",\"position\":2,\"name\":\"Indiv\u00edduos\",\"item\":\"https:\\\/\\\/styqr.fr\\\/pt-pt\\\/nos-categories\\\/individuos\\\/\"},{\"@type\":\"ListItem\",\"position\":3,\"name\":\"O que fazer em caso de danos no im\u00f3vel arrendado ?\"}]},{\"@type\":\"WebSite\",\"@id\":\"https:\\\/\\\/styqr.fr\\\/pt-pt\\\/#website\",\"url\":\"https:\\\/\\\/styqr.fr\\\/pt-pt\\\/\",\"name\":\"StyQR\",\"description\":\"Cr\u00e9ez votre livret d&#039;accueil digital personnalis\u00e9 pour vos voyageurs\",\"publisher\":{\"@id\":\"https:\\\/\\\/styqr.fr\\\/pt-pt\\\/#organization\"},\"potentialAction\":[{\"@type\":\"SearchAction\",\"target\":{\"@type\":\"EntryPoint\",\"urlTemplate\":\"https:\\\/\\\/styqr.fr\\\/pt-pt\\\/?s={search_term_string}\"},\"query-input\":{\"@type\":\"PropertyValueSpecification\",\"valueRequired\":true,\"valueName\":\"search_term_string\"}}],\"inLanguage\":\"pt-PT\"},{\"@type\":\"Organization\",\"@id\":\"https:\\\/\\\/styqr.fr\\\/pt-pt\\\/#organization\",\"name\":\"StyQR\",\"url\":\"https:\\\/\\\/styqr.fr\\\/pt-pt\\\/\",\"logo\":{\"@type\":\"ImageObject\",\"inLanguage\":\"pt-PT\",\"@id\":\"https:\\\/\\\/styqr.fr\\\/pt-pt\\\/#\\\/schema\\\/logo\\\/image\\\/\",\"url\":\"https:\\\/\\\/styqr.fr\\\/wp-content\\\/uploads\\\/2020\\\/11\\\/Fichier-5.png\",\"contentUrl\":\"https:\\\/\\\/styqr.fr\\\/wp-content\\\/uploads\\\/2020\\\/11\\\/Fichier-5.png\",\"width\":388,\"height\":194,\"caption\":\"StyQR\"},\"image\":{\"@id\":\"https:\\\/\\\/styqr.fr\\\/pt-pt\\\/#\\\/schema\\\/logo\\\/image\\\/\"},\"sameAs\":[\"https:\\\/\\\/fr-fr.facebook.com\\\/styqr\\\/\",\"https:\\\/\\\/www.instagram.com\\\/styqr_fr\\\/\",\"https:\\\/\\\/fr.linkedin.com\\\/company\\\/styqr\"],\"description\":\"StyQR, le livret d'accueil digital\",\"email\":\"contact@styqr.fr\",\"legalName\":\"SAS StyQR\",\"foundingDate\":\"2019-05-27\",\"vatID\":\"FR55824532865\",\"taxID\":\"82453286500014\",\"numberOfEmployees\":{\"@type\":\"QuantitativeValue\",\"minValue\":\"1\",\"maxValue\":\"10\"}},{\"@type\":\"Person\",\"@id\":\"https:\\\/\\\/styqr.fr\\\/pt-pt\\\/#\\\/schema\\\/person\\\/9961aca9b86c9501bc1a72282df89aac\",\"name\":\"Marine\",\"image\":{\"@type\":\"ImageObject\",\"inLanguage\":\"pt-PT\",\"@id\":\"https:\\\/\\\/secure.gravatar.com\\\/avatar\\\/647b7182996833269bfb418442442520d7a3cf1ce76c2bbb26b93d7fbb28bb58?s=96&d=mm&r=g\",\"url\":\"https:\\\/\\\/secure.gravatar.com\\\/avatar\\\/647b7182996833269bfb418442442520d7a3cf1ce76c2bbb26b93d7fbb28bb58?s=96&d=mm&r=g\",\"contentUrl\":\"https:\\\/\\\/secure.gravatar.com\\\/avatar\\\/647b7182996833269bfb418442442520d7a3cf1ce76c2bbb26b93d7fbb28bb58?s=96&d=mm&r=g\",\"caption\":\"Marine\"},\"sameAs\":[\"https:\\\/\\\/x.com\\\/julien-styqr-admin\"]}]}<\/script>\n<!-- \/ Yoast SEO Premium plugin. -->","yoast_head_json":{"title":"Perdida de bienes: seguro y reacci\u00f3n con StyQR","description":"Descubre c\u00f3mo actuar ante la p\u00e9rdida de bienes por incendio o agua y elige el seguro adecuado para proteger tu hogar.","robots":{"index":"index","follow":"follow","max-snippet":"max-snippet:-1","max-image-preview":"max-image-preview:large","max-video-preview":"max-video-preview:-1"},"canonical":"https:\/\/styqr.fr\/pt-pt\/2024\/01\/23\/o-que-posso-fazer-em-caso-de-danos-no-meu-imovel-arrendado\/","og_locale":"pt_PT","og_type":"article","og_title":"StyQR | Le livret d'accueil digital","og_description":"Descubre c\u00f3mo actuar ante la p\u00e9rdida de bienes por incendio o agua y elige el seguro adecuado para proteger tu hogar.","og_url":"https:\/\/styqr.fr\/pt-pt\/2024\/01\/23\/o-que-posso-fazer-em-caso-de-danos-no-meu-imovel-arrendado\/","og_site_name":"StyQR","article_publisher":"https:\/\/fr-fr.facebook.com\/styqr\/","article_published_time":"2024-01-23T16:16:23+00:00","article_modified_time":"2025-01-23T10:01:57+00:00","og_image":[{"width":2560,"height":1706,"url":"https:\/\/styqr.fr\/wp-content\/uploads\/2022\/05\/hush-naidoo-jade-photography-C2sErz-Kd00-unsplash-scaled.jpg","type":"image\/jpeg"}],"author":"Marine","twitter_card":"summary_large_image","twitter_creator":"@julien-styqr-admin","schema":{"@context":"https:\/\/schema.org","@graph":[{"@type":"Article","@id":"https:\/\/styqr.fr\/pt-pt\/2024\/01\/23\/o-que-posso-fazer-em-caso-de-danos-no-meu-imovel-arrendado\/#article","isPartOf":{"@id":"https:\/\/styqr.fr\/pt-pt\/2024\/01\/23\/o-que-posso-fazer-em-caso-de-danos-no-meu-imovel-arrendado\/"},"author":{"name":"Marine","@id":"https:\/\/styqr.fr\/pt-pt\/#\/schema\/person\/9961aca9b86c9501bc1a72282df89aac"},"headline":"O que fazer em caso de danos no im\u00f3vel arrendado ?","datePublished":"2024-01-23T16:16:23+00:00","dateModified":"2025-01-23T10:01:57+00:00","mainEntityOfPage":{"@id":"https:\/\/styqr.fr\/pt-pt\/2024\/01\/23\/o-que-posso-fazer-em-caso-de-danos-no-meu-imovel-arrendado\/"},"wordCount":458,"publisher":{"@id":"https:\/\/styqr.fr\/pt-pt\/#organization"},"image":{"@id":"https:\/\/styqr.fr\/pt-pt\/2024\/01\/23\/o-que-posso-fazer-em-caso-de-danos-no-meu-imovel-arrendado\/#primaryimage"},"thumbnailUrl":"https:\/\/styqr.fr\/wp-content\/uploads\/2022\/05\/hush-naidoo-jade-photography-C2sErz-Kd00-unsplash-scaled.jpg","keywords":["styqr","digital","aluguer","seguro","perda"],"articleSection":["Indiv\u00edduos"],"inLanguage":"pt-PT"},{"@type":"WebPage","@id":"https:\/\/styqr.fr\/pt-pt\/2024\/01\/23\/o-que-posso-fazer-em-caso-de-danos-no-meu-imovel-arrendado\/","url":"https:\/\/styqr.fr\/pt-pt\/2024\/01\/23\/o-que-posso-fazer-em-caso-de-danos-no-meu-imovel-arrendado\/","name":"Perdida de bienes: seguro y reacci\u00f3n con StyQR","isPartOf":{"@id":"https:\/\/styqr.fr\/pt-pt\/#website"},"primaryImageOfPage":{"@id":"https:\/\/styqr.fr\/pt-pt\/2024\/01\/23\/o-que-posso-fazer-em-caso-de-danos-no-meu-imovel-arrendado\/#primaryimage"},"image":{"@id":"https:\/\/styqr.fr\/pt-pt\/2024\/01\/23\/o-que-posso-fazer-em-caso-de-danos-no-meu-imovel-arrendado\/#primaryimage"},"thumbnailUrl":"https:\/\/styqr.fr\/wp-content\/uploads\/2022\/05\/hush-naidoo-jade-photography-C2sErz-Kd00-unsplash-scaled.jpg","datePublished":"2024-01-23T16:16:23+00:00","dateModified":"2025-01-23T10:01:57+00:00","description":"Descubre c\u00f3mo actuar ante la p\u00e9rdida de bienes por incendio o agua y elige el seguro adecuado para proteger tu hogar.","breadcrumb":{"@id":"https:\/\/styqr.fr\/pt-pt\/2024\/01\/23\/o-que-posso-fazer-em-caso-de-danos-no-meu-imovel-arrendado\/#breadcrumb"},"inLanguage":"pt-PT","potentialAction":[{"@type":"ReadAction","target":["https:\/\/styqr.fr\/pt-pt\/2024\/01\/23\/o-que-posso-fazer-em-caso-de-danos-no-meu-imovel-arrendado\/"]}]},{"@type":"ImageObject","inLanguage":"pt-PT","@id":"https:\/\/styqr.fr\/pt-pt\/2024\/01\/23\/o-que-posso-fazer-em-caso-de-danos-no-meu-imovel-arrendado\/#primaryimage","url":"https:\/\/styqr.fr\/wp-content\/uploads\/2022\/05\/hush-naidoo-jade-photography-C2sErz-Kd00-unsplash-scaled.jpg","contentUrl":"https:\/\/styqr.fr\/wp-content\/uploads\/2022\/05\/hush-naidoo-jade-photography-C2sErz-Kd00-unsplash-scaled.jpg","width":2560,"height":1706},{"@type":"BreadcrumbList","@id":"https:\/\/styqr.fr\/pt-pt\/2024\/01\/23\/o-que-posso-fazer-em-caso-de-danos-no-meu-imovel-arrendado\/#breadcrumb","itemListElement":[{"@type":"ListItem","position":1,"name":"Casa","item":"https:\/\/styqr.fr\/pt-pt\/"},{"@type":"ListItem","position":2,"name":"Indiv\u00edduos","item":"https:\/\/styqr.fr\/pt-pt\/nos-categories\/individuos\/"},{"@type":"ListItem","position":3,"name":"O que fazer em caso de danos no im\u00f3vel arrendado ?"}]},{"@type":"WebSite","@id":"https:\/\/styqr.fr\/pt-pt\/#website","url":"https:\/\/styqr.fr\/pt-pt\/","name":"StyQR","description":"Cr\u00e9ez votre livret d&#039;accueil digital personnalis\u00e9 pour vos voyageurs","publisher":{"@id":"https:\/\/styqr.fr\/pt-pt\/#organization"},"potentialAction":[{"@type":"SearchAction","target":{"@type":"EntryPoint","urlTemplate":"https:\/\/styqr.fr\/pt-pt\/?s={search_term_string}"},"query-input":{"@type":"PropertyValueSpecification","valueRequired":true,"valueName":"search_term_string"}}],"inLanguage":"pt-PT"},{"@type":"Organization","@id":"https:\/\/styqr.fr\/pt-pt\/#organization","name":"StyQR","url":"https:\/\/styqr.fr\/pt-pt\/","logo":{"@type":"ImageObject","inLanguage":"pt-PT","@id":"https:\/\/styqr.fr\/pt-pt\/#\/schema\/logo\/image\/","url":"https:\/\/styqr.fr\/wp-content\/uploads\/2020\/11\/Fichier-5.png","contentUrl":"https:\/\/styqr.fr\/wp-content\/uploads\/2020\/11\/Fichier-5.png","width":388,"height":194,"caption":"StyQR"},"image":{"@id":"https:\/\/styqr.fr\/pt-pt\/#\/schema\/logo\/image\/"},"sameAs":["https:\/\/fr-fr.facebook.com\/styqr\/","https:\/\/www.instagram.com\/styqr_fr\/","https:\/\/fr.linkedin.com\/company\/styqr"],"description":"StyQR, le livret d'accueil digital","email":"contact@styqr.fr","legalName":"SAS StyQR","foundingDate":"2019-05-27","vatID":"FR55824532865","taxID":"82453286500014","numberOfEmployees":{"@type":"QuantitativeValue","minValue":"1","maxValue":"10"}},{"@type":"Person","@id":"https:\/\/styqr.fr\/pt-pt\/#\/schema\/person\/9961aca9b86c9501bc1a72282df89aac","name":"Marine","image":{"@type":"ImageObject","inLanguage":"pt-PT","@id":"https:\/\/secure.gravatar.com\/avatar\/647b7182996833269bfb418442442520d7a3cf1ce76c2bbb26b93d7fbb28bb58?s=96&d=mm&r=g","url":"https:\/\/secure.gravatar.com\/avatar\/647b7182996833269bfb418442442520d7a3cf1ce76c2bbb26b93d7fbb28bb58?s=96&d=mm&r=g","contentUrl":"https:\/\/secure.gravatar.com\/avatar\/647b7182996833269bfb418442442520d7a3cf1ce76c2bbb26b93d7fbb28bb58?s=96&d=mm&r=g","caption":"Marine"},"sameAs":["https:\/\/x.com\/julien-styqr-admin"]}]}},"_links":{"self":[{"href":"https:\/\/styqr.fr\/pt-pt\/wp-json\/wp\/v2\/posts\/100893","targetHints":{"allow":["GET"]}}],"collection":[{"href":"https:\/\/styqr.fr\/pt-pt\/wp-json\/wp\/v2\/posts"}],"about":[{"href":"https:\/\/styqr.fr\/pt-pt\/wp-json\/wp\/v2\/types\/post"}],"author":[{"embeddable":true,"href":"https:\/\/styqr.fr\/pt-pt\/wp-json\/wp\/v2\/users\/3"}],"replies":[{"embeddable":true,"href":"https:\/\/styqr.fr\/pt-pt\/wp-json\/wp\/v2\/comments?post=100893"}],"version-history":[{"count":0,"href":"https:\/\/styqr.fr\/pt-pt\/wp-json\/wp\/v2\/posts\/100893\/revisions"}],"wp:featuredmedia":[{"embeddable":true,"href":"https:\/\/styqr.fr\/pt-pt\/wp-json\/wp\/v2\/media\/96215"}],"wp:attachment":[{"href":"https:\/\/styqr.fr\/pt-pt\/wp-json\/wp\/v2\/media?parent=100893"}],"wp:term":[{"taxonomy":"category","embeddable":true,"href":"https:\/\/styqr.fr\/pt-pt\/wp-json\/wp\/v2\/categories?post=100893"},{"taxonomy":"post_tag","embeddable":true,"href":"https:\/\/styqr.fr\/pt-pt\/wp-json\/wp\/v2\/tags?post=100893"}],"curies":[{"name":"wp","href":"https:\/\/api.w.org\/{rel}","templated":true}]}}