{"id":100744,"date":"2024-01-23T17:15:50","date_gmt":"2024-01-23T16:15:50","guid":{"rendered":"https:\/\/styqr.fr\/2024\/01\/23\/jardim-porque-nao-acrescentar-uma-horta\/"},"modified":"2024-12-05T12:30:06","modified_gmt":"2024-12-05T11:30:06","slug":"jardim-porque-nao-acrescentar-uma-horta","status":"publish","type":"post","link":"https:\/\/styqr.fr\/pt-pt\/2024\/01\/23\/jardim-porque-nao-acrescentar-uma-horta\/","title":{"rendered":"Jardim: porque n\u00e3o acrescentar uma horta?"},"content":{"rendered":"<div class=\"wpb-content-wrapper\"><p>[vc_row][vc_column width=&#8221;1\/1&#8243;][vc_column_text uncode_shortcode_id=&#8221;211912&#8243;]Tens uma <strong>casa<\/strong> com <strong>jardim<\/strong>? Porque n\u00e3o acrescentar uma <strong>horta<\/strong> ou um <strong>canteiro de ervas arom\u00e1ticas<\/strong> para os teus clientes desfrutarem?[\/vc_column_text][\/vc_column][\/vc_row][vc_row][vc_column width=&#8221;1\/1&#8243;][vc_single_image media=&#8221;89234&#8243; media_width_percent=&#8221;100&#8243; media_ratio=&#8221;three-two&#8221; shape=&#8221;img-round&#8221; radius=&#8221;std&#8221; uncode_shortcode_id=&#8221;740435&#8243;][vc_row_inner][vc_column_inner column_width_percent=&#8221;100&#8243; gutter_size=&#8221;0&#8243; overlay_alpha=&#8221;50&#8243; shift_x=&#8221;0&#8243; shift_y=&#8221;0&#8243; shift_y_down=&#8221;0&#8243; z_index=&#8221;0&#8243; medium_width=&#8221;0&#8243; mobile_width=&#8221;0&#8243; width=&#8221;1\/1&#8243;][vc_custom_heading uncode_shortcode_id=&#8221;769924&#8243;]<\/p>\n<h2><span class=\"s1\">1. Porqu\u00ea oferecer uma horta?  <\/span><\/h2>\n<p>[\/vc_custom_heading][\/vc_column_inner][\/vc_row_inner][vc_column_text uncode_shortcode_id=&#8221;421961&#8243;]Oferecer aos teus clientes uma horta \u00e9 uma vantagem para ti. <strong>A boa alimenta\u00e7\u00e3o<\/strong> e <strong>a cultura local<\/strong> s\u00e3o cada vez mais valorizadas. Por isso, se ofereceres aos teus inquilinos a possibilidade de se servirem <strong>dos<\/strong> teus deliciosos tomates este ver\u00e3o, eles ficar\u00e3o encantados! <strong>Fora de \u00e9poca<\/strong>, podes tamb\u00e9m oferecer <strong>compotas<\/strong>, <strong>molhos de tomate<\/strong> ou <strong>pickles<\/strong> feitos com produtos da tua horta! Faz a diferen\u00e7a, prometemos-te! Se tiveres tempo, podes criar o teu pr\u00f3prio molho, com ab\u00f3bora, tomate, morangos, pimentos, alface, etc. Mas se n\u00e3o tiveres, <strong><a href=\"https:\/\/quadra-terra.com\/\" target=\"_blank\" rel=\"noopener\">existem solu\u00e7\u00f5es<\/a><\/strong> para hortas feitas \u00e0 tua medida![\/vc_column_text][\/vc_column][\/vc_row][vc_row][vc_column width=&#8221;1\/1&#8243;][vc_single_image media=&#8221;89236&#8243; media_width_percent=&#8221;100&#8243; media_ratio=&#8221;three-two&#8221; shape=&#8221;img-round&#8221; radius=&#8221;std&#8221; uncode_shortcode_id=&#8221;178952&#8243;][vc_row_inner][vc_column_inner column_width_percent=&#8221;100&#8243; gutter_size=&#8221;0&#8243; overlay_alpha=&#8221;50&#8243; shift_x=&#8221;0&#8243; shift_y=&#8221;0&#8243; shift_y_down=&#8221;0&#8243; z_index=&#8221;0&#8243; medium_width=&#8221;0&#8243; mobile_width=&#8221;0&#8243; width=&#8221;1\/1&#8243;][vc_custom_heading uncode_shortcode_id=&#8221;383784&#8243;]<\/p>\n<h2><span class=\"s1\">2. N\u00e3o tens espa\u00e7o?<\/span><\/h2>\n<p>[\/vc_custom_heading][\/vc_column_inner][\/vc_row_inner][vc_column_text uncode_shortcode_id=&#8221;135603&#8243;]N\u00e3o tens <strong>espa\u00e7o suficiente<\/strong> para uma verdadeira horta? Podes optar por uma <strong>horta de ervas arom<\/strong> \u00e1ticas! Mais pequeno, mas igualmente <strong>agrad\u00e1vel<\/strong> e<strong> divertido<\/strong> para os teus clientes, significa que ter\u00e1s muitas ervas para <strong>cozinhar<\/strong>! Podes plantar : <\/p>\n<ul>\n<li><strong>Cebolinho<\/strong><\/li>\n<li><strong> Salsa<\/strong><\/li>\n<li><strong>Tomilho<\/strong><\/li>\n<li><strong>Hortel\u00e3<\/strong><\/li>\n<li><strong>Alecrim<\/strong><\/li>\n<\/ul>\n<p>Para a veres florescer, \u00e9 necess\u00e1rio coloc\u00e1-la num local ensolarado, aberto e quente. Podes comprar <a href=\"https:\/\/www.jardiland.com\/carre-de-potager-l-93-x-l-93-x-h-36-cm-1402225.html?gclid=CjwKCAjwp7eUBhBeEiwAZbHwkeulwlUv7zU4WIxCvQ3g_6n7WxDXWfiH-kpxbcDj8qWfGHH1Py2NixoCYF8QAvD_BwE\" target=\"_blank\" rel=\"noopener\"><strong>compra um j\u00e1 pronto<\/strong><\/a>ou fazer o teu pr\u00f3prio. Se te apetecer, eis como:  <\/p>\n<ul>\n<li>Junta <strong>4 t\u00e1buas de madeira<\/strong> de 1,20 m x 20 cm para formar um quadrado.<\/li>\n<li>Junta <strong>adubo<\/strong> misturado com terra de jardim. Se tiveres alguma, podes at\u00e9 acrescentar um pouco de areia. <\/li>\n<li>Com uma <strong>corda grossa<\/strong>, forma v\u00e1rios quadrados de acordo com o n\u00famero de plantas que pretendes.<\/li>\n<\/ul>\n<p>[\/vc_column_text][\/vc_column][\/vc_row][vc_row][vc_column width=&#8221;1\/1&#8243;][vc_column_text uncode_shortcode_id=&#8221;192551&#8243;]Ent\u00e3o, est\u00e1s tentado pela nossa ideia de <strong>horta<\/strong>? N\u00e3o hesites em enviar-nos as tuas <strong>fotografias<\/strong> se estiveres a criar uma! E se tamb\u00e9m quiseres adaptar a tua casa \u00e0s crian\u00e7as, <a href=\"https:\/\/styqr.fr\/pt-pt\/2024\/01\/23\/criancas-a-melhor-forma-de-as-acolher-no-seu-imovel-de-aluguer\/\" target=\"_blank\" rel=\"noopener\">eis o nosso conselho<\/a>.[\/vc_column_text][\/vc_column][\/vc_row]<\/p>\n<\/div>","protected":false},"excerpt":{"rendered":"<p>Descobre porque \u00e9 que \u00e9 uma boa ideia ter uma horta no teu jardim!<\/p>\n","protected":false},"author":3,"featured_media":89232,"comment_status":"closed","ping_status":"open","sticky":false,"template":"","format":"standard","meta":{"footnotes":""},"categories":[905],"tags":[1929,1930,2183],"class_list":["post-100744","post","type-post","status-publish","format-standard","has-post-thumbnail","hentry","category-individuos","tag-styqr-pt-pt","tag-digital-pt-pt","tag-jardim"],"yoast_head":"<!-- This site is optimized with the Yoast SEO Premium plugin v27.4 (Yoast SEO v27.4) - https:\/\/yoast.com\/product\/yoast-seo-premium-wordpress\/ -->\n<title>Avantages d&#039;une horta - StyQR : am\u00e9liorez votre propri\u00e9t\u00e9<\/title>\n<meta name=\"description\" content=\"D\u00e9couvrez comment une horta accessible peut valoriser votre bien immobilier et enrichir votre jardin. Installez votre horta facilement avec StyQR!\" \/>\n<meta name=\"robots\" content=\"index, follow, max-snippet:-1, max-image-preview:large, max-video-preview:-1\" \/>\n<link rel=\"canonical\" href=\"https:\/\/styqr.fr\/pt-pt\/2024\/01\/23\/jardim-porque-nao-acrescentar-uma-horta\/\" \/>\n<meta property=\"og:locale\" content=\"pt_PT\" \/>\n<meta property=\"og:type\" content=\"article\" \/>\n<meta property=\"og:title\" content=\"StyQR | Le livret d&#039;accueil digital\" \/>\n<meta property=\"og:description\" content=\"D\u00e9couvrez comment une horta accessible peut valoriser votre bien immobilier et enrichir votre jardin. Installez votre horta facilement avec StyQR!\" \/>\n<meta property=\"og:url\" content=\"https:\/\/styqr.fr\/pt-pt\/2024\/01\/23\/jardim-porque-nao-acrescentar-uma-horta\/\" \/>\n<meta property=\"og:site_name\" content=\"StyQR\" \/>\n<meta property=\"article:publisher\" content=\"https:\/\/fr-fr.facebook.com\/styqr\/\" \/>\n<meta property=\"article:published_time\" content=\"2024-01-23T16:15:50+00:00\" \/>\n<meta property=\"article:modified_time\" content=\"2024-12-05T11:30:06+00:00\" \/>\n<meta property=\"og:image\" content=\"https:\/\/styqr.fr\/wp-content\/uploads\/2022\/05\/priscilla-du-preez-JCZ2pE-Szpw-unsplash-scaled.jpg\" \/>\n\t<meta property=\"og:image:width\" content=\"2560\" \/>\n\t<meta property=\"og:image:height\" content=\"1707\" \/>\n\t<meta property=\"og:image:type\" content=\"image\/jpeg\" \/>\n<meta name=\"author\" content=\"Marine\" \/>\n<meta name=\"twitter:card\" content=\"summary_large_image\" \/>\n<meta name=\"twitter:creator\" content=\"@julien-styqr-admin\" \/>\n<script type=\"application\/ld+json\" class=\"yoast-schema-graph\">{\"@context\":\"https:\\\/\\\/schema.org\",\"@graph\":[{\"@type\":\"Article\",\"@id\":\"https:\\\/\\\/styqr.fr\\\/pt-pt\\\/2024\\\/01\\\/23\\\/jardim-porque-nao-acrescentar-uma-horta\\\/#article\",\"isPartOf\":{\"@id\":\"https:\\\/\\\/styqr.fr\\\/pt-pt\\\/2024\\\/01\\\/23\\\/jardim-porque-nao-acrescentar-uma-horta\\\/\"},\"author\":{\"name\":\"Marine\",\"@id\":\"https:\\\/\\\/styqr.fr\\\/pt-pt\\\/#\\\/schema\\\/person\\\/9961aca9b86c9501bc1a72282df89aac\"},\"headline\":\"Jardim: porque n\u00e3o acrescentar uma horta?\",\"datePublished\":\"2024-01-23T16:15:50+00:00\",\"dateModified\":\"2024-12-05T11:30:06+00:00\",\"mainEntityOfPage\":{\"@id\":\"https:\\\/\\\/styqr.fr\\\/pt-pt\\\/2024\\\/01\\\/23\\\/jardim-porque-nao-acrescentar-uma-horta\\\/\"},\"wordCount\":495,\"publisher\":{\"@id\":\"https:\\\/\\\/styqr.fr\\\/pt-pt\\\/#organization\"},\"image\":{\"@id\":\"https:\\\/\\\/styqr.fr\\\/pt-pt\\\/2024\\\/01\\\/23\\\/jardim-porque-nao-acrescentar-uma-horta\\\/#primaryimage\"},\"thumbnailUrl\":\"https:\\\/\\\/styqr.fr\\\/wp-content\\\/uploads\\\/2022\\\/05\\\/priscilla-du-preez-JCZ2pE-Szpw-unsplash-scaled.jpg\",\"keywords\":[\"styqr\",\"digital\",\"jardim\"],\"articleSection\":[\"Indiv\u00edduos\"],\"inLanguage\":\"pt-PT\"},{\"@type\":\"WebPage\",\"@id\":\"https:\\\/\\\/styqr.fr\\\/pt-pt\\\/2024\\\/01\\\/23\\\/jardim-porque-nao-acrescentar-uma-horta\\\/\",\"url\":\"https:\\\/\\\/styqr.fr\\\/pt-pt\\\/2024\\\/01\\\/23\\\/jardim-porque-nao-acrescentar-uma-horta\\\/\",\"name\":\"Avantages d'une horta - StyQR : am\u00e9liorez votre propri\u00e9t\u00e9\",\"isPartOf\":{\"@id\":\"https:\\\/\\\/styqr.fr\\\/pt-pt\\\/#website\"},\"primaryImageOfPage\":{\"@id\":\"https:\\\/\\\/styqr.fr\\\/pt-pt\\\/2024\\\/01\\\/23\\\/jardim-porque-nao-acrescentar-uma-horta\\\/#primaryimage\"},\"image\":{\"@id\":\"https:\\\/\\\/styqr.fr\\\/pt-pt\\\/2024\\\/01\\\/23\\\/jardim-porque-nao-acrescentar-uma-horta\\\/#primaryimage\"},\"thumbnailUrl\":\"https:\\\/\\\/styqr.fr\\\/wp-content\\\/uploads\\\/2022\\\/05\\\/priscilla-du-preez-JCZ2pE-Szpw-unsplash-scaled.jpg\",\"datePublished\":\"2024-01-23T16:15:50+00:00\",\"dateModified\":\"2024-12-05T11:30:06+00:00\",\"description\":\"D\u00e9couvrez comment une horta accessible peut valoriser votre bien immobilier et enrichir votre jardin. Installez votre horta facilement avec StyQR!\",\"breadcrumb\":{\"@id\":\"https:\\\/\\\/styqr.fr\\\/pt-pt\\\/2024\\\/01\\\/23\\\/jardim-porque-nao-acrescentar-uma-horta\\\/#breadcrumb\"},\"inLanguage\":\"pt-PT\",\"potentialAction\":[{\"@type\":\"ReadAction\",\"target\":[\"https:\\\/\\\/styqr.fr\\\/pt-pt\\\/2024\\\/01\\\/23\\\/jardim-porque-nao-acrescentar-uma-horta\\\/\"]}]},{\"@type\":\"ImageObject\",\"inLanguage\":\"pt-PT\",\"@id\":\"https:\\\/\\\/styqr.fr\\\/pt-pt\\\/2024\\\/01\\\/23\\\/jardim-porque-nao-acrescentar-uma-horta\\\/#primaryimage\",\"url\":\"https:\\\/\\\/styqr.fr\\\/wp-content\\\/uploads\\\/2022\\\/05\\\/priscilla-du-preez-JCZ2pE-Szpw-unsplash-scaled.jpg\",\"contentUrl\":\"https:\\\/\\\/styqr.fr\\\/wp-content\\\/uploads\\\/2022\\\/05\\\/priscilla-du-preez-JCZ2pE-Szpw-unsplash-scaled.jpg\",\"width\":2560,\"height\":1707},{\"@type\":\"BreadcrumbList\",\"@id\":\"https:\\\/\\\/styqr.fr\\\/pt-pt\\\/2024\\\/01\\\/23\\\/jardim-porque-nao-acrescentar-uma-horta\\\/#breadcrumb\",\"itemListElement\":[{\"@type\":\"ListItem\",\"position\":1,\"name\":\"Casa\",\"item\":\"https:\\\/\\\/styqr.fr\\\/pt-pt\\\/\"},{\"@type\":\"ListItem\",\"position\":2,\"name\":\"Indiv\u00edduos\",\"item\":\"https:\\\/\\\/styqr.fr\\\/pt-pt\\\/nos-categories\\\/individuos\\\/\"},{\"@type\":\"ListItem\",\"position\":3,\"name\":\"Jardim: porque n\u00e3o acrescentar uma horta?\"}]},{\"@type\":\"WebSite\",\"@id\":\"https:\\\/\\\/styqr.fr\\\/pt-pt\\\/#website\",\"url\":\"https:\\\/\\\/styqr.fr\\\/pt-pt\\\/\",\"name\":\"StyQR\",\"description\":\"Cr\u00e9ez votre livret d&#039;accueil digital personnalis\u00e9 pour vos voyageurs\",\"publisher\":{\"@id\":\"https:\\\/\\\/styqr.fr\\\/pt-pt\\\/#organization\"},\"potentialAction\":[{\"@type\":\"SearchAction\",\"target\":{\"@type\":\"EntryPoint\",\"urlTemplate\":\"https:\\\/\\\/styqr.fr\\\/pt-pt\\\/?s={search_term_string}\"},\"query-input\":{\"@type\":\"PropertyValueSpecification\",\"valueRequired\":true,\"valueName\":\"search_term_string\"}}],\"inLanguage\":\"pt-PT\"},{\"@type\":\"Organization\",\"@id\":\"https:\\\/\\\/styqr.fr\\\/pt-pt\\\/#organization\",\"name\":\"StyQR\",\"url\":\"https:\\\/\\\/styqr.fr\\\/pt-pt\\\/\",\"logo\":{\"@type\":\"ImageObject\",\"inLanguage\":\"pt-PT\",\"@id\":\"https:\\\/\\\/styqr.fr\\\/pt-pt\\\/#\\\/schema\\\/logo\\\/image\\\/\",\"url\":\"https:\\\/\\\/styqr.fr\\\/wp-content\\\/uploads\\\/2020\\\/11\\\/Fichier-5.png\",\"contentUrl\":\"https:\\\/\\\/styqr.fr\\\/wp-content\\\/uploads\\\/2020\\\/11\\\/Fichier-5.png\",\"width\":388,\"height\":194,\"caption\":\"StyQR\"},\"image\":{\"@id\":\"https:\\\/\\\/styqr.fr\\\/pt-pt\\\/#\\\/schema\\\/logo\\\/image\\\/\"},\"sameAs\":[\"https:\\\/\\\/fr-fr.facebook.com\\\/styqr\\\/\",\"https:\\\/\\\/www.instagram.com\\\/styqr_fr\\\/\",\"https:\\\/\\\/fr.linkedin.com\\\/company\\\/styqr\"],\"description\":\"StyQR, le livret d'accueil digital\",\"email\":\"contact@styqr.fr\",\"legalName\":\"SAS StyQR\",\"foundingDate\":\"2019-05-27\",\"vatID\":\"FR55824532865\",\"taxID\":\"82453286500014\",\"numberOfEmployees\":{\"@type\":\"QuantitativeValue\",\"minValue\":\"1\",\"maxValue\":\"10\"}},{\"@type\":\"Person\",\"@id\":\"https:\\\/\\\/styqr.fr\\\/pt-pt\\\/#\\\/schema\\\/person\\\/9961aca9b86c9501bc1a72282df89aac\",\"name\":\"Marine\",\"image\":{\"@type\":\"ImageObject\",\"inLanguage\":\"pt-PT\",\"@id\":\"https:\\\/\\\/secure.gravatar.com\\\/avatar\\\/647b7182996833269bfb418442442520d7a3cf1ce76c2bbb26b93d7fbb28bb58?s=96&d=mm&r=g\",\"url\":\"https:\\\/\\\/secure.gravatar.com\\\/avatar\\\/647b7182996833269bfb418442442520d7a3cf1ce76c2bbb26b93d7fbb28bb58?s=96&d=mm&r=g\",\"contentUrl\":\"https:\\\/\\\/secure.gravatar.com\\\/avatar\\\/647b7182996833269bfb418442442520d7a3cf1ce76c2bbb26b93d7fbb28bb58?s=96&d=mm&r=g\",\"caption\":\"Marine\"},\"sameAs\":[\"https:\\\/\\\/x.com\\\/julien-styqr-admin\"]}]}<\/script>\n<!-- \/ Yoast SEO Premium plugin. -->","yoast_head_json":{"title":"Avantages d'une horta - StyQR : am\u00e9liorez votre propri\u00e9t\u00e9","description":"D\u00e9couvrez comment une horta accessible peut valoriser votre bien immobilier et enrichir votre jardin. Installez votre horta facilement avec StyQR!","robots":{"index":"index","follow":"follow","max-snippet":"max-snippet:-1","max-image-preview":"max-image-preview:large","max-video-preview":"max-video-preview:-1"},"canonical":"https:\/\/styqr.fr\/pt-pt\/2024\/01\/23\/jardim-porque-nao-acrescentar-uma-horta\/","og_locale":"pt_PT","og_type":"article","og_title":"StyQR | Le livret d'accueil digital","og_description":"D\u00e9couvrez comment une horta accessible peut valoriser votre bien immobilier et enrichir votre jardin. Installez votre horta facilement avec StyQR!","og_url":"https:\/\/styqr.fr\/pt-pt\/2024\/01\/23\/jardim-porque-nao-acrescentar-uma-horta\/","og_site_name":"StyQR","article_publisher":"https:\/\/fr-fr.facebook.com\/styqr\/","article_published_time":"2024-01-23T16:15:50+00:00","article_modified_time":"2024-12-05T11:30:06+00:00","og_image":[{"width":2560,"height":1707,"url":"https:\/\/styqr.fr\/wp-content\/uploads\/2022\/05\/priscilla-du-preez-JCZ2pE-Szpw-unsplash-scaled.jpg","type":"image\/jpeg"}],"author":"Marine","twitter_card":"summary_large_image","twitter_creator":"@julien-styqr-admin","schema":{"@context":"https:\/\/schema.org","@graph":[{"@type":"Article","@id":"https:\/\/styqr.fr\/pt-pt\/2024\/01\/23\/jardim-porque-nao-acrescentar-uma-horta\/#article","isPartOf":{"@id":"https:\/\/styqr.fr\/pt-pt\/2024\/01\/23\/jardim-porque-nao-acrescentar-uma-horta\/"},"author":{"name":"Marine","@id":"https:\/\/styqr.fr\/pt-pt\/#\/schema\/person\/9961aca9b86c9501bc1a72282df89aac"},"headline":"Jardim: porque n\u00e3o acrescentar uma horta?","datePublished":"2024-01-23T16:15:50+00:00","dateModified":"2024-12-05T11:30:06+00:00","mainEntityOfPage":{"@id":"https:\/\/styqr.fr\/pt-pt\/2024\/01\/23\/jardim-porque-nao-acrescentar-uma-horta\/"},"wordCount":495,"publisher":{"@id":"https:\/\/styqr.fr\/pt-pt\/#organization"},"image":{"@id":"https:\/\/styqr.fr\/pt-pt\/2024\/01\/23\/jardim-porque-nao-acrescentar-uma-horta\/#primaryimage"},"thumbnailUrl":"https:\/\/styqr.fr\/wp-content\/uploads\/2022\/05\/priscilla-du-preez-JCZ2pE-Szpw-unsplash-scaled.jpg","keywords":["styqr","digital","jardim"],"articleSection":["Indiv\u00edduos"],"inLanguage":"pt-PT"},{"@type":"WebPage","@id":"https:\/\/styqr.fr\/pt-pt\/2024\/01\/23\/jardim-porque-nao-acrescentar-uma-horta\/","url":"https:\/\/styqr.fr\/pt-pt\/2024\/01\/23\/jardim-porque-nao-acrescentar-uma-horta\/","name":"Avantages d'une horta - StyQR : am\u00e9liorez votre propri\u00e9t\u00e9","isPartOf":{"@id":"https:\/\/styqr.fr\/pt-pt\/#website"},"primaryImageOfPage":{"@id":"https:\/\/styqr.fr\/pt-pt\/2024\/01\/23\/jardim-porque-nao-acrescentar-uma-horta\/#primaryimage"},"image":{"@id":"https:\/\/styqr.fr\/pt-pt\/2024\/01\/23\/jardim-porque-nao-acrescentar-uma-horta\/#primaryimage"},"thumbnailUrl":"https:\/\/styqr.fr\/wp-content\/uploads\/2022\/05\/priscilla-du-preez-JCZ2pE-Szpw-unsplash-scaled.jpg","datePublished":"2024-01-23T16:15:50+00:00","dateModified":"2024-12-05T11:30:06+00:00","description":"D\u00e9couvrez comment une horta accessible peut valoriser votre bien immobilier et enrichir votre jardin. Installez votre horta facilement avec StyQR!","breadcrumb":{"@id":"https:\/\/styqr.fr\/pt-pt\/2024\/01\/23\/jardim-porque-nao-acrescentar-uma-horta\/#breadcrumb"},"inLanguage":"pt-PT","potentialAction":[{"@type":"ReadAction","target":["https:\/\/styqr.fr\/pt-pt\/2024\/01\/23\/jardim-porque-nao-acrescentar-uma-horta\/"]}]},{"@type":"ImageObject","inLanguage":"pt-PT","@id":"https:\/\/styqr.fr\/pt-pt\/2024\/01\/23\/jardim-porque-nao-acrescentar-uma-horta\/#primaryimage","url":"https:\/\/styqr.fr\/wp-content\/uploads\/2022\/05\/priscilla-du-preez-JCZ2pE-Szpw-unsplash-scaled.jpg","contentUrl":"https:\/\/styqr.fr\/wp-content\/uploads\/2022\/05\/priscilla-du-preez-JCZ2pE-Szpw-unsplash-scaled.jpg","width":2560,"height":1707},{"@type":"BreadcrumbList","@id":"https:\/\/styqr.fr\/pt-pt\/2024\/01\/23\/jardim-porque-nao-acrescentar-uma-horta\/#breadcrumb","itemListElement":[{"@type":"ListItem","position":1,"name":"Casa","item":"https:\/\/styqr.fr\/pt-pt\/"},{"@type":"ListItem","position":2,"name":"Indiv\u00edduos","item":"https:\/\/styqr.fr\/pt-pt\/nos-categories\/individuos\/"},{"@type":"ListItem","position":3,"name":"Jardim: porque n\u00e3o acrescentar uma horta?"}]},{"@type":"WebSite","@id":"https:\/\/styqr.fr\/pt-pt\/#website","url":"https:\/\/styqr.fr\/pt-pt\/","name":"StyQR","description":"Cr\u00e9ez votre livret d&#039;accueil digital personnalis\u00e9 pour vos voyageurs","publisher":{"@id":"https:\/\/styqr.fr\/pt-pt\/#organization"},"potentialAction":[{"@type":"SearchAction","target":{"@type":"EntryPoint","urlTemplate":"https:\/\/styqr.fr\/pt-pt\/?s={search_term_string}"},"query-input":{"@type":"PropertyValueSpecification","valueRequired":true,"valueName":"search_term_string"}}],"inLanguage":"pt-PT"},{"@type":"Organization","@id":"https:\/\/styqr.fr\/pt-pt\/#organization","name":"StyQR","url":"https:\/\/styqr.fr\/pt-pt\/","logo":{"@type":"ImageObject","inLanguage":"pt-PT","@id":"https:\/\/styqr.fr\/pt-pt\/#\/schema\/logo\/image\/","url":"https:\/\/styqr.fr\/wp-content\/uploads\/2020\/11\/Fichier-5.png","contentUrl":"https:\/\/styqr.fr\/wp-content\/uploads\/2020\/11\/Fichier-5.png","width":388,"height":194,"caption":"StyQR"},"image":{"@id":"https:\/\/styqr.fr\/pt-pt\/#\/schema\/logo\/image\/"},"sameAs":["https:\/\/fr-fr.facebook.com\/styqr\/","https:\/\/www.instagram.com\/styqr_fr\/","https:\/\/fr.linkedin.com\/company\/styqr"],"description":"StyQR, le livret d'accueil digital","email":"contact@styqr.fr","legalName":"SAS StyQR","foundingDate":"2019-05-27","vatID":"FR55824532865","taxID":"82453286500014","numberOfEmployees":{"@type":"QuantitativeValue","minValue":"1","maxValue":"10"}},{"@type":"Person","@id":"https:\/\/styqr.fr\/pt-pt\/#\/schema\/person\/9961aca9b86c9501bc1a72282df89aac","name":"Marine","image":{"@type":"ImageObject","inLanguage":"pt-PT","@id":"https:\/\/secure.gravatar.com\/avatar\/647b7182996833269bfb418442442520d7a3cf1ce76c2bbb26b93d7fbb28bb58?s=96&d=mm&r=g","url":"https:\/\/secure.gravatar.com\/avatar\/647b7182996833269bfb418442442520d7a3cf1ce76c2bbb26b93d7fbb28bb58?s=96&d=mm&r=g","contentUrl":"https:\/\/secure.gravatar.com\/avatar\/647b7182996833269bfb418442442520d7a3cf1ce76c2bbb26b93d7fbb28bb58?s=96&d=mm&r=g","caption":"Marine"},"sameAs":["https:\/\/x.com\/julien-styqr-admin"]}]}},"_links":{"self":[{"href":"https:\/\/styqr.fr\/pt-pt\/wp-json\/wp\/v2\/posts\/100744","targetHints":{"allow":["GET"]}}],"collection":[{"href":"https:\/\/styqr.fr\/pt-pt\/wp-json\/wp\/v2\/posts"}],"about":[{"href":"https:\/\/styqr.fr\/pt-pt\/wp-json\/wp\/v2\/types\/post"}],"author":[{"embeddable":true,"href":"https:\/\/styqr.fr\/pt-pt\/wp-json\/wp\/v2\/users\/3"}],"replies":[{"embeddable":true,"href":"https:\/\/styqr.fr\/pt-pt\/wp-json\/wp\/v2\/comments?post=100744"}],"version-history":[{"count":0,"href":"https:\/\/styqr.fr\/pt-pt\/wp-json\/wp\/v2\/posts\/100744\/revisions"}],"wp:featuredmedia":[{"embeddable":true,"href":"https:\/\/styqr.fr\/pt-pt\/wp-json\/wp\/v2\/media\/89232"}],"wp:attachment":[{"href":"https:\/\/styqr.fr\/pt-pt\/wp-json\/wp\/v2\/media?parent=100744"}],"wp:term":[{"taxonomy":"category","embeddable":true,"href":"https:\/\/styqr.fr\/pt-pt\/wp-json\/wp\/v2\/categories?post=100744"},{"taxonomy":"post_tag","embeddable":true,"href":"https:\/\/styqr.fr\/pt-pt\/wp-json\/wp\/v2\/tags?post=100744"}],"curies":[{"name":"wp","href":"https:\/\/api.w.org\/{rel}","templated":true}]}}