{"id":133192,"date":"2026-04-14T09:59:31","date_gmt":"2026-04-14T07:59:31","guid":{"rendered":"https:\/\/styqr.fr\/2026\/04\/13\/decorar-tu-alquiler-de-vacaciones-errores-que-debes-evitar\/"},"modified":"2026-04-14T10:00:03","modified_gmt":"2026-04-14T08:00:03","slug":"decorar-tu-alquiler-de-vacaciones-errores-que-debes-evitar","status":"publish","type":"post","link":"https:\/\/styqr.fr\/es\/2026\/04\/14\/decorar-tu-alquiler-de-vacaciones-errores-que-debes-evitar\/","title":{"rendered":"Decorar tu alquiler de vacaciones: errores que debes evitar"},"content":{"rendered":"<div class=\"wpb-content-wrapper\"><p>[vc_row][vc_column width=\u00bb1\/1&#8243;][vc_row_inner][vc_column_inner column_width_percent=\u00bb100&#8243; gutter_size=\u00bb0&#8243; overlay_alpha=\u00bb50&#8243; shift_x=\u00bb0&#8243; shift_y=\u00bb0&#8243; shift_y_down=\u00bb0&#8243; z_index=\u00bb0&#8243; medium_width=\u00bb0&#8243; mobile_width=\u00bb0&#8243; width=\u00bb1\/1&#8243;][vc_column_text uncode_shortcode_id=\u00bb832642&#8243;]\u00bfOfreces tu alojamiento en Airbnb u otra plataforma? Entonces ya lo sabes: <b>el dise\u00f1o interior<\/b> es mucho m\u00e1s que un detalle. Influye directamente en las reservas, en las opiniones de los clientes y&#8230; en tu tasa de ocupaci\u00f3n.<\/p>\n<p>Pero cuidado, intentar hacer demasiado a veces puede conducir al famoso <b>error del gusto<\/b>. Y entonces tus invitados pueden recordar tu casa&#8230; por todas las razones equivocadas \ud83d\ude05.<\/p>\n<p>En este art\u00edculo repasamos los principales errores que hay que evitar, con consejos sencillos y pr\u00e1cticos, f\u00e1ciles de aplicar.[\/vc_column_text][vc_empty_space empty_h=\u00bb2&#8243;][vc_custom_heading uncode_shortcode_id=\u00bb780029&#8243;]<\/p>\n<h2>\ud83c\udfa8 Por qu\u00e9 la decoraci\u00f3n es esencial en los alquileres vacacionales<\/h2>\n<p>[\/vc_custom_heading][vc_empty_space empty_h=\u00bb2&#8243;][vc_single_image media=\u00bb133190&#8243; media_width_percent=\u00bb100&#8243; media_ratio=\u00bbthree-two\u00bb shape=\u00bbimg-round\u00bb radius=\u00bbstd\u00bb uncode_shortcode_id=\u00bb826675&#8243;][vc_empty_space empty_h=\u00bb2&#8243;][vc_column_text uncode_shortcode_id=\u00bb251186&#8243;]Antes de hablar de los errores, hagamos un breve recordatorio.<\/p>\n<p>Un buen <b>dise\u00f1o interior<\/b> ayuda :<\/p>\n<ul>\n<li aria-level=\"1\">crea un efecto de \u00abamor a primera vista\u00bb desde las fotos<\/li>\n<li aria-level=\"1\">tranquilizar a los viajeros<\/li>\n<li aria-level=\"1\">te dan ganas de reservar inmediatamente<\/li>\n<\/ul>\n<p>\ud83d\udc49 En resumen: tu decoraci\u00f3n es tu mejor vendedora.<\/p>\n<p>Por otra parte, un <b>error de gusto<\/b> puede :<\/p>\n<ul>\n<li aria-level=\"1\">ahuyentar a los visitantes<\/li>\n<li aria-level=\"1\">dar la impresi\u00f3n de abandono<\/li>\n<li aria-level=\"1\">generar cr\u00edticas negativas<\/li>\n<\/ul>\n<p>[\/vc_column_text][\/vc_column_inner][\/vc_row_inner][\/vc_column][\/vc_row][vc_row][vc_column width=\u00bb1\/1&#8243;][vc_custom_heading uncode_shortcode_id=\u00bb156536&#8243;]<\/p>\n<h2>\u274c 1. Demasiados estilos diferentes: el s\u00edndrome del \u00abtodo vale\u00bb.<\/h2>\n<p>[\/vc_custom_heading][vc_column_text uncode_shortcode_id=\u00bb855798&#8243;]\u00c9ste es el error m\u00e1s com\u00fan.<\/p>\n<p>Un poco bohemio, un toque industrial, un sof\u00e1 cl\u00e1sico y&#8230; una llamativa alfombra \u00e9tnica. \u00bfEl resultado? Una mezcla confusa.<\/p>\n<p>\ud83d\udc49 El problema:<\/p>\n<ul>\n<li aria-level=\"1\">el ojo ya no sabe d\u00f3nde posarse<\/li>\n<li aria-level=\"1\">el conjunto carece de coherencia<\/li>\n<\/ul>\n<p>\u2714\ufe0f La soluci\u00f3n:<br \/>\nElige <b>un estilo principal<\/b> (escandinavo, moderno, natural&#8230;) y c\u00ed\u00f1ete a \u00e9l.[\/vc_column_text][vc_custom_heading uncode_shortcode_id=\u00bb104040&#8243;]<\/p>\n<h2>\ud83c\udf08 2. Uso excesivo de colores fuertes<\/h2>\n<p>[\/vc_custom_heading][vc_column_text uncode_shortcode_id=\u00bb700544&#8243;]S\u00ed, el color aporta car\u00e1cter. Pero demasiados colores brillantes pueden resultar agresivos.<\/p>\n<p>Una pared roja, cortinas amarillas, un sof\u00e1 azul&#8230; tus invitados no sabr\u00e1n d\u00f3nde mirar.<\/p>\n<p>\ud83d\udc49 Efecto secundario:<\/p>\n<ul>\n<li aria-level=\"1\">fatiga visual<\/li>\n<li aria-level=\"1\">sensaci\u00f3n de caos<\/li>\n<\/ul>\n<p>\u2714\ufe0f Consejo:<\/p>\n<ul>\n<li aria-level=\"1\">opta por tonos neutros (blanco, beige, gris)<\/li>\n<li aria-level=\"1\">a\u00f1ade toques de color con accesorios<\/li>\n<\/ul>\n<p>[\/vc_column_text][vc_custom_heading uncode_shortcode_id=\u00bb644880&#8243;]<\/p>\n<h2>\ud83d\udecb\ufe0f 3. Demasiados muebles: el efecto \u00abtienda de segunda mano<\/h2>\n<p>[\/vc_custom_heading][vc_column_text uncode_shortcode_id=\u00bb212480&#8243;]A menudo pensamos que necesitamos \u00abllenar\u00bb un espacio. No es una buena idea.<\/p>\n<p>\ud83d\udc49 Una habitaci\u00f3n demasiado ocupada:<\/p>\n<ul>\n<li aria-level=\"1\">parece m\u00e1s peque\u00f1o<\/li>\n<li aria-level=\"1\">se vuelve menos funcional<\/li>\n<\/ul>\n<p>\u2714\ufe0f Consejos:<\/p>\n<ul>\n<li aria-level=\"1\">deja respirar el espacio<\/li>\n<li aria-level=\"1\">guarda s\u00f3lo lo esencial<\/li>\n<\/ul>\n<p>\u27a1\ufe0f Cuando se trata de dise\u00f1o de interiores, <b>a menudo menos es m\u00e1s.<\/b>[\/vc_column_text][vc_custom_heading uncode_shortcode_id=\u00bb503478&#8243;]<\/p>\n<h2>\ud83d\uddbc\ufe0f 4. Decoraci\u00f3n demasiado personal<\/h2>\n<p>[\/vc_custom_heading][vc_column_text uncode_shortcode_id=\u00bb101870&#8243;]Fotos familiares, objetos muy concretos, recuerdos de viajes&#8230; todo eso tiene mucho encanto en tu casa, pero no para un alquiler.<\/p>\n<p>\ud83d\udc49 \u00bfPor qu\u00e9 es de mal gusto?<\/p>\n<ul>\n<li aria-level=\"1\">los viajeros no se identifican<\/li>\n<li aria-level=\"1\">tienen la impresi\u00f3n de estar \u00aben casa de alguien\u00bb.<\/li>\n<\/ul>\n<p>\u2714\ufe0f Soluci\u00f3n:<br \/>\nOpta por una decoraci\u00f3n <b>neutra y universal<\/b>.[\/vc_column_text][vc_custom_heading uncode_shortcode_id=\u00bb302438&#8243;]<\/p>\n<h2>\ud83d\udca1 5. Iluminaci\u00f3n mal concebida<\/h2>\n<p>[\/vc_custom_heading][vc_column_text uncode_shortcode_id=\u00bb644401&#8243;]\u00bfS\u00f3lo una l\u00e1mpara de techo potente y chula? Ambiente de sala de espera garantizado \ud83d\ude2c<\/p>\n<p>\ud83d\udc49 Errores comunes :<\/p>\n<ul>\n<li aria-level=\"1\">luz demasiado brillante<\/li>\n<li aria-level=\"1\">o insuficiente<\/li>\n<\/ul>\n<p>\u2714\ufe0f Consejo:<br \/>\nMultiplica tus fuentes:<\/p>\n<ul>\n<li aria-level=\"1\">luces auxiliares<\/li>\n<li aria-level=\"1\">luces c\u00e1lidas<\/li>\n<li aria-level=\"1\">iluminaci\u00f3n indirecta<\/li>\n<\/ul>\n<p>\u27a1\ufe0f La atm\u00f3sfera lo cambia todo.[\/vc_column_text][vc_custom_heading uncode_shortcode_id=\u00bb136017&#8243;]<\/p>\n<h2>\ud83e\uddf9 6. Descuidar los detalles<\/h2>\n<p>[\/vc_custom_heading][vc_column_text uncode_shortcode_id=\u00bb715070&#8243;]A veces son las peque\u00f1as cosas las que hacen una gran <b>metedura de pata.<\/b><\/p>\n<p>\ud83d\udc49 Ejemplos:<\/p>\n<ul>\n<li aria-level=\"1\">cortinas demasiado cortas<\/li>\n<li aria-level=\"1\">alfombra de tama\u00f1o incorrecto<\/li>\n<li aria-level=\"1\">cojines desparejados<\/li>\n<\/ul>\n<p>\u2714\ufe0f Consejo:<br \/>\nPresta atenci\u00f3n al acabado.[\/vc_column_text][vc_custom_heading uncode_shortcode_id=\u00bb143082&#8243;]<\/p>\n<h2>\ud83d\udecf\ufe0f 7. Centrarse en la est\u00e9tica a expensas de la comodidad<\/h2>\n<p>[\/vc_custom_heading][vc_column_text uncode_shortcode_id=\u00bb151967&#8243;]Un sof\u00e1 magn\u00edfico&#8230; pero inc\u00f3modo. Una cama de dise\u00f1o&#8230; pero dura como el hormig\u00f3n.<\/p>\n<p>\ud83d\udc49 Mala idea:<br \/>\ntus viajeros no perdonar\u00e1n.<\/p>\n<p>\u2714\ufe0f Regla de oro:<br \/>\n<b>la comodidad est\u00e1 antes que la decoraci\u00f3n<\/b>.[\/vc_column_text][vc_custom_heading uncode_shortcode_id=\u00bb121584&#8243;]<\/p>\n<h2>\ud83e\uddfc 8. Decoraci\u00f3n dif\u00edcil de mantener<\/h2>\n<p>[\/vc_custom_heading][vc_column_text uncode_shortcode_id=\u00bb201186&#8243;]Los materiales fr\u00e1giles, los tejidos claros o los objetos delicados pueden convertirse r\u00e1pidamente en una pesadilla.<\/p>\n<p>\ud83d\udc49 Consecuencia:<\/p>\n<ul>\n<li aria-level=\"1\">desgaste r\u00e1pido<\/li>\n<li aria-level=\"1\">mantenimiento complicado<\/li>\n<\/ul>\n<p>\u2714\ufe0f Consejo:<br \/>\nElige :<\/p>\n<ul>\n<li aria-level=\"1\">materiales resistentes<\/li>\n<li aria-level=\"1\">colores f\u00e1ciles de limpiar<\/li>\n<\/ul>\n<p>[\/vc_column_text][vc_custom_heading uncode_shortcode_id=\u00bb136420&#8243;]<\/p>\n<h2>\ud83e\udded 9. Olv\u00eddate de la funcionalidad<\/h2>\n<p>[\/vc_custom_heading][vc_column_text uncode_shortcode_id=\u00bb351328&#8243;]Un bonito dise\u00f1o interior est\u00e1 bien. Una decoraci\u00f3n pr\u00e1ctica es a\u00fan mejor.<\/p>\n<p>\ud83d\udc49 Ejemplo:<\/p>\n<ul>\n<li aria-level=\"1\">espacio de almacenamiento insuficiente<\/li>\n<li aria-level=\"1\">enchufes mal colocados<\/li>\n<\/ul>\n<p>\u2714\ufe0f Piensa siempre en c\u00f3mo se utilizar\u00e1 realmente la propiedad.[\/vc_column_text][vc_custom_heading uncode_shortcode_id=\u00bb151901&#8243;]<\/p>\n<h2>\ud83e\uddf1 10. Sigue todas las tendencias sin pensar<\/h2>\n<p>[\/vc_custom_heading][vc_column_text uncode_shortcode_id=\u00bb183220&#8243;]Las tendencias evolucionan r\u00e1pidamente. Lo que est\u00e1 de moda hoy puede estar pasado de moda ma\u00f1ana.<\/p>\n<p>\ud83d\udc49 La trampa:<br \/>\ncopiar una tendencia sin adaptarla.<\/p>\n<p>\u2714\ufe0f Soluci\u00f3n:<\/p>\n<ul>\n<li aria-level=\"1\">insp\u00edrate en las tendencias<\/li>\n<li aria-level=\"1\">pero permanecen intemporales<\/li>\n<\/ul>\n<p>[\/vc_column_text][vc_custom_heading uncode_shortcode_id=\u00bb207368&#8243;]<\/p>\n<h2>\ud83e\udd14 \u00bfC\u00f3mo evitar f\u00e1cilmente un error de gusto?<\/h2>\n<p>[\/vc_custom_heading][vc_column_text uncode_shortcode_id=\u00bb675605&#8243;]He aqu\u00ed algunas reglas sencillas:<\/p>\n<p>\u2714\ufe0f Mant\u00e9n una paleta de colores coherente<br \/>\n\u2714\ufe0f Apuesta por la sencillez<br \/>\n\u2714\ufe0f Piensa primero en la comodidad<br \/>\n\u2714\ufe0f Ponte en el lugar del viajero<\/p>\n<p>\ud83d\udc49 Hazte siempre esta pregunta:<br \/>\n\u00ab\u00bfQuerr\u00eda quedarme aqu\u00ed?\u00bb[\/vc_column_text][vc_custom_heading uncode_shortcode_id=\u00bb560636\u00bb]<\/p>\n<h2>\ud83c\udfaf Conclusi\u00f3n<\/h2>\n<p>[\/vc_custom_heading][vc_column_text uncode_shortcode_id=\u00bb166629&#8243;]<b>La decoraci\u00f3n de interiores<\/b> es una poderosa palanca para el \u00e9xito de tu alquiler vacacional.<br \/>\nPero cuidado con los <b>errores de gusto<\/b>, que pueden ser discretos pero terribles.<\/p>\n<p>\ud83d\udc49 Evitar estos errores:<\/p>\n<ul>\n<li aria-level=\"1\">mejoras la experiencia del cliente<\/li>\n<li aria-level=\"1\">aumenta tus reservas<\/li>\n<li aria-level=\"1\">y consigue mejores cr\u00edticas<\/li>\n<\/ul>\n<p>Y recuerda:<br \/>\n<b>una buena decoraci\u00f3n no tiene por qu\u00e9 destacar&#8230; pero una mala siempre lo hace \ud83d\ude04<\/b>[\/vc_column_text][\/vc_column][\/vc_row]<\/p>\n<\/div>","protected":false},"excerpt":{"rendered":"<p>[vc_row][vc_column width=\u00bb1\/1&#8243;][vc_row_inner][vc_column_inner column_width_percent=\u00bb100&#8243; gutter_size=\u00bb0&#8243; overlay_alpha=\u00bb50&#8243; shift_x=\u00bb0&#8243; shift_y=\u00bb0&#8243; shift_y_down=\u00bb0&#8243; z_index=\u00bb0&#8243; medium_width=\u00bb0&#8243; mobile_width=\u00bb0&#8243; width=\u00bb1\/1&#8243;][vc_column_text uncode_shortcode_id=\u00bb832642&#8243;]\u00bfOfreces tu alojamiento en Airbnb u otra plataforma? [&hellip;]<\/p>\n","protected":false},"author":3,"featured_media":133183,"comment_status":"closed","ping_status":"open","sticky":false,"template":"","format":"standard","meta":{"footnotes":""},"categories":[9,11],"tags":[6,10,34,55,135,316,2436],"class_list":["post-133192","post","type-post","status-publish","format-standard","has-post-thumbnail","hentry","category-particuliers","category-professionnels","tag-airbnb","tag-styqr","tag-livret-daccueil","tag-reservations","tag-tourisme","tag-decoration","tag-travaux"],"yoast_head":"<!-- This site is optimized with the Yoast SEO Premium plugin v27.4 (Yoast SEO v27.4) - https:\/\/yoast.com\/product\/yoast-seo-premium-wordpress\/ -->\n<title>Decorar tu alquiler de vacaciones: errores que debes evitar<\/title>\n<meta name=\"description\" content=\"Evita los errores de interiorismo en tu alquiler vacacional. Sencillos consejos para conquistar a tus viajeros.\" \/>\n<meta name=\"robots\" content=\"index, follow, max-snippet:-1, max-image-preview:large, max-video-preview:-1\" \/>\n<link rel=\"canonical\" href=\"https:\/\/styqr.fr\/es\/2026\/04\/14\/decorar-tu-alquiler-de-vacaciones-errores-que-debes-evitar\/\" \/>\n<meta property=\"og:locale\" content=\"es_ES\" \/>\n<meta property=\"og:type\" content=\"article\" \/>\n<meta property=\"og:title\" content=\"StyQR | Le livret d&#039;accueil digital\" \/>\n<meta property=\"og:description\" content=\"Evita los errores de interiorismo en tu alquiler vacacional. Sencillos consejos para conquistar a tus viajeros.\" \/>\n<meta property=\"og:url\" content=\"https:\/\/styqr.fr\/es\/2026\/04\/14\/decorar-tu-alquiler-de-vacaciones-errores-que-debes-evitar\/\" \/>\n<meta property=\"og:site_name\" content=\"StyQR\" \/>\n<meta property=\"article:publisher\" content=\"https:\/\/fr-fr.facebook.com\/styqr\/\" \/>\n<meta property=\"article:published_time\" content=\"2026-04-14T07:59:31+00:00\" \/>\n<meta property=\"article:modified_time\" content=\"2026-04-14T08:00:03+00:00\" \/>\n<meta property=\"og:image\" content=\"https:\/\/styqr.fr\/wp-content\/uploads\/2026\/04\/modern-living-room-interior-composition-2026-03-09-09-01-31-utc1-scaled.jpg\" \/>\n\t<meta property=\"og:image:width\" content=\"2560\" \/>\n\t<meta property=\"og:image:height\" content=\"1707\" \/>\n\t<meta property=\"og:image:type\" content=\"image\/jpeg\" \/>\n<meta name=\"author\" content=\"Marine\" \/>\n<meta name=\"twitter:card\" content=\"summary_large_image\" \/>\n<meta name=\"twitter:creator\" content=\"@julien-styqr-admin\" \/>\n<script type=\"application\/ld+json\" class=\"yoast-schema-graph\">{\"@context\":\"https:\\\/\\\/schema.org\",\"@graph\":[{\"@type\":\"Article\",\"@id\":\"https:\\\/\\\/styqr.fr\\\/es\\\/2026\\\/04\\\/14\\\/decorar-tu-alquiler-de-vacaciones-errores-que-debes-evitar\\\/#article\",\"isPartOf\":{\"@id\":\"https:\\\/\\\/styqr.fr\\\/es\\\/2026\\\/04\\\/14\\\/decorar-tu-alquiler-de-vacaciones-errores-que-debes-evitar\\\/\"},\"author\":{\"name\":\"Marine\",\"@id\":\"https:\\\/\\\/styqr.fr\\\/es\\\/#\\\/schema\\\/person\\\/9961aca9b86c9501bc1a72282df89aac\"},\"headline\":\"Decorar tu alquiler de vacaciones: errores que debes evitar\",\"datePublished\":\"2026-04-14T07:59:31+00:00\",\"dateModified\":\"2026-04-14T08:00:03+00:00\",\"mainEntityOfPage\":{\"@id\":\"https:\\\/\\\/styqr.fr\\\/es\\\/2026\\\/04\\\/14\\\/decorar-tu-alquiler-de-vacaciones-errores-que-debes-evitar\\\/\"},\"wordCount\":1096,\"publisher\":{\"@id\":\"https:\\\/\\\/styqr.fr\\\/es\\\/#organization\"},\"image\":{\"@id\":\"https:\\\/\\\/styqr.fr\\\/es\\\/2026\\\/04\\\/14\\\/decorar-tu-alquiler-de-vacaciones-errores-que-debes-evitar\\\/#primaryimage\"},\"thumbnailUrl\":\"https:\\\/\\\/styqr.fr\\\/wp-content\\\/uploads\\\/2026\\\/04\\\/modern-living-room-interior-composition-2026-03-09-09-01-31-utc1-scaled.jpg\",\"keywords\":[\"airbnb\",\"styqr\",\"livret d'accueil\",\"reservations\",\"tourisme\",\"d\u00e9coration\",\"travaux\"],\"articleSection\":[\"Particuliers\",\"Professionnels\"],\"inLanguage\":\"es\"},{\"@type\":\"WebPage\",\"@id\":\"https:\\\/\\\/styqr.fr\\\/es\\\/2026\\\/04\\\/14\\\/decorar-tu-alquiler-de-vacaciones-errores-que-debes-evitar\\\/\",\"url\":\"https:\\\/\\\/styqr.fr\\\/es\\\/2026\\\/04\\\/14\\\/decorar-tu-alquiler-de-vacaciones-errores-que-debes-evitar\\\/\",\"name\":\"Decorar tu alquiler de vacaciones: errores que debes evitar\",\"isPartOf\":{\"@id\":\"https:\\\/\\\/styqr.fr\\\/es\\\/#website\"},\"primaryImageOfPage\":{\"@id\":\"https:\\\/\\\/styqr.fr\\\/es\\\/2026\\\/04\\\/14\\\/decorar-tu-alquiler-de-vacaciones-errores-que-debes-evitar\\\/#primaryimage\"},\"image\":{\"@id\":\"https:\\\/\\\/styqr.fr\\\/es\\\/2026\\\/04\\\/14\\\/decorar-tu-alquiler-de-vacaciones-errores-que-debes-evitar\\\/#primaryimage\"},\"thumbnailUrl\":\"https:\\\/\\\/styqr.fr\\\/wp-content\\\/uploads\\\/2026\\\/04\\\/modern-living-room-interior-composition-2026-03-09-09-01-31-utc1-scaled.jpg\",\"datePublished\":\"2026-04-14T07:59:31+00:00\",\"dateModified\":\"2026-04-14T08:00:03+00:00\",\"description\":\"Evita los errores de interiorismo en tu alquiler vacacional. Sencillos consejos para conquistar a tus viajeros.\",\"breadcrumb\":{\"@id\":\"https:\\\/\\\/styqr.fr\\\/es\\\/2026\\\/04\\\/14\\\/decorar-tu-alquiler-de-vacaciones-errores-que-debes-evitar\\\/#breadcrumb\"},\"inLanguage\":\"es\",\"potentialAction\":[{\"@type\":\"ReadAction\",\"target\":[\"https:\\\/\\\/styqr.fr\\\/es\\\/2026\\\/04\\\/14\\\/decorar-tu-alquiler-de-vacaciones-errores-que-debes-evitar\\\/\"]}]},{\"@type\":\"ImageObject\",\"inLanguage\":\"es\",\"@id\":\"https:\\\/\\\/styqr.fr\\\/es\\\/2026\\\/04\\\/14\\\/decorar-tu-alquiler-de-vacaciones-errores-que-debes-evitar\\\/#primaryimage\",\"url\":\"https:\\\/\\\/styqr.fr\\\/wp-content\\\/uploads\\\/2026\\\/04\\\/modern-living-room-interior-composition-2026-03-09-09-01-31-utc1-scaled.jpg\",\"contentUrl\":\"https:\\\/\\\/styqr.fr\\\/wp-content\\\/uploads\\\/2026\\\/04\\\/modern-living-room-interior-composition-2026-03-09-09-01-31-utc1-scaled.jpg\",\"width\":2560,\"height\":1707,\"caption\":\"Salon moderne avec mur bleu fonc\u00e9, meuble en bois, fauteuil design, plantes vertes et d\u00e9coration int\u00e9rieure \u00e9pur\u00e9e\"},{\"@type\":\"BreadcrumbList\",\"@id\":\"https:\\\/\\\/styqr.fr\\\/es\\\/2026\\\/04\\\/14\\\/decorar-tu-alquiler-de-vacaciones-errores-que-debes-evitar\\\/#breadcrumb\",\"itemListElement\":[{\"@type\":\"ListItem\",\"position\":1,\"name\":\"Inicio\",\"item\":\"https:\\\/\\\/styqr.fr\\\/es\\\/\"},{\"@type\":\"ListItem\",\"position\":2,\"name\":\"Profesionales\",\"item\":\"https:\\\/\\\/styqr.fr\\\/es\\\/nos-categories\\\/profesionales\\\/\"},{\"@type\":\"ListItem\",\"position\":3,\"name\":\"Decorar tu alquiler de vacaciones: errores que debes evitar\"}]},{\"@type\":\"WebSite\",\"@id\":\"https:\\\/\\\/styqr.fr\\\/es\\\/#website\",\"url\":\"https:\\\/\\\/styqr.fr\\\/es\\\/\",\"name\":\"StyQR\",\"description\":\"Cr\u00e9ez votre livret d&#039;accueil digital personnalis\u00e9 pour vos voyageurs\",\"publisher\":{\"@id\":\"https:\\\/\\\/styqr.fr\\\/es\\\/#organization\"},\"potentialAction\":[{\"@type\":\"SearchAction\",\"target\":{\"@type\":\"EntryPoint\",\"urlTemplate\":\"https:\\\/\\\/styqr.fr\\\/es\\\/?s={search_term_string}\"},\"query-input\":{\"@type\":\"PropertyValueSpecification\",\"valueRequired\":true,\"valueName\":\"search_term_string\"}}],\"inLanguage\":\"es\"},{\"@type\":\"Organization\",\"@id\":\"https:\\\/\\\/styqr.fr\\\/es\\\/#organization\",\"name\":\"StyQR\",\"url\":\"https:\\\/\\\/styqr.fr\\\/es\\\/\",\"logo\":{\"@type\":\"ImageObject\",\"inLanguage\":\"es\",\"@id\":\"https:\\\/\\\/styqr.fr\\\/es\\\/#\\\/schema\\\/logo\\\/image\\\/\",\"url\":\"https:\\\/\\\/styqr.fr\\\/wp-content\\\/uploads\\\/2020\\\/11\\\/Fichier-5.png\",\"contentUrl\":\"https:\\\/\\\/styqr.fr\\\/wp-content\\\/uploads\\\/2020\\\/11\\\/Fichier-5.png\",\"width\":388,\"height\":194,\"caption\":\"StyQR\"},\"image\":{\"@id\":\"https:\\\/\\\/styqr.fr\\\/es\\\/#\\\/schema\\\/logo\\\/image\\\/\"},\"sameAs\":[\"https:\\\/\\\/fr-fr.facebook.com\\\/styqr\\\/\",\"https:\\\/\\\/www.instagram.com\\\/styqr_fr\\\/\",\"https:\\\/\\\/fr.linkedin.com\\\/company\\\/styqr\"],\"description\":\"StyQR, le livret d'accueil digital\",\"email\":\"contact@styqr.fr\",\"legalName\":\"SAS StyQR\",\"foundingDate\":\"2019-05-27\",\"vatID\":\"FR55824532865\",\"taxID\":\"82453286500014\",\"numberOfEmployees\":{\"@type\":\"QuantitativeValue\",\"minValue\":\"1\",\"maxValue\":\"10\"}},{\"@type\":\"Person\",\"@id\":\"https:\\\/\\\/styqr.fr\\\/es\\\/#\\\/schema\\\/person\\\/9961aca9b86c9501bc1a72282df89aac\",\"name\":\"Marine\",\"image\":{\"@type\":\"ImageObject\",\"inLanguage\":\"es\",\"@id\":\"https:\\\/\\\/secure.gravatar.com\\\/avatar\\\/647b7182996833269bfb418442442520d7a3cf1ce76c2bbb26b93d7fbb28bb58?s=96&d=mm&r=g\",\"url\":\"https:\\\/\\\/secure.gravatar.com\\\/avatar\\\/647b7182996833269bfb418442442520d7a3cf1ce76c2bbb26b93d7fbb28bb58?s=96&d=mm&r=g\",\"contentUrl\":\"https:\\\/\\\/secure.gravatar.com\\\/avatar\\\/647b7182996833269bfb418442442520d7a3cf1ce76c2bbb26b93d7fbb28bb58?s=96&d=mm&r=g\",\"caption\":\"Marine\"},\"sameAs\":[\"https:\\\/\\\/x.com\\\/julien-styqr-admin\"]}]}<\/script>\n<!-- \/ Yoast SEO Premium plugin. -->","yoast_head_json":{"title":"Decorar tu alquiler de vacaciones: errores que debes evitar","description":"Evita los errores de interiorismo en tu alquiler vacacional. Sencillos consejos para conquistar a tus viajeros.","robots":{"index":"index","follow":"follow","max-snippet":"max-snippet:-1","max-image-preview":"max-image-preview:large","max-video-preview":"max-video-preview:-1"},"canonical":"https:\/\/styqr.fr\/es\/2026\/04\/14\/decorar-tu-alquiler-de-vacaciones-errores-que-debes-evitar\/","og_locale":"es_ES","og_type":"article","og_title":"StyQR | Le livret d'accueil digital","og_description":"Evita los errores de interiorismo en tu alquiler vacacional. Sencillos consejos para conquistar a tus viajeros.","og_url":"https:\/\/styqr.fr\/es\/2026\/04\/14\/decorar-tu-alquiler-de-vacaciones-errores-que-debes-evitar\/","og_site_name":"StyQR","article_publisher":"https:\/\/fr-fr.facebook.com\/styqr\/","article_published_time":"2026-04-14T07:59:31+00:00","article_modified_time":"2026-04-14T08:00:03+00:00","og_image":[{"width":2560,"height":1707,"url":"https:\/\/styqr.fr\/wp-content\/uploads\/2026\/04\/modern-living-room-interior-composition-2026-03-09-09-01-31-utc1-scaled.jpg","type":"image\/jpeg"}],"author":"Marine","twitter_card":"summary_large_image","twitter_creator":"@julien-styqr-admin","schema":{"@context":"https:\/\/schema.org","@graph":[{"@type":"Article","@id":"https:\/\/styqr.fr\/es\/2026\/04\/14\/decorar-tu-alquiler-de-vacaciones-errores-que-debes-evitar\/#article","isPartOf":{"@id":"https:\/\/styqr.fr\/es\/2026\/04\/14\/decorar-tu-alquiler-de-vacaciones-errores-que-debes-evitar\/"},"author":{"name":"Marine","@id":"https:\/\/styqr.fr\/es\/#\/schema\/person\/9961aca9b86c9501bc1a72282df89aac"},"headline":"Decorar tu alquiler de vacaciones: errores que debes evitar","datePublished":"2026-04-14T07:59:31+00:00","dateModified":"2026-04-14T08:00:03+00:00","mainEntityOfPage":{"@id":"https:\/\/styqr.fr\/es\/2026\/04\/14\/decorar-tu-alquiler-de-vacaciones-errores-que-debes-evitar\/"},"wordCount":1096,"publisher":{"@id":"https:\/\/styqr.fr\/es\/#organization"},"image":{"@id":"https:\/\/styqr.fr\/es\/2026\/04\/14\/decorar-tu-alquiler-de-vacaciones-errores-que-debes-evitar\/#primaryimage"},"thumbnailUrl":"https:\/\/styqr.fr\/wp-content\/uploads\/2026\/04\/modern-living-room-interior-composition-2026-03-09-09-01-31-utc1-scaled.jpg","keywords":["airbnb","styqr","livret d'accueil","reservations","tourisme","d\u00e9coration","travaux"],"articleSection":["Particuliers","Professionnels"],"inLanguage":"es"},{"@type":"WebPage","@id":"https:\/\/styqr.fr\/es\/2026\/04\/14\/decorar-tu-alquiler-de-vacaciones-errores-que-debes-evitar\/","url":"https:\/\/styqr.fr\/es\/2026\/04\/14\/decorar-tu-alquiler-de-vacaciones-errores-que-debes-evitar\/","name":"Decorar tu alquiler de vacaciones: errores que debes evitar","isPartOf":{"@id":"https:\/\/styqr.fr\/es\/#website"},"primaryImageOfPage":{"@id":"https:\/\/styqr.fr\/es\/2026\/04\/14\/decorar-tu-alquiler-de-vacaciones-errores-que-debes-evitar\/#primaryimage"},"image":{"@id":"https:\/\/styqr.fr\/es\/2026\/04\/14\/decorar-tu-alquiler-de-vacaciones-errores-que-debes-evitar\/#primaryimage"},"thumbnailUrl":"https:\/\/styqr.fr\/wp-content\/uploads\/2026\/04\/modern-living-room-interior-composition-2026-03-09-09-01-31-utc1-scaled.jpg","datePublished":"2026-04-14T07:59:31+00:00","dateModified":"2026-04-14T08:00:03+00:00","description":"Evita los errores de interiorismo en tu alquiler vacacional. Sencillos consejos para conquistar a tus viajeros.","breadcrumb":{"@id":"https:\/\/styqr.fr\/es\/2026\/04\/14\/decorar-tu-alquiler-de-vacaciones-errores-que-debes-evitar\/#breadcrumb"},"inLanguage":"es","potentialAction":[{"@type":"ReadAction","target":["https:\/\/styqr.fr\/es\/2026\/04\/14\/decorar-tu-alquiler-de-vacaciones-errores-que-debes-evitar\/"]}]},{"@type":"ImageObject","inLanguage":"es","@id":"https:\/\/styqr.fr\/es\/2026\/04\/14\/decorar-tu-alquiler-de-vacaciones-errores-que-debes-evitar\/#primaryimage","url":"https:\/\/styqr.fr\/wp-content\/uploads\/2026\/04\/modern-living-room-interior-composition-2026-03-09-09-01-31-utc1-scaled.jpg","contentUrl":"https:\/\/styqr.fr\/wp-content\/uploads\/2026\/04\/modern-living-room-interior-composition-2026-03-09-09-01-31-utc1-scaled.jpg","width":2560,"height":1707,"caption":"Salon moderne avec mur bleu fonc\u00e9, meuble en bois, fauteuil design, plantes vertes et d\u00e9coration int\u00e9rieure \u00e9pur\u00e9e"},{"@type":"BreadcrumbList","@id":"https:\/\/styqr.fr\/es\/2026\/04\/14\/decorar-tu-alquiler-de-vacaciones-errores-que-debes-evitar\/#breadcrumb","itemListElement":[{"@type":"ListItem","position":1,"name":"Inicio","item":"https:\/\/styqr.fr\/es\/"},{"@type":"ListItem","position":2,"name":"Profesionales","item":"https:\/\/styqr.fr\/es\/nos-categories\/profesionales\/"},{"@type":"ListItem","position":3,"name":"Decorar tu alquiler de vacaciones: errores que debes evitar"}]},{"@type":"WebSite","@id":"https:\/\/styqr.fr\/es\/#website","url":"https:\/\/styqr.fr\/es\/","name":"StyQR","description":"Cr\u00e9ez votre livret d&#039;accueil digital personnalis\u00e9 pour vos voyageurs","publisher":{"@id":"https:\/\/styqr.fr\/es\/#organization"},"potentialAction":[{"@type":"SearchAction","target":{"@type":"EntryPoint","urlTemplate":"https:\/\/styqr.fr\/es\/?s={search_term_string}"},"query-input":{"@type":"PropertyValueSpecification","valueRequired":true,"valueName":"search_term_string"}}],"inLanguage":"es"},{"@type":"Organization","@id":"https:\/\/styqr.fr\/es\/#organization","name":"StyQR","url":"https:\/\/styqr.fr\/es\/","logo":{"@type":"ImageObject","inLanguage":"es","@id":"https:\/\/styqr.fr\/es\/#\/schema\/logo\/image\/","url":"https:\/\/styqr.fr\/wp-content\/uploads\/2020\/11\/Fichier-5.png","contentUrl":"https:\/\/styqr.fr\/wp-content\/uploads\/2020\/11\/Fichier-5.png","width":388,"height":194,"caption":"StyQR"},"image":{"@id":"https:\/\/styqr.fr\/es\/#\/schema\/logo\/image\/"},"sameAs":["https:\/\/fr-fr.facebook.com\/styqr\/","https:\/\/www.instagram.com\/styqr_fr\/","https:\/\/fr.linkedin.com\/company\/styqr"],"description":"StyQR, le livret d'accueil digital","email":"contact@styqr.fr","legalName":"SAS StyQR","foundingDate":"2019-05-27","vatID":"FR55824532865","taxID":"82453286500014","numberOfEmployees":{"@type":"QuantitativeValue","minValue":"1","maxValue":"10"}},{"@type":"Person","@id":"https:\/\/styqr.fr\/es\/#\/schema\/person\/9961aca9b86c9501bc1a72282df89aac","name":"Marine","image":{"@type":"ImageObject","inLanguage":"es","@id":"https:\/\/secure.gravatar.com\/avatar\/647b7182996833269bfb418442442520d7a3cf1ce76c2bbb26b93d7fbb28bb58?s=96&d=mm&r=g","url":"https:\/\/secure.gravatar.com\/avatar\/647b7182996833269bfb418442442520d7a3cf1ce76c2bbb26b93d7fbb28bb58?s=96&d=mm&r=g","contentUrl":"https:\/\/secure.gravatar.com\/avatar\/647b7182996833269bfb418442442520d7a3cf1ce76c2bbb26b93d7fbb28bb58?s=96&d=mm&r=g","caption":"Marine"},"sameAs":["https:\/\/x.com\/julien-styqr-admin"]}]}},"_links":{"self":[{"href":"https:\/\/styqr.fr\/es\/wp-json\/wp\/v2\/posts\/133192","targetHints":{"allow":["GET"]}}],"collection":[{"href":"https:\/\/styqr.fr\/es\/wp-json\/wp\/v2\/posts"}],"about":[{"href":"https:\/\/styqr.fr\/es\/wp-json\/wp\/v2\/types\/post"}],"author":[{"embeddable":true,"href":"https:\/\/styqr.fr\/es\/wp-json\/wp\/v2\/users\/3"}],"replies":[{"embeddable":true,"href":"https:\/\/styqr.fr\/es\/wp-json\/wp\/v2\/comments?post=133192"}],"version-history":[{"count":8,"href":"https:\/\/styqr.fr\/es\/wp-json\/wp\/v2\/posts\/133192\/revisions"}],"predecessor-version":[{"id":133212,"href":"https:\/\/styqr.fr\/es\/wp-json\/wp\/v2\/posts\/133192\/revisions\/133212"}],"wp:featuredmedia":[{"embeddable":true,"href":"https:\/\/styqr.fr\/es\/wp-json\/wp\/v2\/media\/133183"}],"wp:attachment":[{"href":"https:\/\/styqr.fr\/es\/wp-json\/wp\/v2\/media?parent=133192"}],"wp:term":[{"taxonomy":"category","embeddable":true,"href":"https:\/\/styqr.fr\/es\/wp-json\/wp\/v2\/categories?post=133192"},{"taxonomy":"post_tag","embeddable":true,"href":"https:\/\/styqr.fr\/es\/wp-json\/wp\/v2\/tags?post=133192"}],"curies":[{"name":"wp","href":"https:\/\/api.w.org\/{rel}","templated":true}]}}