{"id":133141,"date":"2026-04-06T16:19:27","date_gmt":"2026-04-06T14:19:27","guid":{"rendered":"https:\/\/styqr.fr\/2026\/04\/06\/el-sector-parahotelero-en-suiza-esta-en-auge\/"},"modified":"2026-04-06T16:19:54","modified_gmt":"2026-04-06T14:19:54","slug":"el-sector-parahotelero-en-suiza-esta-en-auge","status":"publish","type":"post","link":"https:\/\/styqr.fr\/es\/2026\/04\/06\/el-sector-parahotelero-en-suiza-esta-en-auge\/","title":{"rendered":"El sector parahotelero en Suiza est\u00e1 en auge"},"content":{"rendered":"<div class=\"wpb-content-wrapper\"><p>[vc_row][vc_column width=\u00bb1\/1&#8243;][vc_row_inner][vc_column_inner column_width_percent=\u00bb100&#8243; gutter_size=\u00bb0&#8243; overlay_alpha=\u00bb50&#8243; shift_x=\u00bb0&#8243; shift_y=\u00bb0&#8243; shift_y_down=\u00bb0&#8243; z_index=\u00bb0&#8243; medium_width=\u00bb0&#8243; mobile_width=\u00bb0&#8243; width=\u00bb1\/1&#8243;][vc_column_text uncode_shortcode_id=\u00bb110782&#8243;]Buenas noticias para el turismo suizo: \u00a1el <b>sector parahotelero<\/b> va de maravilla! Tras varios a\u00f1os de incertidumbre, el sector registra ahora un <b>aumento significativo de las pernoctaciones<\/b>, prueba de que los viajeros han redescubierto su gusto por las escapadas&#8230; y por unas vacaciones un poco m\u00e1s aut\u00e9nticas. <\/p>\n<p>Los apartamentos de vacaciones, los campings, los albergues juveniles y los bed &amp; breakfast son cada vez m\u00e1s populares. Y seamos sinceros: entre un hotel cl\u00e1sico y un peque\u00f1o chal\u00e9 con vistas a las monta\u00f1as, tu coraz\u00f3n rara vez vacila durante mucho tiempo.[\/vc_column_text][vc_empty_space empty_h=\u00bb2&#8243;][vc_custom_heading uncode_shortcode_id=\u00bb192876&#8243;]<\/p>\n<h2>\u00bfQu\u00e9 es la industria parahotelera en Suiza?<\/h2>\n<p>[\/vc_custom_heading][vc_empty_space empty_h=\u00bb2&#8243;][vc_column_text uncode_shortcode_id=\u00bb158758&#8243;]El <b>sector parahotelero<\/b> abarca todas las formas de alojamiento tur\u00edstico fuera del sector hotelero tradicional. Esto incluye<\/p>\n<ul>\n<li aria-level=\"1\">Pisos y casas de vacaciones<\/li>\n<li aria-level=\"1\">Campings<\/li>\n<li aria-level=\"1\">Albergues juveniles<\/li>\n<li aria-level=\"1\">Alojamiento ofrecido a trav\u00e9s de plataformas como Airbnb<\/li>\n<\/ul>\n<p>En otras palabras, es una oferta m\u00e1s flexible, a menudo m\u00e1s accesible y, sobre todo, m\u00e1s cercana a las expectativas de los viajeros de hoy.[\/vc_column_text][\/vc_column_inner][\/vc_row_inner][\/vc_column][\/vc_row][vc_row][vc_column width=\u00bb1\/1&#8243;][vc_custom_heading uncode_shortcode_id=\u00bb517875&#8243;]<\/p>\n<h2>Cifras clave del aumento de las pernoctaciones<\/h2>\n<p>[\/vc_custom_heading][vc_column_text uncode_shortcode_id=\u00bb121885&#8243;]Vayamos al meollo de la cuesti\u00f3n. Las cifras recientes confirman el <b>s\u00f3lido crecimiento del sector parahotelero suizo<\/b>. <\/p>\n<p>En el <b>tercer trimestre<\/b>, el sector registr\u00f3 un <b>aumento de las pernoctaciones de alrededor del 6%<\/b> respecto al a\u00f1o anterior. Esto representa <b>varios millones de pernoctaciones adicionales<\/b>, una se\u00f1al de verdadero entusiasmo. <\/p>\n<p>He aqu\u00ed lo m\u00e1s destacado:<\/p>\n<ul>\n<li aria-level=\"1\">El total de pernoctaciones en hosteler\u00eda supera ya <b>los niveles anteriores a la pandemia<\/b><\/li>\n<li aria-level=\"1\"><b>Los pisos tur\u00edsticos<\/b> siguen siendo el segmento dominante<\/li>\n<li aria-level=\"1\"><b>Los campings<\/b> siguen creciendo, sobre todo en verano<\/li>\n<li aria-level=\"1\"><b>Los albergues juveniles<\/b> atraen a una clientela m\u00e1s joven e internacional<\/li>\n<li aria-level=\"1\">La proporci\u00f3n de <b>turistas suizos<\/b> sigue siendo alta, pero el n\u00famero de visitantes extranjeros est\u00e1 aumentando considerablemente<\/li>\n<\/ul>\n<p>En resumen, el crecimiento es <b>tanto cuantitativo como cualitativo<\/b>. El sector no s\u00f3lo se est\u00e1 recuperando: est\u00e1 evolucionando.[\/vc_column_text][vc_custom_heading uncode_shortcode_id=\u00bb590523&#8243;]<\/p>\n<h2>\u00bfPor qu\u00e9 tanto progreso?<\/h2>\n<p>[\/vc_custom_heading][vc_custom_heading uncode_shortcode_id=\u00bb111381&#8243;]<\/p>\n<h3>1. La b\u00fasqueda de la libertad<\/h3>\n<p>[\/vc_custom_heading][vc_column_text uncode_shortcode_id=\u00bb121069&#8243;]En primer lugar, los viajeros quieren m\u00e1s autonom\u00eda. Los parahoteles les permiten vivir a su ritmo, sin limitaciones. <\/p>\n<p>Puedes cocinar cuando quieras, llegar cuando puedas&#8230; en resumen, puedes respirar.[\/vc_column_text][vc_custom_heading uncode_shortcode_id=\u00bb122259&#8243;]<\/p>\n<h3>2. El auge del turismo local<\/h3>\n<p>[\/vc_custom_heading][vc_column_text uncode_shortcode_id=\u00bb106868&#8243;]En segundo lugar, el turismo nacional desempe\u00f1a un papel fundamental. Los suizos est\u00e1n redescubriendo su propio pa\u00eds, y con raz\u00f3n. <\/p>\n<p>Con sus lagos, monta\u00f1as y pueblos encantadores, Suiza ofrece un patio de recreo excepcional.[\/vc_column_text][vc_custom_heading uncode_shortcode_id=\u00bb213101&#8243;]<\/p>\n<h3>3. El impacto de las plataformas digitales<\/h3>\n<p>[\/vc_custom_heading][vc_column_text uncode_shortcode_id=\u00bb817758&#8243;]Plataformas como Airbnb han revolucionado el acceso al alojamiento.<\/p>\n<p>Hoy :<\/p>\n<ul>\n<li aria-level=\"1\">Todo est\u00e1 a s\u00f3lo unos clics<\/li>\n<li aria-level=\"1\">Una amplia gama de ofertas<\/li>\n<li aria-level=\"1\">Los precios suelen ser competitivos<\/li>\n<\/ul>\n<p>[\/vc_column_text][vc_custom_heading uncode_shortcode_id=\u00bb203188&#8243;]<\/p>\n<h3>4. La b\u00fasqueda de la autenticidad<\/h3>\n<p>[\/vc_custom_heading][vc_column_text uncode_shortcode_id=\u00bb874727&#8243;]Por \u00faltimo, los viajeros buscan experiencias \u00fanicas. Dormir en un chalet, una granja o un camping en la naturaleza significa experimentar algo diferente. <\/p>\n<p>Y eso no tiene precio (bueno&#8230; casi).[\/vc_column_text][vc_custom_heading uncode_shortcode_id=\u00bb713936&#8243;]<\/p>\n<h2>\u00bfQu\u00e9 impacto tendr\u00e1 esto en el turismo suizo?<\/h2>\n<p>[\/vc_custom_heading][vc_custom_heading uncode_shortcode_id=\u00bb110902&#8243;]<\/p>\n<h3>Una oferta m\u00e1s diversificada<\/h3>\n<p>[\/vc_custom_heading][vc_column_text uncode_shortcode_id=\u00bb124074&#8243;]El aumento de las pernoctaciones est\u00e1 impulsando la innovaci\u00f3n. Las regiones est\u00e1n desarrollando nuevos alojamientos y mejorando su atractivo. <\/p>\n<p>El resultado es una oferta m\u00e1s rica para los turistas.[\/vc_column_text][vc_custom_heading uncode_shortcode_id=\u00bb134240&#8243;]<\/p>\n<h3>Un impulso para la econom\u00eda local<\/h3>\n<p>[\/vc_custom_heading][vc_column_text uncode_shortcode_id=\u00bb183197&#8243;]El sector parahotelero beneficia directamente a la econom\u00eda local:<\/p>\n<ul>\n<li aria-level=\"1\">Ingresos para los propietarios<\/li>\n<li aria-level=\"1\">Actividad empresarial<\/li>\n<li aria-level=\"1\">Creaci\u00f3n de empleo<\/li>\n<\/ul>\n<p>Es un verdadero motor econ\u00f3mico.[\/vc_column_text][vc_custom_heading uncode_shortcode_id=\u00bb169932&#8243;]<\/p>\n<h3>Los retos del futuro<\/h3>\n<p>[\/vc_custom_heading][vc_column_text uncode_shortcode_id=\u00bb163483&#8243;]Sin embargo, este crecimiento tambi\u00e9n plantea interrogantes:<\/p>\n<ul>\n<li aria-level=\"1\">Presi\u00f3n sobre la vivienda en determinadas regiones<\/li>\n<li aria-level=\"1\">Riesgos del turismo excesivo<\/li>\n<li aria-level=\"1\">Cuestiones medioambientales<\/li>\n<\/ul>\n<p>En otras palabras, tenemos que encontrar el equilibrio adecuado.[\/vc_column_text][vc_custom_heading uncode_shortcode_id=\u00bb168115&#8243;]<\/p>\n<h2>Parahoteles vs hoteles: \u00bfrivalidad o complementariedad?<\/h2>\n<p>[\/vc_custom_heading][vc_column_text uncode_shortcode_id=\u00bb100041&#8243;]La industria parahotelera no sustituye a la industria hotelera. La complementa. <\/p>\n<ul>\n<li aria-level=\"1\">Los hoteles siguen siendo la opci\u00f3n preferida para escapadas cortas y viajes de negocios<\/li>\n<li aria-level=\"1\">Los parahoteles son populares para estancias largas con la familia o los amigos<\/li>\n<\/ul>\n<p>Al final, hay algo para todos.[\/vc_column_text][vc_custom_heading uncode_shortcode_id=\u00bb407824&#8243;]<\/p>\n<h2>\u00bfUna tendencia duradera?<\/h2>\n<p>[\/vc_custom_heading][vc_column_text uncode_shortcode_id=\u00bb509958&#8243;]Hay muchas razones para creerlo.<\/p>\n<p>Los h\u00e1bitos de viaje est\u00e1n cambiando. Los turistas quieren m\u00e1s libertad, m\u00e1s naturaleza y m\u00e1s autenticidad. Y el sector parahotelero cumple todos estos requisitos.  <\/p>\n<p>Adem\u00e1s, el sector sigue creciendo en estructura y profesionalidad.[\/vc_column_text][vc_custom_heading uncode_shortcode_id=\u00bb106100&#8243;]<\/p>\n<h2>Consejos para disfrutar de los parahoteles en Suiza<\/h2>\n<p>[\/vc_custom_heading][vc_column_text uncode_shortcode_id=\u00bb110542&#8243;]Aqu\u00ed tienes unos sencillos consejos:<\/p>\n<ul>\n<li aria-level=\"1\">Reserva con antelaci\u00f3n, sobre todo en temporada alta<\/li>\n<li aria-level=\"1\">Comparar ofertas<\/li>\n<li aria-level=\"1\">Consulta las rese\u00f1as<\/li>\n<li aria-level=\"1\">Explora regiones menos conocidas<\/li>\n<\/ul>\n<p>Y sobre todo&#8230; d\u00e9jate sorprender.[\/vc_column_text][vc_custom_heading uncode_shortcode_id=\u00bb194177&#8243;]<\/p>\n<h2>Conclusi\u00f3n: un nuevo arte de viajar<\/h2>\n<p>[\/vc_custom_heading][vc_column_text uncode_shortcode_id=\u00bb360726&#8243;]El <b>aumento de las pernoctaciones en el sector parahotelero suizo<\/b> refleja un cambio profundo en la industria tur\u00edstica. Las cifras son claras: con un crecimiento de alrededor del 6% y una vuelta a los niveles anteriores a la pandemia, el sector est\u00e1 en plena forma. <\/p>\n<p>Pero estad\u00edsticas aparte, es una nueva forma de viajar que se est\u00e1 imponiendo. M\u00e1s libre, m\u00e1s humana, m\u00e1s cercana a la naturaleza. <\/p>\n<p>Y si a\u00fan buscas una raz\u00f3n para probarlo&#8230; imag\u00ednate con un caf\u00e9 caliente frente a los Alpes. Ah\u00ed lo tienes \ud83d\ude09 .[\/vc_column_text][\/vc_column][\/vc_row]<\/p>\n<\/div>","protected":false},"excerpt":{"rendered":"<p>[vc_row][vc_column width=\u00bb1\/1&#8243;][vc_row_inner][vc_column_inner column_width_percent=\u00bb100&#8243; gutter_size=\u00bb0&#8243; overlay_alpha=\u00bb50&#8243; shift_x=\u00bb0&#8243; shift_y=\u00bb0&#8243; shift_y_down=\u00bb0&#8243; z_index=\u00bb0&#8243; medium_width=\u00bb0&#8243; mobile_width=\u00bb0&#8243; width=\u00bb1\/1&#8243;][vc_column_text uncode_shortcode_id=\u00bb110782&#8243;]Buenas noticias para el turismo suizo: \u00a1el sector [&hellip;]<\/p>\n","protected":false},"author":3,"featured_media":133138,"comment_status":"closed","ping_status":"open","sticky":false,"template":"","format":"standard","meta":{"footnotes":""},"categories":[910,924],"tags":[1926,1934,1971,1992],"class_list":["post-133141","post","type-post","status-publish","format-standard","has-post-thumbnail","hentry","category-particulares","category-profesionales","tag-folleto-de-bienvenida","tag-styqr-es","tag-turismo","tag-hotel-es"],"yoast_head":"<!-- This site is optimized with the Yoast SEO Premium plugin v27.4 (Yoast SEO v27.4) - https:\/\/yoast.com\/product\/yoast-seo-premium-wordpress\/ -->\n<title>El sector parahotelero en Suiza est\u00e1 en auge<\/title>\n<meta name=\"description\" content=\"El sector parahotelero suizo registra un fuerte aumento de las pernoctaciones. An\u00e1lisis de las cifras, tendencias e impacto en el turismo local.\" \/>\n<meta name=\"robots\" content=\"index, follow, max-snippet:-1, max-image-preview:large, max-video-preview:-1\" \/>\n<link rel=\"canonical\" href=\"https:\/\/styqr.fr\/es\/2026\/04\/06\/el-sector-parahotelero-en-suiza-esta-en-auge\/\" \/>\n<meta property=\"og:locale\" content=\"es_ES\" \/>\n<meta property=\"og:type\" content=\"article\" \/>\n<meta property=\"og:title\" content=\"StyQR | Le livret d&#039;accueil digital\" \/>\n<meta property=\"og:description\" content=\"El sector parahotelero suizo registra un fuerte aumento de las pernoctaciones. An\u00e1lisis de las cifras, tendencias e impacto en el turismo local.\" \/>\n<meta property=\"og:url\" content=\"https:\/\/styqr.fr\/es\/2026\/04\/06\/el-sector-parahotelero-en-suiza-esta-en-auge\/\" \/>\n<meta property=\"og:site_name\" content=\"StyQR\" \/>\n<meta property=\"article:publisher\" content=\"https:\/\/fr-fr.facebook.com\/styqr\/\" \/>\n<meta property=\"article:published_time\" content=\"2026-04-06T14:19:27+00:00\" \/>\n<meta property=\"article:modified_time\" content=\"2026-04-06T14:19:54+00:00\" \/>\n<meta property=\"og:image\" content=\"https:\/\/styqr.fr\/wp-content\/uploads\/2026\/04\/lauterbrunnen-switzerland-viewed-from-wengen-2026-03-27-02-13-29-utc1-scaled.jpg\" \/>\n\t<meta property=\"og:image:width\" content=\"2560\" \/>\n\t<meta property=\"og:image:height\" content=\"1707\" \/>\n\t<meta property=\"og:image:type\" content=\"image\/jpeg\" \/>\n<meta name=\"author\" content=\"Marine\" \/>\n<meta name=\"twitter:card\" content=\"summary_large_image\" \/>\n<meta name=\"twitter:creator\" content=\"@julien-styqr-admin\" \/>\n<script type=\"application\/ld+json\" class=\"yoast-schema-graph\">{\"@context\":\"https:\\\/\\\/schema.org\",\"@graph\":[{\"@type\":\"Article\",\"@id\":\"https:\\\/\\\/styqr.fr\\\/es\\\/2026\\\/04\\\/06\\\/el-sector-parahotelero-en-suiza-esta-en-auge\\\/#article\",\"isPartOf\":{\"@id\":\"https:\\\/\\\/styqr.fr\\\/es\\\/2026\\\/04\\\/06\\\/el-sector-parahotelero-en-suiza-esta-en-auge\\\/\"},\"author\":{\"name\":\"Marine\",\"@id\":\"https:\\\/\\\/styqr.fr\\\/es\\\/#\\\/schema\\\/person\\\/9961aca9b86c9501bc1a72282df89aac\"},\"headline\":\"El sector parahotelero en Suiza est\u00e1 en auge\",\"datePublished\":\"2026-04-06T14:19:27+00:00\",\"dateModified\":\"2026-04-06T14:19:54+00:00\",\"mainEntityOfPage\":{\"@id\":\"https:\\\/\\\/styqr.fr\\\/es\\\/2026\\\/04\\\/06\\\/el-sector-parahotelero-en-suiza-esta-en-auge\\\/\"},\"wordCount\":1149,\"publisher\":{\"@id\":\"https:\\\/\\\/styqr.fr\\\/es\\\/#organization\"},\"image\":{\"@id\":\"https:\\\/\\\/styqr.fr\\\/es\\\/2026\\\/04\\\/06\\\/el-sector-parahotelero-en-suiza-esta-en-auge\\\/#primaryimage\"},\"thumbnailUrl\":\"https:\\\/\\\/styqr.fr\\\/wp-content\\\/uploads\\\/2026\\\/04\\\/lauterbrunnen-switzerland-viewed-from-wengen-2026-03-27-02-13-29-utc1-scaled.jpg\",\"keywords\":[\"folleto de bienvenida\",\"styqr\",\"turismo\",\"hotel\"],\"articleSection\":[\"Particulares\",\"Profesionales\"],\"inLanguage\":\"es\"},{\"@type\":\"WebPage\",\"@id\":\"https:\\\/\\\/styqr.fr\\\/es\\\/2026\\\/04\\\/06\\\/el-sector-parahotelero-en-suiza-esta-en-auge\\\/\",\"url\":\"https:\\\/\\\/styqr.fr\\\/es\\\/2026\\\/04\\\/06\\\/el-sector-parahotelero-en-suiza-esta-en-auge\\\/\",\"name\":\"El sector parahotelero en Suiza est\u00e1 en auge\",\"isPartOf\":{\"@id\":\"https:\\\/\\\/styqr.fr\\\/es\\\/#website\"},\"primaryImageOfPage\":{\"@id\":\"https:\\\/\\\/styqr.fr\\\/es\\\/2026\\\/04\\\/06\\\/el-sector-parahotelero-en-suiza-esta-en-auge\\\/#primaryimage\"},\"image\":{\"@id\":\"https:\\\/\\\/styqr.fr\\\/es\\\/2026\\\/04\\\/06\\\/el-sector-parahotelero-en-suiza-esta-en-auge\\\/#primaryimage\"},\"thumbnailUrl\":\"https:\\\/\\\/styqr.fr\\\/wp-content\\\/uploads\\\/2026\\\/04\\\/lauterbrunnen-switzerland-viewed-from-wengen-2026-03-27-02-13-29-utc1-scaled.jpg\",\"datePublished\":\"2026-04-06T14:19:27+00:00\",\"dateModified\":\"2026-04-06T14:19:54+00:00\",\"description\":\"El sector parahotelero suizo registra un fuerte aumento de las pernoctaciones. An\u00e1lisis de las cifras, tendencias e impacto en el turismo local.\",\"breadcrumb\":{\"@id\":\"https:\\\/\\\/styqr.fr\\\/es\\\/2026\\\/04\\\/06\\\/el-sector-parahotelero-en-suiza-esta-en-auge\\\/#breadcrumb\"},\"inLanguage\":\"es\",\"potentialAction\":[{\"@type\":\"ReadAction\",\"target\":[\"https:\\\/\\\/styqr.fr\\\/es\\\/2026\\\/04\\\/06\\\/el-sector-parahotelero-en-suiza-esta-en-auge\\\/\"]}]},{\"@type\":\"ImageObject\",\"inLanguage\":\"es\",\"@id\":\"https:\\\/\\\/styqr.fr\\\/es\\\/2026\\\/04\\\/06\\\/el-sector-parahotelero-en-suiza-esta-en-auge\\\/#primaryimage\",\"url\":\"https:\\\/\\\/styqr.fr\\\/wp-content\\\/uploads\\\/2026\\\/04\\\/lauterbrunnen-switzerland-viewed-from-wengen-2026-03-27-02-13-29-utc1-scaled.jpg\",\"contentUrl\":\"https:\\\/\\\/styqr.fr\\\/wp-content\\\/uploads\\\/2026\\\/04\\\/lauterbrunnen-switzerland-viewed-from-wengen-2026-03-27-02-13-29-utc1-scaled.jpg\",\"width\":2560,\"height\":1707,\"caption\":\"Paysage de la vall\u00e9e de Lauterbrunnen en Suisse avec montagnes alpines, chalets en bois et for\u00eat en automne\"},{\"@type\":\"BreadcrumbList\",\"@id\":\"https:\\\/\\\/styqr.fr\\\/es\\\/2026\\\/04\\\/06\\\/el-sector-parahotelero-en-suiza-esta-en-auge\\\/#breadcrumb\",\"itemListElement\":[{\"@type\":\"ListItem\",\"position\":1,\"name\":\"Inicio\",\"item\":\"https:\\\/\\\/styqr.fr\\\/es\\\/\"},{\"@type\":\"ListItem\",\"position\":2,\"name\":\"Profesionales\",\"item\":\"https:\\\/\\\/styqr.fr\\\/es\\\/nos-categories\\\/profesionales\\\/\"},{\"@type\":\"ListItem\",\"position\":3,\"name\":\"El sector parahotelero en Suiza est\u00e1 en auge\"}]},{\"@type\":\"WebSite\",\"@id\":\"https:\\\/\\\/styqr.fr\\\/es\\\/#website\",\"url\":\"https:\\\/\\\/styqr.fr\\\/es\\\/\",\"name\":\"StyQR\",\"description\":\"Cr\u00e9ez votre livret d&#039;accueil digital personnalis\u00e9 pour vos voyageurs\",\"publisher\":{\"@id\":\"https:\\\/\\\/styqr.fr\\\/es\\\/#organization\"},\"potentialAction\":[{\"@type\":\"SearchAction\",\"target\":{\"@type\":\"EntryPoint\",\"urlTemplate\":\"https:\\\/\\\/styqr.fr\\\/es\\\/?s={search_term_string}\"},\"query-input\":{\"@type\":\"PropertyValueSpecification\",\"valueRequired\":true,\"valueName\":\"search_term_string\"}}],\"inLanguage\":\"es\"},{\"@type\":\"Organization\",\"@id\":\"https:\\\/\\\/styqr.fr\\\/es\\\/#organization\",\"name\":\"StyQR\",\"url\":\"https:\\\/\\\/styqr.fr\\\/es\\\/\",\"logo\":{\"@type\":\"ImageObject\",\"inLanguage\":\"es\",\"@id\":\"https:\\\/\\\/styqr.fr\\\/es\\\/#\\\/schema\\\/logo\\\/image\\\/\",\"url\":\"https:\\\/\\\/styqr.fr\\\/wp-content\\\/uploads\\\/2020\\\/11\\\/Fichier-5.png\",\"contentUrl\":\"https:\\\/\\\/styqr.fr\\\/wp-content\\\/uploads\\\/2020\\\/11\\\/Fichier-5.png\",\"width\":388,\"height\":194,\"caption\":\"StyQR\"},\"image\":{\"@id\":\"https:\\\/\\\/styqr.fr\\\/es\\\/#\\\/schema\\\/logo\\\/image\\\/\"},\"sameAs\":[\"https:\\\/\\\/fr-fr.facebook.com\\\/styqr\\\/\",\"https:\\\/\\\/www.instagram.com\\\/styqr_fr\\\/\",\"https:\\\/\\\/fr.linkedin.com\\\/company\\\/styqr\"],\"description\":\"StyQR, le livret d'accueil digital\",\"email\":\"contact@styqr.fr\",\"legalName\":\"SAS StyQR\",\"foundingDate\":\"2019-05-27\",\"vatID\":\"FR55824532865\",\"taxID\":\"82453286500014\",\"numberOfEmployees\":{\"@type\":\"QuantitativeValue\",\"minValue\":\"1\",\"maxValue\":\"10\"}},{\"@type\":\"Person\",\"@id\":\"https:\\\/\\\/styqr.fr\\\/es\\\/#\\\/schema\\\/person\\\/9961aca9b86c9501bc1a72282df89aac\",\"name\":\"Marine\",\"image\":{\"@type\":\"ImageObject\",\"inLanguage\":\"es\",\"@id\":\"https:\\\/\\\/secure.gravatar.com\\\/avatar\\\/647b7182996833269bfb418442442520d7a3cf1ce76c2bbb26b93d7fbb28bb58?s=96&d=mm&r=g\",\"url\":\"https:\\\/\\\/secure.gravatar.com\\\/avatar\\\/647b7182996833269bfb418442442520d7a3cf1ce76c2bbb26b93d7fbb28bb58?s=96&d=mm&r=g\",\"contentUrl\":\"https:\\\/\\\/secure.gravatar.com\\\/avatar\\\/647b7182996833269bfb418442442520d7a3cf1ce76c2bbb26b93d7fbb28bb58?s=96&d=mm&r=g\",\"caption\":\"Marine\"},\"sameAs\":[\"https:\\\/\\\/x.com\\\/julien-styqr-admin\"]}]}<\/script>\n<!-- \/ Yoast SEO Premium plugin. -->","yoast_head_json":{"title":"El sector parahotelero en Suiza est\u00e1 en auge","description":"El sector parahotelero suizo registra un fuerte aumento de las pernoctaciones. An\u00e1lisis de las cifras, tendencias e impacto en el turismo local.","robots":{"index":"index","follow":"follow","max-snippet":"max-snippet:-1","max-image-preview":"max-image-preview:large","max-video-preview":"max-video-preview:-1"},"canonical":"https:\/\/styqr.fr\/es\/2026\/04\/06\/el-sector-parahotelero-en-suiza-esta-en-auge\/","og_locale":"es_ES","og_type":"article","og_title":"StyQR | Le livret d'accueil digital","og_description":"El sector parahotelero suizo registra un fuerte aumento de las pernoctaciones. An\u00e1lisis de las cifras, tendencias e impacto en el turismo local.","og_url":"https:\/\/styqr.fr\/es\/2026\/04\/06\/el-sector-parahotelero-en-suiza-esta-en-auge\/","og_site_name":"StyQR","article_publisher":"https:\/\/fr-fr.facebook.com\/styqr\/","article_published_time":"2026-04-06T14:19:27+00:00","article_modified_time":"2026-04-06T14:19:54+00:00","og_image":[{"width":2560,"height":1707,"url":"https:\/\/styqr.fr\/wp-content\/uploads\/2026\/04\/lauterbrunnen-switzerland-viewed-from-wengen-2026-03-27-02-13-29-utc1-scaled.jpg","type":"image\/jpeg"}],"author":"Marine","twitter_card":"summary_large_image","twitter_creator":"@julien-styqr-admin","schema":{"@context":"https:\/\/schema.org","@graph":[{"@type":"Article","@id":"https:\/\/styqr.fr\/es\/2026\/04\/06\/el-sector-parahotelero-en-suiza-esta-en-auge\/#article","isPartOf":{"@id":"https:\/\/styqr.fr\/es\/2026\/04\/06\/el-sector-parahotelero-en-suiza-esta-en-auge\/"},"author":{"name":"Marine","@id":"https:\/\/styqr.fr\/es\/#\/schema\/person\/9961aca9b86c9501bc1a72282df89aac"},"headline":"El sector parahotelero en Suiza est\u00e1 en auge","datePublished":"2026-04-06T14:19:27+00:00","dateModified":"2026-04-06T14:19:54+00:00","mainEntityOfPage":{"@id":"https:\/\/styqr.fr\/es\/2026\/04\/06\/el-sector-parahotelero-en-suiza-esta-en-auge\/"},"wordCount":1149,"publisher":{"@id":"https:\/\/styqr.fr\/es\/#organization"},"image":{"@id":"https:\/\/styqr.fr\/es\/2026\/04\/06\/el-sector-parahotelero-en-suiza-esta-en-auge\/#primaryimage"},"thumbnailUrl":"https:\/\/styqr.fr\/wp-content\/uploads\/2026\/04\/lauterbrunnen-switzerland-viewed-from-wengen-2026-03-27-02-13-29-utc1-scaled.jpg","keywords":["folleto de bienvenida","styqr","turismo","hotel"],"articleSection":["Particulares","Profesionales"],"inLanguage":"es"},{"@type":"WebPage","@id":"https:\/\/styqr.fr\/es\/2026\/04\/06\/el-sector-parahotelero-en-suiza-esta-en-auge\/","url":"https:\/\/styqr.fr\/es\/2026\/04\/06\/el-sector-parahotelero-en-suiza-esta-en-auge\/","name":"El sector parahotelero en Suiza est\u00e1 en auge","isPartOf":{"@id":"https:\/\/styqr.fr\/es\/#website"},"primaryImageOfPage":{"@id":"https:\/\/styqr.fr\/es\/2026\/04\/06\/el-sector-parahotelero-en-suiza-esta-en-auge\/#primaryimage"},"image":{"@id":"https:\/\/styqr.fr\/es\/2026\/04\/06\/el-sector-parahotelero-en-suiza-esta-en-auge\/#primaryimage"},"thumbnailUrl":"https:\/\/styqr.fr\/wp-content\/uploads\/2026\/04\/lauterbrunnen-switzerland-viewed-from-wengen-2026-03-27-02-13-29-utc1-scaled.jpg","datePublished":"2026-04-06T14:19:27+00:00","dateModified":"2026-04-06T14:19:54+00:00","description":"El sector parahotelero suizo registra un fuerte aumento de las pernoctaciones. An\u00e1lisis de las cifras, tendencias e impacto en el turismo local.","breadcrumb":{"@id":"https:\/\/styqr.fr\/es\/2026\/04\/06\/el-sector-parahotelero-en-suiza-esta-en-auge\/#breadcrumb"},"inLanguage":"es","potentialAction":[{"@type":"ReadAction","target":["https:\/\/styqr.fr\/es\/2026\/04\/06\/el-sector-parahotelero-en-suiza-esta-en-auge\/"]}]},{"@type":"ImageObject","inLanguage":"es","@id":"https:\/\/styqr.fr\/es\/2026\/04\/06\/el-sector-parahotelero-en-suiza-esta-en-auge\/#primaryimage","url":"https:\/\/styqr.fr\/wp-content\/uploads\/2026\/04\/lauterbrunnen-switzerland-viewed-from-wengen-2026-03-27-02-13-29-utc1-scaled.jpg","contentUrl":"https:\/\/styqr.fr\/wp-content\/uploads\/2026\/04\/lauterbrunnen-switzerland-viewed-from-wengen-2026-03-27-02-13-29-utc1-scaled.jpg","width":2560,"height":1707,"caption":"Paysage de la vall\u00e9e de Lauterbrunnen en Suisse avec montagnes alpines, chalets en bois et for\u00eat en automne"},{"@type":"BreadcrumbList","@id":"https:\/\/styqr.fr\/es\/2026\/04\/06\/el-sector-parahotelero-en-suiza-esta-en-auge\/#breadcrumb","itemListElement":[{"@type":"ListItem","position":1,"name":"Inicio","item":"https:\/\/styqr.fr\/es\/"},{"@type":"ListItem","position":2,"name":"Profesionales","item":"https:\/\/styqr.fr\/es\/nos-categories\/profesionales\/"},{"@type":"ListItem","position":3,"name":"El sector parahotelero en Suiza est\u00e1 en auge"}]},{"@type":"WebSite","@id":"https:\/\/styqr.fr\/es\/#website","url":"https:\/\/styqr.fr\/es\/","name":"StyQR","description":"Cr\u00e9ez votre livret d&#039;accueil digital personnalis\u00e9 pour vos voyageurs","publisher":{"@id":"https:\/\/styqr.fr\/es\/#organization"},"potentialAction":[{"@type":"SearchAction","target":{"@type":"EntryPoint","urlTemplate":"https:\/\/styqr.fr\/es\/?s={search_term_string}"},"query-input":{"@type":"PropertyValueSpecification","valueRequired":true,"valueName":"search_term_string"}}],"inLanguage":"es"},{"@type":"Organization","@id":"https:\/\/styqr.fr\/es\/#organization","name":"StyQR","url":"https:\/\/styqr.fr\/es\/","logo":{"@type":"ImageObject","inLanguage":"es","@id":"https:\/\/styqr.fr\/es\/#\/schema\/logo\/image\/","url":"https:\/\/styqr.fr\/wp-content\/uploads\/2020\/11\/Fichier-5.png","contentUrl":"https:\/\/styqr.fr\/wp-content\/uploads\/2020\/11\/Fichier-5.png","width":388,"height":194,"caption":"StyQR"},"image":{"@id":"https:\/\/styqr.fr\/es\/#\/schema\/logo\/image\/"},"sameAs":["https:\/\/fr-fr.facebook.com\/styqr\/","https:\/\/www.instagram.com\/styqr_fr\/","https:\/\/fr.linkedin.com\/company\/styqr"],"description":"StyQR, le livret d'accueil digital","email":"contact@styqr.fr","legalName":"SAS StyQR","foundingDate":"2019-05-27","vatID":"FR55824532865","taxID":"82453286500014","numberOfEmployees":{"@type":"QuantitativeValue","minValue":"1","maxValue":"10"}},{"@type":"Person","@id":"https:\/\/styqr.fr\/es\/#\/schema\/person\/9961aca9b86c9501bc1a72282df89aac","name":"Marine","image":{"@type":"ImageObject","inLanguage":"es","@id":"https:\/\/secure.gravatar.com\/avatar\/647b7182996833269bfb418442442520d7a3cf1ce76c2bbb26b93d7fbb28bb58?s=96&d=mm&r=g","url":"https:\/\/secure.gravatar.com\/avatar\/647b7182996833269bfb418442442520d7a3cf1ce76c2bbb26b93d7fbb28bb58?s=96&d=mm&r=g","contentUrl":"https:\/\/secure.gravatar.com\/avatar\/647b7182996833269bfb418442442520d7a3cf1ce76c2bbb26b93d7fbb28bb58?s=96&d=mm&r=g","caption":"Marine"},"sameAs":["https:\/\/x.com\/julien-styqr-admin"]}]}},"_links":{"self":[{"href":"https:\/\/styqr.fr\/es\/wp-json\/wp\/v2\/posts\/133141","targetHints":{"allow":["GET"]}}],"collection":[{"href":"https:\/\/styqr.fr\/es\/wp-json\/wp\/v2\/posts"}],"about":[{"href":"https:\/\/styqr.fr\/es\/wp-json\/wp\/v2\/types\/post"}],"author":[{"embeddable":true,"href":"https:\/\/styqr.fr\/es\/wp-json\/wp\/v2\/users\/3"}],"replies":[{"embeddable":true,"href":"https:\/\/styqr.fr\/es\/wp-json\/wp\/v2\/comments?post=133141"}],"version-history":[{"count":8,"href":"https:\/\/styqr.fr\/es\/wp-json\/wp\/v2\/posts\/133141\/revisions"}],"predecessor-version":[{"id":133160,"href":"https:\/\/styqr.fr\/es\/wp-json\/wp\/v2\/posts\/133141\/revisions\/133160"}],"wp:featuredmedia":[{"embeddable":true,"href":"https:\/\/styqr.fr\/es\/wp-json\/wp\/v2\/media\/133138"}],"wp:attachment":[{"href":"https:\/\/styqr.fr\/es\/wp-json\/wp\/v2\/media?parent=133141"}],"wp:term":[{"taxonomy":"category","embeddable":true,"href":"https:\/\/styqr.fr\/es\/wp-json\/wp\/v2\/categories?post=133141"},{"taxonomy":"post_tag","embeddable":true,"href":"https:\/\/styqr.fr\/es\/wp-json\/wp\/v2\/tags?post=133141"}],"curies":[{"name":"wp","href":"https:\/\/api.w.org\/{rel}","templated":true}]}}