{"id":126678,"date":"2025-08-20T20:15:55","date_gmt":"2025-08-20T18:15:55","guid":{"rendered":"https:\/\/styqr.fr\/2025\/08\/20\/obras-que-aumenta-el-valor-de-alquiler-de-un-inmueble\/"},"modified":"2025-08-20T20:15:56","modified_gmt":"2025-08-20T18:15:56","slug":"obras-que-aumenta-el-valor-de-alquiler-de-un-inmueble","status":"publish","type":"post","link":"https:\/\/styqr.fr\/es\/2025\/08\/20\/obras-que-aumenta-el-valor-de-alquiler-de-un-inmueble\/","title":{"rendered":"Obras: \u00bfqu\u00e9 aumenta el valor de alquiler de un inmueble?"},"content":{"rendered":"<div class=\"wpb-content-wrapper\"><p>[vc_row][vc_column width=\u00bb1\/1&#8243;][vc_column_text uncode_shortcode_id=\u00bb176051&#8243;]\u00bfEres propietario y te preguntas qu\u00e9 <b>obras<\/b> deber\u00edas hacer para aumentar el <b>valor de alquiler<\/b> de tu piso o casa? La buena noticia es que algunas inversiones ofrecen un <b>valor a\u00f1adido<\/b> inmediato, atraen a inquilinos serios y te ayudan a evitar largos periodos de desocupaci\u00f3n. En resumen, <b>\u00a1obras de gran valor a\u00f1adido<\/b> que marcan la diferencia!  <\/p>\n<p>Porque, s\u00ed, una casa luminosa, moderna y bien dise\u00f1ada se alquila m\u00e1s r\u00e1pido&#8230; y a menudo m\u00e1s cara. As\u00ed que echemos un vistazo a las mejoras que realmente merecen la pena.[\/vc_column_text][\/vc_column][\/vc_row][vc_row][vc_column width=\u00bb1\/1&#8243;][vc_row_inner][vc_column_inner column_width_percent=\u00bb100&#8243; gutter_size=\u00bb0&#8243; overlay_alpha=\u00bb50&#8243; shift_x=\u00bb0&#8243; shift_y=\u00bb0&#8243; shift_y_down=\u00bb0&#8243; z_index=\u00bb0&#8243; medium_width=\u00bb0&#8243; mobile_width=\u00bb0&#8243; width=\u00bb1\/1&#8243;][vc_custom_heading uncode_shortcode_id=\u00bb377007&#8243;]<\/p>\n<h2>1. La reforma de la cocina: la estrella de los proyectos rentables<\/h2>\n<p>[\/vc_custom_heading][vc_empty_space empty_h=\u00bb2&#8243;][vc_single_image media=\u00bb126656&#8243; media_width_percent=\u00bb100&#8243; uncode_shortcode_id=\u00bb137308&#8243;][vc_empty_space empty_h=\u00bb2&#8243;][vc_column_text uncode_shortcode_id=\u00bb127649&#8243;]Seamos sinceros: a nadie le gusta cocinar en una cocina descolorida de los a\u00f1os 70 (aunque sea un gran chef). Una cocina moderna, funcional y bien equipada es un \u00e9xito instant\u00e1neo entre los inquilinos. <\/p>\n<p>\ud83d\udc49 \u00bfPor qu\u00e9 es rentable?<\/p>\n<ul>\n<li aria-level=\"1\">La cocina es una de las estancias m\u00e1s examinadas durante las visitas.<\/li>\n<li aria-level=\"1\">Una distribuci\u00f3n inteligente (almacenamiento optimizado, electrodom\u00e9sticos pr\u00e1cticos) da una imagen de gama alta.<\/li>\n<li aria-level=\"1\">Los inquilinos est\u00e1n dispuestos a pagar m\u00e1s por un espacio agradable para vivir.<\/li>\n<\/ul>\n<p>\ud83d\udca1 Consejo: no necesitas una cocina digna de Top Chef. A veces basta con repintar los muebles, cambiar la encimera o a\u00f1adir un aparador de moda para darle un gran <b>valor a\u00f1adido.<\/b>[\/vc_column_text][\/vc_column_inner][\/vc_row_inner][\/vc_column][\/vc_row][vc_row][vc_column width=\u00bb1\/1&#8243;][vc_custom_heading uncode_shortcode_id=\u00bb106517&#8243;]<\/p>\n<h2>2. El cuarto de ba\u00f1o: una inversi\u00f3n rentable<\/h2>\n<p>[\/vc_custom_heading][vc_single_image media=\u00bb126660&#8243; media_width_percent=\u00bb100&#8243; uncode_shortcode_id=\u00bb434367&#8243;][vc_column_text uncode_shortcode_id=\u00bb101065&#8243;]Despu\u00e9s de la cocina, el ba\u00f1o es otra habitaci\u00f3n clave. No hay nada peor que un ba\u00f1o anticuado con azulejos amarillentos&#8230; Es el tipo de detalle que puede desanimar a un inquilino. <\/p>\n<p>\ud83d\udc49 Trabajo inteligente a tener en cuenta :<\/p>\n<ul>\n<li aria-level=\"1\">Sustituye una ba\u00f1era por una ducha moderna (ahorro de espacio + comodidad).<\/li>\n<li aria-level=\"1\">Instala un lavabo nuevo, un espejo iluminado y armarios.<\/li>\n<li aria-level=\"1\">Elige materiales resistentes pero est\u00e9ticamente agradables.<\/li>\n<\/ul>\n<p>\ud83d\udcb0 El resultado es una vivienda que se percibe como m\u00e1s moderna, lo que justifica f\u00e1cilmente un aumento del alquiler.[\/vc_column_text][vc_custom_heading uncode_shortcode_id=\u00bb354857&#8243;]<\/p>\n<h2>3. Aislamiento y rendimiento energ\u00e9tico: una ventaja sostenible<\/h2>\n<p>[\/vc_custom_heading][vc_single_image media=\u00bb126664&#8243; media_width_percent=\u00bb100&#8243; uncode_shortcode_id=\u00bb211722&#8243;][vc_column_text uncode_shortcode_id=\u00bb462980&#8243;]Nunca se dice lo suficiente: una vivienda bien aislada atrae a m\u00e1s inquilinos. Con el aumento de la factura energ\u00e9tica, los posibles inquilinos son cada vez m\u00e1s sensibles a la cuesti\u00f3n <b>del rendimiento energ\u00e9tico<\/b>. <\/p>\n<p>\ud83d\udc49 \u00bfQu\u00e9 trabajos hay que realizar?<\/p>\n<ul>\n<li aria-level=\"1\">Aislamiento de \u00e1ticos y paredes.<\/li>\n<li aria-level=\"1\">Sustituci\u00f3n de ventanas por doble acristalamiento.<\/li>\n<li aria-level=\"1\">Instalaci\u00f3n de un sistema de calefacci\u00f3n eficiente.<\/li>\n<\/ul>\n<p>Estas <b>obras<\/b> <b>a\u00f1aden un valor<\/b> considerable: aumentas el valor del alquiler al tiempo que reduces las cargas de tus inquilinos. Y como ventaja a\u00f1adida, mejorar\u00e1s la calificaci\u00f3n DPE de tu propiedad, un criterio cada vez m\u00e1s decisivo.[\/vc_column_text][vc_custom_heading uncode_shortcode_id=\u00bb208605&#8243;]<\/p>\n<h2>4. Optimizaci\u00f3n del espacio: m\u00e1s m\u00b2 \u00ab\u00fatiles\u00bb.<\/h2>\n<p>[\/vc_custom_heading][vc_column_text uncode_shortcode_id=\u00bb368457&#8243;]\u00bfTienes un desv\u00e1n sin utilizar, una habitaci\u00f3n peque\u00f1a sin funci\u00f3n espec\u00edfica o un pasillo demasiado ancho? Estos espacios pueden transformarse para crear valor. <\/p>\n<p>\ud83d\udc49 Ejemplos de trabajo inteligente :<\/p>\n<ul>\n<li aria-level=\"1\">Convierte un trastero en un despacho (perfecto para teletrabajar).<\/li>\n<li aria-level=\"1\">Renovar el \u00e1tico para a\u00f1adir un dormitorio.<\/li>\n<li aria-level=\"1\">Crea almacenaje integrado para maximizar el espacio \u00fatil del suelo.<\/li>\n<\/ul>\n<p>Cuanto m\u00e1s espacio funcional haya, m\u00e1s amplia se percibir\u00e1 la vivienda y m\u00e1s alto ser\u00e1 el alquiler que puedas justificar.[\/vc_column_text][vc_custom_heading uncode_shortcode_id=\u00bb201305&#8243;]<\/p>\n<h2>5. Mejora est\u00e9tica: un cambio de imagen r\u00e1pido pero eficaz<\/h2>\n<p>[\/vc_custom_heading][vc_column_text uncode_shortcode_id=\u00bb134759&#8243;]A veces bastan unas pinceladas para cambiar radicalmente la imagen de una casa.<\/p>\n<p>\ud83d\udc49 Peque\u00f1os trabajos que marcan una gran diferencia :<\/p>\n<ul>\n<li aria-level=\"1\">Pintado en tonos neutros y modernos.<\/li>\n<li aria-level=\"1\">Sustituir los suelos da\u00f1ados por un revestimiento de moda (parquet laminado, vinilo efecto madera).<\/li>\n<li aria-level=\"1\">Iluminaci\u00f3n de dise\u00f1o para crear un ambiente c\u00e1lido.<\/li>\n<\/ul>\n<p>Estas mejoras cuestan menos que una renovaci\u00f3n importante, pero <b>a\u00f1aden un valor<\/b> considerable en t\u00e9rminos de percepci\u00f3n.[\/vc_column_text][vc_custom_heading uncode_shortcode_id=\u00bb935348&#8243;]<\/p>\n<h2>6. Equipamiento pr\u00e1ctico: el detalle que atrae<\/h2>\n<p>[\/vc_custom_heading][vc_column_text uncode_shortcode_id=\u00bb172806&#8243;]Una vivienda bien equipada siempre destaca en el mercado de alquiler.<\/p>\n<p>\ud83d\udc49 Algunas ideas de gran impacto:<\/p>\n<ul>\n<li aria-level=\"1\">Instala una conexi\u00f3n de fibra o una toma RJ45 (a los teletrabajadores les encanta).<\/li>\n<li aria-level=\"1\">Instala persianas enrollables el\u00e9ctricas para mayor comodidad.<\/li>\n<li aria-level=\"1\">Sugiere espacio de almacenamiento adicional (armarios, estanter\u00edas).<\/li>\n<\/ul>\n<p>A menudo es este tipo de \u00abpeque\u00f1os extras\u00bb lo que hace que un inquilino se enamore de la propiedad.<\/p>\n<p>[\/vc_column_text][vc_custom_heading uncode_shortcode_id=\u00bb305834&#8243;]<\/p>\n<h2>7. Fuera: una prima que compensa<\/h2>\n<p>[\/vc_custom_heading][vc_single_image media=\u00bb126668&#8243; media_width_percent=\u00bb100&#8243; uncode_shortcode_id=\u00bb872666&#8243;][vc_column_text uncode_shortcode_id=\u00bb398342&#8243;]Si tienes la suerte de disponer de balc\u00f3n, terraza o jard\u00edn, \u00a1aprov\u00e9chalos! Estos espacios se han convertido en bienes preciados, sobre todo desde el auge del teletrabajo. <\/p>\n<p>\ud83d\udc49 Posible trabajo :<\/p>\n<ul>\n<li aria-level=\"1\">Coloca un atractivo suelo de exterior.<\/li>\n<li aria-level=\"1\">Crea una zona de relajaci\u00f3n con un m\u00ednimo de accesorios.<\/li>\n<li aria-level=\"1\">Mant\u00e9n la plantaci\u00f3n para garantizar un aspecto acogedor.<\/li>\n<\/ul>\n<p>Un exterior bien cuidado, aunque sea peque\u00f1o, puede aumentar considerablemente <b>el valor del alquiler<\/b>.[\/vc_column_text][vc_custom_heading uncode_shortcode_id=\u00bb228699&#8243;]<\/p>\n<h2>Conclusi\u00f3n: las reformas son una estrategia ganadora para aumentar el valor del alquiler<\/h2>\n<p>[\/vc_custom_heading][vc_column_text uncode_shortcode_id=\u00bb160052&#8243;]En resumen, para mejorar <b>el valor de alquiler<\/b> de tu propiedad, c\u00e9ntrate en :<\/p>\n<ul>\n<li aria-level=\"1\">Habitaciones estrat\u00e9gicas (cocina, ba\u00f1o).<\/li>\n<li aria-level=\"1\">Confort energ\u00e9tico y aislamiento.<\/li>\n<li aria-level=\"1\">Optimizar y embellecer los espacios.<\/li>\n<li aria-level=\"1\">Los peque\u00f1os detalles pr\u00e1cticos y est\u00e9ticos que marcan la diferencia.<\/li>\n<\/ul>\n<p>Estas <b>obras<\/b> son inversiones inteligentes que se traducen en una mayor rentabilidad, menos desocupaciones y, sobre todo, inquilinos satisfechos.<\/p>\n<p>Al fin y al cabo, una propiedad que da ganas de mudarse&#8230; \u00a1es una propiedad que se alquila r\u00e1pido y bien![\/vc_column_text][\/vc_column][\/vc_row]<\/p>\n<\/div>","protected":false},"excerpt":{"rendered":"<p>[vc_row][vc_column width=\u00bb1\/1&#8243;][vc_column_text uncode_shortcode_id=\u00bb176051&#8243;]\u00bfEres propietario y te preguntas qu\u00e9 obras deber\u00edas hacer para aumentar el valor de alquiler de tu piso [&hellip;]<\/p>\n","protected":false},"author":3,"featured_media":126649,"comment_status":"closed","ping_status":"open","sticky":false,"template":"","format":"standard","meta":{"footnotes":""},"categories":[910,924],"tags":[2437,1926,1934,1971,2006,2024,2027,2030],"class_list":["post-126678","post","type-post","status-publish","format-standard","has-post-thumbnail","hentry","category-particulares","category-profesionales","tag-trabaja","tag-folleto-de-bienvenida","tag-styqr-es","tag-turismo","tag-alquiler","tag-alquiler-de-temporada","tag-renovacion","tag-reservas"],"yoast_head":"<!-- This site is optimized with the Yoast SEO Premium plugin v27.4 (Yoast SEO v27.4) - https:\/\/yoast.com\/product\/yoast-seo-premium-wordpress\/ -->\n<title>R\u00e9formes intelligentes : De la peur aux r\u00e9sultats positifs.<\/title>\n<meta name=\"description\" content=\"Da miedo pensar en hacer obras, pero si se hacen con inteligencia s\u00f3lo pueden dar resultados positivos. \u00a1Nosotros te guiaremos!\" \/>\n<meta name=\"robots\" content=\"index, follow, max-snippet:-1, max-image-preview:large, max-video-preview:-1\" \/>\n<link rel=\"canonical\" href=\"https:\/\/styqr.fr\/es\/2025\/08\/20\/obras-que-aumenta-el-valor-de-alquiler-de-un-inmueble\/\" \/>\n<meta property=\"og:locale\" content=\"es_ES\" \/>\n<meta property=\"og:type\" content=\"article\" \/>\n<meta property=\"og:title\" content=\"StyQR | Le livret d&#039;accueil digital\" \/>\n<meta property=\"og:description\" content=\"Da miedo pensar en hacer obras, pero si se hacen con inteligencia s\u00f3lo pueden dar resultados positivos. \u00a1Nosotros te guiaremos!\" \/>\n<meta property=\"og:url\" content=\"https:\/\/styqr.fr\/es\/2025\/08\/20\/obras-que-aumenta-el-valor-de-alquiler-de-un-inmueble\/\" \/>\n<meta property=\"og:site_name\" content=\"StyQR\" \/>\n<meta property=\"article:publisher\" content=\"https:\/\/fr-fr.facebook.com\/styqr\/\" \/>\n<meta property=\"article:published_time\" content=\"2025-08-20T18:15:55+00:00\" \/>\n<meta property=\"article:modified_time\" content=\"2025-08-20T18:15:56+00:00\" \/>\n<meta property=\"og:image\" content=\"https:\/\/styqr.fr\/wp-content\/uploads\/2025\/08\/workers-make-repairs-in-new-apartment-woman-and-m-2025-03-10-17-12-32-utc-min-scaled.jpg\" \/>\n\t<meta property=\"og:image:width\" content=\"2560\" \/>\n\t<meta property=\"og:image:height\" content=\"1707\" \/>\n\t<meta property=\"og:image:type\" content=\"image\/jpeg\" \/>\n<meta name=\"author\" content=\"Marine\" \/>\n<meta name=\"twitter:card\" content=\"summary_large_image\" \/>\n<meta name=\"twitter:creator\" content=\"@julien-styqr-admin\" \/>\n<script type=\"application\/ld+json\" class=\"yoast-schema-graph\">{\"@context\":\"https:\\\/\\\/schema.org\",\"@graph\":[{\"@type\":\"Article\",\"@id\":\"https:\\\/\\\/styqr.fr\\\/es\\\/2025\\\/08\\\/20\\\/obras-que-aumenta-el-valor-de-alquiler-de-un-inmueble\\\/#article\",\"isPartOf\":{\"@id\":\"https:\\\/\\\/styqr.fr\\\/es\\\/2025\\\/08\\\/20\\\/obras-que-aumenta-el-valor-de-alquiler-de-un-inmueble\\\/\"},\"author\":{\"name\":\"Marine\",\"@id\":\"https:\\\/\\\/styqr.fr\\\/es\\\/#\\\/schema\\\/person\\\/9961aca9b86c9501bc1a72282df89aac\"},\"headline\":\"Obras: \u00bfqu\u00e9 aumenta el valor de alquiler de un inmueble?\",\"datePublished\":\"2025-08-20T18:15:55+00:00\",\"dateModified\":\"2025-08-20T18:15:56+00:00\",\"mainEntityOfPage\":{\"@id\":\"https:\\\/\\\/styqr.fr\\\/es\\\/2025\\\/08\\\/20\\\/obras-que-aumenta-el-valor-de-alquiler-de-un-inmueble\\\/\"},\"wordCount\":1137,\"publisher\":{\"@id\":\"https:\\\/\\\/styqr.fr\\\/es\\\/#organization\"},\"image\":{\"@id\":\"https:\\\/\\\/styqr.fr\\\/es\\\/2025\\\/08\\\/20\\\/obras-que-aumenta-el-valor-de-alquiler-de-un-inmueble\\\/#primaryimage\"},\"thumbnailUrl\":\"https:\\\/\\\/styqr.fr\\\/wp-content\\\/uploads\\\/2025\\\/08\\\/workers-make-repairs-in-new-apartment-woman-and-m-2025-03-10-17-12-32-utc-min-scaled.jpg\",\"keywords\":[\"trabaja\",\"folleto de bienvenida\",\"styqr\",\"turismo\",\"alquiler\",\"alquiler de temporada\",\"renovaci\u00f3n\",\"reservas\"],\"articleSection\":[\"Particulares\",\"Profesionales\"],\"inLanguage\":\"es\"},{\"@type\":\"WebPage\",\"@id\":\"https:\\\/\\\/styqr.fr\\\/es\\\/2025\\\/08\\\/20\\\/obras-que-aumenta-el-valor-de-alquiler-de-un-inmueble\\\/\",\"url\":\"https:\\\/\\\/styqr.fr\\\/es\\\/2025\\\/08\\\/20\\\/obras-que-aumenta-el-valor-de-alquiler-de-un-inmueble\\\/\",\"name\":\"R\u00e9formes intelligentes : De la peur aux r\u00e9sultats positifs.\",\"isPartOf\":{\"@id\":\"https:\\\/\\\/styqr.fr\\\/es\\\/#website\"},\"primaryImageOfPage\":{\"@id\":\"https:\\\/\\\/styqr.fr\\\/es\\\/2025\\\/08\\\/20\\\/obras-que-aumenta-el-valor-de-alquiler-de-un-inmueble\\\/#primaryimage\"},\"image\":{\"@id\":\"https:\\\/\\\/styqr.fr\\\/es\\\/2025\\\/08\\\/20\\\/obras-que-aumenta-el-valor-de-alquiler-de-un-inmueble\\\/#primaryimage\"},\"thumbnailUrl\":\"https:\\\/\\\/styqr.fr\\\/wp-content\\\/uploads\\\/2025\\\/08\\\/workers-make-repairs-in-new-apartment-woman-and-m-2025-03-10-17-12-32-utc-min-scaled.jpg\",\"datePublished\":\"2025-08-20T18:15:55+00:00\",\"dateModified\":\"2025-08-20T18:15:56+00:00\",\"description\":\"Da miedo pensar en hacer obras, pero si se hacen con inteligencia s\u00f3lo pueden dar resultados positivos. \u00a1Nosotros te guiaremos!\",\"breadcrumb\":{\"@id\":\"https:\\\/\\\/styqr.fr\\\/es\\\/2025\\\/08\\\/20\\\/obras-que-aumenta-el-valor-de-alquiler-de-un-inmueble\\\/#breadcrumb\"},\"inLanguage\":\"es\",\"potentialAction\":[{\"@type\":\"ReadAction\",\"target\":[\"https:\\\/\\\/styqr.fr\\\/es\\\/2025\\\/08\\\/20\\\/obras-que-aumenta-el-valor-de-alquiler-de-un-inmueble\\\/\"]}]},{\"@type\":\"ImageObject\",\"inLanguage\":\"es\",\"@id\":\"https:\\\/\\\/styqr.fr\\\/es\\\/2025\\\/08\\\/20\\\/obras-que-aumenta-el-valor-de-alquiler-de-un-inmueble\\\/#primaryimage\",\"url\":\"https:\\\/\\\/styqr.fr\\\/wp-content\\\/uploads\\\/2025\\\/08\\\/workers-make-repairs-in-new-apartment-woman-and-m-2025-03-10-17-12-32-utc-min-scaled.jpg\",\"contentUrl\":\"https:\\\/\\\/styqr.fr\\\/wp-content\\\/uploads\\\/2025\\\/08\\\/workers-make-repairs-in-new-apartment-woman-and-m-2025-03-10-17-12-32-utc-min-scaled.jpg\",\"width\":2560,\"height\":1707,\"caption\":\"travaux, location,\"},{\"@type\":\"BreadcrumbList\",\"@id\":\"https:\\\/\\\/styqr.fr\\\/es\\\/2025\\\/08\\\/20\\\/obras-que-aumenta-el-valor-de-alquiler-de-un-inmueble\\\/#breadcrumb\",\"itemListElement\":[{\"@type\":\"ListItem\",\"position\":1,\"name\":\"Inicio\",\"item\":\"https:\\\/\\\/styqr.fr\\\/es\\\/\"},{\"@type\":\"ListItem\",\"position\":2,\"name\":\"Particulares\",\"item\":\"https:\\\/\\\/styqr.fr\\\/es\\\/nos-categories\\\/particulares\\\/\"},{\"@type\":\"ListItem\",\"position\":3,\"name\":\"Obras: \u00bfqu\u00e9 aumenta el valor de alquiler de un inmueble?\"}]},{\"@type\":\"WebSite\",\"@id\":\"https:\\\/\\\/styqr.fr\\\/es\\\/#website\",\"url\":\"https:\\\/\\\/styqr.fr\\\/es\\\/\",\"name\":\"StyQR\",\"description\":\"Cr\u00e9ez votre livret d&#039;accueil digital personnalis\u00e9 pour vos voyageurs\",\"publisher\":{\"@id\":\"https:\\\/\\\/styqr.fr\\\/es\\\/#organization\"},\"potentialAction\":[{\"@type\":\"SearchAction\",\"target\":{\"@type\":\"EntryPoint\",\"urlTemplate\":\"https:\\\/\\\/styqr.fr\\\/es\\\/?s={search_term_string}\"},\"query-input\":{\"@type\":\"PropertyValueSpecification\",\"valueRequired\":true,\"valueName\":\"search_term_string\"}}],\"inLanguage\":\"es\"},{\"@type\":\"Organization\",\"@id\":\"https:\\\/\\\/styqr.fr\\\/es\\\/#organization\",\"name\":\"StyQR\",\"url\":\"https:\\\/\\\/styqr.fr\\\/es\\\/\",\"logo\":{\"@type\":\"ImageObject\",\"inLanguage\":\"es\",\"@id\":\"https:\\\/\\\/styqr.fr\\\/es\\\/#\\\/schema\\\/logo\\\/image\\\/\",\"url\":\"https:\\\/\\\/styqr.fr\\\/wp-content\\\/uploads\\\/2020\\\/11\\\/Fichier-5.png\",\"contentUrl\":\"https:\\\/\\\/styqr.fr\\\/wp-content\\\/uploads\\\/2020\\\/11\\\/Fichier-5.png\",\"width\":388,\"height\":194,\"caption\":\"StyQR\"},\"image\":{\"@id\":\"https:\\\/\\\/styqr.fr\\\/es\\\/#\\\/schema\\\/logo\\\/image\\\/\"},\"sameAs\":[\"https:\\\/\\\/fr-fr.facebook.com\\\/styqr\\\/\",\"https:\\\/\\\/www.instagram.com\\\/styqr_fr\\\/\",\"https:\\\/\\\/fr.linkedin.com\\\/company\\\/styqr\"],\"description\":\"StyQR, le livret d'accueil digital\",\"email\":\"contact@styqr.fr\",\"legalName\":\"SAS StyQR\",\"foundingDate\":\"2019-05-27\",\"vatID\":\"FR55824532865\",\"taxID\":\"82453286500014\",\"numberOfEmployees\":{\"@type\":\"QuantitativeValue\",\"minValue\":\"1\",\"maxValue\":\"10\"}},{\"@type\":\"Person\",\"@id\":\"https:\\\/\\\/styqr.fr\\\/es\\\/#\\\/schema\\\/person\\\/9961aca9b86c9501bc1a72282df89aac\",\"name\":\"Marine\",\"image\":{\"@type\":\"ImageObject\",\"inLanguage\":\"es\",\"@id\":\"https:\\\/\\\/secure.gravatar.com\\\/avatar\\\/647b7182996833269bfb418442442520d7a3cf1ce76c2bbb26b93d7fbb28bb58?s=96&d=mm&r=g\",\"url\":\"https:\\\/\\\/secure.gravatar.com\\\/avatar\\\/647b7182996833269bfb418442442520d7a3cf1ce76c2bbb26b93d7fbb28bb58?s=96&d=mm&r=g\",\"contentUrl\":\"https:\\\/\\\/secure.gravatar.com\\\/avatar\\\/647b7182996833269bfb418442442520d7a3cf1ce76c2bbb26b93d7fbb28bb58?s=96&d=mm&r=g\",\"caption\":\"Marine\"},\"sameAs\":[\"https:\\\/\\\/x.com\\\/julien-styqr-admin\"]}]}<\/script>\n<!-- \/ Yoast SEO Premium plugin. -->","yoast_head_json":{"title":"R\u00e9formes intelligentes : De la peur aux r\u00e9sultats positifs.","description":"Da miedo pensar en hacer obras, pero si se hacen con inteligencia s\u00f3lo pueden dar resultados positivos. \u00a1Nosotros te guiaremos!","robots":{"index":"index","follow":"follow","max-snippet":"max-snippet:-1","max-image-preview":"max-image-preview:large","max-video-preview":"max-video-preview:-1"},"canonical":"https:\/\/styqr.fr\/es\/2025\/08\/20\/obras-que-aumenta-el-valor-de-alquiler-de-un-inmueble\/","og_locale":"es_ES","og_type":"article","og_title":"StyQR | Le livret d'accueil digital","og_description":"Da miedo pensar en hacer obras, pero si se hacen con inteligencia s\u00f3lo pueden dar resultados positivos. \u00a1Nosotros te guiaremos!","og_url":"https:\/\/styqr.fr\/es\/2025\/08\/20\/obras-que-aumenta-el-valor-de-alquiler-de-un-inmueble\/","og_site_name":"StyQR","article_publisher":"https:\/\/fr-fr.facebook.com\/styqr\/","article_published_time":"2025-08-20T18:15:55+00:00","article_modified_time":"2025-08-20T18:15:56+00:00","og_image":[{"width":2560,"height":1707,"url":"https:\/\/styqr.fr\/wp-content\/uploads\/2025\/08\/workers-make-repairs-in-new-apartment-woman-and-m-2025-03-10-17-12-32-utc-min-scaled.jpg","type":"image\/jpeg"}],"author":"Marine","twitter_card":"summary_large_image","twitter_creator":"@julien-styqr-admin","schema":{"@context":"https:\/\/schema.org","@graph":[{"@type":"Article","@id":"https:\/\/styqr.fr\/es\/2025\/08\/20\/obras-que-aumenta-el-valor-de-alquiler-de-un-inmueble\/#article","isPartOf":{"@id":"https:\/\/styqr.fr\/es\/2025\/08\/20\/obras-que-aumenta-el-valor-de-alquiler-de-un-inmueble\/"},"author":{"name":"Marine","@id":"https:\/\/styqr.fr\/es\/#\/schema\/person\/9961aca9b86c9501bc1a72282df89aac"},"headline":"Obras: \u00bfqu\u00e9 aumenta el valor de alquiler de un inmueble?","datePublished":"2025-08-20T18:15:55+00:00","dateModified":"2025-08-20T18:15:56+00:00","mainEntityOfPage":{"@id":"https:\/\/styqr.fr\/es\/2025\/08\/20\/obras-que-aumenta-el-valor-de-alquiler-de-un-inmueble\/"},"wordCount":1137,"publisher":{"@id":"https:\/\/styqr.fr\/es\/#organization"},"image":{"@id":"https:\/\/styqr.fr\/es\/2025\/08\/20\/obras-que-aumenta-el-valor-de-alquiler-de-un-inmueble\/#primaryimage"},"thumbnailUrl":"https:\/\/styqr.fr\/wp-content\/uploads\/2025\/08\/workers-make-repairs-in-new-apartment-woman-and-m-2025-03-10-17-12-32-utc-min-scaled.jpg","keywords":["trabaja","folleto de bienvenida","styqr","turismo","alquiler","alquiler de temporada","renovaci\u00f3n","reservas"],"articleSection":["Particulares","Profesionales"],"inLanguage":"es"},{"@type":"WebPage","@id":"https:\/\/styqr.fr\/es\/2025\/08\/20\/obras-que-aumenta-el-valor-de-alquiler-de-un-inmueble\/","url":"https:\/\/styqr.fr\/es\/2025\/08\/20\/obras-que-aumenta-el-valor-de-alquiler-de-un-inmueble\/","name":"R\u00e9formes intelligentes : De la peur aux r\u00e9sultats positifs.","isPartOf":{"@id":"https:\/\/styqr.fr\/es\/#website"},"primaryImageOfPage":{"@id":"https:\/\/styqr.fr\/es\/2025\/08\/20\/obras-que-aumenta-el-valor-de-alquiler-de-un-inmueble\/#primaryimage"},"image":{"@id":"https:\/\/styqr.fr\/es\/2025\/08\/20\/obras-que-aumenta-el-valor-de-alquiler-de-un-inmueble\/#primaryimage"},"thumbnailUrl":"https:\/\/styqr.fr\/wp-content\/uploads\/2025\/08\/workers-make-repairs-in-new-apartment-woman-and-m-2025-03-10-17-12-32-utc-min-scaled.jpg","datePublished":"2025-08-20T18:15:55+00:00","dateModified":"2025-08-20T18:15:56+00:00","description":"Da miedo pensar en hacer obras, pero si se hacen con inteligencia s\u00f3lo pueden dar resultados positivos. \u00a1Nosotros te guiaremos!","breadcrumb":{"@id":"https:\/\/styqr.fr\/es\/2025\/08\/20\/obras-que-aumenta-el-valor-de-alquiler-de-un-inmueble\/#breadcrumb"},"inLanguage":"es","potentialAction":[{"@type":"ReadAction","target":["https:\/\/styqr.fr\/es\/2025\/08\/20\/obras-que-aumenta-el-valor-de-alquiler-de-un-inmueble\/"]}]},{"@type":"ImageObject","inLanguage":"es","@id":"https:\/\/styqr.fr\/es\/2025\/08\/20\/obras-que-aumenta-el-valor-de-alquiler-de-un-inmueble\/#primaryimage","url":"https:\/\/styqr.fr\/wp-content\/uploads\/2025\/08\/workers-make-repairs-in-new-apartment-woman-and-m-2025-03-10-17-12-32-utc-min-scaled.jpg","contentUrl":"https:\/\/styqr.fr\/wp-content\/uploads\/2025\/08\/workers-make-repairs-in-new-apartment-woman-and-m-2025-03-10-17-12-32-utc-min-scaled.jpg","width":2560,"height":1707,"caption":"travaux, location,"},{"@type":"BreadcrumbList","@id":"https:\/\/styqr.fr\/es\/2025\/08\/20\/obras-que-aumenta-el-valor-de-alquiler-de-un-inmueble\/#breadcrumb","itemListElement":[{"@type":"ListItem","position":1,"name":"Inicio","item":"https:\/\/styqr.fr\/es\/"},{"@type":"ListItem","position":2,"name":"Particulares","item":"https:\/\/styqr.fr\/es\/nos-categories\/particulares\/"},{"@type":"ListItem","position":3,"name":"Obras: \u00bfqu\u00e9 aumenta el valor de alquiler de un inmueble?"}]},{"@type":"WebSite","@id":"https:\/\/styqr.fr\/es\/#website","url":"https:\/\/styqr.fr\/es\/","name":"StyQR","description":"Cr\u00e9ez votre livret d&#039;accueil digital personnalis\u00e9 pour vos voyageurs","publisher":{"@id":"https:\/\/styqr.fr\/es\/#organization"},"potentialAction":[{"@type":"SearchAction","target":{"@type":"EntryPoint","urlTemplate":"https:\/\/styqr.fr\/es\/?s={search_term_string}"},"query-input":{"@type":"PropertyValueSpecification","valueRequired":true,"valueName":"search_term_string"}}],"inLanguage":"es"},{"@type":"Organization","@id":"https:\/\/styqr.fr\/es\/#organization","name":"StyQR","url":"https:\/\/styqr.fr\/es\/","logo":{"@type":"ImageObject","inLanguage":"es","@id":"https:\/\/styqr.fr\/es\/#\/schema\/logo\/image\/","url":"https:\/\/styqr.fr\/wp-content\/uploads\/2020\/11\/Fichier-5.png","contentUrl":"https:\/\/styqr.fr\/wp-content\/uploads\/2020\/11\/Fichier-5.png","width":388,"height":194,"caption":"StyQR"},"image":{"@id":"https:\/\/styqr.fr\/es\/#\/schema\/logo\/image\/"},"sameAs":["https:\/\/fr-fr.facebook.com\/styqr\/","https:\/\/www.instagram.com\/styqr_fr\/","https:\/\/fr.linkedin.com\/company\/styqr"],"description":"StyQR, le livret d'accueil digital","email":"contact@styqr.fr","legalName":"SAS StyQR","foundingDate":"2019-05-27","vatID":"FR55824532865","taxID":"82453286500014","numberOfEmployees":{"@type":"QuantitativeValue","minValue":"1","maxValue":"10"}},{"@type":"Person","@id":"https:\/\/styqr.fr\/es\/#\/schema\/person\/9961aca9b86c9501bc1a72282df89aac","name":"Marine","image":{"@type":"ImageObject","inLanguage":"es","@id":"https:\/\/secure.gravatar.com\/avatar\/647b7182996833269bfb418442442520d7a3cf1ce76c2bbb26b93d7fbb28bb58?s=96&d=mm&r=g","url":"https:\/\/secure.gravatar.com\/avatar\/647b7182996833269bfb418442442520d7a3cf1ce76c2bbb26b93d7fbb28bb58?s=96&d=mm&r=g","contentUrl":"https:\/\/secure.gravatar.com\/avatar\/647b7182996833269bfb418442442520d7a3cf1ce76c2bbb26b93d7fbb28bb58?s=96&d=mm&r=g","caption":"Marine"},"sameAs":["https:\/\/x.com\/julien-styqr-admin"]}]}},"_links":{"self":[{"href":"https:\/\/styqr.fr\/es\/wp-json\/wp\/v2\/posts\/126678","targetHints":{"allow":["GET"]}}],"collection":[{"href":"https:\/\/styqr.fr\/es\/wp-json\/wp\/v2\/posts"}],"about":[{"href":"https:\/\/styqr.fr\/es\/wp-json\/wp\/v2\/types\/post"}],"author":[{"embeddable":true,"href":"https:\/\/styqr.fr\/es\/wp-json\/wp\/v2\/users\/3"}],"replies":[{"embeddable":true,"href":"https:\/\/styqr.fr\/es\/wp-json\/wp\/v2\/comments?post=126678"}],"version-history":[{"count":0,"href":"https:\/\/styqr.fr\/es\/wp-json\/wp\/v2\/posts\/126678\/revisions"}],"wp:featuredmedia":[{"embeddable":true,"href":"https:\/\/styqr.fr\/es\/wp-json\/wp\/v2\/media\/126649"}],"wp:attachment":[{"href":"https:\/\/styqr.fr\/es\/wp-json\/wp\/v2\/media?parent=126678"}],"wp:term":[{"taxonomy":"category","embeddable":true,"href":"https:\/\/styqr.fr\/es\/wp-json\/wp\/v2\/categories?post=126678"},{"taxonomy":"post_tag","embeddable":true,"href":"https:\/\/styqr.fr\/es\/wp-json\/wp\/v2\/tags?post=126678"}],"curies":[{"name":"wp","href":"https:\/\/api.w.org\/{rel}","templated":true}]}}