{"id":125060,"date":"2025-07-08T09:36:25","date_gmt":"2025-07-08T07:36:25","guid":{"rendered":"https:\/\/styqr.fr\/2025\/07\/01\/%f0%9f%9b%91-nuevo-limite-de-90-dias-ano-para-el-alquiler-vacacional\/"},"modified":"2025-08-12T09:13:03","modified_gmt":"2025-08-12T07:13:03","slug":"%f0%9f%9b%91-nuevo-limite-de-90-dias-ano-para-el-alquiler-vacacional","status":"publish","type":"post","link":"https:\/\/styqr.fr\/es\/2025\/07\/08\/%f0%9f%9b%91-nuevo-limite-de-90-dias-ano-para-el-alquiler-vacacional\/","title":{"rendered":"Nuevo l\u00edmite de 90 d\u00edas\/a\u00f1o para el alquiler vacacional"},"content":{"rendered":"<div class=\"wpb-content-wrapper\"><p>[vc_row][vc_column width=\u00bb1\/1&#8243;][vc_column_text uncode_shortcode_id=\u00bb130730&#8243;]Tranquilos, propietarios y anfitriones de Airbnb, \u00a1vuestras chanclas a\u00fan no se han jubilado! Pero a partir de 2025, el famoso l\u00edmite <b>de 120 d\u00edas<\/b> para alquilar tu vivienda principal como alquiler vacacional podr\u00eda reducirse a s\u00f3lo <b>90 d\u00edas al a\u00f1o<\/b>. Aqu\u00ed tienes un an\u00e1lisis m\u00e1s detallado de lo que esto significa para ti.[\/vc_column_text][\/vc_column][\/vc_row][vc_row][vc_column width=\u00bb1\/1&#8243;][vc_row_inner][vc_column_inner column_width_percent=\u00bb100&#8243; gutter_size=\u00bb0&#8243; overlay_alpha=\u00bb50&#8243; shift_x=\u00bb0&#8243; shift_y=\u00bb0&#8243; shift_y_down=\u00bb0&#8243; z_index=\u00bb0&#8243; medium_width=\u00bb0&#8243; mobile_width=\u00bb0&#8243; width=\u00bb1\/1&#8243;][vc_custom_heading uncode_shortcode_id=\u00bb663035&#8243;]<\/p>\n<h2>\ud83d\udccc \u00bfPor qu\u00e9 la reforma de 90 d\u00edas?<\/h2>\n<p>[\/vc_custom_heading][vc_empty_space empty_h=\u00bb2&#8243;][vc_column_text uncode_shortcode_id=\u00bb130596&#8243;]Esta medida, derivada de la ley \u00abLe Meur\u00bb (n\u00ba 2024-1039 de 19 de noviembre de 2024), tiene por objeto <b>proteger el parque de alquileres destinados a los residentes<\/b> y frenar la expansi\u00f3n de los alquileres de corta duraci\u00f3n, sobre todo en zonas tensas. En la pr\u00e1ctica, las autoridades locales situadas en zonas tensas (y en algunos casos todas las autoridades locales en mayo de 2026) pueden decidir, por simple votaci\u00f3n del consejo local, reducir el l\u00edmite m\u00e1ximo de 120 a 90 d\u00edas.[\/vc_column_text][\/vc_column_inner][\/vc_row_inner][\/vc_column][\/vc_row][vc_row][vc_column width=\u00bb1\/1&#8243;][vc_custom_heading uncode_shortcode_id=\u00bb995709&#8243;]<\/p>\n<h2>\ud83c\udfe0 \u00bfA qui\u00e9n afecta?<\/h2>\n<p>[\/vc_custom_heading][vc_column_text uncode_shortcode_id=\u00bb154655&#8243;]Se trata principalmente de residencias <b>principales<\/b> (habitadas al menos 8 meses al a\u00f1o). Las residencias secundarias quedan fuera del \u00e1mbito de aplicaci\u00f3n de este techo, pero cuidado: est\u00e1n sujetas a otras limitaciones de planificaci\u00f3n y cambio de uso.[\/vc_column_text][vc_custom_heading uncode_shortcode_id=\u00bb478363&#8243;]<\/p>\n<h2>\ud83d\udcdd Lo que debes saber como propietario de una vivienda habitual<\/h2>\n<p>[\/vc_custom_heading][vc_column_text uncode_shortcode_id=\u00bb497235&#8243;]<b>Periodo m\u00e1ximo de alquiler reducido<\/b>: tu vivienda habitual ya no podr\u00e1 alquilarse m\u00e1s de 90 d\u00edas al a\u00f1o si la autoridad local as\u00ed lo exige (en caso contrario, 120 d\u00edas como m\u00e1ximo).<\/p>\n<p><b>Declaraci\u00f3n obligatoria<\/b>: todos los alquileres deben registrarse ante la autoridad local, con un n\u00famero que aparecer\u00e1 en tus anuncios (Airbnb, Abritel&#8230;).<\/p>\n<p><b>Cambio de uso<\/b>: superar el umbral sin autorizaci\u00f3n municipal puede requerir un cambio de uso del alojamiento complejo y potencialmente costoso.<\/p>\n<p><b>Multas y controles<\/b>: hasta 15.000 euros si superas la cuota, 10.000 euros si no declaras y 20.000 euros si haces una declaraci\u00f3n falsa.[\/vc_column_text][vc_custom_heading uncode_shortcode_id=\u00bb196318&#8243;]<\/p>\n<h2>\ud83e\udded \u00bfQu\u00e9 hay que hacer concretamente?<\/h2>\n<p>[\/vc_custom_heading][vc_column_text uncode_shortcode_id=\u00bb553786&#8243;]Aqu\u00ed tienes unos cuantos consejos que te ayudar\u00e1n a navegar por este nuevo entorno con tranquilidad:<\/p>\n<p><b>Consulta con tu ayuntamiento<\/b>: cada ayuntamiento puede adoptar o no el l\u00edmite de 90 d\u00edas; compru\u00e9balo antes de planificar tus reservas.<\/p>\n<p><b>Registra<\/b> ahora <b>tu alquiler<\/b> utilizando el formulario Cerfa o el teleservicio municipal. Recibir\u00e1s un n\u00famero para insertar en tus anuncios. <\/p>\n<p><b>Planif\u00edcate sabiamente<\/b>: \u00a1anticipa tu calendario para no sobrepasar los d\u00edas autorizados, sobre todo en temporada alta!<\/p>\n<p><b>Vigila el contador<\/b>: las plataformas deben desactivar tus anuncios por encima del umbral si la autoridad local exige un n\u00famero de registro.<\/p>\n<p><b>Explora otros formatos<\/b>: considera la posibilidad de un contrato de movilidad (de 1 a 10 meses), un alquiler compartido o un alquiler durante todo el a\u00f1o (contrato est\u00e1ndar amueblado) para complementar tus ingresos sin coste alguno.[\/vc_column_text][vc_custom_heading uncode_shortcode_id=\u00bb180481&#8243;]<\/p>\n<h2>\ud83d\ude05 Algunas an\u00e9cdotas a tener en cuenta<\/h2>\n<p>[\/vc_custom_heading][vc_column_text uncode_shortcode_id=\u00bb666956&#8243;]As\u00ed que s\u00ed, 90 d\u00edas es un poco como un tarro de Nutella: te gustar\u00eda disfrutar m\u00e1s, pero tienes que limitarte \ud83d\ude09. Y si alquilas una peque\u00f1a parte de tu alojamiento (como un dormitorio), el contador s\u00f3lo empieza a funcionar si el anfitri\u00f3n est\u00e1 ausente.[\/vc_column_text][vc_custom_heading uncode_shortcode_id=\u00bb127333&#8243;]<\/p>\n<h2>\u2705 En general<\/h2>\n<p>[\/vc_custom_heading][vc_column_text uncode_shortcode_id=\u00bb767975&#8243;]El <a href=\"https:\/\/www.service-public.fr\/particuliers\/actualites\/A17883\">nuevo l\u00edmite de 90 d\u00edas\/a\u00f1o<\/a> para el alquiler vacacional es un cambio importante para los propietarios de viviendas principales. \u00bfEs c\u00f3modo para ti? Depende: si sol\u00edas alquilar todo el verano, es hora de revisar tu calendario o explorar otras opciones. Pero con un poco de organizaci\u00f3n, te mantendr\u00e1s al d\u00eda&#8230; y evitar\u00e1s multas y palabrotas. Entonces, \u00bfest\u00e1s preparado para hacer malabarismos con las vacaciones, la normativa y la rentabilidad? \ud83d\ude09[\/vc_column_text][\/vc_column][\/vc_row]<\/p>\n<\/div>","protected":false},"excerpt":{"rendered":"<p>[vc_row][vc_column width=\u00bb1\/1&#8243;][vc_column_text uncode_shortcode_id=\u00bb130730&#8243;]Tranquilos, propietarios y anfitriones de Airbnb, \u00a1vuestras chanclas a\u00fan no se han jubilado! Pero a partir de 2025, [&hellip;]<\/p>\n","protected":false},"author":3,"featured_media":125052,"comment_status":"closed","ping_status":"open","sticky":false,"template":"","format":"standard","meta":{"footnotes":""},"categories":[910],"tags":[1926,1934,1971,2006,2024],"class_list":["post-125060","post","type-post","status-publish","format-standard","has-post-thumbnail","hentry","category-particulares","tag-folleto-de-bienvenida","tag-styqr-es","tag-turismo","tag-alquiler","tag-alquiler-de-temporada"],"yoast_head":"<!-- This site is optimized with the Yoast SEO Premium plugin v27.4 (Yoast SEO v27.4) - https:\/\/yoast.com\/product\/yoast-seo-premium-wordpress\/ -->\n<title>Limite de 90 jours pour les locations de vacances : Ce que vous devez savoir.<\/title>\n<meta name=\"description\" content=\"Descubre c\u00f3mo el nuevo l\u00edmite de 90 d\u00edas al a\u00f1o afecta a los alquileres vacacionales en viviendas principales. Te lo explicamos de manera clara y sencilla.\" \/>\n<meta name=\"robots\" content=\"index, follow, max-snippet:-1, max-image-preview:large, max-video-preview:-1\" \/>\n<link rel=\"canonical\" href=\"https:\/\/styqr.fr\/es\/2025\/07\/08\/%f0%9f%9b%91-nuevo-limite-de-90-dias-ano-para-el-alquiler-vacacional\/\" \/>\n<meta property=\"og:locale\" content=\"es_ES\" \/>\n<meta property=\"og:type\" content=\"article\" \/>\n<meta property=\"og:title\" content=\"StyQR | Le livret d&#039;accueil digital\" \/>\n<meta property=\"og:description\" content=\"Descubre c\u00f3mo el nuevo l\u00edmite de 90 d\u00edas al a\u00f1o afecta a los alquileres vacacionales en viviendas principales. Te lo explicamos de manera clara y sencilla.\" \/>\n<meta property=\"og:url\" content=\"https:\/\/styqr.fr\/es\/2025\/07\/08\/%f0%9f%9b%91-nuevo-limite-de-90-dias-ano-para-el-alquiler-vacacional\/\" \/>\n<meta property=\"og:site_name\" content=\"StyQR\" \/>\n<meta property=\"article:publisher\" content=\"https:\/\/fr-fr.facebook.com\/styqr\/\" \/>\n<meta property=\"article:published_time\" content=\"2025-07-08T07:36:25+00:00\" \/>\n<meta property=\"article:modified_time\" content=\"2025-08-12T07:13:03+00:00\" \/>\n<meta property=\"og:image\" content=\"https:\/\/styqr.fr\/wp-content\/uploads\/2025\/06\/warning-exclamation-mark-on-a-wooden-block-2025-01-07-09-54-50-utc-min-scaled.jpg\" \/>\n\t<meta property=\"og:image:width\" content=\"2560\" \/>\n\t<meta property=\"og:image:height\" content=\"1714\" \/>\n\t<meta property=\"og:image:type\" content=\"image\/jpeg\" \/>\n<meta name=\"author\" content=\"Marine\" \/>\n<meta name=\"twitter:card\" content=\"summary_large_image\" \/>\n<meta name=\"twitter:creator\" content=\"@julien-styqr-admin\" \/>\n<script type=\"application\/ld+json\" class=\"yoast-schema-graph\">{\"@context\":\"https:\\\/\\\/schema.org\",\"@graph\":[{\"@type\":\"Article\",\"@id\":\"https:\\\/\\\/styqr.fr\\\/es\\\/2025\\\/07\\\/08\\\/%f0%9f%9b%91-nuevo-limite-de-90-dias-ano-para-el-alquiler-vacacional\\\/#article\",\"isPartOf\":{\"@id\":\"https:\\\/\\\/styqr.fr\\\/es\\\/2025\\\/07\\\/08\\\/%f0%9f%9b%91-nuevo-limite-de-90-dias-ano-para-el-alquiler-vacacional\\\/\"},\"author\":{\"name\":\"Marine\",\"@id\":\"https:\\\/\\\/styqr.fr\\\/es\\\/#\\\/schema\\\/person\\\/9961aca9b86c9501bc1a72282df89aac\"},\"headline\":\"Nuevo l\u00edmite de 90 d\u00edas\\\/a\u00f1o para el alquiler vacacional\",\"datePublished\":\"2025-07-08T07:36:25+00:00\",\"dateModified\":\"2025-08-12T07:13:03+00:00\",\"mainEntityOfPage\":{\"@id\":\"https:\\\/\\\/styqr.fr\\\/es\\\/2025\\\/07\\\/08\\\/%f0%9f%9b%91-nuevo-limite-de-90-dias-ano-para-el-alquiler-vacacional\\\/\"},\"wordCount\":783,\"publisher\":{\"@id\":\"https:\\\/\\\/styqr.fr\\\/es\\\/#organization\"},\"image\":{\"@id\":\"https:\\\/\\\/styqr.fr\\\/es\\\/2025\\\/07\\\/08\\\/%f0%9f%9b%91-nuevo-limite-de-90-dias-ano-para-el-alquiler-vacacional\\\/#primaryimage\"},\"thumbnailUrl\":\"https:\\\/\\\/styqr.fr\\\/wp-content\\\/uploads\\\/2025\\\/06\\\/warning-exclamation-mark-on-a-wooden-block-2025-01-07-09-54-50-utc-min-scaled.jpg\",\"keywords\":[\"folleto de bienvenida\",\"styqr\",\"turismo\",\"alquiler\",\"alquiler de temporada\"],\"articleSection\":[\"Particulares\"],\"inLanguage\":\"es\"},{\"@type\":\"WebPage\",\"@id\":\"https:\\\/\\\/styqr.fr\\\/es\\\/2025\\\/07\\\/08\\\/%f0%9f%9b%91-nuevo-limite-de-90-dias-ano-para-el-alquiler-vacacional\\\/\",\"url\":\"https:\\\/\\\/styqr.fr\\\/es\\\/2025\\\/07\\\/08\\\/%f0%9f%9b%91-nuevo-limite-de-90-dias-ano-para-el-alquiler-vacacional\\\/\",\"name\":\"Limite de 90 jours pour les locations de vacances : Ce que vous devez savoir.\",\"isPartOf\":{\"@id\":\"https:\\\/\\\/styqr.fr\\\/es\\\/#website\"},\"primaryImageOfPage\":{\"@id\":\"https:\\\/\\\/styqr.fr\\\/es\\\/2025\\\/07\\\/08\\\/%f0%9f%9b%91-nuevo-limite-de-90-dias-ano-para-el-alquiler-vacacional\\\/#primaryimage\"},\"image\":{\"@id\":\"https:\\\/\\\/styqr.fr\\\/es\\\/2025\\\/07\\\/08\\\/%f0%9f%9b%91-nuevo-limite-de-90-dias-ano-para-el-alquiler-vacacional\\\/#primaryimage\"},\"thumbnailUrl\":\"https:\\\/\\\/styqr.fr\\\/wp-content\\\/uploads\\\/2025\\\/06\\\/warning-exclamation-mark-on-a-wooden-block-2025-01-07-09-54-50-utc-min-scaled.jpg\",\"datePublished\":\"2025-07-08T07:36:25+00:00\",\"dateModified\":\"2025-08-12T07:13:03+00:00\",\"description\":\"Descubre c\u00f3mo el nuevo l\u00edmite de 90 d\u00edas al a\u00f1o afecta a los alquileres vacacionales en viviendas principales. Te lo explicamos de manera clara y sencilla.\",\"breadcrumb\":{\"@id\":\"https:\\\/\\\/styqr.fr\\\/es\\\/2025\\\/07\\\/08\\\/%f0%9f%9b%91-nuevo-limite-de-90-dias-ano-para-el-alquiler-vacacional\\\/#breadcrumb\"},\"inLanguage\":\"es\",\"potentialAction\":[{\"@type\":\"ReadAction\",\"target\":[\"https:\\\/\\\/styqr.fr\\\/es\\\/2025\\\/07\\\/08\\\/%f0%9f%9b%91-nuevo-limite-de-90-dias-ano-para-el-alquiler-vacacional\\\/\"]}]},{\"@type\":\"ImageObject\",\"inLanguage\":\"es\",\"@id\":\"https:\\\/\\\/styqr.fr\\\/es\\\/2025\\\/07\\\/08\\\/%f0%9f%9b%91-nuevo-limite-de-90-dias-ano-para-el-alquiler-vacacional\\\/#primaryimage\",\"url\":\"https:\\\/\\\/styqr.fr\\\/wp-content\\\/uploads\\\/2025\\\/06\\\/warning-exclamation-mark-on-a-wooden-block-2025-01-07-09-54-50-utc-min-scaled.jpg\",\"contentUrl\":\"https:\\\/\\\/styqr.fr\\\/wp-content\\\/uploads\\\/2025\\\/06\\\/warning-exclamation-mark-on-a-wooden-block-2025-01-07-09-54-50-utc-min-scaled.jpg\",\"width\":2560,\"height\":1714,\"caption\":\"Un d\u00e9 avec un point d'exclamation\"},{\"@type\":\"BreadcrumbList\",\"@id\":\"https:\\\/\\\/styqr.fr\\\/es\\\/2025\\\/07\\\/08\\\/%f0%9f%9b%91-nuevo-limite-de-90-dias-ano-para-el-alquiler-vacacional\\\/#breadcrumb\",\"itemListElement\":[{\"@type\":\"ListItem\",\"position\":1,\"name\":\"Inicio\",\"item\":\"https:\\\/\\\/styqr.fr\\\/es\\\/\"},{\"@type\":\"ListItem\",\"position\":2,\"name\":\"Particulares\",\"item\":\"https:\\\/\\\/styqr.fr\\\/es\\\/nos-categories\\\/particulares\\\/\"},{\"@type\":\"ListItem\",\"position\":3,\"name\":\"Nuevo l\u00edmite de 90 d\u00edas\\\/a\u00f1o para el alquiler vacacional\"}]},{\"@type\":\"WebSite\",\"@id\":\"https:\\\/\\\/styqr.fr\\\/es\\\/#website\",\"url\":\"https:\\\/\\\/styqr.fr\\\/es\\\/\",\"name\":\"StyQR\",\"description\":\"Cr\u00e9ez votre livret d&#039;accueil digital personnalis\u00e9 pour vos voyageurs\",\"publisher\":{\"@id\":\"https:\\\/\\\/styqr.fr\\\/es\\\/#organization\"},\"potentialAction\":[{\"@type\":\"SearchAction\",\"target\":{\"@type\":\"EntryPoint\",\"urlTemplate\":\"https:\\\/\\\/styqr.fr\\\/es\\\/?s={search_term_string}\"},\"query-input\":{\"@type\":\"PropertyValueSpecification\",\"valueRequired\":true,\"valueName\":\"search_term_string\"}}],\"inLanguage\":\"es\"},{\"@type\":\"Organization\",\"@id\":\"https:\\\/\\\/styqr.fr\\\/es\\\/#organization\",\"name\":\"StyQR\",\"url\":\"https:\\\/\\\/styqr.fr\\\/es\\\/\",\"logo\":{\"@type\":\"ImageObject\",\"inLanguage\":\"es\",\"@id\":\"https:\\\/\\\/styqr.fr\\\/es\\\/#\\\/schema\\\/logo\\\/image\\\/\",\"url\":\"https:\\\/\\\/styqr.fr\\\/wp-content\\\/uploads\\\/2020\\\/11\\\/Fichier-5.png\",\"contentUrl\":\"https:\\\/\\\/styqr.fr\\\/wp-content\\\/uploads\\\/2020\\\/11\\\/Fichier-5.png\",\"width\":388,\"height\":194,\"caption\":\"StyQR\"},\"image\":{\"@id\":\"https:\\\/\\\/styqr.fr\\\/es\\\/#\\\/schema\\\/logo\\\/image\\\/\"},\"sameAs\":[\"https:\\\/\\\/fr-fr.facebook.com\\\/styqr\\\/\",\"https:\\\/\\\/www.instagram.com\\\/styqr_fr\\\/\",\"https:\\\/\\\/fr.linkedin.com\\\/company\\\/styqr\"],\"description\":\"StyQR, le livret d'accueil digital\",\"email\":\"contact@styqr.fr\",\"legalName\":\"SAS StyQR\",\"foundingDate\":\"2019-05-27\",\"vatID\":\"FR55824532865\",\"taxID\":\"82453286500014\",\"numberOfEmployees\":{\"@type\":\"QuantitativeValue\",\"minValue\":\"1\",\"maxValue\":\"10\"}},{\"@type\":\"Person\",\"@id\":\"https:\\\/\\\/styqr.fr\\\/es\\\/#\\\/schema\\\/person\\\/9961aca9b86c9501bc1a72282df89aac\",\"name\":\"Marine\",\"image\":{\"@type\":\"ImageObject\",\"inLanguage\":\"es\",\"@id\":\"https:\\\/\\\/secure.gravatar.com\\\/avatar\\\/647b7182996833269bfb418442442520d7a3cf1ce76c2bbb26b93d7fbb28bb58?s=96&d=mm&r=g\",\"url\":\"https:\\\/\\\/secure.gravatar.com\\\/avatar\\\/647b7182996833269bfb418442442520d7a3cf1ce76c2bbb26b93d7fbb28bb58?s=96&d=mm&r=g\",\"contentUrl\":\"https:\\\/\\\/secure.gravatar.com\\\/avatar\\\/647b7182996833269bfb418442442520d7a3cf1ce76c2bbb26b93d7fbb28bb58?s=96&d=mm&r=g\",\"caption\":\"Marine\"},\"sameAs\":[\"https:\\\/\\\/x.com\\\/julien-styqr-admin\"]}]}<\/script>\n<!-- \/ Yoast SEO Premium plugin. -->","yoast_head_json":{"title":"Limite de 90 jours pour les locations de vacances : Ce que vous devez savoir.","description":"Descubre c\u00f3mo el nuevo l\u00edmite de 90 d\u00edas al a\u00f1o afecta a los alquileres vacacionales en viviendas principales. Te lo explicamos de manera clara y sencilla.","robots":{"index":"index","follow":"follow","max-snippet":"max-snippet:-1","max-image-preview":"max-image-preview:large","max-video-preview":"max-video-preview:-1"},"canonical":"https:\/\/styqr.fr\/es\/2025\/07\/08\/%f0%9f%9b%91-nuevo-limite-de-90-dias-ano-para-el-alquiler-vacacional\/","og_locale":"es_ES","og_type":"article","og_title":"StyQR | Le livret d'accueil digital","og_description":"Descubre c\u00f3mo el nuevo l\u00edmite de 90 d\u00edas al a\u00f1o afecta a los alquileres vacacionales en viviendas principales. Te lo explicamos de manera clara y sencilla.","og_url":"https:\/\/styqr.fr\/es\/2025\/07\/08\/%f0%9f%9b%91-nuevo-limite-de-90-dias-ano-para-el-alquiler-vacacional\/","og_site_name":"StyQR","article_publisher":"https:\/\/fr-fr.facebook.com\/styqr\/","article_published_time":"2025-07-08T07:36:25+00:00","article_modified_time":"2025-08-12T07:13:03+00:00","og_image":[{"width":2560,"height":1714,"url":"https:\/\/styqr.fr\/wp-content\/uploads\/2025\/06\/warning-exclamation-mark-on-a-wooden-block-2025-01-07-09-54-50-utc-min-scaled.jpg","type":"image\/jpeg"}],"author":"Marine","twitter_card":"summary_large_image","twitter_creator":"@julien-styqr-admin","schema":{"@context":"https:\/\/schema.org","@graph":[{"@type":"Article","@id":"https:\/\/styqr.fr\/es\/2025\/07\/08\/%f0%9f%9b%91-nuevo-limite-de-90-dias-ano-para-el-alquiler-vacacional\/#article","isPartOf":{"@id":"https:\/\/styqr.fr\/es\/2025\/07\/08\/%f0%9f%9b%91-nuevo-limite-de-90-dias-ano-para-el-alquiler-vacacional\/"},"author":{"name":"Marine","@id":"https:\/\/styqr.fr\/es\/#\/schema\/person\/9961aca9b86c9501bc1a72282df89aac"},"headline":"Nuevo l\u00edmite de 90 d\u00edas\/a\u00f1o para el alquiler vacacional","datePublished":"2025-07-08T07:36:25+00:00","dateModified":"2025-08-12T07:13:03+00:00","mainEntityOfPage":{"@id":"https:\/\/styqr.fr\/es\/2025\/07\/08\/%f0%9f%9b%91-nuevo-limite-de-90-dias-ano-para-el-alquiler-vacacional\/"},"wordCount":783,"publisher":{"@id":"https:\/\/styqr.fr\/es\/#organization"},"image":{"@id":"https:\/\/styqr.fr\/es\/2025\/07\/08\/%f0%9f%9b%91-nuevo-limite-de-90-dias-ano-para-el-alquiler-vacacional\/#primaryimage"},"thumbnailUrl":"https:\/\/styqr.fr\/wp-content\/uploads\/2025\/06\/warning-exclamation-mark-on-a-wooden-block-2025-01-07-09-54-50-utc-min-scaled.jpg","keywords":["folleto de bienvenida","styqr","turismo","alquiler","alquiler de temporada"],"articleSection":["Particulares"],"inLanguage":"es"},{"@type":"WebPage","@id":"https:\/\/styqr.fr\/es\/2025\/07\/08\/%f0%9f%9b%91-nuevo-limite-de-90-dias-ano-para-el-alquiler-vacacional\/","url":"https:\/\/styqr.fr\/es\/2025\/07\/08\/%f0%9f%9b%91-nuevo-limite-de-90-dias-ano-para-el-alquiler-vacacional\/","name":"Limite de 90 jours pour les locations de vacances : Ce que vous devez savoir.","isPartOf":{"@id":"https:\/\/styqr.fr\/es\/#website"},"primaryImageOfPage":{"@id":"https:\/\/styqr.fr\/es\/2025\/07\/08\/%f0%9f%9b%91-nuevo-limite-de-90-dias-ano-para-el-alquiler-vacacional\/#primaryimage"},"image":{"@id":"https:\/\/styqr.fr\/es\/2025\/07\/08\/%f0%9f%9b%91-nuevo-limite-de-90-dias-ano-para-el-alquiler-vacacional\/#primaryimage"},"thumbnailUrl":"https:\/\/styqr.fr\/wp-content\/uploads\/2025\/06\/warning-exclamation-mark-on-a-wooden-block-2025-01-07-09-54-50-utc-min-scaled.jpg","datePublished":"2025-07-08T07:36:25+00:00","dateModified":"2025-08-12T07:13:03+00:00","description":"Descubre c\u00f3mo el nuevo l\u00edmite de 90 d\u00edas al a\u00f1o afecta a los alquileres vacacionales en viviendas principales. Te lo explicamos de manera clara y sencilla.","breadcrumb":{"@id":"https:\/\/styqr.fr\/es\/2025\/07\/08\/%f0%9f%9b%91-nuevo-limite-de-90-dias-ano-para-el-alquiler-vacacional\/#breadcrumb"},"inLanguage":"es","potentialAction":[{"@type":"ReadAction","target":["https:\/\/styqr.fr\/es\/2025\/07\/08\/%f0%9f%9b%91-nuevo-limite-de-90-dias-ano-para-el-alquiler-vacacional\/"]}]},{"@type":"ImageObject","inLanguage":"es","@id":"https:\/\/styqr.fr\/es\/2025\/07\/08\/%f0%9f%9b%91-nuevo-limite-de-90-dias-ano-para-el-alquiler-vacacional\/#primaryimage","url":"https:\/\/styqr.fr\/wp-content\/uploads\/2025\/06\/warning-exclamation-mark-on-a-wooden-block-2025-01-07-09-54-50-utc-min-scaled.jpg","contentUrl":"https:\/\/styqr.fr\/wp-content\/uploads\/2025\/06\/warning-exclamation-mark-on-a-wooden-block-2025-01-07-09-54-50-utc-min-scaled.jpg","width":2560,"height":1714,"caption":"Un d\u00e9 avec un point d'exclamation"},{"@type":"BreadcrumbList","@id":"https:\/\/styqr.fr\/es\/2025\/07\/08\/%f0%9f%9b%91-nuevo-limite-de-90-dias-ano-para-el-alquiler-vacacional\/#breadcrumb","itemListElement":[{"@type":"ListItem","position":1,"name":"Inicio","item":"https:\/\/styqr.fr\/es\/"},{"@type":"ListItem","position":2,"name":"Particulares","item":"https:\/\/styqr.fr\/es\/nos-categories\/particulares\/"},{"@type":"ListItem","position":3,"name":"Nuevo l\u00edmite de 90 d\u00edas\/a\u00f1o para el alquiler vacacional"}]},{"@type":"WebSite","@id":"https:\/\/styqr.fr\/es\/#website","url":"https:\/\/styqr.fr\/es\/","name":"StyQR","description":"Cr\u00e9ez votre livret d&#039;accueil digital personnalis\u00e9 pour vos voyageurs","publisher":{"@id":"https:\/\/styqr.fr\/es\/#organization"},"potentialAction":[{"@type":"SearchAction","target":{"@type":"EntryPoint","urlTemplate":"https:\/\/styqr.fr\/es\/?s={search_term_string}"},"query-input":{"@type":"PropertyValueSpecification","valueRequired":true,"valueName":"search_term_string"}}],"inLanguage":"es"},{"@type":"Organization","@id":"https:\/\/styqr.fr\/es\/#organization","name":"StyQR","url":"https:\/\/styqr.fr\/es\/","logo":{"@type":"ImageObject","inLanguage":"es","@id":"https:\/\/styqr.fr\/es\/#\/schema\/logo\/image\/","url":"https:\/\/styqr.fr\/wp-content\/uploads\/2020\/11\/Fichier-5.png","contentUrl":"https:\/\/styqr.fr\/wp-content\/uploads\/2020\/11\/Fichier-5.png","width":388,"height":194,"caption":"StyQR"},"image":{"@id":"https:\/\/styqr.fr\/es\/#\/schema\/logo\/image\/"},"sameAs":["https:\/\/fr-fr.facebook.com\/styqr\/","https:\/\/www.instagram.com\/styqr_fr\/","https:\/\/fr.linkedin.com\/company\/styqr"],"description":"StyQR, le livret d'accueil digital","email":"contact@styqr.fr","legalName":"SAS StyQR","foundingDate":"2019-05-27","vatID":"FR55824532865","taxID":"82453286500014","numberOfEmployees":{"@type":"QuantitativeValue","minValue":"1","maxValue":"10"}},{"@type":"Person","@id":"https:\/\/styqr.fr\/es\/#\/schema\/person\/9961aca9b86c9501bc1a72282df89aac","name":"Marine","image":{"@type":"ImageObject","inLanguage":"es","@id":"https:\/\/secure.gravatar.com\/avatar\/647b7182996833269bfb418442442520d7a3cf1ce76c2bbb26b93d7fbb28bb58?s=96&d=mm&r=g","url":"https:\/\/secure.gravatar.com\/avatar\/647b7182996833269bfb418442442520d7a3cf1ce76c2bbb26b93d7fbb28bb58?s=96&d=mm&r=g","contentUrl":"https:\/\/secure.gravatar.com\/avatar\/647b7182996833269bfb418442442520d7a3cf1ce76c2bbb26b93d7fbb28bb58?s=96&d=mm&r=g","caption":"Marine"},"sameAs":["https:\/\/x.com\/julien-styqr-admin"]}]}},"_links":{"self":[{"href":"https:\/\/styqr.fr\/es\/wp-json\/wp\/v2\/posts\/125060","targetHints":{"allow":["GET"]}}],"collection":[{"href":"https:\/\/styqr.fr\/es\/wp-json\/wp\/v2\/posts"}],"about":[{"href":"https:\/\/styqr.fr\/es\/wp-json\/wp\/v2\/types\/post"}],"author":[{"embeddable":true,"href":"https:\/\/styqr.fr\/es\/wp-json\/wp\/v2\/users\/3"}],"replies":[{"embeddable":true,"href":"https:\/\/styqr.fr\/es\/wp-json\/wp\/v2\/comments?post=125060"}],"version-history":[{"count":0,"href":"https:\/\/styqr.fr\/es\/wp-json\/wp\/v2\/posts\/125060\/revisions"}],"wp:featuredmedia":[{"embeddable":true,"href":"https:\/\/styqr.fr\/es\/wp-json\/wp\/v2\/media\/125052"}],"wp:attachment":[{"href":"https:\/\/styqr.fr\/es\/wp-json\/wp\/v2\/media?parent=125060"}],"wp:term":[{"taxonomy":"category","embeddable":true,"href":"https:\/\/styqr.fr\/es\/wp-json\/wp\/v2\/categories?post=125060"},{"taxonomy":"post_tag","embeddable":true,"href":"https:\/\/styqr.fr\/es\/wp-json\/wp\/v2\/tags?post=125060"}],"curies":[{"name":"wp","href":"https:\/\/api.w.org\/{rel}","templated":true}]}}