{"id":119652,"date":"2025-01-07T04:42:36","date_gmt":"2025-01-07T03:42:36","guid":{"rendered":"https:\/\/styqr.fr\/2025\/01\/07\/como-gestionar-los-imprevistos-al-alquilar-tu-vivienda\/"},"modified":"2025-08-12T09:05:42","modified_gmt":"2025-08-12T07:05:42","slug":"como-gestionar-los-imprevistos-al-alquilar-tu-vivienda","status":"publish","type":"post","link":"https:\/\/styqr.fr\/es\/2025\/01\/07\/como-gestionar-los-imprevistos-al-alquilar-tu-vivienda\/","title":{"rendered":"Hacer frente a los imprevistos en los alquileres vacacionales"},"content":{"rendered":"<div class=\"wpb-content-wrapper\"><p>[vc_row][vc_column width=\u00bb1\/1&#8243;][vc_column_text uncode_shortcode_id=\u00bb971390&#8243;]<strong>Alquilar<\/strong> tu propiedad <strong>por temporadas<\/strong> puede ser una excelente fuente de ingresos. Pero con los imprevistos de \u00faltima hora, los inquilinos inc\u00f3modos y las discusiones tensas, es importante mantener la calma y <strong>anticiparse a las circunstancias imprevistas <\/strong>al alquilar tu propiedad para evitar sorpresas desagradables.[\/vc_column_text][\/vc_column][\/vc_row][vc_row][vc_column width=\u00bb1\/1&#8243;][vc_row_inner][vc_column_inner column_width_percent=\u00bb100&#8243; gutter_size=\u00bb0&#8243; overlay_alpha=\u00bb50&#8243; shift_x=\u00bb0&#8243; shift_y=\u00bb0&#8243; shift_y_down=\u00bb0&#8243; z_index=\u00bb0&#8243; medium_width=\u00bb0&#8243; mobile_width=\u00bb0&#8243; width=\u00bb1\/1&#8243;][vc_custom_heading uncode_shortcode_id=\u00bb147279&#8243;]<\/p>\n<h2><span class=\"s1\"><b>1. Cancelaciones de \u00faltima hora: cuando tus planes se vienen abajo<\/b><br \/>\n<\/span><\/h2>\n<p>[\/vc_custom_heading][vc_empty_space empty_h=\u00bb2&#8243;][vc_single_image media=\u00bb119630&#8243; media_width_percent=\u00bb100&#8243; uncode_shortcode_id=\u00bb226969&#8243;][vc_empty_space empty_h=\u00bb2&#8243;][vc_column_text uncode_shortcode_id=\u00bb186573&#8243;]<strong>Las cancelaciones de \u00faltima hora<\/strong> son uno de los imprevistos m\u00e1s comunes en los alquileres de vacaciones.<\/p>\n<h4><b>Soluciones a adoptar :<\/b><\/h4>\n<ul>\n<li aria-level=\"1\"><b>Ten una pol\u00edtica de cancelaci\u00f3n clara<\/b>: Aseg\u00farate de definir normas estrictas en tu contrato o en la plataforma de alquiler que utilices. Por ejemplo, una pol\u00edtica no reembolsable o un reembolso parcial en caso de cancelaci\u00f3n tard\u00eda. <\/li>\n<li aria-level=\"1\"><b>Activa la reserva instant\u00e1nea<\/b>: En plataformas como <a href=\"https:\/\/www.airbnb.fr\/\">Airbnb<\/a>, esta funci\u00f3n puede ayudarte a encontrar un sustituto r\u00e1pidamente.<\/li>\n<li aria-level=\"1\"><b>Diversifica tus canales de alquiler<\/b>: Si est\u00e1s registrado en varias plataformas, aumentas tus posibilidades de volver a reservar tu propiedad r\u00e1pidamente.<\/li>\n<\/ul>\n<h4><b>Un consejo:<\/b><\/h4>\n<p>Mant\u00e9n un archivo de contactos con inquilinos de confianza que ya se hayan alojado contigo. Puede que les interese volver a corto plazo.[\/vc_column_text][vc_empty_space empty_h=\u00bb2&#8243;][vc_custom_heading uncode_shortcode_id=\u00bb146090&#8243;]<\/p>\n<h2>2. Da\u00f1os materiales: Cuando tu sal\u00f3n se convierte en un campo de batalla<\/h2>\n<p>[\/vc_custom_heading][\/vc_column_inner][\/vc_row_inner][\/vc_column][\/vc_row][vc_row][vc_column width=\u00bb1\/1&#8243;][vc_single_image media=\u00bb119634&#8243; media_width_percent=\u00bb100&#8243; uncode_shortcode_id=\u00bb133641&#8243;][vc_column_text uncode_shortcode_id=\u00bb195905&#8243;]Un vaso roto aqu\u00ed, una mancha en el sof\u00e1 all\u00e1&#8230; Es casi inevitable. Pero a veces los da\u00f1os van m\u00e1s all\u00e1 de un simple accidente y se vuelven francamente desagradables. <\/p>\n<h4><b>Soluciones a adoptar :<\/b><\/h4>\n<ul>\n<li aria-level=\"1\"><b>Pide una fianza<\/b>: Una cantidad bloqueada para cubrir los da\u00f1os puede disuadir a algunos inquilinos de comportarse de forma descuidada.<\/li>\n<li aria-level=\"1\"><b>Documenta el estado de la reparaci\u00f3n<\/b>: Haz fotos o v\u00eddeos antes y despu\u00e9s de cada estancia. Esto te ayudar\u00e1 a demostrar el estado de conservaci\u00f3n inicial en caso de litigio. <\/li>\n<li aria-level=\"1\"><b>Contrata un seguro espec\u00edfico<\/b>: Muchas empresas ofrecen seguros adaptados a los alquileres vacacionales, que cubren los da\u00f1os materiales.<\/li>\n<li aria-level=\"1\"><b>Utiliza plataformas seguras<\/b>: Los principales sitios de alquiler suelen incluir garant\u00edas para los hu\u00e9spedes, pero comprueba bien las condiciones.<\/li>\n<\/ul>\n<h4><b>Sigue sonriendo:<\/b><\/h4>\n<p>\u00a1Un coj\u00edn roto no es el fin del mundo! Acu\u00e9rdate de poner muebles o elementos decorativos que sean f\u00e1ciles de sustituir.[\/vc_column_text][vc_custom_heading uncode_shortcode_id=\u00bb993745&#8243;]<\/p>\n<h2>3. Conflictos con los inquilinos: cuando la comunicaci\u00f3n se va de las manos<\/h2>\n<p>[\/vc_custom_heading][vc_single_image media=\u00bb119638&#8243; media_width_percent=\u00bb100&#8243; uncode_shortcode_id=\u00bb314100&#8243;][vc_column_text uncode_shortcode_id=\u00bb578258&#8243;]Pueden surgir malentendidos por detalles como la limpieza, los horarios o las expectativas poco realistas. Un problema menor puede convertirse r\u00e1pidamente en un conflicto si la comunicaci\u00f3n se gestiona mal. <\/p>\n<h4><b>Soluciones a adoptar :<\/b><\/h4>\n<ul>\n<li aria-level=\"1\"><b>Mantente profesional pero humano<\/b>: Mant\u00e9n un tono respetuoso e intenta comprender su punto de vista, aunque la situaci\u00f3n te moleste.<\/li>\n<li aria-level=\"1\"><b>Utiliza las plataformas como mediadoras<\/b>: Si alquilas a trav\u00e9s de una plataforma, ponte en contacto con su servicio de atenci\u00f3n al cliente. Suelen estar acostumbrados a tratar con este tipo de situaciones. <\/li>\n<li aria-level=\"1\"><b>Prev\u00e9n los conflictos de antemano<\/b>: elabora una gu\u00eda de bienvenida clara en la que se establezcan las normas de la casa, los horarios y los n\u00fameros de emergencia en caso de necesidad.<\/li>\n<li aria-level=\"1\"><b>Busca un compromiso<\/b>: Si un inquilino se queja de un inconveniente, ofrecerle una peque\u00f1a compensaci\u00f3n, como un vale o un descuento en una estancia futura, puede rebajar la tensi\u00f3n.<\/li>\n<\/ul>\n<h4><b>Un poco de humor nunca viene mal:<\/b><\/h4>\n<p>Si un inquilino se queja de que no hay Wi-Fi aunque se indique claramente en el anuncio, recuerda que no eres responsable de sus expectativas poco realistas. S\u00e9 educado, pero firmemente honesto.[\/vc_column_text][vc_custom_heading uncode_shortcode_id=\u00bb127669&#8243;]<\/p>\n<h2>4. Las contingencias m\u00e1s raras pero estresantes: \u00bfQu\u00e9 puedes hacer?<\/h2>\n<p>[\/vc_custom_heading][vc_single_image media=\u00bb119642&#8243; media_width_percent=\u00bb100&#8243; uncode_shortcode_id=\u00bb192178&#8243;][vc_column_text uncode_shortcode_id=\u00bb945036&#8243;]<\/p>\n<h4><b>Fallo el\u00e9ctrico o fuga de agua<\/b><\/h4>\n<p>Tener un fontanero o electricista de confianza en marcaci\u00f3n r\u00e1pida es esencial. Prepara una red de profesionales locales listos para intervenir en caso de emergencia. <\/p>\n<h4><b>Da\u00f1os importantes<\/b><\/h4>\n<p>En casos extremos (por ejemplo, una pared con un agujero o muebles que no se pueden reparar), ponte en contacto inmediatamente con tu compa\u00f1\u00eda de seguros. No dudes en dejar constancia escrita de tus conversaciones con el inquilino afectado. <\/p>\n<h4><b>Inquilinos no deseados o ruidosos<\/b><\/h4>\n<p>Si el comportamiento de un inquilino se vuelve problem\u00e1tico (fiestas no autorizadas, contaminaci\u00f3n ac\u00fastica, etc.), ponte r\u00e1pidamente en contacto con las autoridades locales si es necesario, pero aseg\u00farate de que tienes todos los datos antes de tomar medidas.[\/vc_column_text][vc_custom_heading uncode_shortcode_id=\u00bb116934&#8243;]<\/p>\n<h2>5. Anticipar es ganar: algunos consejos preventivos<\/h2>\n<p>[\/vc_custom_heading][vc_single_image media=\u00bb119646&#8243; media_width_percent=\u00bb100&#8243; uncode_shortcode_id=\u00bb119803&#8243;][vc_column_text uncode_shortcode_id=\u00bb188989&#8243;]<\/p>\n<ol>\n<li aria-level=\"1\"><b>Selecciona cuidadosamente a tus inquilinos<\/b>: Si es posible, intercambia algunos mensajes con ellos antes de aceptar una reserva. Un buen feeling puede ahorrarte muchos problemas. <\/li>\n<li aria-level=\"1\"><b>A\u00f1ade cl\u00e1usulas a tu contrato<\/b>: menciona normas espec\u00edficas sobre animales dom\u00e9sticos, fumar, fiestas, etc.<\/li>\n<li aria-level=\"1\"><b>Instala equipamiento pr\u00e1ctico<\/b>: opta por muebles s\u00f3lidos, fundas lavables y alfombras resistentes. Esto te ahorrar\u00e1 muchas molestias. <\/li>\n<li><b>Utiliza la dom\u00f3tica<\/b>: las c\u00e1maras externas (instaladas legalmente), los termostatos conectados o las cerraduras electr\u00f3nicas pueden ayudarte a vigilar tu propiedad.<\/li>\n<\/ol>\n<p>[\/vc_column_text][vc_column_text uncode_shortcode_id=\u00bb173775&#8243;]<strong>Hacer frente a los imprevistos <\/strong>en un alquiler vacacional requiere organizaci\u00f3n y una buena dosis de compostura, \u00a1pero esto se aprende con la experiencia! Con un poco de <strong>preparaci\u00f3n<\/strong> y una buena dosis de <strong>paciencia<\/strong>, puedes convertir estas situaciones en experiencias gratificantes. Al fin y al cabo, \u00a1incluso una an\u00e9cdota sobre un inquilino que olvida la llave en el congelador suele acabar convirti\u00e9ndose en una historia divertida que contar!  <\/p>\n<p>Siendo proactivo y reaccionando con calma y profesionalidad, no s\u00f3lo ser\u00e1s un buen anfitri\u00f3n, sino tambi\u00e9n un maestro en la gesti\u00f3n de lo inesperado. \u00bfEst\u00e1s preparado para recibir a tus pr\u00f3ximos inquilinos? <\/p>\n<p>\ud83d\udc49 Para saber m\u00e1s, lee nuestros consejos para<a href=\"https:\/\/styqr.fr\/es\/2025\/03\/12\/alquiler-de-temporada-5-estrategias-infalibles-para-sobrevivir-a-los-picos-estacionales\/\"> <strong>gestionar la temporada alta con tranquilidad<\/strong><\/a>.[\/vc_column_text][\/vc_column][\/vc_row]<\/p>\n<\/div>","protected":false},"excerpt":{"rendered":"<p>[vc_row][vc_column width=\u00bb1\/1&#8243;][vc_column_text uncode_shortcode_id=\u00bb971390&#8243;]Alquilar tu propiedad por temporadas puede ser una excelente fuente de ingresos. Pero con los imprevistos de \u00faltima [&hellip;]<\/p>\n","protected":false},"author":3,"featured_media":119650,"comment_status":"closed","ping_status":"open","sticky":false,"template":"","format":"standard","meta":{"footnotes":""},"categories":[910,924],"tags":[1926,1934,2435],"class_list":["post-119652","post","type-post","status-publish","format-standard","has-post-thumbnail","hentry","category-particulares","category-profesionales","tag-folleto-de-bienvenida","tag-styqr-es","tag-mejora"],"yoast_head":"<!-- This site is optimized with the Yoast SEO Premium plugin v27.4 (Yoast SEO v27.4) - https:\/\/yoast.com\/product\/yoast-seo-premium-wordpress\/ -->\n<title>Comment g\u00e9rer les impr\u00e9vus dans la location de vacances.<\/title>\n<meta name=\"description\" content=\"Descubre estrategias efectivas para enfrentar imprevistos en tu alquiler vacacional y garantizar una experiencia sin contratiempos. \u00a1Prep\u00e1rate y alquila con confianza!\" \/>\n<meta name=\"robots\" content=\"index, follow, max-snippet:-1, max-image-preview:large, max-video-preview:-1\" \/>\n<link rel=\"canonical\" href=\"https:\/\/styqr.fr\/es\/2025\/01\/07\/como-gestionar-los-imprevistos-al-alquilar-tu-vivienda\/\" \/>\n<meta property=\"og:locale\" content=\"es_ES\" \/>\n<meta property=\"og:type\" content=\"article\" \/>\n<meta property=\"og:title\" content=\"StyQR | Le livret d&#039;accueil digital\" \/>\n<meta property=\"og:description\" content=\"Descubre estrategias efectivas para enfrentar imprevistos en tu alquiler vacacional y garantizar una experiencia sin contratiempos. \u00a1Prep\u00e1rate y alquila con confianza!\" \/>\n<meta property=\"og:url\" content=\"https:\/\/styqr.fr\/es\/2025\/01\/07\/como-gestionar-los-imprevistos-al-alquilar-tu-vivienda\/\" \/>\n<meta property=\"og:site_name\" content=\"StyQR\" \/>\n<meta property=\"article:publisher\" content=\"https:\/\/fr-fr.facebook.com\/styqr\/\" \/>\n<meta property=\"article:published_time\" content=\"2025-01-07T03:42:36+00:00\" \/>\n<meta property=\"article:modified_time\" content=\"2025-08-12T07:05:42+00:00\" \/>\n<meta property=\"og:image\" content=\"https:\/\/styqr.fr\/wp-content\/uploads\/2025\/01\/condo-loft-2024-10-12-02-50-16-utc-min-scaled.jpg\" \/>\n\t<meta property=\"og:image:width\" content=\"2560\" \/>\n\t<meta property=\"og:image:height\" content=\"1440\" \/>\n\t<meta property=\"og:image:type\" content=\"image\/jpeg\" \/>\n<meta name=\"author\" content=\"Marine\" \/>\n<meta name=\"twitter:card\" content=\"summary_large_image\" \/>\n<meta name=\"twitter:creator\" content=\"@julien-styqr-admin\" \/>\n<script type=\"application\/ld+json\" class=\"yoast-schema-graph\">{\"@context\":\"https:\\\/\\\/schema.org\",\"@graph\":[{\"@type\":\"Article\",\"@id\":\"https:\\\/\\\/styqr.fr\\\/es\\\/2025\\\/01\\\/07\\\/como-gestionar-los-imprevistos-al-alquilar-tu-vivienda\\\/#article\",\"isPartOf\":{\"@id\":\"https:\\\/\\\/styqr.fr\\\/es\\\/2025\\\/01\\\/07\\\/como-gestionar-los-imprevistos-al-alquilar-tu-vivienda\\\/\"},\"author\":{\"name\":\"Marine\",\"@id\":\"https:\\\/\\\/styqr.fr\\\/es\\\/#\\\/schema\\\/person\\\/9961aca9b86c9501bc1a72282df89aac\"},\"headline\":\"Hacer frente a los imprevistos en los alquileres vacacionales\",\"datePublished\":\"2025-01-07T03:42:36+00:00\",\"dateModified\":\"2025-08-12T07:05:42+00:00\",\"mainEntityOfPage\":{\"@id\":\"https:\\\/\\\/styqr.fr\\\/es\\\/2025\\\/01\\\/07\\\/como-gestionar-los-imprevistos-al-alquilar-tu-vivienda\\\/\"},\"wordCount\":1165,\"publisher\":{\"@id\":\"https:\\\/\\\/styqr.fr\\\/es\\\/#organization\"},\"image\":{\"@id\":\"https:\\\/\\\/styqr.fr\\\/es\\\/2025\\\/01\\\/07\\\/como-gestionar-los-imprevistos-al-alquilar-tu-vivienda\\\/#primaryimage\"},\"thumbnailUrl\":\"https:\\\/\\\/styqr.fr\\\/wp-content\\\/uploads\\\/2025\\\/01\\\/condo-loft-2024-10-12-02-50-16-utc-min-scaled.jpg\",\"keywords\":[\"folleto de bienvenida\",\"styqr\",\"mejora\"],\"articleSection\":[\"Particulares\",\"Profesionales\"],\"inLanguage\":\"es\"},{\"@type\":\"WebPage\",\"@id\":\"https:\\\/\\\/styqr.fr\\\/es\\\/2025\\\/01\\\/07\\\/como-gestionar-los-imprevistos-al-alquilar-tu-vivienda\\\/\",\"url\":\"https:\\\/\\\/styqr.fr\\\/es\\\/2025\\\/01\\\/07\\\/como-gestionar-los-imprevistos-al-alquilar-tu-vivienda\\\/\",\"name\":\"Comment g\u00e9rer les impr\u00e9vus dans la location de vacances.\",\"isPartOf\":{\"@id\":\"https:\\\/\\\/styqr.fr\\\/es\\\/#website\"},\"primaryImageOfPage\":{\"@id\":\"https:\\\/\\\/styqr.fr\\\/es\\\/2025\\\/01\\\/07\\\/como-gestionar-los-imprevistos-al-alquilar-tu-vivienda\\\/#primaryimage\"},\"image\":{\"@id\":\"https:\\\/\\\/styqr.fr\\\/es\\\/2025\\\/01\\\/07\\\/como-gestionar-los-imprevistos-al-alquilar-tu-vivienda\\\/#primaryimage\"},\"thumbnailUrl\":\"https:\\\/\\\/styqr.fr\\\/wp-content\\\/uploads\\\/2025\\\/01\\\/condo-loft-2024-10-12-02-50-16-utc-min-scaled.jpg\",\"datePublished\":\"2025-01-07T03:42:36+00:00\",\"dateModified\":\"2025-08-12T07:05:42+00:00\",\"description\":\"Descubre estrategias efectivas para enfrentar imprevistos en tu alquiler vacacional y garantizar una experiencia sin contratiempos. \u00a1Prep\u00e1rate y alquila con confianza!\",\"breadcrumb\":{\"@id\":\"https:\\\/\\\/styqr.fr\\\/es\\\/2025\\\/01\\\/07\\\/como-gestionar-los-imprevistos-al-alquilar-tu-vivienda\\\/#breadcrumb\"},\"inLanguage\":\"es\",\"potentialAction\":[{\"@type\":\"ReadAction\",\"target\":[\"https:\\\/\\\/styqr.fr\\\/es\\\/2025\\\/01\\\/07\\\/como-gestionar-los-imprevistos-al-alquilar-tu-vivienda\\\/\"]}]},{\"@type\":\"ImageObject\",\"inLanguage\":\"es\",\"@id\":\"https:\\\/\\\/styqr.fr\\\/es\\\/2025\\\/01\\\/07\\\/como-gestionar-los-imprevistos-al-alquilar-tu-vivienda\\\/#primaryimage\",\"url\":\"https:\\\/\\\/styqr.fr\\\/wp-content\\\/uploads\\\/2025\\\/01\\\/condo-loft-2024-10-12-02-50-16-utc-min-scaled.jpg\",\"contentUrl\":\"https:\\\/\\\/styqr.fr\\\/wp-content\\\/uploads\\\/2025\\\/01\\\/condo-loft-2024-10-12-02-50-16-utc-min-scaled.jpg\",\"width\":2560,\"height\":1440},{\"@type\":\"BreadcrumbList\",\"@id\":\"https:\\\/\\\/styqr.fr\\\/es\\\/2025\\\/01\\\/07\\\/como-gestionar-los-imprevistos-al-alquilar-tu-vivienda\\\/#breadcrumb\",\"itemListElement\":[{\"@type\":\"ListItem\",\"position\":1,\"name\":\"Inicio\",\"item\":\"https:\\\/\\\/styqr.fr\\\/es\\\/\"},{\"@type\":\"ListItem\",\"position\":2,\"name\":\"Particulares\",\"item\":\"https:\\\/\\\/styqr.fr\\\/es\\\/nos-categories\\\/particulares\\\/\"},{\"@type\":\"ListItem\",\"position\":3,\"name\":\"Hacer frente a los imprevistos en los alquileres vacacionales\"}]},{\"@type\":\"WebSite\",\"@id\":\"https:\\\/\\\/styqr.fr\\\/es\\\/#website\",\"url\":\"https:\\\/\\\/styqr.fr\\\/es\\\/\",\"name\":\"StyQR\",\"description\":\"Cr\u00e9ez votre livret d&#039;accueil digital personnalis\u00e9 pour vos voyageurs\",\"publisher\":{\"@id\":\"https:\\\/\\\/styqr.fr\\\/es\\\/#organization\"},\"potentialAction\":[{\"@type\":\"SearchAction\",\"target\":{\"@type\":\"EntryPoint\",\"urlTemplate\":\"https:\\\/\\\/styqr.fr\\\/es\\\/?s={search_term_string}\"},\"query-input\":{\"@type\":\"PropertyValueSpecification\",\"valueRequired\":true,\"valueName\":\"search_term_string\"}}],\"inLanguage\":\"es\"},{\"@type\":\"Organization\",\"@id\":\"https:\\\/\\\/styqr.fr\\\/es\\\/#organization\",\"name\":\"StyQR\",\"url\":\"https:\\\/\\\/styqr.fr\\\/es\\\/\",\"logo\":{\"@type\":\"ImageObject\",\"inLanguage\":\"es\",\"@id\":\"https:\\\/\\\/styqr.fr\\\/es\\\/#\\\/schema\\\/logo\\\/image\\\/\",\"url\":\"https:\\\/\\\/styqr.fr\\\/wp-content\\\/uploads\\\/2020\\\/11\\\/Fichier-5.png\",\"contentUrl\":\"https:\\\/\\\/styqr.fr\\\/wp-content\\\/uploads\\\/2020\\\/11\\\/Fichier-5.png\",\"width\":388,\"height\":194,\"caption\":\"StyQR\"},\"image\":{\"@id\":\"https:\\\/\\\/styqr.fr\\\/es\\\/#\\\/schema\\\/logo\\\/image\\\/\"},\"sameAs\":[\"https:\\\/\\\/fr-fr.facebook.com\\\/styqr\\\/\",\"https:\\\/\\\/www.instagram.com\\\/styqr_fr\\\/\",\"https:\\\/\\\/fr.linkedin.com\\\/company\\\/styqr\"],\"description\":\"StyQR, le livret d'accueil digital\",\"email\":\"contact@styqr.fr\",\"legalName\":\"SAS StyQR\",\"foundingDate\":\"2019-05-27\",\"vatID\":\"FR55824532865\",\"taxID\":\"82453286500014\",\"numberOfEmployees\":{\"@type\":\"QuantitativeValue\",\"minValue\":\"1\",\"maxValue\":\"10\"}},{\"@type\":\"Person\",\"@id\":\"https:\\\/\\\/styqr.fr\\\/es\\\/#\\\/schema\\\/person\\\/9961aca9b86c9501bc1a72282df89aac\",\"name\":\"Marine\",\"image\":{\"@type\":\"ImageObject\",\"inLanguage\":\"es\",\"@id\":\"https:\\\/\\\/secure.gravatar.com\\\/avatar\\\/647b7182996833269bfb418442442520d7a3cf1ce76c2bbb26b93d7fbb28bb58?s=96&d=mm&r=g\",\"url\":\"https:\\\/\\\/secure.gravatar.com\\\/avatar\\\/647b7182996833269bfb418442442520d7a3cf1ce76c2bbb26b93d7fbb28bb58?s=96&d=mm&r=g\",\"contentUrl\":\"https:\\\/\\\/secure.gravatar.com\\\/avatar\\\/647b7182996833269bfb418442442520d7a3cf1ce76c2bbb26b93d7fbb28bb58?s=96&d=mm&r=g\",\"caption\":\"Marine\"},\"sameAs\":[\"https:\\\/\\\/x.com\\\/julien-styqr-admin\"]}]}<\/script>\n<!-- \/ Yoast SEO Premium plugin. -->","yoast_head_json":{"title":"Comment g\u00e9rer les impr\u00e9vus dans la location de vacances.","description":"Descubre estrategias efectivas para enfrentar imprevistos en tu alquiler vacacional y garantizar una experiencia sin contratiempos. \u00a1Prep\u00e1rate y alquila con confianza!","robots":{"index":"index","follow":"follow","max-snippet":"max-snippet:-1","max-image-preview":"max-image-preview:large","max-video-preview":"max-video-preview:-1"},"canonical":"https:\/\/styqr.fr\/es\/2025\/01\/07\/como-gestionar-los-imprevistos-al-alquilar-tu-vivienda\/","og_locale":"es_ES","og_type":"article","og_title":"StyQR | Le livret d'accueil digital","og_description":"Descubre estrategias efectivas para enfrentar imprevistos en tu alquiler vacacional y garantizar una experiencia sin contratiempos. \u00a1Prep\u00e1rate y alquila con confianza!","og_url":"https:\/\/styqr.fr\/es\/2025\/01\/07\/como-gestionar-los-imprevistos-al-alquilar-tu-vivienda\/","og_site_name":"StyQR","article_publisher":"https:\/\/fr-fr.facebook.com\/styqr\/","article_published_time":"2025-01-07T03:42:36+00:00","article_modified_time":"2025-08-12T07:05:42+00:00","og_image":[{"width":2560,"height":1440,"url":"https:\/\/styqr.fr\/wp-content\/uploads\/2025\/01\/condo-loft-2024-10-12-02-50-16-utc-min-scaled.jpg","type":"image\/jpeg"}],"author":"Marine","twitter_card":"summary_large_image","twitter_creator":"@julien-styqr-admin","schema":{"@context":"https:\/\/schema.org","@graph":[{"@type":"Article","@id":"https:\/\/styqr.fr\/es\/2025\/01\/07\/como-gestionar-los-imprevistos-al-alquilar-tu-vivienda\/#article","isPartOf":{"@id":"https:\/\/styqr.fr\/es\/2025\/01\/07\/como-gestionar-los-imprevistos-al-alquilar-tu-vivienda\/"},"author":{"name":"Marine","@id":"https:\/\/styqr.fr\/es\/#\/schema\/person\/9961aca9b86c9501bc1a72282df89aac"},"headline":"Hacer frente a los imprevistos en los alquileres vacacionales","datePublished":"2025-01-07T03:42:36+00:00","dateModified":"2025-08-12T07:05:42+00:00","mainEntityOfPage":{"@id":"https:\/\/styqr.fr\/es\/2025\/01\/07\/como-gestionar-los-imprevistos-al-alquilar-tu-vivienda\/"},"wordCount":1165,"publisher":{"@id":"https:\/\/styqr.fr\/es\/#organization"},"image":{"@id":"https:\/\/styqr.fr\/es\/2025\/01\/07\/como-gestionar-los-imprevistos-al-alquilar-tu-vivienda\/#primaryimage"},"thumbnailUrl":"https:\/\/styqr.fr\/wp-content\/uploads\/2025\/01\/condo-loft-2024-10-12-02-50-16-utc-min-scaled.jpg","keywords":["folleto de bienvenida","styqr","mejora"],"articleSection":["Particulares","Profesionales"],"inLanguage":"es"},{"@type":"WebPage","@id":"https:\/\/styqr.fr\/es\/2025\/01\/07\/como-gestionar-los-imprevistos-al-alquilar-tu-vivienda\/","url":"https:\/\/styqr.fr\/es\/2025\/01\/07\/como-gestionar-los-imprevistos-al-alquilar-tu-vivienda\/","name":"Comment g\u00e9rer les impr\u00e9vus dans la location de vacances.","isPartOf":{"@id":"https:\/\/styqr.fr\/es\/#website"},"primaryImageOfPage":{"@id":"https:\/\/styqr.fr\/es\/2025\/01\/07\/como-gestionar-los-imprevistos-al-alquilar-tu-vivienda\/#primaryimage"},"image":{"@id":"https:\/\/styqr.fr\/es\/2025\/01\/07\/como-gestionar-los-imprevistos-al-alquilar-tu-vivienda\/#primaryimage"},"thumbnailUrl":"https:\/\/styqr.fr\/wp-content\/uploads\/2025\/01\/condo-loft-2024-10-12-02-50-16-utc-min-scaled.jpg","datePublished":"2025-01-07T03:42:36+00:00","dateModified":"2025-08-12T07:05:42+00:00","description":"Descubre estrategias efectivas para enfrentar imprevistos en tu alquiler vacacional y garantizar una experiencia sin contratiempos. \u00a1Prep\u00e1rate y alquila con confianza!","breadcrumb":{"@id":"https:\/\/styqr.fr\/es\/2025\/01\/07\/como-gestionar-los-imprevistos-al-alquilar-tu-vivienda\/#breadcrumb"},"inLanguage":"es","potentialAction":[{"@type":"ReadAction","target":["https:\/\/styqr.fr\/es\/2025\/01\/07\/como-gestionar-los-imprevistos-al-alquilar-tu-vivienda\/"]}]},{"@type":"ImageObject","inLanguage":"es","@id":"https:\/\/styqr.fr\/es\/2025\/01\/07\/como-gestionar-los-imprevistos-al-alquilar-tu-vivienda\/#primaryimage","url":"https:\/\/styqr.fr\/wp-content\/uploads\/2025\/01\/condo-loft-2024-10-12-02-50-16-utc-min-scaled.jpg","contentUrl":"https:\/\/styqr.fr\/wp-content\/uploads\/2025\/01\/condo-loft-2024-10-12-02-50-16-utc-min-scaled.jpg","width":2560,"height":1440},{"@type":"BreadcrumbList","@id":"https:\/\/styqr.fr\/es\/2025\/01\/07\/como-gestionar-los-imprevistos-al-alquilar-tu-vivienda\/#breadcrumb","itemListElement":[{"@type":"ListItem","position":1,"name":"Inicio","item":"https:\/\/styqr.fr\/es\/"},{"@type":"ListItem","position":2,"name":"Particulares","item":"https:\/\/styqr.fr\/es\/nos-categories\/particulares\/"},{"@type":"ListItem","position":3,"name":"Hacer frente a los imprevistos en los alquileres vacacionales"}]},{"@type":"WebSite","@id":"https:\/\/styqr.fr\/es\/#website","url":"https:\/\/styqr.fr\/es\/","name":"StyQR","description":"Cr\u00e9ez votre livret d&#039;accueil digital personnalis\u00e9 pour vos voyageurs","publisher":{"@id":"https:\/\/styqr.fr\/es\/#organization"},"potentialAction":[{"@type":"SearchAction","target":{"@type":"EntryPoint","urlTemplate":"https:\/\/styqr.fr\/es\/?s={search_term_string}"},"query-input":{"@type":"PropertyValueSpecification","valueRequired":true,"valueName":"search_term_string"}}],"inLanguage":"es"},{"@type":"Organization","@id":"https:\/\/styqr.fr\/es\/#organization","name":"StyQR","url":"https:\/\/styqr.fr\/es\/","logo":{"@type":"ImageObject","inLanguage":"es","@id":"https:\/\/styqr.fr\/es\/#\/schema\/logo\/image\/","url":"https:\/\/styqr.fr\/wp-content\/uploads\/2020\/11\/Fichier-5.png","contentUrl":"https:\/\/styqr.fr\/wp-content\/uploads\/2020\/11\/Fichier-5.png","width":388,"height":194,"caption":"StyQR"},"image":{"@id":"https:\/\/styqr.fr\/es\/#\/schema\/logo\/image\/"},"sameAs":["https:\/\/fr-fr.facebook.com\/styqr\/","https:\/\/www.instagram.com\/styqr_fr\/","https:\/\/fr.linkedin.com\/company\/styqr"],"description":"StyQR, le livret d'accueil digital","email":"contact@styqr.fr","legalName":"SAS StyQR","foundingDate":"2019-05-27","vatID":"FR55824532865","taxID":"82453286500014","numberOfEmployees":{"@type":"QuantitativeValue","minValue":"1","maxValue":"10"}},{"@type":"Person","@id":"https:\/\/styqr.fr\/es\/#\/schema\/person\/9961aca9b86c9501bc1a72282df89aac","name":"Marine","image":{"@type":"ImageObject","inLanguage":"es","@id":"https:\/\/secure.gravatar.com\/avatar\/647b7182996833269bfb418442442520d7a3cf1ce76c2bbb26b93d7fbb28bb58?s=96&d=mm&r=g","url":"https:\/\/secure.gravatar.com\/avatar\/647b7182996833269bfb418442442520d7a3cf1ce76c2bbb26b93d7fbb28bb58?s=96&d=mm&r=g","contentUrl":"https:\/\/secure.gravatar.com\/avatar\/647b7182996833269bfb418442442520d7a3cf1ce76c2bbb26b93d7fbb28bb58?s=96&d=mm&r=g","caption":"Marine"},"sameAs":["https:\/\/x.com\/julien-styqr-admin"]}]}},"_links":{"self":[{"href":"https:\/\/styqr.fr\/es\/wp-json\/wp\/v2\/posts\/119652","targetHints":{"allow":["GET"]}}],"collection":[{"href":"https:\/\/styqr.fr\/es\/wp-json\/wp\/v2\/posts"}],"about":[{"href":"https:\/\/styqr.fr\/es\/wp-json\/wp\/v2\/types\/post"}],"author":[{"embeddable":true,"href":"https:\/\/styqr.fr\/es\/wp-json\/wp\/v2\/users\/3"}],"replies":[{"embeddable":true,"href":"https:\/\/styqr.fr\/es\/wp-json\/wp\/v2\/comments?post=119652"}],"version-history":[{"count":0,"href":"https:\/\/styqr.fr\/es\/wp-json\/wp\/v2\/posts\/119652\/revisions"}],"wp:featuredmedia":[{"embeddable":true,"href":"https:\/\/styqr.fr\/es\/wp-json\/wp\/v2\/media\/119650"}],"wp:attachment":[{"href":"https:\/\/styqr.fr\/es\/wp-json\/wp\/v2\/media?parent=119652"}],"wp:term":[{"taxonomy":"category","embeddable":true,"href":"https:\/\/styqr.fr\/es\/wp-json\/wp\/v2\/categories?post=119652"},{"taxonomy":"post_tag","embeddable":true,"href":"https:\/\/styqr.fr\/es\/wp-json\/wp\/v2\/tags?post=119652"}],"curies":[{"name":"wp","href":"https:\/\/api.w.org\/{rel}","templated":true}]}}