{"id":105884,"date":"2024-07-16T14:35:20","date_gmt":"2024-07-16T12:35:20","guid":{"rendered":"https:\/\/styqr.fr\/2024\/07\/16\/arrendamiento-de-residencia-secundaria\/"},"modified":"2025-08-26T17:07:41","modified_gmt":"2025-08-26T15:07:41","slug":"arrendamiento-de-residencia-secundaria","status":"publish","type":"post","link":"https:\/\/styqr.fr\/es\/2024\/07\/16\/arrendamiento-de-residencia-secundaria\/","title":{"rendered":"Arrendamiento de residencia secundaria"},"content":{"rendered":"<div class=\"wpb-content-wrapper\"><p>[vc_row][vc_column width=\u00bb1\/1&#8243;][vc_column_text uncode_shortcode_id=\u00bb737217&#8243;]\u00bfTienes una <strong>segunda vivienda<\/strong> y vives en ella menos de 8 meses al a\u00f1o? Te lo contamos todo sobre los distintos tipos de arrendamiento que tienes a tu disposici\u00f3n. Tanto si eres un propietario que piensa alquilar su vivienda como si eres un inquilino que busca la casa de vacaciones ideal, te explicaremos todo, desde la normativa hasta consejos pr\u00e1cticos para hacer m\u00e1s accesible este tema, a menudo complejo.[\/vc_column_text][\/vc_column][\/vc_row][vc_row][vc_column width=\u00bb1\/1&#8243;][vc_row_inner][vc_column_inner column_width_percent=\u00bb100&#8243; gutter_size=\u00bb0&#8243; overlay_alpha=\u00bb50&#8243; shift_x=\u00bb0&#8243; shift_y=\u00bb0&#8243; shift_y_down=\u00bb0&#8243; z_index=\u00bb0&#8243; medium_width=\u00bb0&#8243; mobile_width=\u00bb0&#8243; width=\u00bb1\/1&#8243;][vc_custom_heading uncode_shortcode_id=\u00bb822518&#8243;]<\/p>\n<h2><span class=\"s1\"><b>\u00bfQu\u00e9 es el arrendamiento de una segunda vivienda?<\/b><br \/>\n<\/span><\/h2>\n<p>[\/vc_custom_heading][vc_empty_space][vc_column_text uncode_shortcode_id=\u00bb157682&#8243;]Antes de entrar en detalles, es esencial entender exactamente qu\u00e9 es una <strong>segunda vivienda<\/strong> y en qu\u00e9 se diferencia de una residencia principal. Una segunda vivienda suele ser utilizada por los propietarios para sus vacaciones o como inversi\u00f3n de alquiler. A diferencia de una residencia principal, no est\u00e1 ocupada todo el a\u00f1o por sus propietarios. Es lo que se conoce como <strong>alquiler sin muebles o amueblado<\/strong>. Tambi\u00e9n en este caso, la normativa suele ser m\u00e1s flexible que para el alquiler de una vivienda principal.[\/vc_column_text][vc_empty_space][vc_custom_heading uncode_shortcode_id=\u00bb938454&#8243;]<\/p>\n<h2>Alquiler de temporada<\/h2>\n<p>[\/vc_custom_heading][vc_empty_space][vc_column_text uncode_shortcode_id=\u00bb187039&#8243;]Los alquileres de temporada son una opci\u00f3n muy popular entre los propietarios que quieren <strong>sacar el m\u00e1ximo partido a<\/strong> su segunda vivienda y, al mismo tiempo, poder alojarse all\u00ed de vez en cuando. El <strong>contrato de<\/strong> alquiler de temporada <strong>no puede superar los 90 d\u00edas<\/strong>. El periodo total de <strong>alquiler<\/strong> de tu vivienda <strong>no puede superar los 120 d\u00edas al a\u00f1o.<\/strong> En ese caso, se te clasificar\u00e1 como propiedad amueblada no profesional. Esto es lo que debes saber para tener \u00e9xito en este campo:<\/p>\n<p>[\/vc_column_text][vc_empty_space empty_h=\u00bb2&#8243;][vc_custom_heading uncode_shortcode_id=\u00bb159754&#8243;]<\/p>\n<h3>1. Informaci\u00f3n que debe incluirse en el contrato de arrendamiento<\/h3>\n<p>[\/vc_custom_heading][vc_empty_space empty_h=\u00bb2&#8243;][vc_column_text uncode_shortcode_id=\u00bb146022&#8243;]- Una declaraci\u00f3n en la que conste que se trata de un contrato de arrendamiento de vivienda secundaria &#8211; La identidad del propietario\/arrendador y del arrendatario &#8211; Una descripci\u00f3n de la vivienda y de la duraci\u00f3n del arrendamiento &#8211; La duraci\u00f3n del plazo de preaviso &#8211; El importe del alquiler y de la fianza &#8211; Y, por \u00faltimo, las cl\u00e1usulas esenciales del contrato &#8211; Tambi\u00e9n debe incluirse, por ejemplo, el anexo regional que contiene los derechos y obligaciones del propietario y del arrendatario.[\/vc_column_text][\/vc_column_inner][\/vc_row_inner][\/vc_column][\/vc_row][vc_row][vc_column width=\u00bb1\/1&#8243;][vc_custom_heading uncode_shortcode_id=\u00bb146099&#8243;]<\/p>\n<h3>2. Preparar la llegada de los inquilinos<\/h3>\n<p>[\/vc_custom_heading][vc_column_text uncode_shortcode_id=\u00bb167715&#8243;]Antes de alquilar tu segunda vivienda, aseg\u00farate de prepararla cuidadosamente para acoger a tus futuros inquilinos. Esto incluye<\/p>\n<p>&#8211; <b> Limpieza a fondo:<\/b> Contrata servicios profesionales de limpieza para asegurarte de que tu casa est\u00e9 impecable cuando lleguen los inquilinos.<\/p>\n<p>&#8211; <b> Decoraci\u00f3n y mobiliario:<\/b> Opta por una decoraci\u00f3n c\u00e1lida y acogedora. Piensa en toques locales o tem\u00e1ticos para crear un ambiente memorable.[\/vc_column_text][vc_custom_heading uncode_shortcode_id=\u00bb186843&#8243;]<\/p>\n<h3>3. Importe del alquiler<\/h3>\n<p>[\/vc_custom_heading][vc_column_text uncode_shortcode_id=\u00bb749659&#8243;]El precio es crucial para atraer inquilinos y maximizar tus ingresos. Investiga los precios de alquiler en tu zona y ad\u00e1ptalos a las caracter\u00edsticas \u00fanicas de tu propiedad.<\/p>\n<p><b>Estacionalidad:<\/b> Los precios pueden variar considerablemente seg\u00fan la temporada. Aumenta ligeramente los precios en periodos de gran demanda, como vacaciones y fiestas locales.[\/vc_column_text][vc_custom_heading uncode_shortcode_id=\u00bb139711&#8243;]<\/p>\n<h2>Arrendamiento a largo plazo<\/h2>\n<p>[\/vc_custom_heading][vc_column_text uncode_shortcode_id=\u00bb117394&#8243;]El alquiler a largo plazo es otra opci\u00f3n para los propietarios que buscan una fuente estable de ingresos minimizando el esfuerzo de gesti\u00f3n. Esto es lo que hay que tener en cuenta[\/vc_column_text][vc_custom_heading uncode_shortcode_id=\u00bb442921&#8243;]<\/p>\n<h3>1. Contrato de arrendamiento s\u00f3lido<\/h3>\n<p>[\/vc_custom_heading][vc_column_text uncode_shortcode_id=\u00bb549555&#8243;]Para un arrendamiento a largo plazo, es esencial un contrato de arrendamiento bien redactado. Debe incluir los siguientes detalles <\/p>\n<ul>\n<li aria-level=\"1\"><b>Plazo del arrendamiento:<\/b> Especifica el plazo exacto del arrendamiento y las condiciones de renovaci\u00f3n.<\/li>\n<li aria-level=\"1\"><b>Cl\u00e1usula de revisi\u00f3n del alquiler:<\/b> Indica si el alquiler puede revisarse y en qu\u00e9 condiciones.<\/li>\n<li aria-level=\"1\"><b>Tipo de alojamiento de alquiler  <\/b><\/li>\n<li aria-level=\"1\"><b>Condiciones de anulaci\u00f3n<\/b><\/li>\n<li aria-level=\"1\"><b>El importe del alquiler, los gastos de mantenimiento y la fianza<\/b><\/li>\n<\/ul>\n<p>[\/vc_column_text][vc_custom_heading uncode_shortcode_id=\u00bb176399&#8243;]<\/p>\n<h3>2. Mantenimiento y reparaciones<\/h3>\n<p>[\/vc_custom_heading][vc_column_text uncode_shortcode_id=\u00bb300927&#8243;]Deja claro qui\u00e9n es responsable del mantenimiento general y de las reparaciones menores. Las reparaciones estructurales importantes suelen ser responsabilidad del propietario.[\/vc_column_text][vc_custom_heading uncode_shortcode_id=\u00bb197888&#8243;]<\/p>\n<h3>3. <b>Relaciones inquilino-propietario<\/b><\/h3>\n<p>[\/vc_custom_heading][vc_column_text uncode_shortcode_id=\u00bb285751&#8243;]Fomenta una relaci\u00f3n armoniosa con tus inquilinos siendo respetuoso y respondiendo r\u00e1pidamente a sus preocupaciones. Esto puede dar lugar a inquilinos m\u00e1s duraderos y a una menor rotaci\u00f3n.[\/vc_column_text][vc_custom_heading uncode_shortcode_id=\u00bb500800&#8243;]<\/p>\n<h2>Normativa sobre arrendamiento de vivienda secundaria<\/h2>\n<p>[\/vc_custom_heading][vc_column_text uncode_shortcode_id=\u00bb119513&#8243;]La normativa que regula el alquiler de temporada y de larga duraci\u00f3n puede variar considerablemente de una regi\u00f3n a otra. Es fundamental informarse sobre las normas locales, en particular :<\/p>\n<p>&#8211; <b> Permiso de alquiler:<\/b> Algunos lugares exigen un permiso especial para los alquileres de corta duraci\u00f3n. Aseg\u00farate de que cumples todos los requisitos legales.<\/p>\n<p>&#8211; <b> Fiscalidad:<\/b> Los ingresos por alquiler pueden estar sujetos a impuestos. Consulta a un profesional para conocer tus obligaciones fiscales.[\/vc_column_text][vc_column_text uncode_shortcode_id=\u00bb158450&#8243;]Arrendar una segunda vivienda ofrece flexibilidad tanto a los propietarios como a los inquilinos. Tanto si optas por un arrendamiento estacional para beneficiarte de unos ingresos extra como por un arrendamiento a largo plazo para una gesti\u00f3n m\u00e1s estable, es esencial que comprendas los matices jur\u00eddicos y pr\u00e1cticos de cada opci\u00f3n.[\/vc_column_text][vc_column_text uncode_shortcode_id=\u00bb137614&#8243;]\u00bfQuieres saber m\u00e1s sobre lo que les gusta a los viajeros este a\u00f1o? Lee nuestro art\u00edculo sobre <a href=\"https:\/\/styqr.fr\/es\/2024\/07\/16\/tendencias-hoteleras-2024\/\" target=\"_blank\" rel=\"noopener\">Tendencias hoteleras 2024<\/a>.[\/vc_column_text][\/vc_column][\/vc_row]<\/p>\n<\/div>","protected":false},"excerpt":{"rendered":"<p>[vc_row][vc_column width=\u00bb1\/1&#8243;][vc_column_text uncode_shortcode_id=\u00bb737217&#8243;]\u00bfTienes una segunda vivienda y vives en ella menos de 8 meses al a\u00f1o? Te lo contamos todo [&hellip;]<\/p>\n","protected":false},"author":3,"featured_media":105878,"comment_status":"closed","ping_status":"open","sticky":false,"template":"","format":"standard","meta":{"footnotes":""},"categories":[910,924],"tags":[1926,1934,1966,1968,1971,1994,2005,2006,2014],"class_list":["post-105884","post","type-post","status-publish","format-standard","has-post-thumbnail","hentry","category-particulares","category-profesionales","tag-folleto-de-bienvenida","tag-styqr-es","tag-digital-es","tag-viajar","tag-turismo","tag-vacaciones","tag-propietario","tag-alquiler","tag-arrendamiento"],"yoast_head":"<!-- This site is optimized with the Yoast SEO Premium plugin v27.4 (Yoast SEO v27.4) - https:\/\/yoast.com\/product\/yoast-seo-premium-wordpress\/ -->\n<title>Guide complet sur la location de r\u00e9sidences secondaires.<\/title>\n<meta name=\"description\" content=\"M\u00e1s informaci\u00f3n sobre los arrendamientos de segunda vivienda: definici\u00f3n, problemas y consejos pr\u00e1cticos para gestionar tu propiedad. M\u00e1s informaci\u00f3n\" \/>\n<meta name=\"robots\" content=\"index, follow, max-snippet:-1, max-image-preview:large, max-video-preview:-1\" \/>\n<link rel=\"canonical\" href=\"https:\/\/styqr.fr\/es\/2024\/07\/16\/arrendamiento-de-residencia-secundaria\/\" \/>\n<meta property=\"og:locale\" content=\"es_ES\" \/>\n<meta property=\"og:type\" content=\"article\" \/>\n<meta property=\"og:title\" content=\"StyQR | Le livret d&#039;accueil digital\" \/>\n<meta property=\"og:description\" content=\"M\u00e1s informaci\u00f3n sobre los arrendamientos de segunda vivienda: definici\u00f3n, problemas y consejos pr\u00e1cticos para gestionar tu propiedad. M\u00e1s informaci\u00f3n\" \/>\n<meta property=\"og:url\" content=\"https:\/\/styqr.fr\/es\/2024\/07\/16\/arrendamiento-de-residencia-secundaria\/\" \/>\n<meta property=\"og:site_name\" content=\"StyQR\" \/>\n<meta property=\"article:publisher\" content=\"https:\/\/fr-fr.facebook.com\/styqr\/\" \/>\n<meta property=\"article:published_time\" content=\"2024-07-16T12:35:20+00:00\" \/>\n<meta property=\"article:modified_time\" content=\"2025-08-26T15:07:41+00:00\" \/>\n<meta property=\"og:image\" content=\"https:\/\/styqr.fr\/wp-content\/uploads\/2024\/07\/small-wooden-house-and-the-inscription-for-rent-2024-01-19-19-43-54-utc-min-scaled.jpg\" \/>\n\t<meta property=\"og:image:width\" content=\"2560\" \/>\n\t<meta property=\"og:image:height\" content=\"1709\" \/>\n\t<meta property=\"og:image:type\" content=\"image\/jpeg\" \/>\n<meta name=\"author\" content=\"Marine\" \/>\n<meta name=\"twitter:card\" content=\"summary_large_image\" \/>\n<meta name=\"twitter:creator\" content=\"@julien-styqr-admin\" \/>\n<script type=\"application\/ld+json\" class=\"yoast-schema-graph\">{\"@context\":\"https:\\\/\\\/schema.org\",\"@graph\":[{\"@type\":\"Article\",\"@id\":\"https:\\\/\\\/styqr.fr\\\/es\\\/2024\\\/07\\\/16\\\/arrendamiento-de-residencia-secundaria\\\/#article\",\"isPartOf\":{\"@id\":\"https:\\\/\\\/styqr.fr\\\/es\\\/2024\\\/07\\\/16\\\/arrendamiento-de-residencia-secundaria\\\/\"},\"author\":{\"name\":\"Marine\",\"@id\":\"https:\\\/\\\/styqr.fr\\\/es\\\/#\\\/schema\\\/person\\\/9961aca9b86c9501bc1a72282df89aac\"},\"headline\":\"Arrendamiento de residencia secundaria\",\"datePublished\":\"2024-07-16T12:35:20+00:00\",\"dateModified\":\"2025-08-26T15:07:41+00:00\",\"mainEntityOfPage\":{\"@id\":\"https:\\\/\\\/styqr.fr\\\/es\\\/2024\\\/07\\\/16\\\/arrendamiento-de-residencia-secundaria\\\/\"},\"wordCount\":1112,\"publisher\":{\"@id\":\"https:\\\/\\\/styqr.fr\\\/es\\\/#organization\"},\"image\":{\"@id\":\"https:\\\/\\\/styqr.fr\\\/es\\\/2024\\\/07\\\/16\\\/arrendamiento-de-residencia-secundaria\\\/#primaryimage\"},\"thumbnailUrl\":\"https:\\\/\\\/styqr.fr\\\/wp-content\\\/uploads\\\/2024\\\/07\\\/small-wooden-house-and-the-inscription-for-rent-2024-01-19-19-43-54-utc-min-scaled.jpg\",\"keywords\":[\"folleto de bienvenida\",\"styqr\",\"digital\",\"viajar\",\"turismo\",\"vacaciones\",\"propietario\",\"alquiler\",\"arrendamiento\"],\"articleSection\":[\"Particulares\",\"Profesionales\"],\"inLanguage\":\"es\"},{\"@type\":\"WebPage\",\"@id\":\"https:\\\/\\\/styqr.fr\\\/es\\\/2024\\\/07\\\/16\\\/arrendamiento-de-residencia-secundaria\\\/\",\"url\":\"https:\\\/\\\/styqr.fr\\\/es\\\/2024\\\/07\\\/16\\\/arrendamiento-de-residencia-secundaria\\\/\",\"name\":\"Guide complet sur la location de r\u00e9sidences secondaires.\",\"isPartOf\":{\"@id\":\"https:\\\/\\\/styqr.fr\\\/es\\\/#website\"},\"primaryImageOfPage\":{\"@id\":\"https:\\\/\\\/styqr.fr\\\/es\\\/2024\\\/07\\\/16\\\/arrendamiento-de-residencia-secundaria\\\/#primaryimage\"},\"image\":{\"@id\":\"https:\\\/\\\/styqr.fr\\\/es\\\/2024\\\/07\\\/16\\\/arrendamiento-de-residencia-secundaria\\\/#primaryimage\"},\"thumbnailUrl\":\"https:\\\/\\\/styqr.fr\\\/wp-content\\\/uploads\\\/2024\\\/07\\\/small-wooden-house-and-the-inscription-for-rent-2024-01-19-19-43-54-utc-min-scaled.jpg\",\"datePublished\":\"2024-07-16T12:35:20+00:00\",\"dateModified\":\"2025-08-26T15:07:41+00:00\",\"description\":\"M\u00e1s informaci\u00f3n sobre los arrendamientos de segunda vivienda: definici\u00f3n, problemas y consejos pr\u00e1cticos para gestionar tu propiedad. M\u00e1s informaci\u00f3n\",\"breadcrumb\":{\"@id\":\"https:\\\/\\\/styqr.fr\\\/es\\\/2024\\\/07\\\/16\\\/arrendamiento-de-residencia-secundaria\\\/#breadcrumb\"},\"inLanguage\":\"es\",\"potentialAction\":[{\"@type\":\"ReadAction\",\"target\":[\"https:\\\/\\\/styqr.fr\\\/es\\\/2024\\\/07\\\/16\\\/arrendamiento-de-residencia-secundaria\\\/\"]}]},{\"@type\":\"ImageObject\",\"inLanguage\":\"es\",\"@id\":\"https:\\\/\\\/styqr.fr\\\/es\\\/2024\\\/07\\\/16\\\/arrendamiento-de-residencia-secundaria\\\/#primaryimage\",\"url\":\"https:\\\/\\\/styqr.fr\\\/wp-content\\\/uploads\\\/2024\\\/07\\\/small-wooden-house-and-the-inscription-for-rent-2024-01-19-19-43-54-utc-min-scaled.jpg\",\"contentUrl\":\"https:\\\/\\\/styqr.fr\\\/wp-content\\\/uploads\\\/2024\\\/07\\\/small-wooden-house-and-the-inscription-for-rent-2024-01-19-19-43-54-utc-min-scaled.jpg\",\"width\":2560,\"height\":1709},{\"@type\":\"BreadcrumbList\",\"@id\":\"https:\\\/\\\/styqr.fr\\\/es\\\/2024\\\/07\\\/16\\\/arrendamiento-de-residencia-secundaria\\\/#breadcrumb\",\"itemListElement\":[{\"@type\":\"ListItem\",\"position\":1,\"name\":\"Inicio\",\"item\":\"https:\\\/\\\/styqr.fr\\\/es\\\/\"},{\"@type\":\"ListItem\",\"position\":2,\"name\":\"Profesionales\",\"item\":\"https:\\\/\\\/styqr.fr\\\/es\\\/nos-categories\\\/profesionales\\\/\"},{\"@type\":\"ListItem\",\"position\":3,\"name\":\"Arrendamiento de residencia secundaria\"}]},{\"@type\":\"WebSite\",\"@id\":\"https:\\\/\\\/styqr.fr\\\/es\\\/#website\",\"url\":\"https:\\\/\\\/styqr.fr\\\/es\\\/\",\"name\":\"StyQR\",\"description\":\"Cr\u00e9ez votre livret d&#039;accueil digital personnalis\u00e9 pour vos voyageurs\",\"publisher\":{\"@id\":\"https:\\\/\\\/styqr.fr\\\/es\\\/#organization\"},\"potentialAction\":[{\"@type\":\"SearchAction\",\"target\":{\"@type\":\"EntryPoint\",\"urlTemplate\":\"https:\\\/\\\/styqr.fr\\\/es\\\/?s={search_term_string}\"},\"query-input\":{\"@type\":\"PropertyValueSpecification\",\"valueRequired\":true,\"valueName\":\"search_term_string\"}}],\"inLanguage\":\"es\"},{\"@type\":\"Organization\",\"@id\":\"https:\\\/\\\/styqr.fr\\\/es\\\/#organization\",\"name\":\"StyQR\",\"url\":\"https:\\\/\\\/styqr.fr\\\/es\\\/\",\"logo\":{\"@type\":\"ImageObject\",\"inLanguage\":\"es\",\"@id\":\"https:\\\/\\\/styqr.fr\\\/es\\\/#\\\/schema\\\/logo\\\/image\\\/\",\"url\":\"https:\\\/\\\/styqr.fr\\\/wp-content\\\/uploads\\\/2020\\\/11\\\/Fichier-5.png\",\"contentUrl\":\"https:\\\/\\\/styqr.fr\\\/wp-content\\\/uploads\\\/2020\\\/11\\\/Fichier-5.png\",\"width\":388,\"height\":194,\"caption\":\"StyQR\"},\"image\":{\"@id\":\"https:\\\/\\\/styqr.fr\\\/es\\\/#\\\/schema\\\/logo\\\/image\\\/\"},\"sameAs\":[\"https:\\\/\\\/fr-fr.facebook.com\\\/styqr\\\/\",\"https:\\\/\\\/www.instagram.com\\\/styqr_fr\\\/\",\"https:\\\/\\\/fr.linkedin.com\\\/company\\\/styqr\"],\"description\":\"StyQR, le livret d'accueil digital\",\"email\":\"contact@styqr.fr\",\"legalName\":\"SAS StyQR\",\"foundingDate\":\"2019-05-27\",\"vatID\":\"FR55824532865\",\"taxID\":\"82453286500014\",\"numberOfEmployees\":{\"@type\":\"QuantitativeValue\",\"minValue\":\"1\",\"maxValue\":\"10\"}},{\"@type\":\"Person\",\"@id\":\"https:\\\/\\\/styqr.fr\\\/es\\\/#\\\/schema\\\/person\\\/9961aca9b86c9501bc1a72282df89aac\",\"name\":\"Marine\",\"image\":{\"@type\":\"ImageObject\",\"inLanguage\":\"es\",\"@id\":\"https:\\\/\\\/secure.gravatar.com\\\/avatar\\\/647b7182996833269bfb418442442520d7a3cf1ce76c2bbb26b93d7fbb28bb58?s=96&d=mm&r=g\",\"url\":\"https:\\\/\\\/secure.gravatar.com\\\/avatar\\\/647b7182996833269bfb418442442520d7a3cf1ce76c2bbb26b93d7fbb28bb58?s=96&d=mm&r=g\",\"contentUrl\":\"https:\\\/\\\/secure.gravatar.com\\\/avatar\\\/647b7182996833269bfb418442442520d7a3cf1ce76c2bbb26b93d7fbb28bb58?s=96&d=mm&r=g\",\"caption\":\"Marine\"},\"sameAs\":[\"https:\\\/\\\/x.com\\\/julien-styqr-admin\"]}]}<\/script>\n<!-- \/ Yoast SEO Premium plugin. -->","yoast_head_json":{"title":"Guide complet sur la location de r\u00e9sidences secondaires.","description":"M\u00e1s informaci\u00f3n sobre los arrendamientos de segunda vivienda: definici\u00f3n, problemas y consejos pr\u00e1cticos para gestionar tu propiedad. M\u00e1s informaci\u00f3n","robots":{"index":"index","follow":"follow","max-snippet":"max-snippet:-1","max-image-preview":"max-image-preview:large","max-video-preview":"max-video-preview:-1"},"canonical":"https:\/\/styqr.fr\/es\/2024\/07\/16\/arrendamiento-de-residencia-secundaria\/","og_locale":"es_ES","og_type":"article","og_title":"StyQR | Le livret d'accueil digital","og_description":"M\u00e1s informaci\u00f3n sobre los arrendamientos de segunda vivienda: definici\u00f3n, problemas y consejos pr\u00e1cticos para gestionar tu propiedad. M\u00e1s informaci\u00f3n","og_url":"https:\/\/styqr.fr\/es\/2024\/07\/16\/arrendamiento-de-residencia-secundaria\/","og_site_name":"StyQR","article_publisher":"https:\/\/fr-fr.facebook.com\/styqr\/","article_published_time":"2024-07-16T12:35:20+00:00","article_modified_time":"2025-08-26T15:07:41+00:00","og_image":[{"width":2560,"height":1709,"url":"https:\/\/styqr.fr\/wp-content\/uploads\/2024\/07\/small-wooden-house-and-the-inscription-for-rent-2024-01-19-19-43-54-utc-min-scaled.jpg","type":"image\/jpeg"}],"author":"Marine","twitter_card":"summary_large_image","twitter_creator":"@julien-styqr-admin","schema":{"@context":"https:\/\/schema.org","@graph":[{"@type":"Article","@id":"https:\/\/styqr.fr\/es\/2024\/07\/16\/arrendamiento-de-residencia-secundaria\/#article","isPartOf":{"@id":"https:\/\/styqr.fr\/es\/2024\/07\/16\/arrendamiento-de-residencia-secundaria\/"},"author":{"name":"Marine","@id":"https:\/\/styqr.fr\/es\/#\/schema\/person\/9961aca9b86c9501bc1a72282df89aac"},"headline":"Arrendamiento de residencia secundaria","datePublished":"2024-07-16T12:35:20+00:00","dateModified":"2025-08-26T15:07:41+00:00","mainEntityOfPage":{"@id":"https:\/\/styqr.fr\/es\/2024\/07\/16\/arrendamiento-de-residencia-secundaria\/"},"wordCount":1112,"publisher":{"@id":"https:\/\/styqr.fr\/es\/#organization"},"image":{"@id":"https:\/\/styqr.fr\/es\/2024\/07\/16\/arrendamiento-de-residencia-secundaria\/#primaryimage"},"thumbnailUrl":"https:\/\/styqr.fr\/wp-content\/uploads\/2024\/07\/small-wooden-house-and-the-inscription-for-rent-2024-01-19-19-43-54-utc-min-scaled.jpg","keywords":["folleto de bienvenida","styqr","digital","viajar","turismo","vacaciones","propietario","alquiler","arrendamiento"],"articleSection":["Particulares","Profesionales"],"inLanguage":"es"},{"@type":"WebPage","@id":"https:\/\/styqr.fr\/es\/2024\/07\/16\/arrendamiento-de-residencia-secundaria\/","url":"https:\/\/styqr.fr\/es\/2024\/07\/16\/arrendamiento-de-residencia-secundaria\/","name":"Guide complet sur la location de r\u00e9sidences secondaires.","isPartOf":{"@id":"https:\/\/styqr.fr\/es\/#website"},"primaryImageOfPage":{"@id":"https:\/\/styqr.fr\/es\/2024\/07\/16\/arrendamiento-de-residencia-secundaria\/#primaryimage"},"image":{"@id":"https:\/\/styqr.fr\/es\/2024\/07\/16\/arrendamiento-de-residencia-secundaria\/#primaryimage"},"thumbnailUrl":"https:\/\/styqr.fr\/wp-content\/uploads\/2024\/07\/small-wooden-house-and-the-inscription-for-rent-2024-01-19-19-43-54-utc-min-scaled.jpg","datePublished":"2024-07-16T12:35:20+00:00","dateModified":"2025-08-26T15:07:41+00:00","description":"M\u00e1s informaci\u00f3n sobre los arrendamientos de segunda vivienda: definici\u00f3n, problemas y consejos pr\u00e1cticos para gestionar tu propiedad. M\u00e1s informaci\u00f3n","breadcrumb":{"@id":"https:\/\/styqr.fr\/es\/2024\/07\/16\/arrendamiento-de-residencia-secundaria\/#breadcrumb"},"inLanguage":"es","potentialAction":[{"@type":"ReadAction","target":["https:\/\/styqr.fr\/es\/2024\/07\/16\/arrendamiento-de-residencia-secundaria\/"]}]},{"@type":"ImageObject","inLanguage":"es","@id":"https:\/\/styqr.fr\/es\/2024\/07\/16\/arrendamiento-de-residencia-secundaria\/#primaryimage","url":"https:\/\/styqr.fr\/wp-content\/uploads\/2024\/07\/small-wooden-house-and-the-inscription-for-rent-2024-01-19-19-43-54-utc-min-scaled.jpg","contentUrl":"https:\/\/styqr.fr\/wp-content\/uploads\/2024\/07\/small-wooden-house-and-the-inscription-for-rent-2024-01-19-19-43-54-utc-min-scaled.jpg","width":2560,"height":1709},{"@type":"BreadcrumbList","@id":"https:\/\/styqr.fr\/es\/2024\/07\/16\/arrendamiento-de-residencia-secundaria\/#breadcrumb","itemListElement":[{"@type":"ListItem","position":1,"name":"Inicio","item":"https:\/\/styqr.fr\/es\/"},{"@type":"ListItem","position":2,"name":"Profesionales","item":"https:\/\/styqr.fr\/es\/nos-categories\/profesionales\/"},{"@type":"ListItem","position":3,"name":"Arrendamiento de residencia secundaria"}]},{"@type":"WebSite","@id":"https:\/\/styqr.fr\/es\/#website","url":"https:\/\/styqr.fr\/es\/","name":"StyQR","description":"Cr\u00e9ez votre livret d&#039;accueil digital personnalis\u00e9 pour vos voyageurs","publisher":{"@id":"https:\/\/styqr.fr\/es\/#organization"},"potentialAction":[{"@type":"SearchAction","target":{"@type":"EntryPoint","urlTemplate":"https:\/\/styqr.fr\/es\/?s={search_term_string}"},"query-input":{"@type":"PropertyValueSpecification","valueRequired":true,"valueName":"search_term_string"}}],"inLanguage":"es"},{"@type":"Organization","@id":"https:\/\/styqr.fr\/es\/#organization","name":"StyQR","url":"https:\/\/styqr.fr\/es\/","logo":{"@type":"ImageObject","inLanguage":"es","@id":"https:\/\/styqr.fr\/es\/#\/schema\/logo\/image\/","url":"https:\/\/styqr.fr\/wp-content\/uploads\/2020\/11\/Fichier-5.png","contentUrl":"https:\/\/styqr.fr\/wp-content\/uploads\/2020\/11\/Fichier-5.png","width":388,"height":194,"caption":"StyQR"},"image":{"@id":"https:\/\/styqr.fr\/es\/#\/schema\/logo\/image\/"},"sameAs":["https:\/\/fr-fr.facebook.com\/styqr\/","https:\/\/www.instagram.com\/styqr_fr\/","https:\/\/fr.linkedin.com\/company\/styqr"],"description":"StyQR, le livret d'accueil digital","email":"contact@styqr.fr","legalName":"SAS StyQR","foundingDate":"2019-05-27","vatID":"FR55824532865","taxID":"82453286500014","numberOfEmployees":{"@type":"QuantitativeValue","minValue":"1","maxValue":"10"}},{"@type":"Person","@id":"https:\/\/styqr.fr\/es\/#\/schema\/person\/9961aca9b86c9501bc1a72282df89aac","name":"Marine","image":{"@type":"ImageObject","inLanguage":"es","@id":"https:\/\/secure.gravatar.com\/avatar\/647b7182996833269bfb418442442520d7a3cf1ce76c2bbb26b93d7fbb28bb58?s=96&d=mm&r=g","url":"https:\/\/secure.gravatar.com\/avatar\/647b7182996833269bfb418442442520d7a3cf1ce76c2bbb26b93d7fbb28bb58?s=96&d=mm&r=g","contentUrl":"https:\/\/secure.gravatar.com\/avatar\/647b7182996833269bfb418442442520d7a3cf1ce76c2bbb26b93d7fbb28bb58?s=96&d=mm&r=g","caption":"Marine"},"sameAs":["https:\/\/x.com\/julien-styqr-admin"]}]}},"_links":{"self":[{"href":"https:\/\/styqr.fr\/es\/wp-json\/wp\/v2\/posts\/105884","targetHints":{"allow":["GET"]}}],"collection":[{"href":"https:\/\/styqr.fr\/es\/wp-json\/wp\/v2\/posts"}],"about":[{"href":"https:\/\/styqr.fr\/es\/wp-json\/wp\/v2\/types\/post"}],"author":[{"embeddable":true,"href":"https:\/\/styqr.fr\/es\/wp-json\/wp\/v2\/users\/3"}],"replies":[{"embeddable":true,"href":"https:\/\/styqr.fr\/es\/wp-json\/wp\/v2\/comments?post=105884"}],"version-history":[{"count":0,"href":"https:\/\/styqr.fr\/es\/wp-json\/wp\/v2\/posts\/105884\/revisions"}],"wp:featuredmedia":[{"embeddable":true,"href":"https:\/\/styqr.fr\/es\/wp-json\/wp\/v2\/media\/105878"}],"wp:attachment":[{"href":"https:\/\/styqr.fr\/es\/wp-json\/wp\/v2\/media?parent=105884"}],"wp:term":[{"taxonomy":"category","embeddable":true,"href":"https:\/\/styqr.fr\/es\/wp-json\/wp\/v2\/categories?post=105884"},{"taxonomy":"post_tag","embeddable":true,"href":"https:\/\/styqr.fr\/es\/wp-json\/wp\/v2\/tags?post=105884"}],"curies":[{"name":"wp","href":"https:\/\/api.w.org\/{rel}","templated":true}]}}