{"id":104886,"date":"2024-05-16T12:07:54","date_gmt":"2024-05-16T10:07:54","guid":{"rendered":"https:\/\/styqr.fr\/2024\/05\/16\/mejora-tu-equipo-equipate-con-puntos-de-recarga\/"},"modified":"2025-08-26T17:05:40","modified_gmt":"2025-08-26T15:05:40","slug":"mejora-tu-equipo-equipate-con-puntos-de-recarga","status":"publish","type":"post","link":"https:\/\/styqr.fr\/es\/2024\/05\/16\/mejora-tu-equipo-equipate-con-puntos-de-recarga\/","title":{"rendered":"Puntos de recarga: equipa tu alojamiento"},"content":{"rendered":"<div class=\"wpb-content-wrapper\"><p>[vc_row][vc_column width=\u00bb1\/1&#8243;][vc_column_text uncode_shortcode_id=\u00bb541611&#8243;]\u00bfBuscas una forma de atraer m\u00e1s clientes a tu establecimiento? \u00a1No busques m\u00e1s! Integrar <strong>puntos de recarga<\/strong> el\u00e9ctrica podr\u00eda ser la clave para potenciar el atractivo de tu camping u hotel, al tiempo que ofreces <strong>un valor a\u00f1adido<\/strong> a tus clientes. Con el auge de los coches el\u00e9ctricos, los viajeros quieren estar seguros de encontrar un punto de recarga. Adaptarse a la demanda es una preocupaci\u00f3n menos para los veraneantes, y un punto m\u00e1s a favor de tu establecimiento&#8230;[\/vc_column_text][\/vc_column][\/vc_row][vc_row][vc_column width=\u00bb1\/1&#8243;][vc_row_inner][vc_column_inner column_width_percent=\u00bb100&#8243; gutter_size=\u00bb0&#8243; overlay_alpha=\u00bb50&#8243; shift_x=\u00bb0&#8243; shift_y=\u00bb0&#8243; shift_y_down=\u00bb0&#8243; z_index=\u00bb0&#8243; medium_width=\u00bb0&#8243; mobile_width=\u00bb0&#8243; width=\u00bb1\/1&#8243;][vc_custom_heading uncode_shortcode_id=\u00bb157836&#8243;]<\/p>\n<h2><span class=\"s1\"><b>Una nueva dimensi\u00f3n de los servicios<\/b><br \/>\n<\/span><\/h2>\n<p>[\/vc_custom_heading][vc_empty_space][vc_single_image media=\u00bb104861&#8243; media_width_percent=\u00bb100&#8243; uncode_shortcode_id=\u00bb306134&#8243;][vc_empty_space empty_h=\u00bb2&#8243;][vc_column_text uncode_shortcode_id=\u00bb207626&#8243;]Imagina el asombro en los ojos de tus hu\u00e9spedes cuando descubran que, adem\u00e1s de una c\u00e1lida bienvenida, les ofreces la posibilidad de <strong>recargar su veh\u00edculo el\u00e9ctrico<\/strong> in situ. Es una comodidad que supera las expectativas y a\u00f1ade una nueva dimensi\u00f3n a su experiencia de estancia. Es algo positivo para tu establecimiento, y una <strong>inversi\u00f3n necesaria<\/strong> en vista de la creciente popularidad de los coches el\u00e9ctricos.[\/vc_column_text][\/vc_column_inner][\/vc_row_inner][\/vc_column][\/vc_row][vc_row][vc_column width=\u00bb1\/1&#8243;][vc_row_inner][vc_column_inner column_width_percent=\u00bb100&#8243; gutter_size=\u00bb0&#8243; overlay_alpha=\u00bb50&#8243; shift_x=\u00bb0&#8243; shift_y=\u00bb0&#8243; shift_y_down=\u00bb0&#8243; z_index=\u00bb0&#8243; medium_width=\u00bb0&#8243; mobile_width=\u00bb0&#8243; width=\u00bb1\/1&#8243;][vc_custom_heading uncode_shortcode_id=\u00bb618552&#8243;]<\/p>\n<h2><span class=\"s1\">  Diferenciaci\u00f3n a trav\u00e9s de los servicios<br \/>\n<\/span><\/h2>\n<p>[\/vc_custom_heading][\/vc_column_inner][\/vc_row_inner][vc_column_text uncode_shortcode_id=\u00bb892295&#8243;]En un mercado ferozmente competitivo, ofrecer <strong>servicios \u00fanicos<\/strong> es esencial para destacar entre la multitud. Las estaciones de carga el\u00e9ctrica posicionan a tu establecimiento como l\u00edder del sector, demostrando tu compromiso con la innovaci\u00f3n y la satisfacci\u00f3n del cliente. Es una forma de diferenciarte ofreciendo algo que tus competidores quiz\u00e1 a\u00fan no hayan considerado.[\/vc_column_text][vc_custom_heading uncode_shortcode_id=\u00bb146891&#8243;]<\/p>\n<h2><span class=\"s1\">Promover el Compromiso Ecol\u00f3gico<br \/>\n<\/span><\/h2>\n<p>[\/vc_custom_heading][vc_column_text uncode_shortcode_id=\u00bb173307&#8243;]En un momento en que la ecolog\u00eda est\u00e1 en la mente de todos, <strong>integrar puntos de recarga el\u00e9ctrica<\/strong> en tu camping u hotel tambi\u00e9n demuestra tu compromiso con la sostenibilidad medioambiental. Es un gesto concreto que atrae a los viajeros que quieren reducir su huella de carbono. Al ofrecer esta opci\u00f3n, demuestras que eres una empresa responsable que se preocupa por el futuro del planeta.[\/vc_column_text][vc_custom_heading uncode_shortcode_id=\u00bb269136&#8243;]<\/p>\n<h2><span class=\"s1\">La atracci\u00f3n de los viajeros modernos<br \/>\n<\/span><\/h2>\n<p>[\/vc_custom_heading][vc_single_image media=\u00bb104866&#8243; media_width_percent=\u00bb100&#8243; uncode_shortcode_id=\u00bb176644&#8243;][vc_column_text uncode_shortcode_id=\u00bb120365&#8243;]Los viajeros de hoy buscan experiencias que combinen comodidad, confort y respeto por el medio ambiente. <strong>Los puntos de recarga<\/strong> el\u00e9ctrica cumplen estos criterios al ofrecer a los hu\u00e9spedes la tranquilidad de saber que pueden recargar su veh\u00edculo el\u00e9ctrico durante su estancia. Es una ventaja que puede inclinar la balanza a la hora de elegir alojamiento. Por encima de todo, la facilidad de uso es la consigna cuando se trata de vacaciones&#8230;[\/vc_column_text][vc_column_text uncode_shortcode_id=\u00bb843977&#8243;]Instalar<strong> puntos de recarga<\/strong> el\u00e9ctrica en campings y hoteles es una <strong>inversi\u00f3n que merece la pena<\/strong> y ofrece m\u00faltiples ventajas. Atrae clientes, diferencia tu establecimiento de la competencia, refuerza tu compromiso con el medio ambiente y satisface las necesidades de los viajeros modernos. As\u00ed que no tardes en dar el paso y ofrecer a tus clientes una experiencia vacacional a\u00fan m\u00e1s gratificante gracias a los puntos de recarga el\u00e9ctrica.[\/vc_column_text][\/vc_column][\/vc_row]<\/p>\n<\/div>","protected":false},"excerpt":{"rendered":"<p>[vc_row][vc_column width=\u00bb1\/1&#8243;][vc_column_text uncode_shortcode_id=\u00bb541611&#8243;]\u00bfBuscas una forma de atraer m\u00e1s clientes a tu establecimiento? \u00a1No busques m\u00e1s! Integrar puntos de recarga el\u00e9ctrica [&hellip;]<\/p>\n","protected":false},"author":3,"featured_media":104857,"comment_status":"closed","ping_status":"open","sticky":false,"template":"","format":"standard","meta":{"footnotes":""},"categories":[924],"tags":[1968,1971,1979,1980,1981,1926,1934,1966],"class_list":["post-104886","post","type-post","status-publish","format-standard","has-post-thumbnail","hentry","category-profesionales","tag-viajar","tag-turismo","tag-equipo","tag-medio-ambiente","tag-estaciones-de-carga","tag-folleto-de-bienvenida","tag-styqr-es","tag-digital-es"],"yoast_head":"<!-- This site is optimized with the Yoast SEO Premium plugin v27.4 (Yoast SEO v27.4) - https:\/\/yoast.com\/product\/yoast-seo-premium-wordpress\/ -->\n<title>Instala puntos de recarga en tu alojamiento: Atrae a clientes el\u00e9ctricos.<\/title>\n<meta name=\"description\" content=\"Ofrece a tus hu\u00e9spedes una experiencia inolvidable con estaciones de carga para coches el\u00e9ctricos. Convierte tu hotel o camping en un destino ecol\u00f3gico y atrae a clientes concienciados con el medio ambiente.\" \/>\n<meta name=\"robots\" content=\"index, follow, max-snippet:-1, max-image-preview:large, max-video-preview:-1\" \/>\n<link rel=\"canonical\" href=\"https:\/\/styqr.fr\/es\/2024\/05\/16\/mejora-tu-equipo-equipate-con-puntos-de-recarga\/\" \/>\n<meta property=\"og:locale\" content=\"es_ES\" \/>\n<meta property=\"og:type\" content=\"article\" \/>\n<meta property=\"og:title\" content=\"StyQR | Le livret d&#039;accueil digital\" \/>\n<meta property=\"og:description\" content=\"Ofrece a tus hu\u00e9spedes una experiencia inolvidable con estaciones de carga para coches el\u00e9ctricos. Convierte tu hotel o camping en un destino ecol\u00f3gico y atrae a clientes concienciados con el medio ambiente.\" \/>\n<meta property=\"og:url\" content=\"https:\/\/styqr.fr\/es\/2024\/05\/16\/mejora-tu-equipo-equipate-con-puntos-de-recarga\/\" \/>\n<meta property=\"og:site_name\" content=\"StyQR\" \/>\n<meta property=\"article:publisher\" content=\"https:\/\/fr-fr.facebook.com\/styqr\/\" \/>\n<meta property=\"article:published_time\" content=\"2024-05-16T10:07:54+00:00\" \/>\n<meta property=\"article:modified_time\" content=\"2025-08-26T15:05:40+00:00\" \/>\n<meta property=\"og:image\" content=\"https:\/\/styqr.fr\/wp-content\/uploads\/2024\/05\/electric-car-on-charging-station-dock-point-2023-11-27-05-30-32-utc-min-scaled.jpg\" \/>\n\t<meta property=\"og:image:width\" content=\"2560\" \/>\n\t<meta property=\"og:image:height\" content=\"1822\" \/>\n\t<meta property=\"og:image:type\" content=\"image\/jpeg\" \/>\n<meta name=\"author\" content=\"Marine\" \/>\n<meta name=\"twitter:card\" content=\"summary_large_image\" \/>\n<meta name=\"twitter:creator\" content=\"@julien-styqr-admin\" \/>\n<script type=\"application\/ld+json\" class=\"yoast-schema-graph\">{\"@context\":\"https:\\\/\\\/schema.org\",\"@graph\":[{\"@type\":\"Article\",\"@id\":\"https:\\\/\\\/styqr.fr\\\/es\\\/2024\\\/05\\\/16\\\/mejora-tu-equipo-equipate-con-puntos-de-recarga\\\/#article\",\"isPartOf\":{\"@id\":\"https:\\\/\\\/styqr.fr\\\/es\\\/2024\\\/05\\\/16\\\/mejora-tu-equipo-equipate-con-puntos-de-recarga\\\/\"},\"author\":{\"name\":\"Marine\",\"@id\":\"https:\\\/\\\/styqr.fr\\\/es\\\/#\\\/schema\\\/person\\\/9961aca9b86c9501bc1a72282df89aac\"},\"headline\":\"Puntos de recarga: equipa tu alojamiento\",\"datePublished\":\"2024-05-16T10:07:54+00:00\",\"dateModified\":\"2025-08-26T15:05:40+00:00\",\"mainEntityOfPage\":{\"@id\":\"https:\\\/\\\/styqr.fr\\\/es\\\/2024\\\/05\\\/16\\\/mejora-tu-equipo-equipate-con-puntos-de-recarga\\\/\"},\"wordCount\":684,\"publisher\":{\"@id\":\"https:\\\/\\\/styqr.fr\\\/es\\\/#organization\"},\"image\":{\"@id\":\"https:\\\/\\\/styqr.fr\\\/es\\\/2024\\\/05\\\/16\\\/mejora-tu-equipo-equipate-con-puntos-de-recarga\\\/#primaryimage\"},\"thumbnailUrl\":\"https:\\\/\\\/styqr.fr\\\/wp-content\\\/uploads\\\/2024\\\/05\\\/electric-car-on-charging-station-dock-point-2023-11-27-05-30-32-utc-min-scaled.jpg\",\"keywords\":[\"viajar\",\"turismo\",\"equipo\",\"medio ambiente\",\"estaciones de carga\",\"folleto de bienvenida\",\"styqr\",\"digital\"],\"articleSection\":[\"Profesionales\"],\"inLanguage\":\"es\"},{\"@type\":\"WebPage\",\"@id\":\"https:\\\/\\\/styqr.fr\\\/es\\\/2024\\\/05\\\/16\\\/mejora-tu-equipo-equipate-con-puntos-de-recarga\\\/\",\"url\":\"https:\\\/\\\/styqr.fr\\\/es\\\/2024\\\/05\\\/16\\\/mejora-tu-equipo-equipate-con-puntos-de-recarga\\\/\",\"name\":\"Instala puntos de recarga en tu alojamiento: Atrae a clientes el\u00e9ctricos.\",\"isPartOf\":{\"@id\":\"https:\\\/\\\/styqr.fr\\\/es\\\/#website\"},\"primaryImageOfPage\":{\"@id\":\"https:\\\/\\\/styqr.fr\\\/es\\\/2024\\\/05\\\/16\\\/mejora-tu-equipo-equipate-con-puntos-de-recarga\\\/#primaryimage\"},\"image\":{\"@id\":\"https:\\\/\\\/styqr.fr\\\/es\\\/2024\\\/05\\\/16\\\/mejora-tu-equipo-equipate-con-puntos-de-recarga\\\/#primaryimage\"},\"thumbnailUrl\":\"https:\\\/\\\/styqr.fr\\\/wp-content\\\/uploads\\\/2024\\\/05\\\/electric-car-on-charging-station-dock-point-2023-11-27-05-30-32-utc-min-scaled.jpg\",\"datePublished\":\"2024-05-16T10:07:54+00:00\",\"dateModified\":\"2025-08-26T15:05:40+00:00\",\"description\":\"Ofrece a tus hu\u00e9spedes una experiencia inolvidable con estaciones de carga para coches el\u00e9ctricos. Convierte tu hotel o camping en un destino ecol\u00f3gico y atrae a clientes concienciados con el medio ambiente.\",\"breadcrumb\":{\"@id\":\"https:\\\/\\\/styqr.fr\\\/es\\\/2024\\\/05\\\/16\\\/mejora-tu-equipo-equipate-con-puntos-de-recarga\\\/#breadcrumb\"},\"inLanguage\":\"es\",\"potentialAction\":[{\"@type\":\"ReadAction\",\"target\":[\"https:\\\/\\\/styqr.fr\\\/es\\\/2024\\\/05\\\/16\\\/mejora-tu-equipo-equipate-con-puntos-de-recarga\\\/\"]}]},{\"@type\":\"ImageObject\",\"inLanguage\":\"es\",\"@id\":\"https:\\\/\\\/styqr.fr\\\/es\\\/2024\\\/05\\\/16\\\/mejora-tu-equipo-equipate-con-puntos-de-recarga\\\/#primaryimage\",\"url\":\"https:\\\/\\\/styqr.fr\\\/wp-content\\\/uploads\\\/2024\\\/05\\\/electric-car-on-charging-station-dock-point-2023-11-27-05-30-32-utc-min-scaled.jpg\",\"contentUrl\":\"https:\\\/\\\/styqr.fr\\\/wp-content\\\/uploads\\\/2024\\\/05\\\/electric-car-on-charging-station-dock-point-2023-11-27-05-30-32-utc-min-scaled.jpg\",\"width\":2560,\"height\":1822},{\"@type\":\"BreadcrumbList\",\"@id\":\"https:\\\/\\\/styqr.fr\\\/es\\\/2024\\\/05\\\/16\\\/mejora-tu-equipo-equipate-con-puntos-de-recarga\\\/#breadcrumb\",\"itemListElement\":[{\"@type\":\"ListItem\",\"position\":1,\"name\":\"Inicio\",\"item\":\"https:\\\/\\\/styqr.fr\\\/es\\\/\"},{\"@type\":\"ListItem\",\"position\":2,\"name\":\"Profesionales\",\"item\":\"https:\\\/\\\/styqr.fr\\\/es\\\/nos-categories\\\/profesionales\\\/\"},{\"@type\":\"ListItem\",\"position\":3,\"name\":\"Puntos de recarga: equipa tu alojamiento\"}]},{\"@type\":\"WebSite\",\"@id\":\"https:\\\/\\\/styqr.fr\\\/es\\\/#website\",\"url\":\"https:\\\/\\\/styqr.fr\\\/es\\\/\",\"name\":\"StyQR\",\"description\":\"Cr\u00e9ez votre livret d&#039;accueil digital personnalis\u00e9 pour vos voyageurs\",\"publisher\":{\"@id\":\"https:\\\/\\\/styqr.fr\\\/es\\\/#organization\"},\"potentialAction\":[{\"@type\":\"SearchAction\",\"target\":{\"@type\":\"EntryPoint\",\"urlTemplate\":\"https:\\\/\\\/styqr.fr\\\/es\\\/?s={search_term_string}\"},\"query-input\":{\"@type\":\"PropertyValueSpecification\",\"valueRequired\":true,\"valueName\":\"search_term_string\"}}],\"inLanguage\":\"es\"},{\"@type\":\"Organization\",\"@id\":\"https:\\\/\\\/styqr.fr\\\/es\\\/#organization\",\"name\":\"StyQR\",\"url\":\"https:\\\/\\\/styqr.fr\\\/es\\\/\",\"logo\":{\"@type\":\"ImageObject\",\"inLanguage\":\"es\",\"@id\":\"https:\\\/\\\/styqr.fr\\\/es\\\/#\\\/schema\\\/logo\\\/image\\\/\",\"url\":\"https:\\\/\\\/styqr.fr\\\/wp-content\\\/uploads\\\/2020\\\/11\\\/Fichier-5.png\",\"contentUrl\":\"https:\\\/\\\/styqr.fr\\\/wp-content\\\/uploads\\\/2020\\\/11\\\/Fichier-5.png\",\"width\":388,\"height\":194,\"caption\":\"StyQR\"},\"image\":{\"@id\":\"https:\\\/\\\/styqr.fr\\\/es\\\/#\\\/schema\\\/logo\\\/image\\\/\"},\"sameAs\":[\"https:\\\/\\\/fr-fr.facebook.com\\\/styqr\\\/\",\"https:\\\/\\\/www.instagram.com\\\/styqr_fr\\\/\",\"https:\\\/\\\/fr.linkedin.com\\\/company\\\/styqr\"],\"description\":\"StyQR, le livret d'accueil digital\",\"email\":\"contact@styqr.fr\",\"legalName\":\"SAS StyQR\",\"foundingDate\":\"2019-05-27\",\"vatID\":\"FR55824532865\",\"taxID\":\"82453286500014\",\"numberOfEmployees\":{\"@type\":\"QuantitativeValue\",\"minValue\":\"1\",\"maxValue\":\"10\"}},{\"@type\":\"Person\",\"@id\":\"https:\\\/\\\/styqr.fr\\\/es\\\/#\\\/schema\\\/person\\\/9961aca9b86c9501bc1a72282df89aac\",\"name\":\"Marine\",\"image\":{\"@type\":\"ImageObject\",\"inLanguage\":\"es\",\"@id\":\"https:\\\/\\\/secure.gravatar.com\\\/avatar\\\/647b7182996833269bfb418442442520d7a3cf1ce76c2bbb26b93d7fbb28bb58?s=96&d=mm&r=g\",\"url\":\"https:\\\/\\\/secure.gravatar.com\\\/avatar\\\/647b7182996833269bfb418442442520d7a3cf1ce76c2bbb26b93d7fbb28bb58?s=96&d=mm&r=g\",\"contentUrl\":\"https:\\\/\\\/secure.gravatar.com\\\/avatar\\\/647b7182996833269bfb418442442520d7a3cf1ce76c2bbb26b93d7fbb28bb58?s=96&d=mm&r=g\",\"caption\":\"Marine\"},\"sameAs\":[\"https:\\\/\\\/x.com\\\/julien-styqr-admin\"]}]}<\/script>\n<!-- \/ Yoast SEO Premium plugin. -->","yoast_head_json":{"title":"Instala puntos de recarga en tu alojamiento: Atrae a clientes el\u00e9ctricos.","description":"Ofrece a tus hu\u00e9spedes una experiencia inolvidable con estaciones de carga para coches el\u00e9ctricos. Convierte tu hotel o camping en un destino ecol\u00f3gico y atrae a clientes concienciados con el medio ambiente.","robots":{"index":"index","follow":"follow","max-snippet":"max-snippet:-1","max-image-preview":"max-image-preview:large","max-video-preview":"max-video-preview:-1"},"canonical":"https:\/\/styqr.fr\/es\/2024\/05\/16\/mejora-tu-equipo-equipate-con-puntos-de-recarga\/","og_locale":"es_ES","og_type":"article","og_title":"StyQR | Le livret d'accueil digital","og_description":"Ofrece a tus hu\u00e9spedes una experiencia inolvidable con estaciones de carga para coches el\u00e9ctricos. Convierte tu hotel o camping en un destino ecol\u00f3gico y atrae a clientes concienciados con el medio ambiente.","og_url":"https:\/\/styqr.fr\/es\/2024\/05\/16\/mejora-tu-equipo-equipate-con-puntos-de-recarga\/","og_site_name":"StyQR","article_publisher":"https:\/\/fr-fr.facebook.com\/styqr\/","article_published_time":"2024-05-16T10:07:54+00:00","article_modified_time":"2025-08-26T15:05:40+00:00","og_image":[{"width":2560,"height":1822,"url":"https:\/\/styqr.fr\/wp-content\/uploads\/2024\/05\/electric-car-on-charging-station-dock-point-2023-11-27-05-30-32-utc-min-scaled.jpg","type":"image\/jpeg"}],"author":"Marine","twitter_card":"summary_large_image","twitter_creator":"@julien-styqr-admin","schema":{"@context":"https:\/\/schema.org","@graph":[{"@type":"Article","@id":"https:\/\/styqr.fr\/es\/2024\/05\/16\/mejora-tu-equipo-equipate-con-puntos-de-recarga\/#article","isPartOf":{"@id":"https:\/\/styqr.fr\/es\/2024\/05\/16\/mejora-tu-equipo-equipate-con-puntos-de-recarga\/"},"author":{"name":"Marine","@id":"https:\/\/styqr.fr\/es\/#\/schema\/person\/9961aca9b86c9501bc1a72282df89aac"},"headline":"Puntos de recarga: equipa tu alojamiento","datePublished":"2024-05-16T10:07:54+00:00","dateModified":"2025-08-26T15:05:40+00:00","mainEntityOfPage":{"@id":"https:\/\/styqr.fr\/es\/2024\/05\/16\/mejora-tu-equipo-equipate-con-puntos-de-recarga\/"},"wordCount":684,"publisher":{"@id":"https:\/\/styqr.fr\/es\/#organization"},"image":{"@id":"https:\/\/styqr.fr\/es\/2024\/05\/16\/mejora-tu-equipo-equipate-con-puntos-de-recarga\/#primaryimage"},"thumbnailUrl":"https:\/\/styqr.fr\/wp-content\/uploads\/2024\/05\/electric-car-on-charging-station-dock-point-2023-11-27-05-30-32-utc-min-scaled.jpg","keywords":["viajar","turismo","equipo","medio ambiente","estaciones de carga","folleto de bienvenida","styqr","digital"],"articleSection":["Profesionales"],"inLanguage":"es"},{"@type":"WebPage","@id":"https:\/\/styqr.fr\/es\/2024\/05\/16\/mejora-tu-equipo-equipate-con-puntos-de-recarga\/","url":"https:\/\/styqr.fr\/es\/2024\/05\/16\/mejora-tu-equipo-equipate-con-puntos-de-recarga\/","name":"Instala puntos de recarga en tu alojamiento: Atrae a clientes el\u00e9ctricos.","isPartOf":{"@id":"https:\/\/styqr.fr\/es\/#website"},"primaryImageOfPage":{"@id":"https:\/\/styqr.fr\/es\/2024\/05\/16\/mejora-tu-equipo-equipate-con-puntos-de-recarga\/#primaryimage"},"image":{"@id":"https:\/\/styqr.fr\/es\/2024\/05\/16\/mejora-tu-equipo-equipate-con-puntos-de-recarga\/#primaryimage"},"thumbnailUrl":"https:\/\/styqr.fr\/wp-content\/uploads\/2024\/05\/electric-car-on-charging-station-dock-point-2023-11-27-05-30-32-utc-min-scaled.jpg","datePublished":"2024-05-16T10:07:54+00:00","dateModified":"2025-08-26T15:05:40+00:00","description":"Ofrece a tus hu\u00e9spedes una experiencia inolvidable con estaciones de carga para coches el\u00e9ctricos. Convierte tu hotel o camping en un destino ecol\u00f3gico y atrae a clientes concienciados con el medio ambiente.","breadcrumb":{"@id":"https:\/\/styqr.fr\/es\/2024\/05\/16\/mejora-tu-equipo-equipate-con-puntos-de-recarga\/#breadcrumb"},"inLanguage":"es","potentialAction":[{"@type":"ReadAction","target":["https:\/\/styqr.fr\/es\/2024\/05\/16\/mejora-tu-equipo-equipate-con-puntos-de-recarga\/"]}]},{"@type":"ImageObject","inLanguage":"es","@id":"https:\/\/styqr.fr\/es\/2024\/05\/16\/mejora-tu-equipo-equipate-con-puntos-de-recarga\/#primaryimage","url":"https:\/\/styqr.fr\/wp-content\/uploads\/2024\/05\/electric-car-on-charging-station-dock-point-2023-11-27-05-30-32-utc-min-scaled.jpg","contentUrl":"https:\/\/styqr.fr\/wp-content\/uploads\/2024\/05\/electric-car-on-charging-station-dock-point-2023-11-27-05-30-32-utc-min-scaled.jpg","width":2560,"height":1822},{"@type":"BreadcrumbList","@id":"https:\/\/styqr.fr\/es\/2024\/05\/16\/mejora-tu-equipo-equipate-con-puntos-de-recarga\/#breadcrumb","itemListElement":[{"@type":"ListItem","position":1,"name":"Inicio","item":"https:\/\/styqr.fr\/es\/"},{"@type":"ListItem","position":2,"name":"Profesionales","item":"https:\/\/styqr.fr\/es\/nos-categories\/profesionales\/"},{"@type":"ListItem","position":3,"name":"Puntos de recarga: equipa tu alojamiento"}]},{"@type":"WebSite","@id":"https:\/\/styqr.fr\/es\/#website","url":"https:\/\/styqr.fr\/es\/","name":"StyQR","description":"Cr\u00e9ez votre livret d&#039;accueil digital personnalis\u00e9 pour vos voyageurs","publisher":{"@id":"https:\/\/styqr.fr\/es\/#organization"},"potentialAction":[{"@type":"SearchAction","target":{"@type":"EntryPoint","urlTemplate":"https:\/\/styqr.fr\/es\/?s={search_term_string}"},"query-input":{"@type":"PropertyValueSpecification","valueRequired":true,"valueName":"search_term_string"}}],"inLanguage":"es"},{"@type":"Organization","@id":"https:\/\/styqr.fr\/es\/#organization","name":"StyQR","url":"https:\/\/styqr.fr\/es\/","logo":{"@type":"ImageObject","inLanguage":"es","@id":"https:\/\/styqr.fr\/es\/#\/schema\/logo\/image\/","url":"https:\/\/styqr.fr\/wp-content\/uploads\/2020\/11\/Fichier-5.png","contentUrl":"https:\/\/styqr.fr\/wp-content\/uploads\/2020\/11\/Fichier-5.png","width":388,"height":194,"caption":"StyQR"},"image":{"@id":"https:\/\/styqr.fr\/es\/#\/schema\/logo\/image\/"},"sameAs":["https:\/\/fr-fr.facebook.com\/styqr\/","https:\/\/www.instagram.com\/styqr_fr\/","https:\/\/fr.linkedin.com\/company\/styqr"],"description":"StyQR, le livret d'accueil digital","email":"contact@styqr.fr","legalName":"SAS StyQR","foundingDate":"2019-05-27","vatID":"FR55824532865","taxID":"82453286500014","numberOfEmployees":{"@type":"QuantitativeValue","minValue":"1","maxValue":"10"}},{"@type":"Person","@id":"https:\/\/styqr.fr\/es\/#\/schema\/person\/9961aca9b86c9501bc1a72282df89aac","name":"Marine","image":{"@type":"ImageObject","inLanguage":"es","@id":"https:\/\/secure.gravatar.com\/avatar\/647b7182996833269bfb418442442520d7a3cf1ce76c2bbb26b93d7fbb28bb58?s=96&d=mm&r=g","url":"https:\/\/secure.gravatar.com\/avatar\/647b7182996833269bfb418442442520d7a3cf1ce76c2bbb26b93d7fbb28bb58?s=96&d=mm&r=g","contentUrl":"https:\/\/secure.gravatar.com\/avatar\/647b7182996833269bfb418442442520d7a3cf1ce76c2bbb26b93d7fbb28bb58?s=96&d=mm&r=g","caption":"Marine"},"sameAs":["https:\/\/x.com\/julien-styqr-admin"]}]}},"_links":{"self":[{"href":"https:\/\/styqr.fr\/es\/wp-json\/wp\/v2\/posts\/104886","targetHints":{"allow":["GET"]}}],"collection":[{"href":"https:\/\/styqr.fr\/es\/wp-json\/wp\/v2\/posts"}],"about":[{"href":"https:\/\/styqr.fr\/es\/wp-json\/wp\/v2\/types\/post"}],"author":[{"embeddable":true,"href":"https:\/\/styqr.fr\/es\/wp-json\/wp\/v2\/users\/3"}],"replies":[{"embeddable":true,"href":"https:\/\/styqr.fr\/es\/wp-json\/wp\/v2\/comments?post=104886"}],"version-history":[{"count":0,"href":"https:\/\/styqr.fr\/es\/wp-json\/wp\/v2\/posts\/104886\/revisions"}],"wp:featuredmedia":[{"embeddable":true,"href":"https:\/\/styqr.fr\/es\/wp-json\/wp\/v2\/media\/104857"}],"wp:attachment":[{"href":"https:\/\/styqr.fr\/es\/wp-json\/wp\/v2\/media?parent=104886"}],"wp:term":[{"taxonomy":"category","embeddable":true,"href":"https:\/\/styqr.fr\/es\/wp-json\/wp\/v2\/categories?post=104886"},{"taxonomy":"post_tag","embeddable":true,"href":"https:\/\/styqr.fr\/es\/wp-json\/wp\/v2\/tags?post=104886"}],"curies":[{"name":"wp","href":"https:\/\/api.w.org\/{rel}","templated":true}]}}