{"id":103155,"date":"2024-01-23T17:25:52","date_gmt":"2024-01-23T16:25:52","guid":{"rendered":"https:\/\/styqr.fr\/2024\/01\/23\/los-mejores-grupos-de-facebook-para-tu-alquiler-vacacional\/"},"modified":"2025-01-13T14:45:46","modified_gmt":"2025-01-13T13:45:46","slug":"los-mejores-grupos-de-facebook-para-tu-alquiler-vacacional","status":"publish","type":"post","link":"https:\/\/styqr.fr\/es\/2024\/01\/23\/los-mejores-grupos-de-facebook-para-tu-alquiler-vacacional\/","title":{"rendered":"Los mejores grupos de Facebook para tu alquiler de vacaciones"},"content":{"rendered":"<div class=\"wpb-content-wrapper\"><p>[vc_row][vc_column column_width_percent=\u00bb100&#8243; gutter_size=\u00bb3&#8243; overlay_alpha=\u00bb50&#8243; shift_x=\u00bb0&#8243; shift_y=\u00bb0&#8243; shift_y_down=\u00bb0&#8243; z_index=\u00bb0&#8243; medium_width=\u00bb0&#8243; mobile_width=\u00bb0&#8243; width=\u00bb1\/1&#8243;][vc_column_text]\u00bfTienes una <strong>vivienda<\/strong> que no utilizas durante <strong>parte del a\u00f1o<\/strong> y te gustar\u00eda <strong>alquilarla<\/strong> o <strong>intercambiarla<\/strong>? Entonces, \u00a1est\u00e1s en lo cierto! El <strong>alquiler<\/strong> te proporcionar\u00e1 <strong>ingresos adicionales<\/strong>, \u00a1mientras que el<strong>intercambio<\/strong> de tu casa te permitir\u00e1 viajar m\u00e1s <strong>barato<\/strong>! Para ayudarte a anunciarte, hemos elaborado una lista de los <strong>mejores grupos de Facebook a los que puedes unirte<\/strong>.[\/vc_column_text][\/vc_column][\/vc_row][vc_row][vc_column width=\u00bb1\/1&#8243;][vc_column_text]https:\/\/www.youtube.com\/watch?v=4yGxLb8gfxY[\/vc_column_text][vc_row_inner][vc_column_inner column_width_percent=\u00bb100&#8243; gutter_size=\u00bb0&#8243; overlay_alpha=\u00bb50&#8243; shift_x=\u00bb0&#8243; shift_y=\u00bb0&#8243; shift_y_down=\u00bb0&#8243; z_index=\u00bb0&#8243; medium_width=\u00bb0&#8243; mobile_width=\u00bb0&#8243; width=\u00bb1\/1&#8243;][vc_custom_heading text_size=\u00bbfontsize-108063&#8243; text_color=\u00bbcolor-466698&#8243;]InicioIntercambio[\/vc_custom_heading][\/vc_column_inner][\/vc_row_inner][vc_column_text]Si ofreces tu casa como <strong>\u00abintercambio\u00bb<\/strong> en la plataforma <a href=\"https:\/\/www.homeexchange.fr\/\">HomeExchange<\/a> (antes <em>GuestToGuest<\/em>), te aconsejamos encarecidamente que te unas al grupo de <a href=\"https:\/\/www.facebook.com\/groups\/290471408264397\/\"><strong>grupo de Facebook<\/strong><\/a><\/p>\n<p>asociado a la p\u00e1gina. Este grupo te permitir\u00e1 encontrar las primeras<strong>oportunidades de intercambio<\/strong>, y <strong>compartir tu anuncio<\/strong> para tener m\u00e1s visibilidad (\u00a1y por tanto m\u00e1s posibilidades de encontrar un intercambio!). Tambi\u00e9n podr\u00e1s hacer <strong>preguntas<\/strong> sobre el funcionamiento de la plataforma, y <strong>beneficiarte de la experiencia de los<\/strong> casi <strong>2.000 miembros<\/strong> de este grupo.[\/vc_column_text][vc_button border_width=\u00bb0&#8243; link=\u00bburl:https%3A%2F%2Fwww.facebook.com%2Fgroups%2F290471408264397%2F|\u00bb]\u00a1\u00danete al grupo![\/vc_button][\/vc_column][\/vc_row][vc_row][vc_column width=\u00bb1\/1&#8243;][vc_single_image media=\u00bb81528&#8243; media_width_percent=\u00bb100&#8243; media_ratio=\u00bbthree-two\u00bb shape=\u00bbimg-round\u00bb radius=\u00bbstd\u00bb][vc_row_inner][vc_column_inner column_width_percent=\u00bb100&#8243; gutter_size=\u00bb0&#8243; overlay_alpha=\u00bb50&#8243; shift_x=\u00bb0&#8243; shift_y=\u00bb0&#8243; shift_y_down=\u00bb0&#8243; z_index=\u00bb0&#8243; medium_width=\u00bb0&#8243; mobile_width=\u00bb0&#8243; width=\u00bb1\/1&#8243;][vc_custom_heading text_size=\u00bbfontsize-108063&#8243; text_color=\u00bbcolor-466698&#8243;]Los grupos[\/vc_custom_heading][vc_custom_heading text_size=\u00bbfontsize-101106&#8243; text_weight=\u00bb500&#8243; text_color=\u00bbcolor-466698&#8243;]Airbnb Francia[\/vc_custom_heading][\/vc_column_inner][\/vc_row_inner][vc_column_text]Si <strong>alquilas<\/strong> tu alojamiento en <strong><a href=\"https:\/\/www.airbnb.fr\/\">Airbnb<\/a><\/strong>hay <strong>dos grupos principales<\/strong> donde puedes <strong>compartir<\/strong> tu <strong>anuncio<\/strong> o hacer <strong>preguntas<\/strong> a la comunidad:[\/vc_column_text][vc_row_inner][vc_column_inner width=\u00bb1\/2&#8243;][vc_button button_color=\u00bbcolor-197872&#8243; border_width=\u00bb0&#8243; link=\u00bburl:https%3A%2F%2Fwww.facebook.com%2Fgroups%2F246754919059980%2F|\u00bb]Anfitriones Airbnb Francia[\/vc_button][\/vc_column_inner][vc_column_inner width=\u00bb1\/2&#8243;][vc_button button_color=\u00bbcolor-209538&#8243; border_width=\u00bb0&#8243; link=\u00bburl:https%3A%2F%2Fwww.facebook.com%2Fgroups%2Fairbnbenfrance%2F|\u00bb]Airbnb Francia[\/vc_button][\/vc_column_inner][\/vc_row_inner][vc_column_text]<em>Nota: estos grupos no son oficiales ni est\u00e1n gestionados directamente por <a href=\"https:\/\/www.airbnb.fr\/\">Airbnb<\/a>.<\/em>[\/vc_column_text][\/vc_column][\/vc_row][vc_row][vc_column width=\u00bb1\/1&#8243;][vc_single_image media=\u00bb81537&#8243; media_width_percent=\u00bb100&#8243; media_ratio=\u00bbthree-two\u00bb shape=\u00bbimg-round\u00bb radius=\u00bbstd\u00bb][vc_row_inner][vc_column_inner column_width_percent=\u00bb100&#8243; gutter_size=\u00bb0&#8243; overlay_alpha=\u00bb50&#8243; shift_x=\u00bb0&#8243; shift_y=\u00bb0&#8243; shift_y_down=\u00bb0&#8243; z_index=\u00bb0&#8243; medium_width=\u00bb0&#8243; mobile_width=\u00bb0&#8243; width=\u00bb1\/1&#8243;][vc_custom_heading text_size=\u00bbfontsize-108063&#8243; text_color=\u00bbcolor-466698&#8243;]El Anfitri\u00f3n Perfecto[\/vc_custom_heading][vc_custom_heading text_size=\u00bbfontsize-101106&#8243; text_weight=\u00bb500&#8243; text_color=\u00bbcolor-466698&#8243;]por StyQR[\/vc_custom_heading][\/vc_column_inner][\/vc_row_inner][vc_column_text]Como tambi\u00e9n queremos ayudarte a mejorar tus servicios de alquiler, hemos creado nuestro propio grupo de Facebook: El Anfitri\u00f3n Perfecto. Su objetivo es responder a tus preguntas y compartir las mejores pr\u00e1cticas, consejos y trucos para aumentar tus ingresos por alquiler&#8230; \u00a1No dudes en unirte al grupo![\/vc_column_text][vc_button button_color=\u00bbaccent\u00bb border_width=\u00bb0&#8243; link=\u00bburl:https%3A%2F%2Fwww.facebook.com%2Fgroups%2F1091483087727257%2F|\u00bb]El Anfitri\u00f3n Perfecto[\/vc_button][\/vc_column][\/vc_row][vc_row][vc_column width=\u00bb1\/1&#8243;][vc_single_image media=\u00bb81536&#8243; media_width_percent=\u00bb100&#8243; media_ratio=\u00bbthree-two\u00bb shape=\u00bbimg-round\u00bb radius=\u00bbstd\u00bb][vc_row_inner][vc_column_inner column_width_percent=\u00bb100&#8243; gutter_size=\u00bb0&#8243; overlay_alpha=\u00bb50&#8243; shift_x=\u00bb0&#8243; shift_y=\u00bb0&#8243; shift_y_down=\u00bb0&#8243; z_index=\u00bb0&#8243; medium_width=\u00bb0&#8243; mobile_width=\u00bb0&#8243; width=\u00bb1\/1&#8243;][vc_custom_heading text_size=\u00bbfontsize-108063&#8243; text_color=\u00bbcolor-466698&#8243;]T\u00fa, t\u00fa,[\/vc_custom_heading][vc_custom_heading text_size=\u00bbfontsize-101106&#8243; text_weight=\u00bb500&#8243; text_color=\u00bbcolor-466698&#8243;]\u00a1mi Tejado![\/vc_custom_heading][\/vc_column_inner][\/vc_row_inner][vc_column_text]<em>\u00a1Toi,toi,mon Toit!<\/em><strong>(TTMT<\/strong> ) es un enorme grupo de Facebook con m\u00e1s de <strong>17.000 miembros<\/strong>.<\/p>\n<p>He aqu\u00ed su descripci\u00f3n:<\/p>\n<blockquote><p>\u00a1Un grupo de autoayuda para poner en \u00abcontacto amistoso\u00bb a quienes poseen un inmueble con quienes lo buscan! Un piso, un piso compartido, una casa, en venta, en alquiler, en intercambio&#8230;<\/p><\/blockquote>\n<p>\u00bfCu\u00e1nto tiempo? Todo el a\u00f1o, un fin de semana o unas vacaciones&#8230; En la ciudad, junto al mar, en el campo &#8230;. \u00a1Sin fronteras! <\/p>\n<blockquote><p> <strong>No est\u00e1 permitido<\/strong><strong>compartir anuncios en Airbnb<\/strong> y otras plataformas, pero si alquilas tu propiedad fuera de estas plataformas, \u00a1este es EL grupo ideal! Una peque\u00f1a regla extra: cada anuncio debe ir acompa\u00f1ado de un <strong>Bonus<\/strong>, un regalo ofrecido a los miembros del grupo con los que hagas negocios?<\/p><\/blockquote>\n<p>[\/vc_column_text][vc_button border_width=\u00bb0&#8243; link=\u00bburl:https%3A%2F%2Fwww.facebook.com%2Fgroups%2F494657764067667%2F|\u00bb]\u00danete al grupo [\/vc_button][\/vc_column][\/vc_row][vc_row][vc_column width=\u00bb1\/1&#8243;][vc_column_text]Esperamos que estos grupos de Facebook te resulten \u00fatiles! Si buscas m\u00e1s consejos y sugerencias para tu alojamiento, \u00a1consulta todos nuestros art\u00edculos en<a href=\"https:\/\/styqr.fr\/le-blog\/\">el blog de StyQR<\/a>![\/vc_column_text][\/vc_column][\/vc_row]<\/p>\n<\/div>","protected":false},"excerpt":{"rendered":"<p>\u00bfEst\u00e1s alquilando o intercambiando tu casa por Internet? \u00a1Echa un vistazo a nuestra selecci\u00f3n de los mejores grupos de Facebook para ayudarte! <\/p>\n","protected":false},"author":1,"featured_media":94348,"comment_status":"closed","ping_status":"closed","sticky":false,"template":"","format":"standard","meta":{"footnotes":""},"categories":[910],"tags":[1933,2024,2095,2422],"class_list":["post-103155","post","type-post","status-publish","format-standard","has-post-thumbnail","hentry","category-particulares","tag-airbnb-es","tag-alquiler-de-temporada","tag-ayuda","tag-facebook-es"],"yoast_head":"<!-- This site is optimized with the Yoast SEO Premium plugin v27.4 (Yoast SEO v27.4) - https:\/\/yoast.com\/product\/yoast-seo-premium-wordpress\/ -->\n<title>Descubre los Mejores Grupos de Facebook para Alquilar tu Vacaci\u00f3n<\/title>\n<meta name=\"description\" content=\"\u00bfBuscas alquilar tu casa de vacaciones? Explora nuestra lista de grupos de Facebook ideales para obtener consejos, intercambiar experiencias y recibir apoyo en tu aventura de alquiler.\" \/>\n<meta name=\"robots\" content=\"index, follow, max-snippet:-1, max-image-preview:large, max-video-preview:-1\" \/>\n<link rel=\"canonical\" href=\"https:\/\/styqr.fr\/es\/2024\/01\/23\/los-mejores-grupos-de-facebook-para-tu-alquiler-vacacional\/\" \/>\n<meta property=\"og:locale\" content=\"es_ES\" \/>\n<meta property=\"og:type\" content=\"article\" \/>\n<meta property=\"og:title\" content=\"StyQR | Le livret d&#039;accueil digital\" \/>\n<meta property=\"og:description\" content=\"\u00bfBuscas alquilar tu casa de vacaciones? Explora nuestra lista de grupos de Facebook ideales para obtener consejos, intercambiar experiencias y recibir apoyo en tu aventura de alquiler.\" \/>\n<meta property=\"og:url\" content=\"https:\/\/styqr.fr\/es\/2024\/01\/23\/los-mejores-grupos-de-facebook-para-tu-alquiler-vacacional\/\" \/>\n<meta property=\"og:site_name\" content=\"StyQR\" \/>\n<meta property=\"article:publisher\" content=\"https:\/\/fr-fr.facebook.com\/styqr\/\" \/>\n<meta property=\"article:published_time\" content=\"2024-01-23T16:25:52+00:00\" \/>\n<meta property=\"article:modified_time\" content=\"2025-01-13T13:45:46+00:00\" \/>\n<meta property=\"og:image\" content=\"https:\/\/styqr.fr\/wp-content\/uploads\/2019\/07\/Groupe-Facebook-Home-Exchange.jpg\" \/>\n\t<meta property=\"og:image:width\" content=\"1000\" \/>\n\t<meta property=\"og:image:height\" content=\"667\" \/>\n\t<meta property=\"og:image:type\" content=\"image\/jpeg\" \/>\n<meta name=\"author\" content=\"julien-styqr-admin\" \/>\n<meta name=\"twitter:card\" content=\"summary_large_image\" \/>\n<script type=\"application\/ld+json\" class=\"yoast-schema-graph\">{\"@context\":\"https:\\\/\\\/schema.org\",\"@graph\":[{\"@type\":\"Article\",\"@id\":\"https:\\\/\\\/styqr.fr\\\/es\\\/2024\\\/01\\\/23\\\/los-mejores-grupos-de-facebook-para-tu-alquiler-vacacional\\\/#article\",\"isPartOf\":{\"@id\":\"https:\\\/\\\/styqr.fr\\\/es\\\/2024\\\/01\\\/23\\\/los-mejores-grupos-de-facebook-para-tu-alquiler-vacacional\\\/\"},\"author\":{\"name\":\"julien-styqr-admin\",\"@id\":\"https:\\\/\\\/styqr.fr\\\/es\\\/#\\\/schema\\\/person\\\/1c3ec87abbbfc1b604a5bfade25e11a5\"},\"headline\":\"Los mejores grupos de Facebook para tu alquiler de vacaciones\",\"datePublished\":\"2024-01-23T16:25:52+00:00\",\"dateModified\":\"2025-01-13T13:45:46+00:00\",\"mainEntityOfPage\":{\"@id\":\"https:\\\/\\\/styqr.fr\\\/es\\\/2024\\\/01\\\/23\\\/los-mejores-grupos-de-facebook-para-tu-alquiler-vacacional\\\/\"},\"wordCount\":930,\"publisher\":{\"@id\":\"https:\\\/\\\/styqr.fr\\\/es\\\/#organization\"},\"image\":{\"@id\":\"https:\\\/\\\/styqr.fr\\\/es\\\/2024\\\/01\\\/23\\\/los-mejores-grupos-de-facebook-para-tu-alquiler-vacacional\\\/#primaryimage\"},\"thumbnailUrl\":\"https:\\\/\\\/styqr.fr\\\/wp-content\\\/uploads\\\/2019\\\/07\\\/Groupe-Facebook-Home-Exchange.jpg\",\"keywords\":[\"airbnb\",\"alquiler de temporada\",\"ayuda\",\"facebook\"],\"articleSection\":[\"Particulares\"],\"inLanguage\":\"es\"},{\"@type\":\"WebPage\",\"@id\":\"https:\\\/\\\/styqr.fr\\\/es\\\/2024\\\/01\\\/23\\\/los-mejores-grupos-de-facebook-para-tu-alquiler-vacacional\\\/\",\"url\":\"https:\\\/\\\/styqr.fr\\\/es\\\/2024\\\/01\\\/23\\\/los-mejores-grupos-de-facebook-para-tu-alquiler-vacacional\\\/\",\"name\":\"Descubre los Mejores Grupos de Facebook para Alquilar tu Vacaci\u00f3n\",\"isPartOf\":{\"@id\":\"https:\\\/\\\/styqr.fr\\\/es\\\/#website\"},\"primaryImageOfPage\":{\"@id\":\"https:\\\/\\\/styqr.fr\\\/es\\\/2024\\\/01\\\/23\\\/los-mejores-grupos-de-facebook-para-tu-alquiler-vacacional\\\/#primaryimage\"},\"image\":{\"@id\":\"https:\\\/\\\/styqr.fr\\\/es\\\/2024\\\/01\\\/23\\\/los-mejores-grupos-de-facebook-para-tu-alquiler-vacacional\\\/#primaryimage\"},\"thumbnailUrl\":\"https:\\\/\\\/styqr.fr\\\/wp-content\\\/uploads\\\/2019\\\/07\\\/Groupe-Facebook-Home-Exchange.jpg\",\"datePublished\":\"2024-01-23T16:25:52+00:00\",\"dateModified\":\"2025-01-13T13:45:46+00:00\",\"description\":\"\u00bfBuscas alquilar tu casa de vacaciones? Explora nuestra lista de grupos de Facebook ideales para obtener consejos, intercambiar experiencias y recibir apoyo en tu aventura de alquiler.\",\"breadcrumb\":{\"@id\":\"https:\\\/\\\/styqr.fr\\\/es\\\/2024\\\/01\\\/23\\\/los-mejores-grupos-de-facebook-para-tu-alquiler-vacacional\\\/#breadcrumb\"},\"inLanguage\":\"es\",\"potentialAction\":[{\"@type\":\"ReadAction\",\"target\":[\"https:\\\/\\\/styqr.fr\\\/es\\\/2024\\\/01\\\/23\\\/los-mejores-grupos-de-facebook-para-tu-alquiler-vacacional\\\/\"]}]},{\"@type\":\"ImageObject\",\"inLanguage\":\"es\",\"@id\":\"https:\\\/\\\/styqr.fr\\\/es\\\/2024\\\/01\\\/23\\\/los-mejores-grupos-de-facebook-para-tu-alquiler-vacacional\\\/#primaryimage\",\"url\":\"https:\\\/\\\/styqr.fr\\\/wp-content\\\/uploads\\\/2019\\\/07\\\/Groupe-Facebook-Home-Exchange.jpg\",\"contentUrl\":\"https:\\\/\\\/styqr.fr\\\/wp-content\\\/uploads\\\/2019\\\/07\\\/Groupe-Facebook-Home-Exchange.jpg\",\"width\":1000,\"height\":667},{\"@type\":\"BreadcrumbList\",\"@id\":\"https:\\\/\\\/styqr.fr\\\/es\\\/2024\\\/01\\\/23\\\/los-mejores-grupos-de-facebook-para-tu-alquiler-vacacional\\\/#breadcrumb\",\"itemListElement\":[{\"@type\":\"ListItem\",\"position\":1,\"name\":\"Inicio\",\"item\":\"https:\\\/\\\/styqr.fr\\\/es\\\/\"},{\"@type\":\"ListItem\",\"position\":2,\"name\":\"Particulares\",\"item\":\"https:\\\/\\\/styqr.fr\\\/es\\\/nos-categories\\\/particulares\\\/\"},{\"@type\":\"ListItem\",\"position\":3,\"name\":\"Los mejores grupos de Facebook para tu alquiler de vacaciones\"}]},{\"@type\":\"WebSite\",\"@id\":\"https:\\\/\\\/styqr.fr\\\/es\\\/#website\",\"url\":\"https:\\\/\\\/styqr.fr\\\/es\\\/\",\"name\":\"StyQR\",\"description\":\"Cr\u00e9ez votre livret d&#039;accueil digital personnalis\u00e9 pour vos voyageurs\",\"publisher\":{\"@id\":\"https:\\\/\\\/styqr.fr\\\/es\\\/#organization\"},\"potentialAction\":[{\"@type\":\"SearchAction\",\"target\":{\"@type\":\"EntryPoint\",\"urlTemplate\":\"https:\\\/\\\/styqr.fr\\\/es\\\/?s={search_term_string}\"},\"query-input\":{\"@type\":\"PropertyValueSpecification\",\"valueRequired\":true,\"valueName\":\"search_term_string\"}}],\"inLanguage\":\"es\"},{\"@type\":\"Organization\",\"@id\":\"https:\\\/\\\/styqr.fr\\\/es\\\/#organization\",\"name\":\"StyQR\",\"url\":\"https:\\\/\\\/styqr.fr\\\/es\\\/\",\"logo\":{\"@type\":\"ImageObject\",\"inLanguage\":\"es\",\"@id\":\"https:\\\/\\\/styqr.fr\\\/es\\\/#\\\/schema\\\/logo\\\/image\\\/\",\"url\":\"https:\\\/\\\/styqr.fr\\\/wp-content\\\/uploads\\\/2020\\\/11\\\/Fichier-5.png\",\"contentUrl\":\"https:\\\/\\\/styqr.fr\\\/wp-content\\\/uploads\\\/2020\\\/11\\\/Fichier-5.png\",\"width\":388,\"height\":194,\"caption\":\"StyQR\"},\"image\":{\"@id\":\"https:\\\/\\\/styqr.fr\\\/es\\\/#\\\/schema\\\/logo\\\/image\\\/\"},\"sameAs\":[\"https:\\\/\\\/fr-fr.facebook.com\\\/styqr\\\/\",\"https:\\\/\\\/www.instagram.com\\\/styqr_fr\\\/\",\"https:\\\/\\\/fr.linkedin.com\\\/company\\\/styqr\"],\"description\":\"StyQR, le livret d'accueil digital\",\"email\":\"contact@styqr.fr\",\"legalName\":\"SAS StyQR\",\"foundingDate\":\"2019-05-27\",\"vatID\":\"FR55824532865\",\"taxID\":\"82453286500014\",\"numberOfEmployees\":{\"@type\":\"QuantitativeValue\",\"minValue\":\"1\",\"maxValue\":\"10\"}},{\"@type\":\"Person\",\"@id\":\"https:\\\/\\\/styqr.fr\\\/es\\\/#\\\/schema\\\/person\\\/1c3ec87abbbfc1b604a5bfade25e11a5\",\"name\":\"julien-styqr-admin\",\"image\":{\"@type\":\"ImageObject\",\"inLanguage\":\"es\",\"@id\":\"https:\\\/\\\/secure.gravatar.com\\\/avatar\\\/9f51111c0554d4868fb9d8c7d1a35c7adcd4c4e4152ded86b44eb45fec952cea?s=96&d=mm&r=g\",\"url\":\"https:\\\/\\\/secure.gravatar.com\\\/avatar\\\/9f51111c0554d4868fb9d8c7d1a35c7adcd4c4e4152ded86b44eb45fec952cea?s=96&d=mm&r=g\",\"contentUrl\":\"https:\\\/\\\/secure.gravatar.com\\\/avatar\\\/9f51111c0554d4868fb9d8c7d1a35c7adcd4c4e4152ded86b44eb45fec952cea?s=96&d=mm&r=g\",\"caption\":\"julien-styqr-admin\"},\"sameAs\":[\"https:\\\/\\\/styqr.fr\"]}]}<\/script>\n<!-- \/ Yoast SEO Premium plugin. -->","yoast_head_json":{"title":"Descubre los Mejores Grupos de Facebook para Alquilar tu Vacaci\u00f3n","description":"\u00bfBuscas alquilar tu casa de vacaciones? Explora nuestra lista de grupos de Facebook ideales para obtener consejos, intercambiar experiencias y recibir apoyo en tu aventura de alquiler.","robots":{"index":"index","follow":"follow","max-snippet":"max-snippet:-1","max-image-preview":"max-image-preview:large","max-video-preview":"max-video-preview:-1"},"canonical":"https:\/\/styqr.fr\/es\/2024\/01\/23\/los-mejores-grupos-de-facebook-para-tu-alquiler-vacacional\/","og_locale":"es_ES","og_type":"article","og_title":"StyQR | Le livret d'accueil digital","og_description":"\u00bfBuscas alquilar tu casa de vacaciones? Explora nuestra lista de grupos de Facebook ideales para obtener consejos, intercambiar experiencias y recibir apoyo en tu aventura de alquiler.","og_url":"https:\/\/styqr.fr\/es\/2024\/01\/23\/los-mejores-grupos-de-facebook-para-tu-alquiler-vacacional\/","og_site_name":"StyQR","article_publisher":"https:\/\/fr-fr.facebook.com\/styqr\/","article_published_time":"2024-01-23T16:25:52+00:00","article_modified_time":"2025-01-13T13:45:46+00:00","og_image":[{"width":1000,"height":667,"url":"https:\/\/styqr.fr\/wp-content\/uploads\/2019\/07\/Groupe-Facebook-Home-Exchange.jpg","type":"image\/jpeg"}],"author":"julien-styqr-admin","twitter_card":"summary_large_image","schema":{"@context":"https:\/\/schema.org","@graph":[{"@type":"Article","@id":"https:\/\/styqr.fr\/es\/2024\/01\/23\/los-mejores-grupos-de-facebook-para-tu-alquiler-vacacional\/#article","isPartOf":{"@id":"https:\/\/styqr.fr\/es\/2024\/01\/23\/los-mejores-grupos-de-facebook-para-tu-alquiler-vacacional\/"},"author":{"name":"julien-styqr-admin","@id":"https:\/\/styqr.fr\/es\/#\/schema\/person\/1c3ec87abbbfc1b604a5bfade25e11a5"},"headline":"Los mejores grupos de Facebook para tu alquiler de vacaciones","datePublished":"2024-01-23T16:25:52+00:00","dateModified":"2025-01-13T13:45:46+00:00","mainEntityOfPage":{"@id":"https:\/\/styqr.fr\/es\/2024\/01\/23\/los-mejores-grupos-de-facebook-para-tu-alquiler-vacacional\/"},"wordCount":930,"publisher":{"@id":"https:\/\/styqr.fr\/es\/#organization"},"image":{"@id":"https:\/\/styqr.fr\/es\/2024\/01\/23\/los-mejores-grupos-de-facebook-para-tu-alquiler-vacacional\/#primaryimage"},"thumbnailUrl":"https:\/\/styqr.fr\/wp-content\/uploads\/2019\/07\/Groupe-Facebook-Home-Exchange.jpg","keywords":["airbnb","alquiler de temporada","ayuda","facebook"],"articleSection":["Particulares"],"inLanguage":"es"},{"@type":"WebPage","@id":"https:\/\/styqr.fr\/es\/2024\/01\/23\/los-mejores-grupos-de-facebook-para-tu-alquiler-vacacional\/","url":"https:\/\/styqr.fr\/es\/2024\/01\/23\/los-mejores-grupos-de-facebook-para-tu-alquiler-vacacional\/","name":"Descubre los Mejores Grupos de Facebook para Alquilar tu Vacaci\u00f3n","isPartOf":{"@id":"https:\/\/styqr.fr\/es\/#website"},"primaryImageOfPage":{"@id":"https:\/\/styqr.fr\/es\/2024\/01\/23\/los-mejores-grupos-de-facebook-para-tu-alquiler-vacacional\/#primaryimage"},"image":{"@id":"https:\/\/styqr.fr\/es\/2024\/01\/23\/los-mejores-grupos-de-facebook-para-tu-alquiler-vacacional\/#primaryimage"},"thumbnailUrl":"https:\/\/styqr.fr\/wp-content\/uploads\/2019\/07\/Groupe-Facebook-Home-Exchange.jpg","datePublished":"2024-01-23T16:25:52+00:00","dateModified":"2025-01-13T13:45:46+00:00","description":"\u00bfBuscas alquilar tu casa de vacaciones? Explora nuestra lista de grupos de Facebook ideales para obtener consejos, intercambiar experiencias y recibir apoyo en tu aventura de alquiler.","breadcrumb":{"@id":"https:\/\/styqr.fr\/es\/2024\/01\/23\/los-mejores-grupos-de-facebook-para-tu-alquiler-vacacional\/#breadcrumb"},"inLanguage":"es","potentialAction":[{"@type":"ReadAction","target":["https:\/\/styqr.fr\/es\/2024\/01\/23\/los-mejores-grupos-de-facebook-para-tu-alquiler-vacacional\/"]}]},{"@type":"ImageObject","inLanguage":"es","@id":"https:\/\/styqr.fr\/es\/2024\/01\/23\/los-mejores-grupos-de-facebook-para-tu-alquiler-vacacional\/#primaryimage","url":"https:\/\/styqr.fr\/wp-content\/uploads\/2019\/07\/Groupe-Facebook-Home-Exchange.jpg","contentUrl":"https:\/\/styqr.fr\/wp-content\/uploads\/2019\/07\/Groupe-Facebook-Home-Exchange.jpg","width":1000,"height":667},{"@type":"BreadcrumbList","@id":"https:\/\/styqr.fr\/es\/2024\/01\/23\/los-mejores-grupos-de-facebook-para-tu-alquiler-vacacional\/#breadcrumb","itemListElement":[{"@type":"ListItem","position":1,"name":"Inicio","item":"https:\/\/styqr.fr\/es\/"},{"@type":"ListItem","position":2,"name":"Particulares","item":"https:\/\/styqr.fr\/es\/nos-categories\/particulares\/"},{"@type":"ListItem","position":3,"name":"Los mejores grupos de Facebook para tu alquiler de vacaciones"}]},{"@type":"WebSite","@id":"https:\/\/styqr.fr\/es\/#website","url":"https:\/\/styqr.fr\/es\/","name":"StyQR","description":"Cr\u00e9ez votre livret d&#039;accueil digital personnalis\u00e9 pour vos voyageurs","publisher":{"@id":"https:\/\/styqr.fr\/es\/#organization"},"potentialAction":[{"@type":"SearchAction","target":{"@type":"EntryPoint","urlTemplate":"https:\/\/styqr.fr\/es\/?s={search_term_string}"},"query-input":{"@type":"PropertyValueSpecification","valueRequired":true,"valueName":"search_term_string"}}],"inLanguage":"es"},{"@type":"Organization","@id":"https:\/\/styqr.fr\/es\/#organization","name":"StyQR","url":"https:\/\/styqr.fr\/es\/","logo":{"@type":"ImageObject","inLanguage":"es","@id":"https:\/\/styqr.fr\/es\/#\/schema\/logo\/image\/","url":"https:\/\/styqr.fr\/wp-content\/uploads\/2020\/11\/Fichier-5.png","contentUrl":"https:\/\/styqr.fr\/wp-content\/uploads\/2020\/11\/Fichier-5.png","width":388,"height":194,"caption":"StyQR"},"image":{"@id":"https:\/\/styqr.fr\/es\/#\/schema\/logo\/image\/"},"sameAs":["https:\/\/fr-fr.facebook.com\/styqr\/","https:\/\/www.instagram.com\/styqr_fr\/","https:\/\/fr.linkedin.com\/company\/styqr"],"description":"StyQR, le livret d'accueil digital","email":"contact@styqr.fr","legalName":"SAS StyQR","foundingDate":"2019-05-27","vatID":"FR55824532865","taxID":"82453286500014","numberOfEmployees":{"@type":"QuantitativeValue","minValue":"1","maxValue":"10"}},{"@type":"Person","@id":"https:\/\/styqr.fr\/es\/#\/schema\/person\/1c3ec87abbbfc1b604a5bfade25e11a5","name":"julien-styqr-admin","image":{"@type":"ImageObject","inLanguage":"es","@id":"https:\/\/secure.gravatar.com\/avatar\/9f51111c0554d4868fb9d8c7d1a35c7adcd4c4e4152ded86b44eb45fec952cea?s=96&d=mm&r=g","url":"https:\/\/secure.gravatar.com\/avatar\/9f51111c0554d4868fb9d8c7d1a35c7adcd4c4e4152ded86b44eb45fec952cea?s=96&d=mm&r=g","contentUrl":"https:\/\/secure.gravatar.com\/avatar\/9f51111c0554d4868fb9d8c7d1a35c7adcd4c4e4152ded86b44eb45fec952cea?s=96&d=mm&r=g","caption":"julien-styqr-admin"},"sameAs":["https:\/\/styqr.fr"]}]}},"_links":{"self":[{"href":"https:\/\/styqr.fr\/es\/wp-json\/wp\/v2\/posts\/103155","targetHints":{"allow":["GET"]}}],"collection":[{"href":"https:\/\/styqr.fr\/es\/wp-json\/wp\/v2\/posts"}],"about":[{"href":"https:\/\/styqr.fr\/es\/wp-json\/wp\/v2\/types\/post"}],"author":[{"embeddable":true,"href":"https:\/\/styqr.fr\/es\/wp-json\/wp\/v2\/users\/1"}],"replies":[{"embeddable":true,"href":"https:\/\/styqr.fr\/es\/wp-json\/wp\/v2\/comments?post=103155"}],"version-history":[{"count":0,"href":"https:\/\/styqr.fr\/es\/wp-json\/wp\/v2\/posts\/103155\/revisions"}],"wp:featuredmedia":[{"embeddable":true,"href":"https:\/\/styqr.fr\/es\/wp-json\/wp\/v2\/media\/94348"}],"wp:attachment":[{"href":"https:\/\/styqr.fr\/es\/wp-json\/wp\/v2\/media?parent=103155"}],"wp:term":[{"taxonomy":"category","embeddable":true,"href":"https:\/\/styqr.fr\/es\/wp-json\/wp\/v2\/categories?post=103155"},{"taxonomy":"post_tag","embeddable":true,"href":"https:\/\/styqr.fr\/es\/wp-json\/wp\/v2\/tags?post=103155"}],"curies":[{"name":"wp","href":"https:\/\/api.w.org\/{rel}","templated":true}]}}