{"id":102115,"date":"2024-01-23T17:19:33","date_gmt":"2024-01-23T16:19:33","guid":{"rendered":"https:\/\/styqr.fr\/2024\/01\/23\/la-hermosa-region-paca\/"},"modified":"2024-12-05T12:38:22","modified_gmt":"2024-12-05T11:38:22","slug":"la-hermosa-region-paca","status":"publish","type":"post","link":"https:\/\/styqr.fr\/es\/2024\/01\/23\/la-hermosa-region-paca\/","title":{"rendered":"La hermosa regi\u00f3n PACA"},"content":{"rendered":"<div class=\"wpb-content-wrapper\"><p>[vc_row][vc_column width=\u00bb1\/1&#8243;][vc_column_text uncode_shortcode_id=\u00bb179032&#8243;]\u00a1Volvemos para la 6\u00aa etapa de nuestro R\u00e9giontrip! Nos dirigimos al sureste de Francia, a la regi\u00f3n de Provenza-Alpes-Costa Azul. Destino muy popular durante los meses de verano, esta regi\u00f3n es rica en paisajes y actividades.<br \/>\n[\/vc_column_text][\/vc_column][\/vc_row][vc_row][vc_column width=\u00bb1\/1&#8243;][vc_row_inner][vc_column_inner column_width_percent=\u00bb100&#8243; gutter_size=\u00bb0&#8243; overlay_alpha=\u00bb50&#8243; shift_x=\u00bb0&#8243; shift_y=\u00bb0&#8243; shift_y_down=\u00bb0&#8243; z_index=\u00bb0&#8243; medium_width=\u00bb0&#8243; mobile_width=\u00bb0&#8243; width=\u00bb1\/1&#8243;][vc_custom_heading text_color=\u00bbcolor-466698&#8243; text_size=\u00bbfontsize-108063&#8243; uncode_shortcode_id=\u00bb172151&#8243; text_color_type=\u00bbuncode-palette\u00bb]<\/p>\n<h3><strong>Sus ciudades emblem\u00e1ticas :<\/strong><\/h3>\n<p>[\/vc_custom_heading][\/vc_column_inner][\/vc_row_inner][vc_gallery el_id=\u00bbgallery-907333&#8243; type=\u00bbcarousel\u00bb medias=\u00bb88053,88055,88057&#8243; carousel_lg=\u00bb1&#8243; carousel_md=\u00bb1&#8243; carousel_sm=\u00bb1&#8243; thumb_size=\u00bbthree-two\u00bb gutter_size=\u00bb3&#8243; media_items=\u00bbmedia|nolink|original\u00bb carousel_interval=\u00bb3000&#8243; carousel_navspeed=\u00bb400&#8243; carousel_loop=\u00bbyes\u00bb carousel_dots=\u00bbyes\u00bb carousel_dots_mobile=\u00bbyes\u00bb stage_padding=\u00bb0&#8243; single_shape=\u00bbround\u00bb radius=\u00bblg\u00bb single_overlay_opacity=\u00bb50&#8243; single_overlay_anim=\u00bbno\u00bb single_padding=\u00bb2&#8243; single_border=\u00bbyes\u00bb uncode_shortcode_id=\u00bb213771&#8243;][vc_column_text uncode_shortcode_id=\u00bb193756&#8243;]La Costa Azul es un sue\u00f1o hecho realidad, y con raz\u00f3n: alberga ciudades legendarias como <strong>Saint-Tropez<\/strong>, <strong>Niza<\/strong> y el Paseo de los Ingleses, y<strong> Marsella<\/strong>. Entre playas de arena fina y actividades, todas estas ciudades tienen su encanto.[\/vc_column_text][vc_column_text uncode_shortcode_id=\u00bb790243&#8243;]Te recomendamos que visites el <strong>Museo de Marsella<\/strong>, el primer museo dedicado a las culturas mediterr\u00e1neas. Para los que buscan un paseo por la historia, el <strong>Fuerte de Saint-Jean<\/strong> y el Fuerte de <strong>Saint-Nicolas<\/strong> colmar\u00e1n sus expectativas.[\/vc_column_text][vc_column_text uncode_shortcode_id=\u00bb626376&#8243;]En mi opini\u00f3n, <strong>Avi\u00f1\u00f3n<\/strong> es una visita obligada cuando se visita la regi\u00f3n.<br \/>\nSu puente nacionalmente famoso y <strong>el Palacio de los Papas<\/strong> son de visita obligada. Tambi\u00e9n hay<strong>muchas excursiones<\/strong> disponibles para visitar la ciudad de <strong>Grasse<\/strong> y sus f\u00e1bricas de perfumes.[\/vc_column_text][\/vc_column][\/vc_row][vc_row][vc_column width=\u00bb1\/1&#8243;][vc_row_inner][vc_column_inner column_width_percent=\u00bb100&#8243; gutter_size=\u00bb0&#8243; overlay_alpha=\u00bb50&#8243; shift_x=\u00bb0&#8243; shift_y=\u00bb0&#8243; shift_y_down=\u00bb0&#8243; z_index=\u00bb0&#8243; medium_width=\u00bb0&#8243; mobile_width=\u00bb0&#8243; width=\u00bb1\/1&#8243;][vc_custom_heading text_color=\u00bbcolor-466698&#8243; text_size=\u00bbfontsize-108063&#8243; uncode_shortcode_id=\u00bb854936&#8243; text_color_type=\u00bbuncode-palette\u00bb]<\/p>\n<h3><strong>Sus excepcionales recursos naturales :<\/strong><\/h3>\n<p>[\/vc_custom_heading][\/vc_column_inner][\/vc_row_inner][vc_gallery el_id=\u00bbgallery-907334&#8243; type=\u00bbcarousel\u00bb medias=\u00bb88059,88061,88063,88065&#8243; carousel_lg=\u00bb1&#8243; carousel_md=\u00bb1&#8243; carousel_sm=\u00bb1&#8243; thumb_size=\u00bbthree-two\u00bb gutter_size=\u00bb3&#8243; media_items=\u00bbmedia|nolink|original\u00bb carousel_interval=\u00bb3000&#8243; carousel_navspeed=\u00bb400&#8243; carousel_loop=\u00bbyes\u00bb carousel_dots=\u00bbyes\u00bb carousel_dots_mobile=\u00bbyes\u00bb stage_padding=\u00bb0&#8243; single_shape=\u00bbround\u00bb radius=\u00bblg\u00bb single_overlay_opacity=\u00bb50&#8243; single_overlay_anim=\u00bbno\u00bb single_padding=\u00bb2&#8243; single_border=\u00bbyes\u00bb uncode_shortcode_id=\u00bb163372&#8243;][vc_column_text uncode_shortcode_id=\u00bb748223&#8243;]La regi\u00f3n PACA cuenta con una gran riqueza de maravillas naturales. Hay muchos itinerarios espirituales en la verde Provenza. <strong>Santuario de la Sainte Baume<\/strong> o tambi\u00e9n conocido como la <strong>Gruta de Sainte Marie Madeleine.<\/strong> Tambi\u00e9n est\u00e1 la <strong>Bas\u00edlica de Sainte Marie Madeleine en Saint Maximin<\/strong>. Por \u00faltimo, <strong>el Santuario de Notre Dame de Gr\u00e2ce en Cotignac<\/strong>. La regi\u00f3n tambi\u00e9n ha puesto en marcha el sistema <strong>Provenza en Bici<\/strong>, que te permite descubrir la regi\u00f3n y sus tesoros por carriles bici. \u00c9stos te llevan por el <strong>parque natural del Luberon<\/strong> a trav\u00e9s de la v\u00eda verde del Cavalon, y a las <strong>Dentelles de Montmirail<\/strong>a trav\u00e9s de la v\u00eda de Venaissia.[\/vc_column_text][vc_column_text uncode_shortcode_id=\u00bb190870&#8243;]L<strong>a pen\u00ednsula de Saint-Roch y su Fuerte Carr\u00e9<\/strong> ofrecen un magn\u00edfico mirador. El pirag\u00fcismo en<strong>las gargantas del Verdon<\/strong> es imprescindible si quieres descubrir estas maravillas naturales.<br \/>\nY despu\u00e9s, te recomendamos perderte por <strong>la Camarga<\/strong>, ese m\u00edtico parque natural. El interior de Niza no se queda atr\u00e1s en cuanto a paisajes, \u00a1y no tiene nada que envidiar a la costa!  Y para saborear el gran Oeste americano, la regi\u00f3n tambi\u00e9n tiene algo para ti. T\u00f3mate tu tiempo para descubrir <strong>el Colorado Provenzal<\/strong> y sus sensacionales colores.[\/vc_column_text][vc_column_text uncode_shortcode_id=\u00bb262936&#8243;]Por \u00faltimo, no podr\u00edamos hablar de los recursos naturales de la regi\u00f3n sin mencionar sus sublimes <strong>calanques<\/strong>. Se encuentran a lo largo de toda la costa, y son especialmente famosas en los alrededores de <strong>Marsella y Cassis<\/strong>. Te aseguro que la subida no siempre es f\u00e1cil, pero cr\u00e9eme, \u00a1cuando llegues te olvidar\u00e1s de todo![\/vc_column_text][\/vc_column][\/vc_row][vc_row][vc_column width=\u00bb1\/1&#8243;][vc_row_inner][vc_column_inner column_width_percent=\u00bb100&#8243; gutter_size=\u00bb0&#8243; overlay_alpha=\u00bb50&#8243; shift_x=\u00bb0&#8243; shift_y=\u00bb0&#8243; shift_y_down=\u00bb0&#8243; z_index=\u00bb0&#8243; medium_width=\u00bb0&#8243; mobile_width=\u00bb0&#8243; width=\u00bb1\/1&#8243;][vc_custom_heading text_color=\u00bbcolor-466698&#8243; text_size=\u00bbfontsize-108063&#8243; uncode_shortcode_id=\u00bb125248&#8243; text_color_type=\u00bbuncode-palette\u00bb]<\/p>\n<h3><strong>Su territorio hist\u00f3rico :<\/strong><\/h3>\n<p>[\/vc_custom_heading][\/vc_column_inner][\/vc_row_inner][vc_gallery el_id=\u00bbgallery-907335&#8243; type=\u00bbcarousel\u00bb medias=\u00bb88067,88069,88071&#8243; carousel_lg=\u00bb1&#8243; carousel_md=\u00bb1&#8243; carousel_sm=\u00bb1&#8243; thumb_size=\u00bbthree-two\u00bb gutter_size=\u00bb3&#8243; media_items=\u00bbmedia|nolink|original\u00bb carousel_interval=\u00bb3000&#8243; carousel_navspeed=\u00bb400&#8243; carousel_loop=\u00bbyes\u00bb carousel_dots=\u00bbyes\u00bb carousel_dots_mobile=\u00bbyes\u00bb stage_padding=\u00bb0&#8243; single_shape=\u00bbround\u00bb radius=\u00bblg\u00bb single_overlay_opacity=\u00bb50&#8243; single_overlay_anim=\u00bbno\u00bb single_padding=\u00bb2&#8243; single_border=\u00bbyes\u00bb uncode_shortcode_id=\u00bb115120&#8243;][vc_column_text uncode_shortcode_id=\u00bb713756&#8243;]Con su rica historia y patrimonio, la regi\u00f3n de Provenza-Alpes-Costa Azul alberga numerosos vestigios, como el famoso <strong>teatro antiguo de Orange<\/strong> y el<strong> antiguo yacimiento de Puymin en Vaison la Romaine<\/strong>.<br \/>\nEl yacimiento <strong>de Cimiez<\/strong>, en Niza, tambi\u00e9n es un lugar famoso para los aficionados a los vestigios hist\u00f3ricos. Pero eso no es todo: la historia de la regi\u00f3n se puede descubrir visitando sus numerosos pueblos, que siguen intactos y perfectamente conservados.<strong>Les Baux de Provence,<\/strong> situado en el coraz\u00f3n del parque natural de los Alpilles, es excepcional. Con el mismo esp\u00edritu, el pueblo de <strong>Gordes<\/strong>, encaramado en las monta\u00f1as de Provenza, es especialmente agradable.[\/vc_column_text][vc_column_text uncode_shortcode_id=\u00bb230797&#8243;]M <strong>artigues<\/strong>, antiguo pueblo de pescadores, es conocido como la Venecia de la Provenza. Para los aficionados al arte y la pintura, \u00a1hay un recorrido organizado especialmente para ti! La regi\u00f3n est\u00e1 repleta de obras de arte y museos. Como el<strong>Museo Picasso<\/strong> de Antibes o el <strong>Mamac<\/strong> de Niza.<\/p>\n<p>T\u00f3mate tu tiempo para visitar <strong>la isla de Porquerolles y la Fundaci\u00f3n Carmignac<\/strong>. Las abad\u00edas del sur, como<strong>la Abad\u00eda de Boscodon<\/strong>, cerca del lago de Serre-Pon\u00e7on, <strong>la Abad\u00eda de S\u00e9nanque<\/strong> y la Abad\u00eda del Thoronet, se pueden visitar y contar sus historias. Por \u00faltimo, hay muchas islas que se pueden visitar y a las que se puede acceder desde la costa. Entre ellas est\u00e1n las islas doradas de<strong>Porquerolles y Port-Cros y las islas L\u00e9rins.<\/strong>[\/vc_column_text][\/vc_column][\/vc_row][vc_row][vc_column width=\u00bb1\/1&#8243;][vc_column_text uncode_shortcode_id=\u00bb137556&#8243;]Por supuesto, como me gusta se\u00f1alar, los lugares y actividades mencionados en este art\u00edculo son s\u00f3lo una parte de lo que la regi\u00f3n puede ofrecer. Es una selecci\u00f3n personal de mis peque\u00f1os favoritos. Espero que te haya sido \u00fatil y que te plantees visitar esta regi\u00f3n y hacer tu propia lista de favoritos. <a href=\"https:\/\/styqr.fr\/es\/\">Tu folleto<\/a> es una valiosa gu\u00eda, \u00a1mantenlo actualizado! Hasta pronto.[\/vc_column_text][\/vc_column][\/vc_row]<\/p>\n<\/div>","protected":false},"excerpt":{"rendered":"<p>La regi\u00f3n PACA suele ser sin\u00f3nimo de sol y vacaciones. Deja que te mostremos lo que puedes hacer este verano \ud83d\ude09   <\/p>\n","protected":false},"author":3,"featured_media":96257,"comment_status":"closed","ping_status":"closed","sticky":false,"template":"","format":"standard","meta":{"footnotes":""},"categories":[1084],"tags":[1934,1971,2114,2115,2118,2121,2197],"class_list":["post-102115","post","type-post","status-publish","format-standard","has-post-thumbnail","hentry","category-nuestras-regiones","tag-styqr-es","tag-turismo","tag-actividades","tag-descubrimientos","tag-naturaleza","tag-region-de-auvernia-rodano-alpes","tag-provenza"],"yoast_head":"<!-- This site is optimized with the Yoast SEO Premium plugin v27.4 (Yoast SEO v27.4) - https:\/\/yoast.com\/product\/yoast-seo-premium-wordpress\/ -->\n<title>Explora la Encantadora Regi\u00f3n PACA | Gu\u00eda de Viaje<\/title>\n<meta name=\"description\" content=\"Descubre la m\u00e1gica regi\u00f3n PACA: desde sus paisajes impresionantes hasta sus joyas ocultas. Planifica tu viaje perfecto con nuestras recomendaciones imprescindibles.\" \/>\n<meta name=\"robots\" content=\"index, follow, max-snippet:-1, max-image-preview:large, max-video-preview:-1\" \/>\n<link rel=\"canonical\" href=\"https:\/\/styqr.fr\/es\/2024\/01\/23\/la-hermosa-region-paca\/\" \/>\n<meta property=\"og:locale\" content=\"es_ES\" \/>\n<meta property=\"og:type\" content=\"article\" \/>\n<meta property=\"og:title\" content=\"StyQR | Le livret d&#039;accueil digital\" \/>\n<meta property=\"og:description\" content=\"Descubre la m\u00e1gica regi\u00f3n PACA: desde sus paisajes impresionantes hasta sus joyas ocultas. Planifica tu viaje perfecto con nuestras recomendaciones imprescindibles.\" \/>\n<meta property=\"og:url\" content=\"https:\/\/styqr.fr\/es\/2024\/01\/23\/la-hermosa-region-paca\/\" \/>\n<meta property=\"og:site_name\" content=\"StyQR\" \/>\n<meta property=\"article:publisher\" content=\"https:\/\/fr-fr.facebook.com\/styqr\/\" \/>\n<meta property=\"article:published_time\" content=\"2024-01-23T16:19:33+00:00\" \/>\n<meta property=\"article:modified_time\" content=\"2024-12-05T11:38:22+00:00\" \/>\n<meta property=\"og:image\" content=\"https:\/\/styqr.fr\/wp-content\/uploads\/2022\/03\/calanque-en-vau-marseille-4.jpg\" \/>\n\t<meta property=\"og:image:width\" content=\"600\" \/>\n\t<meta property=\"og:image:height\" content=\"397\" \/>\n\t<meta property=\"og:image:type\" content=\"image\/jpeg\" \/>\n<meta name=\"author\" content=\"Marine\" \/>\n<meta name=\"twitter:card\" content=\"summary_large_image\" \/>\n<meta name=\"twitter:creator\" content=\"@julien-styqr-admin\" \/>\n<script type=\"application\/ld+json\" class=\"yoast-schema-graph\">{\"@context\":\"https:\\\/\\\/schema.org\",\"@graph\":[{\"@type\":\"Article\",\"@id\":\"https:\\\/\\\/styqr.fr\\\/es\\\/2024\\\/01\\\/23\\\/la-hermosa-region-paca\\\/#article\",\"isPartOf\":{\"@id\":\"https:\\\/\\\/styqr.fr\\\/es\\\/2024\\\/01\\\/23\\\/la-hermosa-region-paca\\\/\"},\"author\":{\"name\":\"Marine\",\"@id\":\"https:\\\/\\\/styqr.fr\\\/es\\\/#\\\/schema\\\/person\\\/9961aca9b86c9501bc1a72282df89aac\"},\"headline\":\"La hermosa regi\u00f3n PACA\",\"datePublished\":\"2024-01-23T16:19:33+00:00\",\"dateModified\":\"2024-12-05T11:38:22+00:00\",\"mainEntityOfPage\":{\"@id\":\"https:\\\/\\\/styqr.fr\\\/es\\\/2024\\\/01\\\/23\\\/la-hermosa-region-paca\\\/\"},\"wordCount\":1243,\"publisher\":{\"@id\":\"https:\\\/\\\/styqr.fr\\\/es\\\/#organization\"},\"image\":{\"@id\":\"https:\\\/\\\/styqr.fr\\\/es\\\/2024\\\/01\\\/23\\\/la-hermosa-region-paca\\\/#primaryimage\"},\"thumbnailUrl\":\"https:\\\/\\\/styqr.fr\\\/wp-content\\\/uploads\\\/2022\\\/03\\\/calanque-en-vau-marseille-4.jpg\",\"keywords\":[\"styqr\",\"turismo\",\"actividades\",\"descubrimientos\",\"naturaleza\",\"regi\u00f3n de auvernia-r\u00f3dano-alpes\",\"Provenza\"],\"articleSection\":[\"Nuestras regiones\"],\"inLanguage\":\"es\"},{\"@type\":\"WebPage\",\"@id\":\"https:\\\/\\\/styqr.fr\\\/es\\\/2024\\\/01\\\/23\\\/la-hermosa-region-paca\\\/\",\"url\":\"https:\\\/\\\/styqr.fr\\\/es\\\/2024\\\/01\\\/23\\\/la-hermosa-region-paca\\\/\",\"name\":\"Explora la Encantadora Regi\u00f3n PACA | Gu\u00eda de Viaje\",\"isPartOf\":{\"@id\":\"https:\\\/\\\/styqr.fr\\\/es\\\/#website\"},\"primaryImageOfPage\":{\"@id\":\"https:\\\/\\\/styqr.fr\\\/es\\\/2024\\\/01\\\/23\\\/la-hermosa-region-paca\\\/#primaryimage\"},\"image\":{\"@id\":\"https:\\\/\\\/styqr.fr\\\/es\\\/2024\\\/01\\\/23\\\/la-hermosa-region-paca\\\/#primaryimage\"},\"thumbnailUrl\":\"https:\\\/\\\/styqr.fr\\\/wp-content\\\/uploads\\\/2022\\\/03\\\/calanque-en-vau-marseille-4.jpg\",\"datePublished\":\"2024-01-23T16:19:33+00:00\",\"dateModified\":\"2024-12-05T11:38:22+00:00\",\"description\":\"Descubre la m\u00e1gica regi\u00f3n PACA: desde sus paisajes impresionantes hasta sus joyas ocultas. Planifica tu viaje perfecto con nuestras recomendaciones imprescindibles.\",\"breadcrumb\":{\"@id\":\"https:\\\/\\\/styqr.fr\\\/es\\\/2024\\\/01\\\/23\\\/la-hermosa-region-paca\\\/#breadcrumb\"},\"inLanguage\":\"es\",\"potentialAction\":[{\"@type\":\"ReadAction\",\"target\":[\"https:\\\/\\\/styqr.fr\\\/es\\\/2024\\\/01\\\/23\\\/la-hermosa-region-paca\\\/\"]}]},{\"@type\":\"ImageObject\",\"inLanguage\":\"es\",\"@id\":\"https:\\\/\\\/styqr.fr\\\/es\\\/2024\\\/01\\\/23\\\/la-hermosa-region-paca\\\/#primaryimage\",\"url\":\"https:\\\/\\\/styqr.fr\\\/wp-content\\\/uploads\\\/2022\\\/03\\\/calanque-en-vau-marseille-4.jpg\",\"contentUrl\":\"https:\\\/\\\/styqr.fr\\\/wp-content\\\/uploads\\\/2022\\\/03\\\/calanque-en-vau-marseille-4.jpg\",\"width\":600,\"height\":397},{\"@type\":\"BreadcrumbList\",\"@id\":\"https:\\\/\\\/styqr.fr\\\/es\\\/2024\\\/01\\\/23\\\/la-hermosa-region-paca\\\/#breadcrumb\",\"itemListElement\":[{\"@type\":\"ListItem\",\"position\":1,\"name\":\"Inicio\",\"item\":\"https:\\\/\\\/styqr.fr\\\/es\\\/\"},{\"@type\":\"ListItem\",\"position\":2,\"name\":\"Nuestras regiones\",\"item\":\"https:\\\/\\\/styqr.fr\\\/es\\\/nos-categories\\\/nuestras-regiones\\\/\"},{\"@type\":\"ListItem\",\"position\":3,\"name\":\"La hermosa regi\u00f3n PACA\"}]},{\"@type\":\"WebSite\",\"@id\":\"https:\\\/\\\/styqr.fr\\\/es\\\/#website\",\"url\":\"https:\\\/\\\/styqr.fr\\\/es\\\/\",\"name\":\"StyQR\",\"description\":\"Cr\u00e9ez votre livret d&#039;accueil digital personnalis\u00e9 pour vos voyageurs\",\"publisher\":{\"@id\":\"https:\\\/\\\/styqr.fr\\\/es\\\/#organization\"},\"potentialAction\":[{\"@type\":\"SearchAction\",\"target\":{\"@type\":\"EntryPoint\",\"urlTemplate\":\"https:\\\/\\\/styqr.fr\\\/es\\\/?s={search_term_string}\"},\"query-input\":{\"@type\":\"PropertyValueSpecification\",\"valueRequired\":true,\"valueName\":\"search_term_string\"}}],\"inLanguage\":\"es\"},{\"@type\":\"Organization\",\"@id\":\"https:\\\/\\\/styqr.fr\\\/es\\\/#organization\",\"name\":\"StyQR\",\"url\":\"https:\\\/\\\/styqr.fr\\\/es\\\/\",\"logo\":{\"@type\":\"ImageObject\",\"inLanguage\":\"es\",\"@id\":\"https:\\\/\\\/styqr.fr\\\/es\\\/#\\\/schema\\\/logo\\\/image\\\/\",\"url\":\"https:\\\/\\\/styqr.fr\\\/wp-content\\\/uploads\\\/2020\\\/11\\\/Fichier-5.png\",\"contentUrl\":\"https:\\\/\\\/styqr.fr\\\/wp-content\\\/uploads\\\/2020\\\/11\\\/Fichier-5.png\",\"width\":388,\"height\":194,\"caption\":\"StyQR\"},\"image\":{\"@id\":\"https:\\\/\\\/styqr.fr\\\/es\\\/#\\\/schema\\\/logo\\\/image\\\/\"},\"sameAs\":[\"https:\\\/\\\/fr-fr.facebook.com\\\/styqr\\\/\",\"https:\\\/\\\/www.instagram.com\\\/styqr_fr\\\/\",\"https:\\\/\\\/fr.linkedin.com\\\/company\\\/styqr\"],\"description\":\"StyQR, le livret d'accueil digital\",\"email\":\"contact@styqr.fr\",\"legalName\":\"SAS StyQR\",\"foundingDate\":\"2019-05-27\",\"vatID\":\"FR55824532865\",\"taxID\":\"82453286500014\",\"numberOfEmployees\":{\"@type\":\"QuantitativeValue\",\"minValue\":\"1\",\"maxValue\":\"10\"}},{\"@type\":\"Person\",\"@id\":\"https:\\\/\\\/styqr.fr\\\/es\\\/#\\\/schema\\\/person\\\/9961aca9b86c9501bc1a72282df89aac\",\"name\":\"Marine\",\"image\":{\"@type\":\"ImageObject\",\"inLanguage\":\"es\",\"@id\":\"https:\\\/\\\/secure.gravatar.com\\\/avatar\\\/647b7182996833269bfb418442442520d7a3cf1ce76c2bbb26b93d7fbb28bb58?s=96&d=mm&r=g\",\"url\":\"https:\\\/\\\/secure.gravatar.com\\\/avatar\\\/647b7182996833269bfb418442442520d7a3cf1ce76c2bbb26b93d7fbb28bb58?s=96&d=mm&r=g\",\"contentUrl\":\"https:\\\/\\\/secure.gravatar.com\\\/avatar\\\/647b7182996833269bfb418442442520d7a3cf1ce76c2bbb26b93d7fbb28bb58?s=96&d=mm&r=g\",\"caption\":\"Marine\"},\"sameAs\":[\"https:\\\/\\\/x.com\\\/julien-styqr-admin\"]}]}<\/script>\n<!-- \/ Yoast SEO Premium plugin. -->","yoast_head_json":{"title":"Explora la Encantadora Regi\u00f3n PACA | Gu\u00eda de Viaje","description":"Descubre la m\u00e1gica regi\u00f3n PACA: desde sus paisajes impresionantes hasta sus joyas ocultas. Planifica tu viaje perfecto con nuestras recomendaciones imprescindibles.","robots":{"index":"index","follow":"follow","max-snippet":"max-snippet:-1","max-image-preview":"max-image-preview:large","max-video-preview":"max-video-preview:-1"},"canonical":"https:\/\/styqr.fr\/es\/2024\/01\/23\/la-hermosa-region-paca\/","og_locale":"es_ES","og_type":"article","og_title":"StyQR | Le livret d'accueil digital","og_description":"Descubre la m\u00e1gica regi\u00f3n PACA: desde sus paisajes impresionantes hasta sus joyas ocultas. Planifica tu viaje perfecto con nuestras recomendaciones imprescindibles.","og_url":"https:\/\/styqr.fr\/es\/2024\/01\/23\/la-hermosa-region-paca\/","og_site_name":"StyQR","article_publisher":"https:\/\/fr-fr.facebook.com\/styqr\/","article_published_time":"2024-01-23T16:19:33+00:00","article_modified_time":"2024-12-05T11:38:22+00:00","og_image":[{"width":600,"height":397,"url":"https:\/\/styqr.fr\/wp-content\/uploads\/2022\/03\/calanque-en-vau-marseille-4.jpg","type":"image\/jpeg"}],"author":"Marine","twitter_card":"summary_large_image","twitter_creator":"@julien-styqr-admin","schema":{"@context":"https:\/\/schema.org","@graph":[{"@type":"Article","@id":"https:\/\/styqr.fr\/es\/2024\/01\/23\/la-hermosa-region-paca\/#article","isPartOf":{"@id":"https:\/\/styqr.fr\/es\/2024\/01\/23\/la-hermosa-region-paca\/"},"author":{"name":"Marine","@id":"https:\/\/styqr.fr\/es\/#\/schema\/person\/9961aca9b86c9501bc1a72282df89aac"},"headline":"La hermosa regi\u00f3n PACA","datePublished":"2024-01-23T16:19:33+00:00","dateModified":"2024-12-05T11:38:22+00:00","mainEntityOfPage":{"@id":"https:\/\/styqr.fr\/es\/2024\/01\/23\/la-hermosa-region-paca\/"},"wordCount":1243,"publisher":{"@id":"https:\/\/styqr.fr\/es\/#organization"},"image":{"@id":"https:\/\/styqr.fr\/es\/2024\/01\/23\/la-hermosa-region-paca\/#primaryimage"},"thumbnailUrl":"https:\/\/styqr.fr\/wp-content\/uploads\/2022\/03\/calanque-en-vau-marseille-4.jpg","keywords":["styqr","turismo","actividades","descubrimientos","naturaleza","regi\u00f3n de auvernia-r\u00f3dano-alpes","Provenza"],"articleSection":["Nuestras regiones"],"inLanguage":"es"},{"@type":"WebPage","@id":"https:\/\/styqr.fr\/es\/2024\/01\/23\/la-hermosa-region-paca\/","url":"https:\/\/styqr.fr\/es\/2024\/01\/23\/la-hermosa-region-paca\/","name":"Explora la Encantadora Regi\u00f3n PACA | Gu\u00eda de Viaje","isPartOf":{"@id":"https:\/\/styqr.fr\/es\/#website"},"primaryImageOfPage":{"@id":"https:\/\/styqr.fr\/es\/2024\/01\/23\/la-hermosa-region-paca\/#primaryimage"},"image":{"@id":"https:\/\/styqr.fr\/es\/2024\/01\/23\/la-hermosa-region-paca\/#primaryimage"},"thumbnailUrl":"https:\/\/styqr.fr\/wp-content\/uploads\/2022\/03\/calanque-en-vau-marseille-4.jpg","datePublished":"2024-01-23T16:19:33+00:00","dateModified":"2024-12-05T11:38:22+00:00","description":"Descubre la m\u00e1gica regi\u00f3n PACA: desde sus paisajes impresionantes hasta sus joyas ocultas. Planifica tu viaje perfecto con nuestras recomendaciones imprescindibles.","breadcrumb":{"@id":"https:\/\/styqr.fr\/es\/2024\/01\/23\/la-hermosa-region-paca\/#breadcrumb"},"inLanguage":"es","potentialAction":[{"@type":"ReadAction","target":["https:\/\/styqr.fr\/es\/2024\/01\/23\/la-hermosa-region-paca\/"]}]},{"@type":"ImageObject","inLanguage":"es","@id":"https:\/\/styqr.fr\/es\/2024\/01\/23\/la-hermosa-region-paca\/#primaryimage","url":"https:\/\/styqr.fr\/wp-content\/uploads\/2022\/03\/calanque-en-vau-marseille-4.jpg","contentUrl":"https:\/\/styqr.fr\/wp-content\/uploads\/2022\/03\/calanque-en-vau-marseille-4.jpg","width":600,"height":397},{"@type":"BreadcrumbList","@id":"https:\/\/styqr.fr\/es\/2024\/01\/23\/la-hermosa-region-paca\/#breadcrumb","itemListElement":[{"@type":"ListItem","position":1,"name":"Inicio","item":"https:\/\/styqr.fr\/es\/"},{"@type":"ListItem","position":2,"name":"Nuestras regiones","item":"https:\/\/styqr.fr\/es\/nos-categories\/nuestras-regiones\/"},{"@type":"ListItem","position":3,"name":"La hermosa regi\u00f3n PACA"}]},{"@type":"WebSite","@id":"https:\/\/styqr.fr\/es\/#website","url":"https:\/\/styqr.fr\/es\/","name":"StyQR","description":"Cr\u00e9ez votre livret d&#039;accueil digital personnalis\u00e9 pour vos voyageurs","publisher":{"@id":"https:\/\/styqr.fr\/es\/#organization"},"potentialAction":[{"@type":"SearchAction","target":{"@type":"EntryPoint","urlTemplate":"https:\/\/styqr.fr\/es\/?s={search_term_string}"},"query-input":{"@type":"PropertyValueSpecification","valueRequired":true,"valueName":"search_term_string"}}],"inLanguage":"es"},{"@type":"Organization","@id":"https:\/\/styqr.fr\/es\/#organization","name":"StyQR","url":"https:\/\/styqr.fr\/es\/","logo":{"@type":"ImageObject","inLanguage":"es","@id":"https:\/\/styqr.fr\/es\/#\/schema\/logo\/image\/","url":"https:\/\/styqr.fr\/wp-content\/uploads\/2020\/11\/Fichier-5.png","contentUrl":"https:\/\/styqr.fr\/wp-content\/uploads\/2020\/11\/Fichier-5.png","width":388,"height":194,"caption":"StyQR"},"image":{"@id":"https:\/\/styqr.fr\/es\/#\/schema\/logo\/image\/"},"sameAs":["https:\/\/fr-fr.facebook.com\/styqr\/","https:\/\/www.instagram.com\/styqr_fr\/","https:\/\/fr.linkedin.com\/company\/styqr"],"description":"StyQR, le livret d'accueil digital","email":"contact@styqr.fr","legalName":"SAS StyQR","foundingDate":"2019-05-27","vatID":"FR55824532865","taxID":"82453286500014","numberOfEmployees":{"@type":"QuantitativeValue","minValue":"1","maxValue":"10"}},{"@type":"Person","@id":"https:\/\/styqr.fr\/es\/#\/schema\/person\/9961aca9b86c9501bc1a72282df89aac","name":"Marine","image":{"@type":"ImageObject","inLanguage":"es","@id":"https:\/\/secure.gravatar.com\/avatar\/647b7182996833269bfb418442442520d7a3cf1ce76c2bbb26b93d7fbb28bb58?s=96&d=mm&r=g","url":"https:\/\/secure.gravatar.com\/avatar\/647b7182996833269bfb418442442520d7a3cf1ce76c2bbb26b93d7fbb28bb58?s=96&d=mm&r=g","contentUrl":"https:\/\/secure.gravatar.com\/avatar\/647b7182996833269bfb418442442520d7a3cf1ce76c2bbb26b93d7fbb28bb58?s=96&d=mm&r=g","caption":"Marine"},"sameAs":["https:\/\/x.com\/julien-styqr-admin"]}]}},"_links":{"self":[{"href":"https:\/\/styqr.fr\/es\/wp-json\/wp\/v2\/posts\/102115","targetHints":{"allow":["GET"]}}],"collection":[{"href":"https:\/\/styqr.fr\/es\/wp-json\/wp\/v2\/posts"}],"about":[{"href":"https:\/\/styqr.fr\/es\/wp-json\/wp\/v2\/types\/post"}],"author":[{"embeddable":true,"href":"https:\/\/styqr.fr\/es\/wp-json\/wp\/v2\/users\/3"}],"replies":[{"embeddable":true,"href":"https:\/\/styqr.fr\/es\/wp-json\/wp\/v2\/comments?post=102115"}],"version-history":[{"count":0,"href":"https:\/\/styqr.fr\/es\/wp-json\/wp\/v2\/posts\/102115\/revisions"}],"wp:featuredmedia":[{"embeddable":true,"href":"https:\/\/styqr.fr\/es\/wp-json\/wp\/v2\/media\/96257"}],"wp:attachment":[{"href":"https:\/\/styqr.fr\/es\/wp-json\/wp\/v2\/media?parent=102115"}],"wp:term":[{"taxonomy":"category","embeddable":true,"href":"https:\/\/styqr.fr\/es\/wp-json\/wp\/v2\/categories?post=102115"},{"taxonomy":"post_tag","embeddable":true,"href":"https:\/\/styqr.fr\/es\/wp-json\/wp\/v2\/tags?post=102115"}],"curies":[{"name":"wp","href":"https:\/\/api.w.org\/{rel}","templated":true}]}}