{"id":101887,"date":"2024-01-23T17:19:17","date_gmt":"2024-01-23T16:19:17","guid":{"rendered":"https:\/\/styqr.fr\/2024\/01\/23\/inquilinos-preparandose-para-la-nueva-temporada\/"},"modified":"2024-12-05T15:00:07","modified_gmt":"2024-12-05T14:00:07","slug":"inquilinos-preparandose-para-la-nueva-temporada","status":"publish","type":"post","link":"https:\/\/styqr.fr\/es\/2024\/01\/23\/inquilinos-preparandose-para-la-nueva-temporada\/","title":{"rendered":"Inquilinos &#8211; Prepar\u00e1ndose para la nueva temporada"},"content":{"rendered":"<div class=\"wpb-content-wrapper\"><p>[vc_row][vc_column width=\u00bb1\/1&#8243;][vc_column_text uncode_shortcode_id=\u00bb201865&#8243;]Las vacaciones de verano est\u00e1n a punto de terminar. Y con ellas, la temporada alta. Pero la vuelta al cole no tiene por qu\u00e9 significar el fin del negocio para ti. Descubre c\u00f3mo mantener tus reservas en septiembre.[\/vc_column_text][\/vc_column][\/vc_row][vc_row][vc_column width=\u00bb1\/1&#8243;][vc_single_image media=\u00bb86339&#8243; media_width_percent=\u00bb100&#8243; media_ratio=\u00bbthree-two\u00bb shape=\u00bbimg-round\u00bb radius=\u00bbstd\u00bb uncode_shortcode_id=\u00bb139053&#8243;][vc_row_inner][vc_column_inner column_width_percent=\u00bb100&#8243; gutter_size=\u00bb0&#8243; overlay_alpha=\u00bb50&#8243; shift_x=\u00bb0&#8243; shift_y=\u00bb0&#8243; shift_y_down=\u00bb0&#8243; z_index=\u00bb0&#8243; medium_width=\u00bb0&#8243; mobile_width=\u00bb0&#8243; width=\u00bb1\/1&#8243;][vc_custom_heading uncode_shortcode_id=\u00bb425859&#8243;]<\/p>\n<h2>1. \u00bfCu\u00e1ndo debes prepararte?<\/h2>\n<p>[\/vc_custom_heading][\/vc_column_inner][\/vc_row_inner][vc_column_text uncode_shortcode_id=\u00bb118344&#8243;]\u00a1Tan pronto como puedas! Sabemos que en verano est\u00e1s <strong>muy ocupado<\/strong>, as\u00ed que probablemente no tengas tiempo de investigar. <strong>As\u00ed que \u00a1planif\u00edcalo con antelaci\u00f3n<\/strong>! Escribe <strong>un texto<\/strong> ligeramente diferente seg\u00fan la estaci\u00f3n, prepara <strong>fotos<\/strong> que hablen a tus clientes. No tendr\u00e1s el mismo tipo de cliente que en pleno verano, as\u00ed que tendr\u00e1s que <strong>adaptarte para<\/strong> atraerlos. Piensa tambi\u00e9n en el <strong>precio de la estancia<\/strong>, que debe ser bastante m\u00e1s bajo que en verano. Es una forma de<strong>atraer a m\u00e1s gente<\/strong>. Pero ten cuidado de no vender tus servicios.[\/vc_column_text][\/vc_column][\/vc_row][vc_row][vc_column width=\u00bb1\/1&#8243;][vc_single_image media=\u00bb86341&#8243; media_width_percent=\u00bb100&#8243; media_ratio=\u00bbthree-two\u00bb shape=\u00bbimg-round\u00bb radius=\u00bbstd\u00bb uncode_shortcode_id=\u00bb190287&#8243;][vc_row_inner][vc_column_inner column_width_percent=\u00bb100&#8243; gutter_size=\u00bb0&#8243; overlay_alpha=\u00bb50&#8243; shift_x=\u00bb0&#8243; shift_y=\u00bb0&#8243; shift_y_down=\u00bb0&#8243; z_index=\u00bb0&#8243; medium_width=\u00bb0&#8243; mobile_width=\u00bb0&#8243; width=\u00bb1\/1&#8243;][vc_custom_heading uncode_shortcode_id=\u00bb148653&#8243;]<\/p>\n<h2>2. \u00bfA qu\u00e9 tipo de cliente debo dirigirme este oto\u00f1o?<\/h2>\n<p>[\/vc_custom_heading][\/vc_column_inner][\/vc_row_inner][vc_column_text uncode_shortcode_id=\u00bb682794&#8243;]Oficialmente, el colegio empieza el <strong>2 de septiembre<\/strong>. As\u00ed que, en principio, nada de clientes con ni\u00f1os o ni\u00f1os muy peque\u00f1os. Principalmente deber\u00edas tener clientes que puedan irse <strong>fuera de las vacaciones escolares<\/strong>, y si lo hacen, suele ser por dos motivos: quieren evitar las aglomeraciones y pagar menos. Buscan tranquilidad y buen tiempo. Tambi\u00e9n puedes recibir clientes que vienen a <strong>trabajar<\/strong>. Los que tienen la suerte de poder seguir <strong>teletrabajando<\/strong> intentar\u00e1n escapar de su rutina para empezar el nuevo a\u00f1o con buen pie.[\/vc_column_text][\/vc_column][\/vc_row][vc_row][vc_column width=\u00bb1\/1&#8243;][vc_single_image media=\u00bb86343&#8243; media_width_percent=\u00bb100&#8243; media_ratio=\u00bbthree-two\u00bb shape=\u00bbimg-round\u00bb radius=\u00bbstd\u00bb uncode_shortcode_id=\u00bb139173&#8243;][vc_row_inner][vc_column_inner column_width_percent=\u00bb100&#8243; gutter_size=\u00bb0&#8243; overlay_alpha=\u00bb50&#8243; shift_x=\u00bb0&#8243; shift_y=\u00bb0&#8243; shift_y_down=\u00bb0&#8243; z_index=\u00bb0&#8243; medium_width=\u00bb0&#8243; mobile_width=\u00bb0&#8243; width=\u00bb1\/1&#8243;][vc_custom_heading uncode_shortcode_id=\u00bb479024&#8243;]<\/p>\n<h2>3. \u00bfQu\u00e9 debo tener en cuenta?<\/h2>\n<p>[\/vc_custom_heading][\/vc_column_inner][\/vc_row_inner][vc_column_text uncode_shortcode_id=\u00bb686086&#8243;]Ahora que has identificado a <strong>tus clientes<\/strong>, \u00bfc\u00f3mo consigues que acudan a ti? Acabamos de hablar de :<\/p>\n<ul>\n<li><strong>Calma<\/strong>: destaca los aspectos de tu casa que te hacen sentir bien.<\/li>\n<li><strong>Precios<\/strong>: depende de ti bajar los precios en comparaci\u00f3n con el verano. Pero ten cuidado de seguir siendo rentable. <\/li>\n<li><strong>Wifi<\/strong>: aseg\u00farate de que tienes una buena conexi\u00f3n wifi y dest\u00e1calo en tu anuncio.<\/li>\n<li>Si tienes un <strong>espacio de trabajo<\/strong>, menci\u00f3nalo<\/li>\n<\/ul>\n<p>En general, \u00bfqu\u00e9 busco cuando estoy de vacaciones? Y escribe un anuncio que corresponda a esto.[\/vc_column_text][\/vc_column][\/vc_row][vc_row][vc_column width=\u00bb1\/1&#8243;][vc_column_text uncode_shortcode_id=\u00bb117541&#8243;]Entonces, <strong>\u00bfest\u00e1s<\/strong> <strong>animado<\/strong> y preparado para afrontar <strong>septiembre<\/strong>? \u00a1Cu\u00e9ntanos en los comentarios qu\u00e9 consejos tienes para mantener un buen ritmo de reservas en septiembre! Si te ha gustado este art\u00edculo, tambi\u00e9n te gustar\u00e1 el de \u00ab<a href=\"https:\/\/styqr.fr\/es\/2024\/01\/23\/comentario-negativo-que-puedo-hacer\/\" target=\"_blank\" rel=\"noopener\"><strong><em>c\u00f3mo reaccionar ante un comentario negativo\u00bb.<\/em><\/strong><\/a>.[\/vc_column_text][\/vc_column][\/vc_row]<\/p>\n<\/div>","protected":false},"excerpt":{"rendered":"<p>El periodo de vuelta al cole suele ser sin\u00f3nimo de descenso de las reservas, as\u00ed que \u00bfpor qu\u00e9 no invertir la tendencia con tu anuncio?<\/p>\n","protected":false},"author":3,"featured_media":89368,"comment_status":"closed","ping_status":"open","sticky":false,"template":"","format":"standard","meta":{"footnotes":""},"categories":[910],"tags":[1934,1966,2006,2306],"class_list":["post-101887","post","type-post","status-publish","format-standard","has-post-thumbnail","hentry","category-particulares","tag-styqr-es","tag-digital-es","tag-alquiler","tag-vuelta-al-cole"],"yoast_head":"<!-- This site is optimized with the Yoast SEO Premium plugin v27.4 (Yoast SEO v27.4) - https:\/\/yoast.com\/product\/yoast-seo-premium-wordpress\/ -->\n<title>Locataires : Strat\u00e9gies pour attirer des r\u00e9servations dans la nouvelle saison.<\/title>\n<meta name=\"description\" content=\"Prep\u00e1rate para la nueva temporada con consejos pr\u00e1cticos para mejorar tu anuncio y aumentar las reservas, incluso durante el regreso a clases.\" \/>\n<meta name=\"robots\" content=\"index, follow, max-snippet:-1, max-image-preview:large, max-video-preview:-1\" \/>\n<link rel=\"canonical\" href=\"https:\/\/styqr.fr\/es\/2024\/01\/23\/inquilinos-preparandose-para-la-nueva-temporada\/\" \/>\n<meta property=\"og:locale\" content=\"es_ES\" \/>\n<meta property=\"og:type\" content=\"article\" \/>\n<meta property=\"og:title\" content=\"StyQR | Le livret d&#039;accueil digital\" \/>\n<meta property=\"og:description\" content=\"Prep\u00e1rate para la nueva temporada con consejos pr\u00e1cticos para mejorar tu anuncio y aumentar las reservas, incluso durante el regreso a clases.\" \/>\n<meta property=\"og:url\" content=\"https:\/\/styqr.fr\/es\/2024\/01\/23\/inquilinos-preparandose-para-la-nueva-temporada\/\" \/>\n<meta property=\"og:site_name\" content=\"StyQR\" \/>\n<meta property=\"article:publisher\" content=\"https:\/\/fr-fr.facebook.com\/styqr\/\" \/>\n<meta property=\"article:published_time\" content=\"2024-01-23T16:19:17+00:00\" \/>\n<meta property=\"article:modified_time\" content=\"2024-12-05T14:00:07+00:00\" \/>\n<meta property=\"og:image\" content=\"https:\/\/styqr.fr\/wp-content\/uploads\/2021\/08\/domenico-loia-hGV2TfOh0ns-unsplash-scaled.jpg\" \/>\n\t<meta property=\"og:image:width\" content=\"2560\" \/>\n\t<meta property=\"og:image:height\" content=\"1707\" \/>\n\t<meta property=\"og:image:type\" content=\"image\/jpeg\" \/>\n<meta name=\"author\" content=\"Marine\" \/>\n<meta name=\"twitter:card\" content=\"summary_large_image\" \/>\n<meta name=\"twitter:creator\" content=\"@julien-styqr-admin\" \/>\n<script type=\"application\/ld+json\" class=\"yoast-schema-graph\">{\"@context\":\"https:\\\/\\\/schema.org\",\"@graph\":[{\"@type\":\"Article\",\"@id\":\"https:\\\/\\\/styqr.fr\\\/es\\\/2024\\\/01\\\/23\\\/inquilinos-preparandose-para-la-nueva-temporada\\\/#article\",\"isPartOf\":{\"@id\":\"https:\\\/\\\/styqr.fr\\\/es\\\/2024\\\/01\\\/23\\\/inquilinos-preparandose-para-la-nueva-temporada\\\/\"},\"author\":{\"name\":\"Marine\",\"@id\":\"https:\\\/\\\/styqr.fr\\\/es\\\/#\\\/schema\\\/person\\\/9961aca9b86c9501bc1a72282df89aac\"},\"headline\":\"Inquilinos &#8211; Prepar\u00e1ndose para la nueva temporada\",\"datePublished\":\"2024-01-23T16:19:17+00:00\",\"dateModified\":\"2024-12-05T14:00:07+00:00\",\"mainEntityOfPage\":{\"@id\":\"https:\\\/\\\/styqr.fr\\\/es\\\/2024\\\/01\\\/23\\\/inquilinos-preparandose-para-la-nueva-temporada\\\/\"},\"wordCount\":660,\"publisher\":{\"@id\":\"https:\\\/\\\/styqr.fr\\\/es\\\/#organization\"},\"image\":{\"@id\":\"https:\\\/\\\/styqr.fr\\\/es\\\/2024\\\/01\\\/23\\\/inquilinos-preparandose-para-la-nueva-temporada\\\/#primaryimage\"},\"thumbnailUrl\":\"https:\\\/\\\/styqr.fr\\\/wp-content\\\/uploads\\\/2021\\\/08\\\/domenico-loia-hGV2TfOh0ns-unsplash-scaled.jpg\",\"keywords\":[\"styqr\",\"digital\",\"alquiler\",\"vuelta al cole\"],\"articleSection\":[\"Particulares\"],\"inLanguage\":\"es\"},{\"@type\":\"WebPage\",\"@id\":\"https:\\\/\\\/styqr.fr\\\/es\\\/2024\\\/01\\\/23\\\/inquilinos-preparandose-para-la-nueva-temporada\\\/\",\"url\":\"https:\\\/\\\/styqr.fr\\\/es\\\/2024\\\/01\\\/23\\\/inquilinos-preparandose-para-la-nueva-temporada\\\/\",\"name\":\"Locataires : Strat\u00e9gies pour attirer des r\u00e9servations dans la nouvelle saison.\",\"isPartOf\":{\"@id\":\"https:\\\/\\\/styqr.fr\\\/es\\\/#website\"},\"primaryImageOfPage\":{\"@id\":\"https:\\\/\\\/styqr.fr\\\/es\\\/2024\\\/01\\\/23\\\/inquilinos-preparandose-para-la-nueva-temporada\\\/#primaryimage\"},\"image\":{\"@id\":\"https:\\\/\\\/styqr.fr\\\/es\\\/2024\\\/01\\\/23\\\/inquilinos-preparandose-para-la-nueva-temporada\\\/#primaryimage\"},\"thumbnailUrl\":\"https:\\\/\\\/styqr.fr\\\/wp-content\\\/uploads\\\/2021\\\/08\\\/domenico-loia-hGV2TfOh0ns-unsplash-scaled.jpg\",\"datePublished\":\"2024-01-23T16:19:17+00:00\",\"dateModified\":\"2024-12-05T14:00:07+00:00\",\"description\":\"Prep\u00e1rate para la nueva temporada con consejos pr\u00e1cticos para mejorar tu anuncio y aumentar las reservas, incluso durante el regreso a clases.\",\"breadcrumb\":{\"@id\":\"https:\\\/\\\/styqr.fr\\\/es\\\/2024\\\/01\\\/23\\\/inquilinos-preparandose-para-la-nueva-temporada\\\/#breadcrumb\"},\"inLanguage\":\"es\",\"potentialAction\":[{\"@type\":\"ReadAction\",\"target\":[\"https:\\\/\\\/styqr.fr\\\/es\\\/2024\\\/01\\\/23\\\/inquilinos-preparandose-para-la-nueva-temporada\\\/\"]}]},{\"@type\":\"ImageObject\",\"inLanguage\":\"es\",\"@id\":\"https:\\\/\\\/styqr.fr\\\/es\\\/2024\\\/01\\\/23\\\/inquilinos-preparandose-para-la-nueva-temporada\\\/#primaryimage\",\"url\":\"https:\\\/\\\/styqr.fr\\\/wp-content\\\/uploads\\\/2021\\\/08\\\/domenico-loia-hGV2TfOh0ns-unsplash-scaled.jpg\",\"contentUrl\":\"https:\\\/\\\/styqr.fr\\\/wp-content\\\/uploads\\\/2021\\\/08\\\/domenico-loia-hGV2TfOh0ns-unsplash-scaled.jpg\",\"width\":2560,\"height\":1707},{\"@type\":\"BreadcrumbList\",\"@id\":\"https:\\\/\\\/styqr.fr\\\/es\\\/2024\\\/01\\\/23\\\/inquilinos-preparandose-para-la-nueva-temporada\\\/#breadcrumb\",\"itemListElement\":[{\"@type\":\"ListItem\",\"position\":1,\"name\":\"Inicio\",\"item\":\"https:\\\/\\\/styqr.fr\\\/es\\\/\"},{\"@type\":\"ListItem\",\"position\":2,\"name\":\"Particulares\",\"item\":\"https:\\\/\\\/styqr.fr\\\/es\\\/nos-categories\\\/particulares\\\/\"},{\"@type\":\"ListItem\",\"position\":3,\"name\":\"Inquilinos &#8211; Prepar\u00e1ndose para la nueva temporada\"}]},{\"@type\":\"WebSite\",\"@id\":\"https:\\\/\\\/styqr.fr\\\/es\\\/#website\",\"url\":\"https:\\\/\\\/styqr.fr\\\/es\\\/\",\"name\":\"StyQR\",\"description\":\"Cr\u00e9ez votre livret d&#039;accueil digital personnalis\u00e9 pour vos voyageurs\",\"publisher\":{\"@id\":\"https:\\\/\\\/styqr.fr\\\/es\\\/#organization\"},\"potentialAction\":[{\"@type\":\"SearchAction\",\"target\":{\"@type\":\"EntryPoint\",\"urlTemplate\":\"https:\\\/\\\/styqr.fr\\\/es\\\/?s={search_term_string}\"},\"query-input\":{\"@type\":\"PropertyValueSpecification\",\"valueRequired\":true,\"valueName\":\"search_term_string\"}}],\"inLanguage\":\"es\"},{\"@type\":\"Organization\",\"@id\":\"https:\\\/\\\/styqr.fr\\\/es\\\/#organization\",\"name\":\"StyQR\",\"url\":\"https:\\\/\\\/styqr.fr\\\/es\\\/\",\"logo\":{\"@type\":\"ImageObject\",\"inLanguage\":\"es\",\"@id\":\"https:\\\/\\\/styqr.fr\\\/es\\\/#\\\/schema\\\/logo\\\/image\\\/\",\"url\":\"https:\\\/\\\/styqr.fr\\\/wp-content\\\/uploads\\\/2020\\\/11\\\/Fichier-5.png\",\"contentUrl\":\"https:\\\/\\\/styqr.fr\\\/wp-content\\\/uploads\\\/2020\\\/11\\\/Fichier-5.png\",\"width\":388,\"height\":194,\"caption\":\"StyQR\"},\"image\":{\"@id\":\"https:\\\/\\\/styqr.fr\\\/es\\\/#\\\/schema\\\/logo\\\/image\\\/\"},\"sameAs\":[\"https:\\\/\\\/fr-fr.facebook.com\\\/styqr\\\/\",\"https:\\\/\\\/www.instagram.com\\\/styqr_fr\\\/\",\"https:\\\/\\\/fr.linkedin.com\\\/company\\\/styqr\"],\"description\":\"StyQR, le livret d'accueil digital\",\"email\":\"contact@styqr.fr\",\"legalName\":\"SAS StyQR\",\"foundingDate\":\"2019-05-27\",\"vatID\":\"FR55824532865\",\"taxID\":\"82453286500014\",\"numberOfEmployees\":{\"@type\":\"QuantitativeValue\",\"minValue\":\"1\",\"maxValue\":\"10\"}},{\"@type\":\"Person\",\"@id\":\"https:\\\/\\\/styqr.fr\\\/es\\\/#\\\/schema\\\/person\\\/9961aca9b86c9501bc1a72282df89aac\",\"name\":\"Marine\",\"image\":{\"@type\":\"ImageObject\",\"inLanguage\":\"es\",\"@id\":\"https:\\\/\\\/secure.gravatar.com\\\/avatar\\\/647b7182996833269bfb418442442520d7a3cf1ce76c2bbb26b93d7fbb28bb58?s=96&d=mm&r=g\",\"url\":\"https:\\\/\\\/secure.gravatar.com\\\/avatar\\\/647b7182996833269bfb418442442520d7a3cf1ce76c2bbb26b93d7fbb28bb58?s=96&d=mm&r=g\",\"contentUrl\":\"https:\\\/\\\/secure.gravatar.com\\\/avatar\\\/647b7182996833269bfb418442442520d7a3cf1ce76c2bbb26b93d7fbb28bb58?s=96&d=mm&r=g\",\"caption\":\"Marine\"},\"sameAs\":[\"https:\\\/\\\/x.com\\\/julien-styqr-admin\"]}]}<\/script>\n<!-- \/ Yoast SEO Premium plugin. -->","yoast_head_json":{"title":"Locataires : Strat\u00e9gies pour attirer des r\u00e9servations dans la nouvelle saison.","description":"Prep\u00e1rate para la nueva temporada con consejos pr\u00e1cticos para mejorar tu anuncio y aumentar las reservas, incluso durante el regreso a clases.","robots":{"index":"index","follow":"follow","max-snippet":"max-snippet:-1","max-image-preview":"max-image-preview:large","max-video-preview":"max-video-preview:-1"},"canonical":"https:\/\/styqr.fr\/es\/2024\/01\/23\/inquilinos-preparandose-para-la-nueva-temporada\/","og_locale":"es_ES","og_type":"article","og_title":"StyQR | Le livret d'accueil digital","og_description":"Prep\u00e1rate para la nueva temporada con consejos pr\u00e1cticos para mejorar tu anuncio y aumentar las reservas, incluso durante el regreso a clases.","og_url":"https:\/\/styqr.fr\/es\/2024\/01\/23\/inquilinos-preparandose-para-la-nueva-temporada\/","og_site_name":"StyQR","article_publisher":"https:\/\/fr-fr.facebook.com\/styqr\/","article_published_time":"2024-01-23T16:19:17+00:00","article_modified_time":"2024-12-05T14:00:07+00:00","og_image":[{"width":2560,"height":1707,"url":"https:\/\/styqr.fr\/wp-content\/uploads\/2021\/08\/domenico-loia-hGV2TfOh0ns-unsplash-scaled.jpg","type":"image\/jpeg"}],"author":"Marine","twitter_card":"summary_large_image","twitter_creator":"@julien-styqr-admin","schema":{"@context":"https:\/\/schema.org","@graph":[{"@type":"Article","@id":"https:\/\/styqr.fr\/es\/2024\/01\/23\/inquilinos-preparandose-para-la-nueva-temporada\/#article","isPartOf":{"@id":"https:\/\/styqr.fr\/es\/2024\/01\/23\/inquilinos-preparandose-para-la-nueva-temporada\/"},"author":{"name":"Marine","@id":"https:\/\/styqr.fr\/es\/#\/schema\/person\/9961aca9b86c9501bc1a72282df89aac"},"headline":"Inquilinos &#8211; Prepar\u00e1ndose para la nueva temporada","datePublished":"2024-01-23T16:19:17+00:00","dateModified":"2024-12-05T14:00:07+00:00","mainEntityOfPage":{"@id":"https:\/\/styqr.fr\/es\/2024\/01\/23\/inquilinos-preparandose-para-la-nueva-temporada\/"},"wordCount":660,"publisher":{"@id":"https:\/\/styqr.fr\/es\/#organization"},"image":{"@id":"https:\/\/styqr.fr\/es\/2024\/01\/23\/inquilinos-preparandose-para-la-nueva-temporada\/#primaryimage"},"thumbnailUrl":"https:\/\/styqr.fr\/wp-content\/uploads\/2021\/08\/domenico-loia-hGV2TfOh0ns-unsplash-scaled.jpg","keywords":["styqr","digital","alquiler","vuelta al cole"],"articleSection":["Particulares"],"inLanguage":"es"},{"@type":"WebPage","@id":"https:\/\/styqr.fr\/es\/2024\/01\/23\/inquilinos-preparandose-para-la-nueva-temporada\/","url":"https:\/\/styqr.fr\/es\/2024\/01\/23\/inquilinos-preparandose-para-la-nueva-temporada\/","name":"Locataires : Strat\u00e9gies pour attirer des r\u00e9servations dans la nouvelle saison.","isPartOf":{"@id":"https:\/\/styqr.fr\/es\/#website"},"primaryImageOfPage":{"@id":"https:\/\/styqr.fr\/es\/2024\/01\/23\/inquilinos-preparandose-para-la-nueva-temporada\/#primaryimage"},"image":{"@id":"https:\/\/styqr.fr\/es\/2024\/01\/23\/inquilinos-preparandose-para-la-nueva-temporada\/#primaryimage"},"thumbnailUrl":"https:\/\/styqr.fr\/wp-content\/uploads\/2021\/08\/domenico-loia-hGV2TfOh0ns-unsplash-scaled.jpg","datePublished":"2024-01-23T16:19:17+00:00","dateModified":"2024-12-05T14:00:07+00:00","description":"Prep\u00e1rate para la nueva temporada con consejos pr\u00e1cticos para mejorar tu anuncio y aumentar las reservas, incluso durante el regreso a clases.","breadcrumb":{"@id":"https:\/\/styqr.fr\/es\/2024\/01\/23\/inquilinos-preparandose-para-la-nueva-temporada\/#breadcrumb"},"inLanguage":"es","potentialAction":[{"@type":"ReadAction","target":["https:\/\/styqr.fr\/es\/2024\/01\/23\/inquilinos-preparandose-para-la-nueva-temporada\/"]}]},{"@type":"ImageObject","inLanguage":"es","@id":"https:\/\/styqr.fr\/es\/2024\/01\/23\/inquilinos-preparandose-para-la-nueva-temporada\/#primaryimage","url":"https:\/\/styqr.fr\/wp-content\/uploads\/2021\/08\/domenico-loia-hGV2TfOh0ns-unsplash-scaled.jpg","contentUrl":"https:\/\/styqr.fr\/wp-content\/uploads\/2021\/08\/domenico-loia-hGV2TfOh0ns-unsplash-scaled.jpg","width":2560,"height":1707},{"@type":"BreadcrumbList","@id":"https:\/\/styqr.fr\/es\/2024\/01\/23\/inquilinos-preparandose-para-la-nueva-temporada\/#breadcrumb","itemListElement":[{"@type":"ListItem","position":1,"name":"Inicio","item":"https:\/\/styqr.fr\/es\/"},{"@type":"ListItem","position":2,"name":"Particulares","item":"https:\/\/styqr.fr\/es\/nos-categories\/particulares\/"},{"@type":"ListItem","position":3,"name":"Inquilinos &#8211; Prepar\u00e1ndose para la nueva temporada"}]},{"@type":"WebSite","@id":"https:\/\/styqr.fr\/es\/#website","url":"https:\/\/styqr.fr\/es\/","name":"StyQR","description":"Cr\u00e9ez votre livret d&#039;accueil digital personnalis\u00e9 pour vos voyageurs","publisher":{"@id":"https:\/\/styqr.fr\/es\/#organization"},"potentialAction":[{"@type":"SearchAction","target":{"@type":"EntryPoint","urlTemplate":"https:\/\/styqr.fr\/es\/?s={search_term_string}"},"query-input":{"@type":"PropertyValueSpecification","valueRequired":true,"valueName":"search_term_string"}}],"inLanguage":"es"},{"@type":"Organization","@id":"https:\/\/styqr.fr\/es\/#organization","name":"StyQR","url":"https:\/\/styqr.fr\/es\/","logo":{"@type":"ImageObject","inLanguage":"es","@id":"https:\/\/styqr.fr\/es\/#\/schema\/logo\/image\/","url":"https:\/\/styqr.fr\/wp-content\/uploads\/2020\/11\/Fichier-5.png","contentUrl":"https:\/\/styqr.fr\/wp-content\/uploads\/2020\/11\/Fichier-5.png","width":388,"height":194,"caption":"StyQR"},"image":{"@id":"https:\/\/styqr.fr\/es\/#\/schema\/logo\/image\/"},"sameAs":["https:\/\/fr-fr.facebook.com\/styqr\/","https:\/\/www.instagram.com\/styqr_fr\/","https:\/\/fr.linkedin.com\/company\/styqr"],"description":"StyQR, le livret d'accueil digital","email":"contact@styqr.fr","legalName":"SAS StyQR","foundingDate":"2019-05-27","vatID":"FR55824532865","taxID":"82453286500014","numberOfEmployees":{"@type":"QuantitativeValue","minValue":"1","maxValue":"10"}},{"@type":"Person","@id":"https:\/\/styqr.fr\/es\/#\/schema\/person\/9961aca9b86c9501bc1a72282df89aac","name":"Marine","image":{"@type":"ImageObject","inLanguage":"es","@id":"https:\/\/secure.gravatar.com\/avatar\/647b7182996833269bfb418442442520d7a3cf1ce76c2bbb26b93d7fbb28bb58?s=96&d=mm&r=g","url":"https:\/\/secure.gravatar.com\/avatar\/647b7182996833269bfb418442442520d7a3cf1ce76c2bbb26b93d7fbb28bb58?s=96&d=mm&r=g","contentUrl":"https:\/\/secure.gravatar.com\/avatar\/647b7182996833269bfb418442442520d7a3cf1ce76c2bbb26b93d7fbb28bb58?s=96&d=mm&r=g","caption":"Marine"},"sameAs":["https:\/\/x.com\/julien-styqr-admin"]}]}},"_links":{"self":[{"href":"https:\/\/styqr.fr\/es\/wp-json\/wp\/v2\/posts\/101887","targetHints":{"allow":["GET"]}}],"collection":[{"href":"https:\/\/styqr.fr\/es\/wp-json\/wp\/v2\/posts"}],"about":[{"href":"https:\/\/styqr.fr\/es\/wp-json\/wp\/v2\/types\/post"}],"author":[{"embeddable":true,"href":"https:\/\/styqr.fr\/es\/wp-json\/wp\/v2\/users\/3"}],"replies":[{"embeddable":true,"href":"https:\/\/styqr.fr\/es\/wp-json\/wp\/v2\/comments?post=101887"}],"version-history":[{"count":0,"href":"https:\/\/styqr.fr\/es\/wp-json\/wp\/v2\/posts\/101887\/revisions"}],"wp:featuredmedia":[{"embeddable":true,"href":"https:\/\/styqr.fr\/es\/wp-json\/wp\/v2\/media\/89368"}],"wp:attachment":[{"href":"https:\/\/styqr.fr\/es\/wp-json\/wp\/v2\/media?parent=101887"}],"wp:term":[{"taxonomy":"category","embeddable":true,"href":"https:\/\/styqr.fr\/es\/wp-json\/wp\/v2\/categories?post=101887"},{"taxonomy":"post_tag","embeddable":true,"href":"https:\/\/styqr.fr\/es\/wp-json\/wp\/v2\/tags?post=101887"}],"curies":[{"name":"wp","href":"https:\/\/api.w.org\/{rel}","templated":true}]}}