{"id":101446,"date":"2024-01-23T17:19:02","date_gmt":"2024-01-23T16:19:02","guid":{"rendered":"https:\/\/styqr.fr\/2024\/01\/23\/medio-ambiente-haga-mas-ecologicas-las-vacaciones-de-sus-clientes\/"},"modified":"2025-01-13T14:45:02","modified_gmt":"2025-01-13T13:45:02","slug":"medio-ambiente-haga-mas-ecologicas-las-vacaciones-de-sus-clientes","status":"publish","type":"post","link":"https:\/\/styqr.fr\/es\/2024\/01\/23\/medio-ambiente-haga-mas-ecologicas-las-vacaciones-de-sus-clientes\/","title":{"rendered":"Medio ambiente: haz que las vacaciones de tus clientes sean m\u00e1s ecol\u00f3gicas"},"content":{"rendered":"<div class=\"wpb-content-wrapper\"><p>[vc_row][vc_column width=\u00bb1\/1&#8243;][vc_column_text uncode_shortcode_id=\u00bb943703&#8243;]En los \u00faltimos a\u00f1os, hemos intentado adoptar una <strong>forma de consumir<\/strong> m\u00e1s<strong>respetuosa con el medio ambiente<\/strong>. Cada vez consumimos m\u00e1s y menos, pero tambi\u00e9n viajamos con m\u00e1s cuidado. El sector <strong>del alquiler<\/strong> debe adaptarse a este nuevo<strong>\u00abmodo de consumo<\/strong>\u00bb y ofrecer alternativas m\u00e1s<strong>respetuosas con el medio ambiente<\/strong>.<\/p>\n<p>[\/vc_column_text][\/vc_column][\/vc_row][vc_row][vc_column width=\u00bb1\/1&#8243;][vc_single_image media=\u00bb86722&#8243; media_width_percent=\u00bb100&#8243; media_ratio=\u00bbthree-two\u00bb shape=\u00bbimg-round\u00bb radius=\u00bbstd\u00bb uncode_shortcode_id=\u00bb861981&#8243;][vc_row_inner][vc_column_inner column_width_percent=\u00bb100&#8243; gutter_size=\u00bb0&#8243; overlay_alpha=\u00bb50&#8243; shift_x=\u00bb0&#8243; shift_y=\u00bb0&#8243; shift_y_down=\u00bb0&#8243; z_index=\u00bb0&#8243; medium_width=\u00bb0&#8243; mobile_width=\u00bb0&#8243; width=\u00bb1\/1&#8243;][vc_custom_heading uncode_shortcode_id=\u00bb136452&#8243;]<\/p>\n<h2>1. \u00bfQu\u00e9 puedes hacer para que tu casa sea m\u00e1s ecol\u00f3gica?<\/h2>\n<p>[\/vc_custom_heading][\/vc_column_inner][\/vc_row_inner][vc_column_text uncode_shortcode_id=\u00bb773548&#8243;]Para que tu casa sea m\u00e1s respetuosa con el medio ambiente, tienes que comprobar algunas cosas. \u00bfC\u00f3mo es tu<strong> aislamiento<\/strong>, por ejemplo? \u00bfQu\u00e9 tipo de <strong>electricidad<\/strong> utilizas? \u00bfTienes <strong>bombillas de bajo consumo<\/strong>? Luego mira los muebles y la decoraci\u00f3n. \u00bfDe d\u00f3nde proceden? \u00bfPuedes <strong>comprarlos de segunda mano<\/strong>? Por \u00faltimo, sugiere algunos objetos cotidianos<strong>\u00abverdes\u00bb<\/strong>:   <\/p>\n<ul>\n<li><strong>Jabones y champ\u00fas<\/strong> s\u00f3lidos o al menos etiquetados. \u00bfProductos locales para la piel? <\/li>\n<li><strong>Productos dom\u00e9sticos<\/strong> respetuosos con el medio ambiente<\/li>\n<li>Un cubo para <strong>clasificar los residuos en casa<\/strong> y animar a tus clientes a hacerlo<\/li>\n<li>En invierno, el suministro de tela escocesa para <strong>evitar el sobrecalentamiento<\/strong><\/li>\n<li>Informaci\u00f3n sobre productores locales y restaurantes con men\u00fas de temporada&#8230;<\/li>\n<\/ul>\n<p>Estos peque\u00f1os cambios no te costar\u00e1n mucho, y te ayudar\u00e1n a ganarte a un <strong>tipo de cliente totalmente nuevo<\/strong>. Si est\u00e1s realmente motivado, \u00a1incluso puedes instalar<strong> paneles solares<\/strong> en el tejado!<\/p>\n<p>[\/vc_column_text][\/vc_column][\/vc_row][vc_row][vc_column width=\u00bb1\/1&#8243;][vc_single_image media=\u00bb86724&#8243; media_width_percent=\u00bb100&#8243; media_ratio=\u00bbthree-two\u00bb shape=\u00bbimg-round\u00bb radius=\u00bbstd\u00bb uncode_shortcode_id=\u00bb708129&#8243;][vc_row_inner][vc_column_inner column_width_percent=\u00bb100&#8243; gutter_size=\u00bb0&#8243; overlay_alpha=\u00bb50&#8243; shift_x=\u00bb0&#8243; shift_y=\u00bb0&#8243; shift_y_down=\u00bb0&#8243; z_index=\u00bb0&#8243; medium_width=\u00bb0&#8243; mobile_width=\u00bb0&#8243; width=\u00bb1\/1&#8243;][vc_custom_heading uncode_shortcode_id=\u00bb133304&#8243;]<\/p>\n<h2>2. M\u00e1s informaci\u00f3n: el folleto digital de bienvenida<\/h2>\n<p>[\/vc_custom_heading][\/vc_column_inner][\/vc_row_inner][vc_column_text uncode_shortcode_id=\u00bb500241&#8243;]Adem\u00e1s de poner en pr\u00e1ctica todas estas medidas, puedes ir a\u00fan m\u00e1s lejos en tu af\u00e1n por respetar el<strong> medio ambiente<\/strong>. Puedes optar por un<strong> folleto de bienvenida digital<\/strong> que sustituya al folleto de papel que se imprime para cada nuevo cliente. Con tu folleto<a href=\"https:\/\/styqr.fr\/es\/\" target=\"_blank\" rel=\"noopener\"> <strong>folleto StyQR<\/strong><\/a>puedes <strong>modificar<\/strong> y<strong> actualizar tu folleto<\/strong> para cada nueva reserva, cada temporada&#8230; todo ello sin utilizar una sola hoja de papel. Incluso puedes indicar a tus clientes <strong>restaurantes<\/strong> o <strong>lugares de actividades<\/strong> que respetan plenamente <strong>las limitaciones medioambientales<\/strong>. Podr\u00e1n recibir consejos de un <strong>local<\/strong> est\u00e9n donde est\u00e9n, \u00a1y eso no tiene precio![\/vc_column_text][\/vc_column][\/vc_row][vc_row][vc_column width=\u00bb1\/1&#8243;][vc_column_text uncode_shortcode_id=\u00bb811131&#8243;]El aspecto medioambiental de las <strong>vacaciones<\/strong> es una noci\u00f3n que ya no debe pasarse por alto en 2021. Destaca este punto en tu anuncio, \u00a1podr\u00eda <strong>inclinar la balanza<\/strong> a tu favor![\/vc_column_text][\/vc_column][\/vc_row]<\/p>\n<\/div>","protected":false},"excerpt":{"rendered":"<p>\u00bfC\u00f3mo puedes adaptar tu casa para un consumo m\u00e1s ecol\u00f3gico y proteger el medio ambiente? \u00a1Te lo contamos todo! <\/p>\n","protected":false},"author":3,"featured_media":95483,"comment_status":"closed","ping_status":"open","sticky":false,"template":"","format":"standard","meta":{"footnotes":""},"categories":[910],"tags":[2238,1934,1980,2006],"class_list":["post-101446","post","type-post","status-publish","format-standard","has-post-thumbnail","hentry","category-particulares","tag-clientes","tag-styqr-es","tag-medio-ambiente","tag-alquiler"],"yoast_head":"<!-- This site is optimized with the Yoast SEO Premium plugin v27.4 (Yoast SEO v27.4) - https:\/\/yoast.com\/product\/yoast-seo-premium-wordpress\/ -->\n<title>Vacaciones sostenibles: \u00a1Descubre c\u00f3mo cuidar el medio ambiente! | StyQR<\/title>\n<meta name=\"description\" content=\"Transforma las vacaciones de tus clientes en una experiencia ecol\u00f3gica. Aprende consejos pr\u00e1cticos para disfrutar y respetar el medio ambiente al mismo tiempo.\" \/>\n<meta name=\"robots\" content=\"index, follow, max-snippet:-1, max-image-preview:large, max-video-preview:-1\" \/>\n<link rel=\"canonical\" href=\"https:\/\/styqr.fr\/es\/2024\/01\/23\/medio-ambiente-haga-mas-ecologicas-las-vacaciones-de-sus-clientes\/\" \/>\n<meta property=\"og:locale\" content=\"es_ES\" \/>\n<meta property=\"og:type\" content=\"article\" \/>\n<meta property=\"og:title\" content=\"StyQR | Le livret d&#039;accueil digital\" \/>\n<meta property=\"og:description\" content=\"Transforma las vacaciones de tus clientes en una experiencia ecol\u00f3gica. Aprende consejos pr\u00e1cticos para disfrutar y respetar el medio ambiente al mismo tiempo.\" \/>\n<meta property=\"og:url\" content=\"https:\/\/styqr.fr\/es\/2024\/01\/23\/medio-ambiente-haga-mas-ecologicas-las-vacaciones-de-sus-clientes\/\" \/>\n<meta property=\"og:site_name\" content=\"StyQR\" \/>\n<meta property=\"article:publisher\" content=\"https:\/\/fr-fr.facebook.com\/styqr\/\" \/>\n<meta property=\"article:published_time\" content=\"2024-01-23T16:19:02+00:00\" \/>\n<meta property=\"article:modified_time\" content=\"2025-01-13T13:45:02+00:00\" \/>\n<meta property=\"og:image\" content=\"https:\/\/styqr.fr\/wp-content\/uploads\/2021\/10\/maria-rodideal-XxFumrTnqDY-unsplash-scaled.jpg\" \/>\n\t<meta property=\"og:image:width\" content=\"2560\" \/>\n\t<meta property=\"og:image:height\" content=\"1707\" \/>\n\t<meta property=\"og:image:type\" content=\"image\/jpeg\" \/>\n<meta name=\"author\" content=\"Marine\" \/>\n<meta name=\"twitter:card\" content=\"summary_large_image\" \/>\n<meta name=\"twitter:creator\" content=\"@julien-styqr-admin\" \/>\n<script type=\"application\/ld+json\" class=\"yoast-schema-graph\">{\"@context\":\"https:\\\/\\\/schema.org\",\"@graph\":[{\"@type\":\"Article\",\"@id\":\"https:\\\/\\\/styqr.fr\\\/es\\\/2024\\\/01\\\/23\\\/medio-ambiente-haga-mas-ecologicas-las-vacaciones-de-sus-clientes\\\/#article\",\"isPartOf\":{\"@id\":\"https:\\\/\\\/styqr.fr\\\/es\\\/2024\\\/01\\\/23\\\/medio-ambiente-haga-mas-ecologicas-las-vacaciones-de-sus-clientes\\\/\"},\"author\":{\"name\":\"Marine\",\"@id\":\"https:\\\/\\\/styqr.fr\\\/es\\\/#\\\/schema\\\/person\\\/9961aca9b86c9501bc1a72282df89aac\"},\"headline\":\"Medio ambiente: haz que las vacaciones de tus clientes sean m\u00e1s ecol\u00f3gicas\",\"datePublished\":\"2024-01-23T16:19:02+00:00\",\"dateModified\":\"2025-01-13T13:45:02+00:00\",\"mainEntityOfPage\":{\"@id\":\"https:\\\/\\\/styqr.fr\\\/es\\\/2024\\\/01\\\/23\\\/medio-ambiente-haga-mas-ecologicas-las-vacaciones-de-sus-clientes\\\/\"},\"wordCount\":572,\"publisher\":{\"@id\":\"https:\\\/\\\/styqr.fr\\\/es\\\/#organization\"},\"image\":{\"@id\":\"https:\\\/\\\/styqr.fr\\\/es\\\/2024\\\/01\\\/23\\\/medio-ambiente-haga-mas-ecologicas-las-vacaciones-de-sus-clientes\\\/#primaryimage\"},\"thumbnailUrl\":\"https:\\\/\\\/styqr.fr\\\/wp-content\\\/uploads\\\/2021\\\/10\\\/maria-rodideal-XxFumrTnqDY-unsplash-scaled.jpg\",\"keywords\":[\"clientes\",\"styqr\",\"medio ambiente\",\"alquiler\"],\"articleSection\":[\"Particulares\"],\"inLanguage\":\"es\"},{\"@type\":\"WebPage\",\"@id\":\"https:\\\/\\\/styqr.fr\\\/es\\\/2024\\\/01\\\/23\\\/medio-ambiente-haga-mas-ecologicas-las-vacaciones-de-sus-clientes\\\/\",\"url\":\"https:\\\/\\\/styqr.fr\\\/es\\\/2024\\\/01\\\/23\\\/medio-ambiente-haga-mas-ecologicas-las-vacaciones-de-sus-clientes\\\/\",\"name\":\"Vacaciones sostenibles: \u00a1Descubre c\u00f3mo cuidar el medio ambiente! | StyQR\",\"isPartOf\":{\"@id\":\"https:\\\/\\\/styqr.fr\\\/es\\\/#website\"},\"primaryImageOfPage\":{\"@id\":\"https:\\\/\\\/styqr.fr\\\/es\\\/2024\\\/01\\\/23\\\/medio-ambiente-haga-mas-ecologicas-las-vacaciones-de-sus-clientes\\\/#primaryimage\"},\"image\":{\"@id\":\"https:\\\/\\\/styqr.fr\\\/es\\\/2024\\\/01\\\/23\\\/medio-ambiente-haga-mas-ecologicas-las-vacaciones-de-sus-clientes\\\/#primaryimage\"},\"thumbnailUrl\":\"https:\\\/\\\/styqr.fr\\\/wp-content\\\/uploads\\\/2021\\\/10\\\/maria-rodideal-XxFumrTnqDY-unsplash-scaled.jpg\",\"datePublished\":\"2024-01-23T16:19:02+00:00\",\"dateModified\":\"2025-01-13T13:45:02+00:00\",\"description\":\"Transforma las vacaciones de tus clientes en una experiencia ecol\u00f3gica. Aprende consejos pr\u00e1cticos para disfrutar y respetar el medio ambiente al mismo tiempo.\",\"breadcrumb\":{\"@id\":\"https:\\\/\\\/styqr.fr\\\/es\\\/2024\\\/01\\\/23\\\/medio-ambiente-haga-mas-ecologicas-las-vacaciones-de-sus-clientes\\\/#breadcrumb\"},\"inLanguage\":\"es\",\"potentialAction\":[{\"@type\":\"ReadAction\",\"target\":[\"https:\\\/\\\/styqr.fr\\\/es\\\/2024\\\/01\\\/23\\\/medio-ambiente-haga-mas-ecologicas-las-vacaciones-de-sus-clientes\\\/\"]}]},{\"@type\":\"ImageObject\",\"inLanguage\":\"es\",\"@id\":\"https:\\\/\\\/styqr.fr\\\/es\\\/2024\\\/01\\\/23\\\/medio-ambiente-haga-mas-ecologicas-las-vacaciones-de-sus-clientes\\\/#primaryimage\",\"url\":\"https:\\\/\\\/styqr.fr\\\/wp-content\\\/uploads\\\/2021\\\/10\\\/maria-rodideal-XxFumrTnqDY-unsplash-scaled.jpg\",\"contentUrl\":\"https:\\\/\\\/styqr.fr\\\/wp-content\\\/uploads\\\/2021\\\/10\\\/maria-rodideal-XxFumrTnqDY-unsplash-scaled.jpg\",\"width\":2560,\"height\":1707},{\"@type\":\"BreadcrumbList\",\"@id\":\"https:\\\/\\\/styqr.fr\\\/es\\\/2024\\\/01\\\/23\\\/medio-ambiente-haga-mas-ecologicas-las-vacaciones-de-sus-clientes\\\/#breadcrumb\",\"itemListElement\":[{\"@type\":\"ListItem\",\"position\":1,\"name\":\"Inicio\",\"item\":\"https:\\\/\\\/styqr.fr\\\/es\\\/\"},{\"@type\":\"ListItem\",\"position\":2,\"name\":\"Particulares\",\"item\":\"https:\\\/\\\/styqr.fr\\\/es\\\/nos-categories\\\/particulares\\\/\"},{\"@type\":\"ListItem\",\"position\":3,\"name\":\"Medio ambiente: haz que las vacaciones de tus clientes sean m\u00e1s ecol\u00f3gicas\"}]},{\"@type\":\"WebSite\",\"@id\":\"https:\\\/\\\/styqr.fr\\\/es\\\/#website\",\"url\":\"https:\\\/\\\/styqr.fr\\\/es\\\/\",\"name\":\"StyQR\",\"description\":\"Cr\u00e9ez votre livret d&#039;accueil digital personnalis\u00e9 pour vos voyageurs\",\"publisher\":{\"@id\":\"https:\\\/\\\/styqr.fr\\\/es\\\/#organization\"},\"potentialAction\":[{\"@type\":\"SearchAction\",\"target\":{\"@type\":\"EntryPoint\",\"urlTemplate\":\"https:\\\/\\\/styqr.fr\\\/es\\\/?s={search_term_string}\"},\"query-input\":{\"@type\":\"PropertyValueSpecification\",\"valueRequired\":true,\"valueName\":\"search_term_string\"}}],\"inLanguage\":\"es\"},{\"@type\":\"Organization\",\"@id\":\"https:\\\/\\\/styqr.fr\\\/es\\\/#organization\",\"name\":\"StyQR\",\"url\":\"https:\\\/\\\/styqr.fr\\\/es\\\/\",\"logo\":{\"@type\":\"ImageObject\",\"inLanguage\":\"es\",\"@id\":\"https:\\\/\\\/styqr.fr\\\/es\\\/#\\\/schema\\\/logo\\\/image\\\/\",\"url\":\"https:\\\/\\\/styqr.fr\\\/wp-content\\\/uploads\\\/2020\\\/11\\\/Fichier-5.png\",\"contentUrl\":\"https:\\\/\\\/styqr.fr\\\/wp-content\\\/uploads\\\/2020\\\/11\\\/Fichier-5.png\",\"width\":388,\"height\":194,\"caption\":\"StyQR\"},\"image\":{\"@id\":\"https:\\\/\\\/styqr.fr\\\/es\\\/#\\\/schema\\\/logo\\\/image\\\/\"},\"sameAs\":[\"https:\\\/\\\/fr-fr.facebook.com\\\/styqr\\\/\",\"https:\\\/\\\/www.instagram.com\\\/styqr_fr\\\/\",\"https:\\\/\\\/fr.linkedin.com\\\/company\\\/styqr\"],\"description\":\"StyQR, le livret d'accueil digital\",\"email\":\"contact@styqr.fr\",\"legalName\":\"SAS StyQR\",\"foundingDate\":\"2019-05-27\",\"vatID\":\"FR55824532865\",\"taxID\":\"82453286500014\",\"numberOfEmployees\":{\"@type\":\"QuantitativeValue\",\"minValue\":\"1\",\"maxValue\":\"10\"}},{\"@type\":\"Person\",\"@id\":\"https:\\\/\\\/styqr.fr\\\/es\\\/#\\\/schema\\\/person\\\/9961aca9b86c9501bc1a72282df89aac\",\"name\":\"Marine\",\"image\":{\"@type\":\"ImageObject\",\"inLanguage\":\"es\",\"@id\":\"https:\\\/\\\/secure.gravatar.com\\\/avatar\\\/647b7182996833269bfb418442442520d7a3cf1ce76c2bbb26b93d7fbb28bb58?s=96&d=mm&r=g\",\"url\":\"https:\\\/\\\/secure.gravatar.com\\\/avatar\\\/647b7182996833269bfb418442442520d7a3cf1ce76c2bbb26b93d7fbb28bb58?s=96&d=mm&r=g\",\"contentUrl\":\"https:\\\/\\\/secure.gravatar.com\\\/avatar\\\/647b7182996833269bfb418442442520d7a3cf1ce76c2bbb26b93d7fbb28bb58?s=96&d=mm&r=g\",\"caption\":\"Marine\"},\"sameAs\":[\"https:\\\/\\\/x.com\\\/julien-styqr-admin\"]}]}<\/script>\n<!-- \/ Yoast SEO Premium plugin. -->","yoast_head_json":{"title":"Vacaciones sostenibles: \u00a1Descubre c\u00f3mo cuidar el medio ambiente! | StyQR","description":"Transforma las vacaciones de tus clientes en una experiencia ecol\u00f3gica. Aprende consejos pr\u00e1cticos para disfrutar y respetar el medio ambiente al mismo tiempo.","robots":{"index":"index","follow":"follow","max-snippet":"max-snippet:-1","max-image-preview":"max-image-preview:large","max-video-preview":"max-video-preview:-1"},"canonical":"https:\/\/styqr.fr\/es\/2024\/01\/23\/medio-ambiente-haga-mas-ecologicas-las-vacaciones-de-sus-clientes\/","og_locale":"es_ES","og_type":"article","og_title":"StyQR | Le livret d'accueil digital","og_description":"Transforma las vacaciones de tus clientes en una experiencia ecol\u00f3gica. Aprende consejos pr\u00e1cticos para disfrutar y respetar el medio ambiente al mismo tiempo.","og_url":"https:\/\/styqr.fr\/es\/2024\/01\/23\/medio-ambiente-haga-mas-ecologicas-las-vacaciones-de-sus-clientes\/","og_site_name":"StyQR","article_publisher":"https:\/\/fr-fr.facebook.com\/styqr\/","article_published_time":"2024-01-23T16:19:02+00:00","article_modified_time":"2025-01-13T13:45:02+00:00","og_image":[{"width":2560,"height":1707,"url":"https:\/\/styqr.fr\/wp-content\/uploads\/2021\/10\/maria-rodideal-XxFumrTnqDY-unsplash-scaled.jpg","type":"image\/jpeg"}],"author":"Marine","twitter_card":"summary_large_image","twitter_creator":"@julien-styqr-admin","schema":{"@context":"https:\/\/schema.org","@graph":[{"@type":"Article","@id":"https:\/\/styqr.fr\/es\/2024\/01\/23\/medio-ambiente-haga-mas-ecologicas-las-vacaciones-de-sus-clientes\/#article","isPartOf":{"@id":"https:\/\/styqr.fr\/es\/2024\/01\/23\/medio-ambiente-haga-mas-ecologicas-las-vacaciones-de-sus-clientes\/"},"author":{"name":"Marine","@id":"https:\/\/styqr.fr\/es\/#\/schema\/person\/9961aca9b86c9501bc1a72282df89aac"},"headline":"Medio ambiente: haz que las vacaciones de tus clientes sean m\u00e1s ecol\u00f3gicas","datePublished":"2024-01-23T16:19:02+00:00","dateModified":"2025-01-13T13:45:02+00:00","mainEntityOfPage":{"@id":"https:\/\/styqr.fr\/es\/2024\/01\/23\/medio-ambiente-haga-mas-ecologicas-las-vacaciones-de-sus-clientes\/"},"wordCount":572,"publisher":{"@id":"https:\/\/styqr.fr\/es\/#organization"},"image":{"@id":"https:\/\/styqr.fr\/es\/2024\/01\/23\/medio-ambiente-haga-mas-ecologicas-las-vacaciones-de-sus-clientes\/#primaryimage"},"thumbnailUrl":"https:\/\/styqr.fr\/wp-content\/uploads\/2021\/10\/maria-rodideal-XxFumrTnqDY-unsplash-scaled.jpg","keywords":["clientes","styqr","medio ambiente","alquiler"],"articleSection":["Particulares"],"inLanguage":"es"},{"@type":"WebPage","@id":"https:\/\/styqr.fr\/es\/2024\/01\/23\/medio-ambiente-haga-mas-ecologicas-las-vacaciones-de-sus-clientes\/","url":"https:\/\/styqr.fr\/es\/2024\/01\/23\/medio-ambiente-haga-mas-ecologicas-las-vacaciones-de-sus-clientes\/","name":"Vacaciones sostenibles: \u00a1Descubre c\u00f3mo cuidar el medio ambiente! | StyQR","isPartOf":{"@id":"https:\/\/styqr.fr\/es\/#website"},"primaryImageOfPage":{"@id":"https:\/\/styqr.fr\/es\/2024\/01\/23\/medio-ambiente-haga-mas-ecologicas-las-vacaciones-de-sus-clientes\/#primaryimage"},"image":{"@id":"https:\/\/styqr.fr\/es\/2024\/01\/23\/medio-ambiente-haga-mas-ecologicas-las-vacaciones-de-sus-clientes\/#primaryimage"},"thumbnailUrl":"https:\/\/styqr.fr\/wp-content\/uploads\/2021\/10\/maria-rodideal-XxFumrTnqDY-unsplash-scaled.jpg","datePublished":"2024-01-23T16:19:02+00:00","dateModified":"2025-01-13T13:45:02+00:00","description":"Transforma las vacaciones de tus clientes en una experiencia ecol\u00f3gica. Aprende consejos pr\u00e1cticos para disfrutar y respetar el medio ambiente al mismo tiempo.","breadcrumb":{"@id":"https:\/\/styqr.fr\/es\/2024\/01\/23\/medio-ambiente-haga-mas-ecologicas-las-vacaciones-de-sus-clientes\/#breadcrumb"},"inLanguage":"es","potentialAction":[{"@type":"ReadAction","target":["https:\/\/styqr.fr\/es\/2024\/01\/23\/medio-ambiente-haga-mas-ecologicas-las-vacaciones-de-sus-clientes\/"]}]},{"@type":"ImageObject","inLanguage":"es","@id":"https:\/\/styqr.fr\/es\/2024\/01\/23\/medio-ambiente-haga-mas-ecologicas-las-vacaciones-de-sus-clientes\/#primaryimage","url":"https:\/\/styqr.fr\/wp-content\/uploads\/2021\/10\/maria-rodideal-XxFumrTnqDY-unsplash-scaled.jpg","contentUrl":"https:\/\/styqr.fr\/wp-content\/uploads\/2021\/10\/maria-rodideal-XxFumrTnqDY-unsplash-scaled.jpg","width":2560,"height":1707},{"@type":"BreadcrumbList","@id":"https:\/\/styqr.fr\/es\/2024\/01\/23\/medio-ambiente-haga-mas-ecologicas-las-vacaciones-de-sus-clientes\/#breadcrumb","itemListElement":[{"@type":"ListItem","position":1,"name":"Inicio","item":"https:\/\/styqr.fr\/es\/"},{"@type":"ListItem","position":2,"name":"Particulares","item":"https:\/\/styqr.fr\/es\/nos-categories\/particulares\/"},{"@type":"ListItem","position":3,"name":"Medio ambiente: haz que las vacaciones de tus clientes sean m\u00e1s ecol\u00f3gicas"}]},{"@type":"WebSite","@id":"https:\/\/styqr.fr\/es\/#website","url":"https:\/\/styqr.fr\/es\/","name":"StyQR","description":"Cr\u00e9ez votre livret d&#039;accueil digital personnalis\u00e9 pour vos voyageurs","publisher":{"@id":"https:\/\/styqr.fr\/es\/#organization"},"potentialAction":[{"@type":"SearchAction","target":{"@type":"EntryPoint","urlTemplate":"https:\/\/styqr.fr\/es\/?s={search_term_string}"},"query-input":{"@type":"PropertyValueSpecification","valueRequired":true,"valueName":"search_term_string"}}],"inLanguage":"es"},{"@type":"Organization","@id":"https:\/\/styqr.fr\/es\/#organization","name":"StyQR","url":"https:\/\/styqr.fr\/es\/","logo":{"@type":"ImageObject","inLanguage":"es","@id":"https:\/\/styqr.fr\/es\/#\/schema\/logo\/image\/","url":"https:\/\/styqr.fr\/wp-content\/uploads\/2020\/11\/Fichier-5.png","contentUrl":"https:\/\/styqr.fr\/wp-content\/uploads\/2020\/11\/Fichier-5.png","width":388,"height":194,"caption":"StyQR"},"image":{"@id":"https:\/\/styqr.fr\/es\/#\/schema\/logo\/image\/"},"sameAs":["https:\/\/fr-fr.facebook.com\/styqr\/","https:\/\/www.instagram.com\/styqr_fr\/","https:\/\/fr.linkedin.com\/company\/styqr"],"description":"StyQR, le livret d'accueil digital","email":"contact@styqr.fr","legalName":"SAS StyQR","foundingDate":"2019-05-27","vatID":"FR55824532865","taxID":"82453286500014","numberOfEmployees":{"@type":"QuantitativeValue","minValue":"1","maxValue":"10"}},{"@type":"Person","@id":"https:\/\/styqr.fr\/es\/#\/schema\/person\/9961aca9b86c9501bc1a72282df89aac","name":"Marine","image":{"@type":"ImageObject","inLanguage":"es","@id":"https:\/\/secure.gravatar.com\/avatar\/647b7182996833269bfb418442442520d7a3cf1ce76c2bbb26b93d7fbb28bb58?s=96&d=mm&r=g","url":"https:\/\/secure.gravatar.com\/avatar\/647b7182996833269bfb418442442520d7a3cf1ce76c2bbb26b93d7fbb28bb58?s=96&d=mm&r=g","contentUrl":"https:\/\/secure.gravatar.com\/avatar\/647b7182996833269bfb418442442520d7a3cf1ce76c2bbb26b93d7fbb28bb58?s=96&d=mm&r=g","caption":"Marine"},"sameAs":["https:\/\/x.com\/julien-styqr-admin"]}]}},"_links":{"self":[{"href":"https:\/\/styqr.fr\/es\/wp-json\/wp\/v2\/posts\/101446","targetHints":{"allow":["GET"]}}],"collection":[{"href":"https:\/\/styqr.fr\/es\/wp-json\/wp\/v2\/posts"}],"about":[{"href":"https:\/\/styqr.fr\/es\/wp-json\/wp\/v2\/types\/post"}],"author":[{"embeddable":true,"href":"https:\/\/styqr.fr\/es\/wp-json\/wp\/v2\/users\/3"}],"replies":[{"embeddable":true,"href":"https:\/\/styqr.fr\/es\/wp-json\/wp\/v2\/comments?post=101446"}],"version-history":[{"count":0,"href":"https:\/\/styqr.fr\/es\/wp-json\/wp\/v2\/posts\/101446\/revisions"}],"wp:featuredmedia":[{"embeddable":true,"href":"https:\/\/styqr.fr\/es\/wp-json\/wp\/v2\/media\/95483"}],"wp:attachment":[{"href":"https:\/\/styqr.fr\/es\/wp-json\/wp\/v2\/media?parent=101446"}],"wp:term":[{"taxonomy":"category","embeddable":true,"href":"https:\/\/styqr.fr\/es\/wp-json\/wp\/v2\/categories?post=101446"},{"taxonomy":"post_tag","embeddable":true,"href":"https:\/\/styqr.fr\/es\/wp-json\/wp\/v2\/tags?post=101446"}],"curies":[{"name":"wp","href":"https:\/\/api.w.org\/{rel}","templated":true}]}}