{"id":100979,"date":"2024-01-23T17:16:24","date_gmt":"2024-01-23T16:16:24","guid":{"rendered":"https:\/\/styqr.fr\/2024\/01\/23\/alojamientos-turisticos-en-francia-en-2021\/"},"modified":"2024-12-05T12:27:57","modified_gmt":"2024-12-05T11:27:57","slug":"alojamientos-turisticos-en-francia-en-2021","status":"publish","type":"post","link":"https:\/\/styqr.fr\/es\/2024\/01\/23\/alojamientos-turisticos-en-francia-en-2021\/","title":{"rendered":"Alojamiento tur\u00edstico en Francia en 2021"},"content":{"rendered":"<div class=\"wpb-content-wrapper\"><p>[vc_row][vc_column width=\u00bb1\/1&#8243;][vc_column_text uncode_shortcode_id=\u00bb139941&#8243;]\u00bfCu\u00e1ntos<strong>alojamientos tur\u00edsticos<\/strong> hay en Francia? \u00bfY cu\u00e1ntos de ellos son<strong>hoteles<\/strong>? <strong>\u00bfCampings<\/strong>? \u00bfQui\u00e9nes han sido los m\u00e1s afectados por la <strong>crisis c\u00f3vida<\/strong>? \u00a1Responderemos a todas estas preguntas![\/vc_column_text][\/vc_column][\/vc_row][vc_row][vc_column width=\u00bb1\/1&#8243;][vc_single_image media=\u00bb88322&#8243; media_width_percent=\u00bb100&#8243; media_ratio=\u00bbthree-two\u00bb shape=\u00bbimg-round\u00bb radius=\u00bbstd\u00bb uncode_shortcode_id=\u00bb365577&#8243;][vc_row_inner][vc_column_inner column_width_percent=\u00bb100&#8243; gutter_size=\u00bb0&#8243; overlay_alpha=\u00bb50&#8243; shift_x=\u00bb0&#8243; shift_y=\u00bb0&#8243; shift_y_down=\u00bb0&#8243; z_index=\u00bb0&#8243; medium_width=\u00bb0&#8243; mobile_width=\u00bb0&#8243; width=\u00bb1\/1&#8243;][vc_custom_heading uncode_shortcode_id=\u00bb960373&#8243;]<\/p>\n<h2>1. Las cifras<\/h2>\n<p>[\/vc_custom_heading][\/vc_column_inner][\/vc_row_inner][vc_column_text uncode_shortcode_id=\u00bb911448&#8243;]Hay un total de <strong>29.313 alojamientos tur\u00edsticos<\/strong>en Francia (en 2021). Entre ellos figuran : <\/p>\n<ul>\n<li>  Hoteles tur\u00edsticos: 17.405<\/li>\n<li>Campings: 8.239<\/li>\n<li>Viviendas tur\u00edsticas y alojamientos similares: 2.386<\/li>\n<li>Centros de vacaciones y viviendas familiares: 962<\/li>\n<li>Albergues juveniles, centros de vacaciones internacionales, centros deportivos: 321<\/li>\n<\/ul>\n<p>Ten en cuenta la <strong>diferencia<\/strong> entre un hotel, reservado para una estancia corta, y una residencia tur\u00edstica, para estancias m\u00e1s largas.[\/vc_column_text][\/vc_column][\/vc_row][vc_row][vc_column width=\u00bb1\/1&#8243;][vc_single_image media=\u00bb88324&#8243; media_width_percent=\u00bb100&#8243; media_ratio=\u00bbthree-two\u00bb shape=\u00bbimg-round\u00bb radius=\u00bbstd\u00bb uncode_shortcode_id=\u00bb148231&#8243;][vc_row_inner][vc_column_inner column_width_percent=\u00bb100&#8243; gutter_size=\u00bb0&#8243; overlay_alpha=\u00bb50&#8243; shift_x=\u00bb0&#8243; shift_y=\u00bb0&#8243; shift_y_down=\u00bb0&#8243; z_index=\u00bb0&#8243; medium_width=\u00bb0&#8243; mobile_width=\u00bb0&#8243; width=\u00bb1\/1&#8243;][vc_custom_heading uncode_shortcode_id=\u00bb124077&#8243;]<\/p>\n<h2>2. El alojamiento tur\u00edstico y la crisis c\u00f3vida 19<\/h2>\n<p>[\/vc_custom_heading][\/vc_column_inner][\/vc_row_inner][vc_column_text uncode_shortcode_id=\u00bb919304&#8243;]Para los hoteles, la ca\u00edda de la <strong>facturaci\u00f3n<\/strong> es brutal (en comparaci\u00f3n con 2019): \u00a1un <strong>43% menos<\/strong>! Sin embargo, el sector hotelero franc\u00e9s <strong>resiste<\/strong> mejor que sus vecinos: un 47% en el Reino Unido y un 63% en Alemania. Como era de esperar, los hoteles m\u00e1s afectados son <strong>los de lujo<\/strong>, debido a la falta de <strong>clientela internacional<\/strong>. Sin embargo, <strong>el turismo de ocio<\/strong> no ha ca\u00eddo dr\u00e1sticamente. De hecho, al aplazar su viaje a <strong>Francia<\/strong>, los franceses han impulsado las reservas en la <strong>monta\u00f1a<\/strong> y la <strong>costa.<\/strong> Los precios de los alquileres han subido y <strong>las casas con piscina<\/strong> se han llenado durante el verano. Si quieres saber m\u00e1s, echa un vistazo a <strong>las numerosas infograf\u00edas<\/strong><a href=\"https:\/\/www.insee.fr\/fr\/statistiques\/4625624?sommaire=4625628\" target=\"_blank\" rel=\"noopener\">del INSEE<\/a>.[\/vc_column_text][\/vc_column][\/vc_row][vc_row][vc_column width=\u00bb1\/1&#8243;][vc_column_text uncode_shortcode_id=\u00bb322482&#8243;]Todas estas cifras son <strong>impresionantes<\/strong>. \u00bfTen\u00edas alguna duda sobre estas cifras? Si te interesa, aqu\u00ed tienes un art\u00edculo sobre el <a href=\"https:\/\/styqr.fr\/es\/2024\/01\/23\/gites-de-france-la-etiqueta\/\" target=\"_blank\" rel=\"noopener\"><strong>etiqueta G\u00eetes de France<\/strong><\/a> que deber\u00eda complacerte.[\/vc_column_text][\/vc_column][\/vc_row]<\/p>\n<\/div>","protected":false},"excerpt":{"rendered":"<p>Descubre las cifras del alojamiento tur\u00edstico en Francia en 2021 frente a la crisis.  <\/p>\n","protected":false},"author":3,"featured_media":88319,"comment_status":"closed","ping_status":"open","sticky":false,"template":"","format":"standard","meta":{"footnotes":""},"categories":[910,924],"tags":[1926,1934,1966,2072],"class_list":["post-100979","post","type-post","status-publish","format-standard","has-post-thumbnail","hentry","category-particulares","category-profesionales","tag-folleto-de-bienvenida","tag-styqr-es","tag-digital-es","tag-alojamiento-turistico"],"yoast_head":"<!-- This site is optimized with the Yoast SEO Premium plugin v27.4 (Yoast SEO v27.4) - https:\/\/yoast.com\/product\/yoast-seo-premium-wordpress\/ -->\n<title>Statistiques d&#039;h\u00e9bergement touristique 2021 | StyQR<\/title>\n<meta name=\"description\" content=\"D\u00e9couvrez les chiffres de l&#039;h\u00e9bergement touristique en 2021. Qui a profit\u00e9 de la crise et qui a \u00e9t\u00e9 le plus touch\u00e9 ? Analyse compl\u00e8te avec StyQR.\" \/>\n<meta name=\"robots\" content=\"index, follow, max-snippet:-1, max-image-preview:large, max-video-preview:-1\" \/>\n<link rel=\"canonical\" href=\"https:\/\/styqr.fr\/es\/2024\/01\/23\/alojamientos-turisticos-en-francia-en-2021\/\" \/>\n<meta property=\"og:locale\" content=\"es_ES\" \/>\n<meta property=\"og:type\" content=\"article\" \/>\n<meta property=\"og:title\" content=\"StyQR | Le livret d&#039;accueil digital\" \/>\n<meta property=\"og:description\" content=\"D\u00e9couvrez les chiffres de l&#039;h\u00e9bergement touristique en 2021. Qui a profit\u00e9 de la crise et qui a \u00e9t\u00e9 le plus touch\u00e9 ? Analyse compl\u00e8te avec StyQR.\" \/>\n<meta property=\"og:url\" content=\"https:\/\/styqr.fr\/es\/2024\/01\/23\/alojamientos-turisticos-en-francia-en-2021\/\" \/>\n<meta property=\"og:site_name\" content=\"StyQR\" \/>\n<meta property=\"article:publisher\" content=\"https:\/\/fr-fr.facebook.com\/styqr\/\" \/>\n<meta property=\"article:published_time\" content=\"2024-01-23T16:16:24+00:00\" \/>\n<meta property=\"article:modified_time\" content=\"2024-12-05T11:27:57+00:00\" \/>\n<meta property=\"og:image\" content=\"https:\/\/styqr.fr\/wp-content\/uploads\/2022\/04\/humphrey-muleba-dyj7RTs85Fs-unsplash-scaled.jpg\" \/>\n\t<meta property=\"og:image:width\" content=\"2560\" \/>\n\t<meta property=\"og:image:height\" content=\"1706\" \/>\n\t<meta property=\"og:image:type\" content=\"image\/jpeg\" \/>\n<meta name=\"author\" content=\"Marine\" \/>\n<meta name=\"twitter:card\" content=\"summary_large_image\" \/>\n<meta name=\"twitter:creator\" content=\"@julien-styqr-admin\" \/>\n<script type=\"application\/ld+json\" class=\"yoast-schema-graph\">{\"@context\":\"https:\\\/\\\/schema.org\",\"@graph\":[{\"@type\":\"Article\",\"@id\":\"https:\\\/\\\/styqr.fr\\\/es\\\/2024\\\/01\\\/23\\\/alojamientos-turisticos-en-francia-en-2021\\\/#article\",\"isPartOf\":{\"@id\":\"https:\\\/\\\/styqr.fr\\\/es\\\/2024\\\/01\\\/23\\\/alojamientos-turisticos-en-francia-en-2021\\\/\"},\"author\":{\"name\":\"Marine\",\"@id\":\"https:\\\/\\\/styqr.fr\\\/es\\\/#\\\/schema\\\/person\\\/9961aca9b86c9501bc1a72282df89aac\"},\"headline\":\"Alojamiento tur\u00edstico en Francia en 2021\",\"datePublished\":\"2024-01-23T16:16:24+00:00\",\"dateModified\":\"2024-12-05T11:27:57+00:00\",\"mainEntityOfPage\":{\"@id\":\"https:\\\/\\\/styqr.fr\\\/es\\\/2024\\\/01\\\/23\\\/alojamientos-turisticos-en-francia-en-2021\\\/\"},\"wordCount\":454,\"publisher\":{\"@id\":\"https:\\\/\\\/styqr.fr\\\/es\\\/#organization\"},\"image\":{\"@id\":\"https:\\\/\\\/styqr.fr\\\/es\\\/2024\\\/01\\\/23\\\/alojamientos-turisticos-en-francia-en-2021\\\/#primaryimage\"},\"thumbnailUrl\":\"https:\\\/\\\/styqr.fr\\\/wp-content\\\/uploads\\\/2022\\\/04\\\/humphrey-muleba-dyj7RTs85Fs-unsplash-scaled.jpg\",\"keywords\":[\"folleto de bienvenida\",\"styqr\",\"digital\",\"alojamiento tur\u00edstico\"],\"articleSection\":[\"Particulares\",\"Profesionales\"],\"inLanguage\":\"es\"},{\"@type\":\"WebPage\",\"@id\":\"https:\\\/\\\/styqr.fr\\\/es\\\/2024\\\/01\\\/23\\\/alojamientos-turisticos-en-francia-en-2021\\\/\",\"url\":\"https:\\\/\\\/styqr.fr\\\/es\\\/2024\\\/01\\\/23\\\/alojamientos-turisticos-en-francia-en-2021\\\/\",\"name\":\"Statistiques d'h\u00e9bergement touristique 2021 | StyQR\",\"isPartOf\":{\"@id\":\"https:\\\/\\\/styqr.fr\\\/es\\\/#website\"},\"primaryImageOfPage\":{\"@id\":\"https:\\\/\\\/styqr.fr\\\/es\\\/2024\\\/01\\\/23\\\/alojamientos-turisticos-en-francia-en-2021\\\/#primaryimage\"},\"image\":{\"@id\":\"https:\\\/\\\/styqr.fr\\\/es\\\/2024\\\/01\\\/23\\\/alojamientos-turisticos-en-francia-en-2021\\\/#primaryimage\"},\"thumbnailUrl\":\"https:\\\/\\\/styqr.fr\\\/wp-content\\\/uploads\\\/2022\\\/04\\\/humphrey-muleba-dyj7RTs85Fs-unsplash-scaled.jpg\",\"datePublished\":\"2024-01-23T16:16:24+00:00\",\"dateModified\":\"2024-12-05T11:27:57+00:00\",\"description\":\"D\u00e9couvrez les chiffres de l'h\u00e9bergement touristique en 2021. Qui a profit\u00e9 de la crise et qui a \u00e9t\u00e9 le plus touch\u00e9 ? Analyse compl\u00e8te avec StyQR.\",\"breadcrumb\":{\"@id\":\"https:\\\/\\\/styqr.fr\\\/es\\\/2024\\\/01\\\/23\\\/alojamientos-turisticos-en-francia-en-2021\\\/#breadcrumb\"},\"inLanguage\":\"es\",\"potentialAction\":[{\"@type\":\"ReadAction\",\"target\":[\"https:\\\/\\\/styqr.fr\\\/es\\\/2024\\\/01\\\/23\\\/alojamientos-turisticos-en-francia-en-2021\\\/\"]}]},{\"@type\":\"ImageObject\",\"inLanguage\":\"es\",\"@id\":\"https:\\\/\\\/styqr.fr\\\/es\\\/2024\\\/01\\\/23\\\/alojamientos-turisticos-en-francia-en-2021\\\/#primaryimage\",\"url\":\"https:\\\/\\\/styqr.fr\\\/wp-content\\\/uploads\\\/2022\\\/04\\\/humphrey-muleba-dyj7RTs85Fs-unsplash-scaled.jpg\",\"contentUrl\":\"https:\\\/\\\/styqr.fr\\\/wp-content\\\/uploads\\\/2022\\\/04\\\/humphrey-muleba-dyj7RTs85Fs-unsplash-scaled.jpg\",\"width\":2560,\"height\":1706},{\"@type\":\"BreadcrumbList\",\"@id\":\"https:\\\/\\\/styqr.fr\\\/es\\\/2024\\\/01\\\/23\\\/alojamientos-turisticos-en-francia-en-2021\\\/#breadcrumb\",\"itemListElement\":[{\"@type\":\"ListItem\",\"position\":1,\"name\":\"Inicio\",\"item\":\"https:\\\/\\\/styqr.fr\\\/es\\\/\"},{\"@type\":\"ListItem\",\"position\":2,\"name\":\"Profesionales\",\"item\":\"https:\\\/\\\/styqr.fr\\\/es\\\/nos-categories\\\/profesionales\\\/\"},{\"@type\":\"ListItem\",\"position\":3,\"name\":\"Alojamiento tur\u00edstico en Francia en 2021\"}]},{\"@type\":\"WebSite\",\"@id\":\"https:\\\/\\\/styqr.fr\\\/es\\\/#website\",\"url\":\"https:\\\/\\\/styqr.fr\\\/es\\\/\",\"name\":\"StyQR\",\"description\":\"Cr\u00e9ez votre livret d&#039;accueil digital personnalis\u00e9 pour vos voyageurs\",\"publisher\":{\"@id\":\"https:\\\/\\\/styqr.fr\\\/es\\\/#organization\"},\"potentialAction\":[{\"@type\":\"SearchAction\",\"target\":{\"@type\":\"EntryPoint\",\"urlTemplate\":\"https:\\\/\\\/styqr.fr\\\/es\\\/?s={search_term_string}\"},\"query-input\":{\"@type\":\"PropertyValueSpecification\",\"valueRequired\":true,\"valueName\":\"search_term_string\"}}],\"inLanguage\":\"es\"},{\"@type\":\"Organization\",\"@id\":\"https:\\\/\\\/styqr.fr\\\/es\\\/#organization\",\"name\":\"StyQR\",\"url\":\"https:\\\/\\\/styqr.fr\\\/es\\\/\",\"logo\":{\"@type\":\"ImageObject\",\"inLanguage\":\"es\",\"@id\":\"https:\\\/\\\/styqr.fr\\\/es\\\/#\\\/schema\\\/logo\\\/image\\\/\",\"url\":\"https:\\\/\\\/styqr.fr\\\/wp-content\\\/uploads\\\/2020\\\/11\\\/Fichier-5.png\",\"contentUrl\":\"https:\\\/\\\/styqr.fr\\\/wp-content\\\/uploads\\\/2020\\\/11\\\/Fichier-5.png\",\"width\":388,\"height\":194,\"caption\":\"StyQR\"},\"image\":{\"@id\":\"https:\\\/\\\/styqr.fr\\\/es\\\/#\\\/schema\\\/logo\\\/image\\\/\"},\"sameAs\":[\"https:\\\/\\\/fr-fr.facebook.com\\\/styqr\\\/\",\"https:\\\/\\\/www.instagram.com\\\/styqr_fr\\\/\",\"https:\\\/\\\/fr.linkedin.com\\\/company\\\/styqr\"],\"description\":\"StyQR, le livret d'accueil digital\",\"email\":\"contact@styqr.fr\",\"legalName\":\"SAS StyQR\",\"foundingDate\":\"2019-05-27\",\"vatID\":\"FR55824532865\",\"taxID\":\"82453286500014\",\"numberOfEmployees\":{\"@type\":\"QuantitativeValue\",\"minValue\":\"1\",\"maxValue\":\"10\"}},{\"@type\":\"Person\",\"@id\":\"https:\\\/\\\/styqr.fr\\\/es\\\/#\\\/schema\\\/person\\\/9961aca9b86c9501bc1a72282df89aac\",\"name\":\"Marine\",\"image\":{\"@type\":\"ImageObject\",\"inLanguage\":\"es\",\"@id\":\"https:\\\/\\\/secure.gravatar.com\\\/avatar\\\/647b7182996833269bfb418442442520d7a3cf1ce76c2bbb26b93d7fbb28bb58?s=96&d=mm&r=g\",\"url\":\"https:\\\/\\\/secure.gravatar.com\\\/avatar\\\/647b7182996833269bfb418442442520d7a3cf1ce76c2bbb26b93d7fbb28bb58?s=96&d=mm&r=g\",\"contentUrl\":\"https:\\\/\\\/secure.gravatar.com\\\/avatar\\\/647b7182996833269bfb418442442520d7a3cf1ce76c2bbb26b93d7fbb28bb58?s=96&d=mm&r=g\",\"caption\":\"Marine\"},\"sameAs\":[\"https:\\\/\\\/x.com\\\/julien-styqr-admin\"]}]}<\/script>\n<!-- \/ Yoast SEO Premium plugin. -->","yoast_head_json":{"title":"Statistiques d'h\u00e9bergement touristique 2021 | StyQR","description":"D\u00e9couvrez les chiffres de l'h\u00e9bergement touristique en 2021. Qui a profit\u00e9 de la crise et qui a \u00e9t\u00e9 le plus touch\u00e9 ? Analyse compl\u00e8te avec StyQR.","robots":{"index":"index","follow":"follow","max-snippet":"max-snippet:-1","max-image-preview":"max-image-preview:large","max-video-preview":"max-video-preview:-1"},"canonical":"https:\/\/styqr.fr\/es\/2024\/01\/23\/alojamientos-turisticos-en-francia-en-2021\/","og_locale":"es_ES","og_type":"article","og_title":"StyQR | Le livret d'accueil digital","og_description":"D\u00e9couvrez les chiffres de l'h\u00e9bergement touristique en 2021. Qui a profit\u00e9 de la crise et qui a \u00e9t\u00e9 le plus touch\u00e9 ? Analyse compl\u00e8te avec StyQR.","og_url":"https:\/\/styqr.fr\/es\/2024\/01\/23\/alojamientos-turisticos-en-francia-en-2021\/","og_site_name":"StyQR","article_publisher":"https:\/\/fr-fr.facebook.com\/styqr\/","article_published_time":"2024-01-23T16:16:24+00:00","article_modified_time":"2024-12-05T11:27:57+00:00","og_image":[{"width":2560,"height":1706,"url":"https:\/\/styqr.fr\/wp-content\/uploads\/2022\/04\/humphrey-muleba-dyj7RTs85Fs-unsplash-scaled.jpg","type":"image\/jpeg"}],"author":"Marine","twitter_card":"summary_large_image","twitter_creator":"@julien-styqr-admin","schema":{"@context":"https:\/\/schema.org","@graph":[{"@type":"Article","@id":"https:\/\/styqr.fr\/es\/2024\/01\/23\/alojamientos-turisticos-en-francia-en-2021\/#article","isPartOf":{"@id":"https:\/\/styqr.fr\/es\/2024\/01\/23\/alojamientos-turisticos-en-francia-en-2021\/"},"author":{"name":"Marine","@id":"https:\/\/styqr.fr\/es\/#\/schema\/person\/9961aca9b86c9501bc1a72282df89aac"},"headline":"Alojamiento tur\u00edstico en Francia en 2021","datePublished":"2024-01-23T16:16:24+00:00","dateModified":"2024-12-05T11:27:57+00:00","mainEntityOfPage":{"@id":"https:\/\/styqr.fr\/es\/2024\/01\/23\/alojamientos-turisticos-en-francia-en-2021\/"},"wordCount":454,"publisher":{"@id":"https:\/\/styqr.fr\/es\/#organization"},"image":{"@id":"https:\/\/styqr.fr\/es\/2024\/01\/23\/alojamientos-turisticos-en-francia-en-2021\/#primaryimage"},"thumbnailUrl":"https:\/\/styqr.fr\/wp-content\/uploads\/2022\/04\/humphrey-muleba-dyj7RTs85Fs-unsplash-scaled.jpg","keywords":["folleto de bienvenida","styqr","digital","alojamiento tur\u00edstico"],"articleSection":["Particulares","Profesionales"],"inLanguage":"es"},{"@type":"WebPage","@id":"https:\/\/styqr.fr\/es\/2024\/01\/23\/alojamientos-turisticos-en-francia-en-2021\/","url":"https:\/\/styqr.fr\/es\/2024\/01\/23\/alojamientos-turisticos-en-francia-en-2021\/","name":"Statistiques d'h\u00e9bergement touristique 2021 | StyQR","isPartOf":{"@id":"https:\/\/styqr.fr\/es\/#website"},"primaryImageOfPage":{"@id":"https:\/\/styqr.fr\/es\/2024\/01\/23\/alojamientos-turisticos-en-francia-en-2021\/#primaryimage"},"image":{"@id":"https:\/\/styqr.fr\/es\/2024\/01\/23\/alojamientos-turisticos-en-francia-en-2021\/#primaryimage"},"thumbnailUrl":"https:\/\/styqr.fr\/wp-content\/uploads\/2022\/04\/humphrey-muleba-dyj7RTs85Fs-unsplash-scaled.jpg","datePublished":"2024-01-23T16:16:24+00:00","dateModified":"2024-12-05T11:27:57+00:00","description":"D\u00e9couvrez les chiffres de l'h\u00e9bergement touristique en 2021. Qui a profit\u00e9 de la crise et qui a \u00e9t\u00e9 le plus touch\u00e9 ? Analyse compl\u00e8te avec StyQR.","breadcrumb":{"@id":"https:\/\/styqr.fr\/es\/2024\/01\/23\/alojamientos-turisticos-en-francia-en-2021\/#breadcrumb"},"inLanguage":"es","potentialAction":[{"@type":"ReadAction","target":["https:\/\/styqr.fr\/es\/2024\/01\/23\/alojamientos-turisticos-en-francia-en-2021\/"]}]},{"@type":"ImageObject","inLanguage":"es","@id":"https:\/\/styqr.fr\/es\/2024\/01\/23\/alojamientos-turisticos-en-francia-en-2021\/#primaryimage","url":"https:\/\/styqr.fr\/wp-content\/uploads\/2022\/04\/humphrey-muleba-dyj7RTs85Fs-unsplash-scaled.jpg","contentUrl":"https:\/\/styqr.fr\/wp-content\/uploads\/2022\/04\/humphrey-muleba-dyj7RTs85Fs-unsplash-scaled.jpg","width":2560,"height":1706},{"@type":"BreadcrumbList","@id":"https:\/\/styqr.fr\/es\/2024\/01\/23\/alojamientos-turisticos-en-francia-en-2021\/#breadcrumb","itemListElement":[{"@type":"ListItem","position":1,"name":"Inicio","item":"https:\/\/styqr.fr\/es\/"},{"@type":"ListItem","position":2,"name":"Profesionales","item":"https:\/\/styqr.fr\/es\/nos-categories\/profesionales\/"},{"@type":"ListItem","position":3,"name":"Alojamiento tur\u00edstico en Francia en 2021"}]},{"@type":"WebSite","@id":"https:\/\/styqr.fr\/es\/#website","url":"https:\/\/styqr.fr\/es\/","name":"StyQR","description":"Cr\u00e9ez votre livret d&#039;accueil digital personnalis\u00e9 pour vos voyageurs","publisher":{"@id":"https:\/\/styqr.fr\/es\/#organization"},"potentialAction":[{"@type":"SearchAction","target":{"@type":"EntryPoint","urlTemplate":"https:\/\/styqr.fr\/es\/?s={search_term_string}"},"query-input":{"@type":"PropertyValueSpecification","valueRequired":true,"valueName":"search_term_string"}}],"inLanguage":"es"},{"@type":"Organization","@id":"https:\/\/styqr.fr\/es\/#organization","name":"StyQR","url":"https:\/\/styqr.fr\/es\/","logo":{"@type":"ImageObject","inLanguage":"es","@id":"https:\/\/styqr.fr\/es\/#\/schema\/logo\/image\/","url":"https:\/\/styqr.fr\/wp-content\/uploads\/2020\/11\/Fichier-5.png","contentUrl":"https:\/\/styqr.fr\/wp-content\/uploads\/2020\/11\/Fichier-5.png","width":388,"height":194,"caption":"StyQR"},"image":{"@id":"https:\/\/styqr.fr\/es\/#\/schema\/logo\/image\/"},"sameAs":["https:\/\/fr-fr.facebook.com\/styqr\/","https:\/\/www.instagram.com\/styqr_fr\/","https:\/\/fr.linkedin.com\/company\/styqr"],"description":"StyQR, le livret d'accueil digital","email":"contact@styqr.fr","legalName":"SAS StyQR","foundingDate":"2019-05-27","vatID":"FR55824532865","taxID":"82453286500014","numberOfEmployees":{"@type":"QuantitativeValue","minValue":"1","maxValue":"10"}},{"@type":"Person","@id":"https:\/\/styqr.fr\/es\/#\/schema\/person\/9961aca9b86c9501bc1a72282df89aac","name":"Marine","image":{"@type":"ImageObject","inLanguage":"es","@id":"https:\/\/secure.gravatar.com\/avatar\/647b7182996833269bfb418442442520d7a3cf1ce76c2bbb26b93d7fbb28bb58?s=96&d=mm&r=g","url":"https:\/\/secure.gravatar.com\/avatar\/647b7182996833269bfb418442442520d7a3cf1ce76c2bbb26b93d7fbb28bb58?s=96&d=mm&r=g","contentUrl":"https:\/\/secure.gravatar.com\/avatar\/647b7182996833269bfb418442442520d7a3cf1ce76c2bbb26b93d7fbb28bb58?s=96&d=mm&r=g","caption":"Marine"},"sameAs":["https:\/\/x.com\/julien-styqr-admin"]}]}},"_links":{"self":[{"href":"https:\/\/styqr.fr\/es\/wp-json\/wp\/v2\/posts\/100979","targetHints":{"allow":["GET"]}}],"collection":[{"href":"https:\/\/styqr.fr\/es\/wp-json\/wp\/v2\/posts"}],"about":[{"href":"https:\/\/styqr.fr\/es\/wp-json\/wp\/v2\/types\/post"}],"author":[{"embeddable":true,"href":"https:\/\/styqr.fr\/es\/wp-json\/wp\/v2\/users\/3"}],"replies":[{"embeddable":true,"href":"https:\/\/styqr.fr\/es\/wp-json\/wp\/v2\/comments?post=100979"}],"version-history":[{"count":0,"href":"https:\/\/styqr.fr\/es\/wp-json\/wp\/v2\/posts\/100979\/revisions"}],"wp:featuredmedia":[{"embeddable":true,"href":"https:\/\/styqr.fr\/es\/wp-json\/wp\/v2\/media\/88319"}],"wp:attachment":[{"href":"https:\/\/styqr.fr\/es\/wp-json\/wp\/v2\/media?parent=100979"}],"wp:term":[{"taxonomy":"category","embeddable":true,"href":"https:\/\/styqr.fr\/es\/wp-json\/wp\/v2\/categories?post=100979"},{"taxonomy":"post_tag","embeddable":true,"href":"https:\/\/styqr.fr\/es\/wp-json\/wp\/v2\/tags?post=100979"}],"curies":[{"name":"wp","href":"https:\/\/api.w.org\/{rel}","templated":true}]}}