{"id":100977,"date":"2024-01-23T17:16:24","date_gmt":"2024-01-23T16:16:24","guid":{"rendered":"https:\/\/styqr.fr\/2024\/01\/23\/alojamiento-ecologico-que-es\/"},"modified":"2024-12-05T12:22:58","modified_gmt":"2024-12-05T11:22:58","slug":"alojamiento-ecologico-que-es","status":"publish","type":"post","link":"https:\/\/styqr.fr\/es\/2024\/01\/23\/alojamiento-ecologico-que-es\/","title":{"rendered":"Alojamiento ecol\u00f3gico: \u00bfqu\u00e9 es?"},"content":{"rendered":"<div class=\"wpb-content-wrapper\"><p>[vc_row][vc_column width=\u00bb1\/1&#8243;][vc_column_text uncode_shortcode_id=\u00bb161100&#8243;]<\/p>\n<p class=\"p1\"><span class=\"s1\">Lo ves cada vez m\u00e1s a menudo en tu <strong>b\u00fasqueda de<\/strong> alojamiento. Pero, \u00bfqu\u00e9 es un <strong>alojamiento ecol\u00f3gico<\/strong>? <\/span><\/p>\n<p>[\/vc_column_text][\/vc_column][\/vc_row][vc_row][vc_column width=\u00bb1\/1&#8243;][vc_single_image media=\u00bb88437&#8243; media_width_percent=\u00bb100&#8243; media_ratio=\u00bbthree-two\u00bb shape=\u00bbimg-round\u00bb radius=\u00bbstd\u00bb uncode_shortcode_id=\u00bb204632&#8243;][vc_row_inner][vc_column_inner column_width_percent=\u00bb100&#8243; gutter_size=\u00bb0&#8243; overlay_alpha=\u00bb50&#8243; shift_x=\u00bb0&#8243; shift_y=\u00bb0&#8243; shift_y_down=\u00bb0&#8243; z_index=\u00bb0&#8243; medium_width=\u00bb0&#8243; mobile_width=\u00bb0&#8243; width=\u00bb1\/1&#8243;][vc_custom_heading uncode_shortcode_id=\u00bb183957&#8243;]<\/p>\n<h2><span class=\"s1\">1. \u00bfQu\u00e9 es un alojamiento ecol\u00f3gico?<\/span><\/h2>\n<p>[\/vc_custom_heading][\/vc_column_inner][\/vc_row_inner][vc_column_text uncode_shortcode_id=\u00bb842784&#8243;]Es un establecimiento que cumple <strong>los criterios<\/strong> que garantizan <strong>el respeto al medio ambiente<\/strong>, la mayor\u00eda de los cuales est\u00e1n etiquetados.<\/p>\n<p class=\"p1\"><span class=\"s1\">Por tanto, podemos encontrar :<\/span><\/p>\n<ul class=\"ul1\">\n<li class=\"li1\"><span class=\"s1\"><strong>Alojamiento inusual<\/strong> (caba\u00f1as, caravanas, etc.)<\/span><\/li>\n<li class=\"li1\"><strong>Ecolodge<\/strong> o<strong>ecog\u00eete<\/strong><\/li>\n<li class=\"li1\">El<strong>albergue juvenil<\/strong><\/li>\n<li class=\"li1\">El <strong>camping<\/strong><\/li>\n<li class=\"li1\">El <strong>pueblo de vacaciones<\/strong><\/li>\n<li class=\"li1\">El<strong>hotel<\/strong> de una a cinco estrellas<\/li>\n<\/ul>\n<p class=\"p1\"><span class=\"s1\">Estos alojamientos se conciben, dise\u00f1an, construyen y explotan de acuerdo con<strong> principios medioambientales<\/strong> y sociales responsables.  <\/span><\/p>\n<p class=\"p1\"><span class=\"s1\">Lo ideal es que utilicen <strong>energ\u00edas renovables<\/strong> y fomenten <strong>el desarrollo sostenible<\/strong> y la <strong>reducci\u00f3n de residuos.<\/strong><\/span><\/p>\n<p>[\/vc_column_text][\/vc_column][\/vc_row][vc_row][vc_column width=\u00bb1\/1&#8243;][vc_single_image media=\u00bb88439&#8243; media_width_percent=\u00bb100&#8243; media_ratio=\u00bbthree-two\u00bb shape=\u00bbimg-round\u00bb radius=\u00bbstd\u00bb uncode_shortcode_id=\u00bb118478&#8243;][vc_row_inner][vc_column_inner column_width_percent=\u00bb100&#8243; gutter_size=\u00bb0&#8243; overlay_alpha=\u00bb50&#8243; shift_x=\u00bb0&#8243; shift_y=\u00bb0&#8243; shift_y_down=\u00bb0&#8243; z_index=\u00bb0&#8243; medium_width=\u00bb0&#8243; mobile_width=\u00bb0&#8243; width=\u00bb1\/1&#8243;][vc_custom_heading uncode_shortcode_id=\u00bb108283&#8243;]<\/p>\n<h2>2. Etiquetas que debes buscar<\/h2>\n<p>[\/vc_custom_heading][\/vc_column_inner][\/vc_row_inner][vc_column_text uncode_shortcode_id=\u00bb165878&#8243;]<span style=\"font-family: -apple-system, BlinkMacSystemFont, 'Segoe UI', Roboto, Oxygen-Sans, Ubuntu, Cantarell, 'Helvetica Neue', sans-serif;\">Si quieres alojarte en un lugar respetuoso con el medio ambiente, busca las siguientes <strong>etiquetas<\/strong>:<\/span><\/p>\n<ul class=\"ul1\">\n<li class=\"li1\"><span class=\"s1\"><strong>La clef verte<\/strong>: con 603 establecimientos galardonados con la etiqueta en Francia y m\u00e1s de 2.700 en 56 pa\u00edses, es la <strong>principal etiqueta medioambiental<\/strong> internacional para alojamientos tur\u00edsticos y restauraci\u00f3n.<\/span><\/li>\n<li class=\"li1\"><span class=\"s1\"><strong>Eco casa rural<\/strong>: etiqueta dise\u00f1ada por <a href=\"https:\/\/styqr.fr\/es\/2024\/01\/23\/gites-de-france-la-etiqueta\/\" target=\"_blank\" rel=\"noopener\"><strong>Gites de France<\/strong><\/a>. Se trata de alojamientos dise\u00f1ados o restaurados con t\u00e9cnicas o materiales reconocidos por su bajo impacto en el medio ambiente. <\/span><\/li>\n<li class=\"li1\"><strong><span class=\"s1\">Etiqueta ecol\u00f3gica  <\/span><\/strong><\/li>\n<li class=\"li1\"><strong><span class=\"s1\">Casas rurales Panda : <\/span><\/strong><span class=\"s1\">casas construidas en el coraz\u00f3n de una zona protegida <\/span><span class=\"s1\">que el<\/span><strong><span class=\"s1\"><a href=\"https:\/\/www.wwf.fr\/\" target=\"_blank\" rel=\"noopener\"> WWF<\/a>  <\/span><\/strong><span class=\"s1\">etiqueta bajo determinadas condiciones.<\/span><\/li>\n<\/ul>\n<p class=\"p1\"><span class=\"s1\">Y no olvides que el enfoque ecorresponsable funciona <strong>en ambos sentidos<\/strong>. As\u00ed que recuerda separar la basura, comprar en el lugar y reducir el consumo de agua y energ\u00eda durante tu estancia. <\/span><\/p>\n<p>[\/vc_column_text][\/vc_column][\/vc_row][vc_row][vc_column width=\u00bb1\/1&#8243;][vc_column_text uncode_shortcode_id=\u00bb137747&#8243;]<span class=\"s1\">\u00bfQu\u00e9 te parecen unas <strong>vacaciones ecol\u00f3gicas<\/strong>?<\/span>[\/vc_column_text][\/vc_column][\/vc_row]<\/p>\n<\/div>","protected":false},"excerpt":{"rendered":"<p>\u00a1Averigua qu\u00e9 hay detr\u00e1s del t\u00e9rmino alojamiento ecol\u00f3gico!<\/p>\n","protected":false},"author":3,"featured_media":96229,"comment_status":"closed","ping_status":"open","sticky":false,"template":"","format":"standard","meta":{"footnotes":""},"categories":[910,924],"tags":[1934,1980,2041,2072],"class_list":["post-100977","post","type-post","status-publish","format-standard","has-post-thumbnail","hentry","category-particulares","category-profesionales","tag-styqr-es","tag-medio-ambiente","tag-ecorresponsable","tag-alojamiento-turistico"],"yoast_head":"<!-- This site is optimized with the Yoast SEO Premium plugin v27.4 (Yoast SEO v27.4) - https:\/\/yoast.com\/product\/yoast-seo-premium-wordpress\/ -->\n<title>Alojamiento \u00e9cologique : D\u00e9couvrez StyQR pour un s\u00e9jour durable<\/title>\n<meta name=\"description\" content=\"Optez pour un alojamiento \u00e9cologique avec StyQR et vivez une exp\u00e9rience unique tout en pr\u00e9servant l&#039;environnement. R\u00e9servez d\u00e8s maintenant!\" \/>\n<meta name=\"robots\" content=\"index, follow, max-snippet:-1, max-image-preview:large, max-video-preview:-1\" \/>\n<link rel=\"canonical\" href=\"https:\/\/styqr.fr\/es\/2024\/01\/23\/alojamiento-ecologico-que-es\/\" \/>\n<meta property=\"og:locale\" content=\"es_ES\" \/>\n<meta property=\"og:type\" content=\"article\" \/>\n<meta property=\"og:title\" content=\"StyQR | Le livret d&#039;accueil digital\" \/>\n<meta property=\"og:description\" content=\"Optez pour un alojamiento \u00e9cologique avec StyQR et vivez une exp\u00e9rience unique tout en pr\u00e9servant l&#039;environnement. R\u00e9servez d\u00e8s maintenant!\" \/>\n<meta property=\"og:url\" content=\"https:\/\/styqr.fr\/es\/2024\/01\/23\/alojamiento-ecologico-que-es\/\" \/>\n<meta property=\"og:site_name\" content=\"StyQR\" \/>\n<meta property=\"article:publisher\" content=\"https:\/\/fr-fr.facebook.com\/styqr\/\" \/>\n<meta property=\"article:published_time\" content=\"2024-01-23T16:16:24+00:00\" \/>\n<meta property=\"article:modified_time\" content=\"2024-12-05T11:22:58+00:00\" \/>\n<meta property=\"og:image\" content=\"https:\/\/styqr.fr\/wp-content\/uploads\/2022\/02\/mikita-karasiou-67uQbVmZ-A-unsplash-scaled.jpg\" \/>\n\t<meta property=\"og:image:width\" content=\"2560\" \/>\n\t<meta property=\"og:image:height\" content=\"1707\" \/>\n\t<meta property=\"og:image:type\" content=\"image\/jpeg\" \/>\n<meta name=\"author\" content=\"Marine\" \/>\n<meta name=\"twitter:card\" content=\"summary_large_image\" \/>\n<meta name=\"twitter:creator\" content=\"@julien-styqr-admin\" \/>\n<script type=\"application\/ld+json\" class=\"yoast-schema-graph\">{\"@context\":\"https:\\\/\\\/schema.org\",\"@graph\":[{\"@type\":\"Article\",\"@id\":\"https:\\\/\\\/styqr.fr\\\/es\\\/2024\\\/01\\\/23\\\/alojamiento-ecologico-que-es\\\/#article\",\"isPartOf\":{\"@id\":\"https:\\\/\\\/styqr.fr\\\/es\\\/2024\\\/01\\\/23\\\/alojamiento-ecologico-que-es\\\/\"},\"author\":{\"name\":\"Marine\",\"@id\":\"https:\\\/\\\/styqr.fr\\\/es\\\/#\\\/schema\\\/person\\\/9961aca9b86c9501bc1a72282df89aac\"},\"headline\":\"Alojamiento ecol\u00f3gico: \u00bfqu\u00e9 es?\",\"datePublished\":\"2024-01-23T16:16:24+00:00\",\"dateModified\":\"2024-12-05T11:22:58+00:00\",\"mainEntityOfPage\":{\"@id\":\"https:\\\/\\\/styqr.fr\\\/es\\\/2024\\\/01\\\/23\\\/alojamiento-ecologico-que-es\\\/\"},\"wordCount\":453,\"publisher\":{\"@id\":\"https:\\\/\\\/styqr.fr\\\/es\\\/#organization\"},\"image\":{\"@id\":\"https:\\\/\\\/styqr.fr\\\/es\\\/2024\\\/01\\\/23\\\/alojamiento-ecologico-que-es\\\/#primaryimage\"},\"thumbnailUrl\":\"https:\\\/\\\/styqr.fr\\\/wp-content\\\/uploads\\\/2022\\\/02\\\/mikita-karasiou-67uQbVmZ-A-unsplash-scaled.jpg\",\"keywords\":[\"styqr\",\"medio ambiente\",\"ecorresponsable\",\"alojamiento tur\u00edstico\"],\"articleSection\":[\"Particulares\",\"Profesionales\"],\"inLanguage\":\"es\"},{\"@type\":\"WebPage\",\"@id\":\"https:\\\/\\\/styqr.fr\\\/es\\\/2024\\\/01\\\/23\\\/alojamiento-ecologico-que-es\\\/\",\"url\":\"https:\\\/\\\/styqr.fr\\\/es\\\/2024\\\/01\\\/23\\\/alojamiento-ecologico-que-es\\\/\",\"name\":\"Alojamiento \u00e9cologique : D\u00e9couvrez StyQR pour un s\u00e9jour durable\",\"isPartOf\":{\"@id\":\"https:\\\/\\\/styqr.fr\\\/es\\\/#website\"},\"primaryImageOfPage\":{\"@id\":\"https:\\\/\\\/styqr.fr\\\/es\\\/2024\\\/01\\\/23\\\/alojamiento-ecologico-que-es\\\/#primaryimage\"},\"image\":{\"@id\":\"https:\\\/\\\/styqr.fr\\\/es\\\/2024\\\/01\\\/23\\\/alojamiento-ecologico-que-es\\\/#primaryimage\"},\"thumbnailUrl\":\"https:\\\/\\\/styqr.fr\\\/wp-content\\\/uploads\\\/2022\\\/02\\\/mikita-karasiou-67uQbVmZ-A-unsplash-scaled.jpg\",\"datePublished\":\"2024-01-23T16:16:24+00:00\",\"dateModified\":\"2024-12-05T11:22:58+00:00\",\"description\":\"Optez pour un alojamiento \u00e9cologique avec StyQR et vivez une exp\u00e9rience unique tout en pr\u00e9servant l'environnement. R\u00e9servez d\u00e8s maintenant!\",\"breadcrumb\":{\"@id\":\"https:\\\/\\\/styqr.fr\\\/es\\\/2024\\\/01\\\/23\\\/alojamiento-ecologico-que-es\\\/#breadcrumb\"},\"inLanguage\":\"es\",\"potentialAction\":[{\"@type\":\"ReadAction\",\"target\":[\"https:\\\/\\\/styqr.fr\\\/es\\\/2024\\\/01\\\/23\\\/alojamiento-ecologico-que-es\\\/\"]}]},{\"@type\":\"ImageObject\",\"inLanguage\":\"es\",\"@id\":\"https:\\\/\\\/styqr.fr\\\/es\\\/2024\\\/01\\\/23\\\/alojamiento-ecologico-que-es\\\/#primaryimage\",\"url\":\"https:\\\/\\\/styqr.fr\\\/wp-content\\\/uploads\\\/2022\\\/02\\\/mikita-karasiou-67uQbVmZ-A-unsplash-scaled.jpg\",\"contentUrl\":\"https:\\\/\\\/styqr.fr\\\/wp-content\\\/uploads\\\/2022\\\/02\\\/mikita-karasiou-67uQbVmZ-A-unsplash-scaled.jpg\",\"width\":2560,\"height\":1707},{\"@type\":\"BreadcrumbList\",\"@id\":\"https:\\\/\\\/styqr.fr\\\/es\\\/2024\\\/01\\\/23\\\/alojamiento-ecologico-que-es\\\/#breadcrumb\",\"itemListElement\":[{\"@type\":\"ListItem\",\"position\":1,\"name\":\"Inicio\",\"item\":\"https:\\\/\\\/styqr.fr\\\/es\\\/\"},{\"@type\":\"ListItem\",\"position\":2,\"name\":\"Particulares\",\"item\":\"https:\\\/\\\/styqr.fr\\\/es\\\/nos-categories\\\/particulares\\\/\"},{\"@type\":\"ListItem\",\"position\":3,\"name\":\"Alojamiento ecol\u00f3gico: \u00bfqu\u00e9 es?\"}]},{\"@type\":\"WebSite\",\"@id\":\"https:\\\/\\\/styqr.fr\\\/es\\\/#website\",\"url\":\"https:\\\/\\\/styqr.fr\\\/es\\\/\",\"name\":\"StyQR\",\"description\":\"Cr\u00e9ez votre livret d&#039;accueil digital personnalis\u00e9 pour vos voyageurs\",\"publisher\":{\"@id\":\"https:\\\/\\\/styqr.fr\\\/es\\\/#organization\"},\"potentialAction\":[{\"@type\":\"SearchAction\",\"target\":{\"@type\":\"EntryPoint\",\"urlTemplate\":\"https:\\\/\\\/styqr.fr\\\/es\\\/?s={search_term_string}\"},\"query-input\":{\"@type\":\"PropertyValueSpecification\",\"valueRequired\":true,\"valueName\":\"search_term_string\"}}],\"inLanguage\":\"es\"},{\"@type\":\"Organization\",\"@id\":\"https:\\\/\\\/styqr.fr\\\/es\\\/#organization\",\"name\":\"StyQR\",\"url\":\"https:\\\/\\\/styqr.fr\\\/es\\\/\",\"logo\":{\"@type\":\"ImageObject\",\"inLanguage\":\"es\",\"@id\":\"https:\\\/\\\/styqr.fr\\\/es\\\/#\\\/schema\\\/logo\\\/image\\\/\",\"url\":\"https:\\\/\\\/styqr.fr\\\/wp-content\\\/uploads\\\/2020\\\/11\\\/Fichier-5.png\",\"contentUrl\":\"https:\\\/\\\/styqr.fr\\\/wp-content\\\/uploads\\\/2020\\\/11\\\/Fichier-5.png\",\"width\":388,\"height\":194,\"caption\":\"StyQR\"},\"image\":{\"@id\":\"https:\\\/\\\/styqr.fr\\\/es\\\/#\\\/schema\\\/logo\\\/image\\\/\"},\"sameAs\":[\"https:\\\/\\\/fr-fr.facebook.com\\\/styqr\\\/\",\"https:\\\/\\\/www.instagram.com\\\/styqr_fr\\\/\",\"https:\\\/\\\/fr.linkedin.com\\\/company\\\/styqr\"],\"description\":\"StyQR, le livret d'accueil digital\",\"email\":\"contact@styqr.fr\",\"legalName\":\"SAS StyQR\",\"foundingDate\":\"2019-05-27\",\"vatID\":\"FR55824532865\",\"taxID\":\"82453286500014\",\"numberOfEmployees\":{\"@type\":\"QuantitativeValue\",\"minValue\":\"1\",\"maxValue\":\"10\"}},{\"@type\":\"Person\",\"@id\":\"https:\\\/\\\/styqr.fr\\\/es\\\/#\\\/schema\\\/person\\\/9961aca9b86c9501bc1a72282df89aac\",\"name\":\"Marine\",\"image\":{\"@type\":\"ImageObject\",\"inLanguage\":\"es\",\"@id\":\"https:\\\/\\\/secure.gravatar.com\\\/avatar\\\/647b7182996833269bfb418442442520d7a3cf1ce76c2bbb26b93d7fbb28bb58?s=96&d=mm&r=g\",\"url\":\"https:\\\/\\\/secure.gravatar.com\\\/avatar\\\/647b7182996833269bfb418442442520d7a3cf1ce76c2bbb26b93d7fbb28bb58?s=96&d=mm&r=g\",\"contentUrl\":\"https:\\\/\\\/secure.gravatar.com\\\/avatar\\\/647b7182996833269bfb418442442520d7a3cf1ce76c2bbb26b93d7fbb28bb58?s=96&d=mm&r=g\",\"caption\":\"Marine\"},\"sameAs\":[\"https:\\\/\\\/x.com\\\/julien-styqr-admin\"]}]}<\/script>\n<!-- \/ Yoast SEO Premium plugin. -->","yoast_head_json":{"title":"Alojamiento \u00e9cologique : D\u00e9couvrez StyQR pour un s\u00e9jour durable","description":"Optez pour un alojamiento \u00e9cologique avec StyQR et vivez une exp\u00e9rience unique tout en pr\u00e9servant l'environnement. R\u00e9servez d\u00e8s maintenant!","robots":{"index":"index","follow":"follow","max-snippet":"max-snippet:-1","max-image-preview":"max-image-preview:large","max-video-preview":"max-video-preview:-1"},"canonical":"https:\/\/styqr.fr\/es\/2024\/01\/23\/alojamiento-ecologico-que-es\/","og_locale":"es_ES","og_type":"article","og_title":"StyQR | Le livret d'accueil digital","og_description":"Optez pour un alojamiento \u00e9cologique avec StyQR et vivez une exp\u00e9rience unique tout en pr\u00e9servant l'environnement. R\u00e9servez d\u00e8s maintenant!","og_url":"https:\/\/styqr.fr\/es\/2024\/01\/23\/alojamiento-ecologico-que-es\/","og_site_name":"StyQR","article_publisher":"https:\/\/fr-fr.facebook.com\/styqr\/","article_published_time":"2024-01-23T16:16:24+00:00","article_modified_time":"2024-12-05T11:22:58+00:00","og_image":[{"width":2560,"height":1707,"url":"https:\/\/styqr.fr\/wp-content\/uploads\/2022\/02\/mikita-karasiou-67uQbVmZ-A-unsplash-scaled.jpg","type":"image\/jpeg"}],"author":"Marine","twitter_card":"summary_large_image","twitter_creator":"@julien-styqr-admin","schema":{"@context":"https:\/\/schema.org","@graph":[{"@type":"Article","@id":"https:\/\/styqr.fr\/es\/2024\/01\/23\/alojamiento-ecologico-que-es\/#article","isPartOf":{"@id":"https:\/\/styqr.fr\/es\/2024\/01\/23\/alojamiento-ecologico-que-es\/"},"author":{"name":"Marine","@id":"https:\/\/styqr.fr\/es\/#\/schema\/person\/9961aca9b86c9501bc1a72282df89aac"},"headline":"Alojamiento ecol\u00f3gico: \u00bfqu\u00e9 es?","datePublished":"2024-01-23T16:16:24+00:00","dateModified":"2024-12-05T11:22:58+00:00","mainEntityOfPage":{"@id":"https:\/\/styqr.fr\/es\/2024\/01\/23\/alojamiento-ecologico-que-es\/"},"wordCount":453,"publisher":{"@id":"https:\/\/styqr.fr\/es\/#organization"},"image":{"@id":"https:\/\/styqr.fr\/es\/2024\/01\/23\/alojamiento-ecologico-que-es\/#primaryimage"},"thumbnailUrl":"https:\/\/styqr.fr\/wp-content\/uploads\/2022\/02\/mikita-karasiou-67uQbVmZ-A-unsplash-scaled.jpg","keywords":["styqr","medio ambiente","ecorresponsable","alojamiento tur\u00edstico"],"articleSection":["Particulares","Profesionales"],"inLanguage":"es"},{"@type":"WebPage","@id":"https:\/\/styqr.fr\/es\/2024\/01\/23\/alojamiento-ecologico-que-es\/","url":"https:\/\/styqr.fr\/es\/2024\/01\/23\/alojamiento-ecologico-que-es\/","name":"Alojamiento \u00e9cologique : D\u00e9couvrez StyQR pour un s\u00e9jour durable","isPartOf":{"@id":"https:\/\/styqr.fr\/es\/#website"},"primaryImageOfPage":{"@id":"https:\/\/styqr.fr\/es\/2024\/01\/23\/alojamiento-ecologico-que-es\/#primaryimage"},"image":{"@id":"https:\/\/styqr.fr\/es\/2024\/01\/23\/alojamiento-ecologico-que-es\/#primaryimage"},"thumbnailUrl":"https:\/\/styqr.fr\/wp-content\/uploads\/2022\/02\/mikita-karasiou-67uQbVmZ-A-unsplash-scaled.jpg","datePublished":"2024-01-23T16:16:24+00:00","dateModified":"2024-12-05T11:22:58+00:00","description":"Optez pour un alojamiento \u00e9cologique avec StyQR et vivez une exp\u00e9rience unique tout en pr\u00e9servant l'environnement. R\u00e9servez d\u00e8s maintenant!","breadcrumb":{"@id":"https:\/\/styqr.fr\/es\/2024\/01\/23\/alojamiento-ecologico-que-es\/#breadcrumb"},"inLanguage":"es","potentialAction":[{"@type":"ReadAction","target":["https:\/\/styqr.fr\/es\/2024\/01\/23\/alojamiento-ecologico-que-es\/"]}]},{"@type":"ImageObject","inLanguage":"es","@id":"https:\/\/styqr.fr\/es\/2024\/01\/23\/alojamiento-ecologico-que-es\/#primaryimage","url":"https:\/\/styqr.fr\/wp-content\/uploads\/2022\/02\/mikita-karasiou-67uQbVmZ-A-unsplash-scaled.jpg","contentUrl":"https:\/\/styqr.fr\/wp-content\/uploads\/2022\/02\/mikita-karasiou-67uQbVmZ-A-unsplash-scaled.jpg","width":2560,"height":1707},{"@type":"BreadcrumbList","@id":"https:\/\/styqr.fr\/es\/2024\/01\/23\/alojamiento-ecologico-que-es\/#breadcrumb","itemListElement":[{"@type":"ListItem","position":1,"name":"Inicio","item":"https:\/\/styqr.fr\/es\/"},{"@type":"ListItem","position":2,"name":"Particulares","item":"https:\/\/styqr.fr\/es\/nos-categories\/particulares\/"},{"@type":"ListItem","position":3,"name":"Alojamiento ecol\u00f3gico: \u00bfqu\u00e9 es?"}]},{"@type":"WebSite","@id":"https:\/\/styqr.fr\/es\/#website","url":"https:\/\/styqr.fr\/es\/","name":"StyQR","description":"Cr\u00e9ez votre livret d&#039;accueil digital personnalis\u00e9 pour vos voyageurs","publisher":{"@id":"https:\/\/styqr.fr\/es\/#organization"},"potentialAction":[{"@type":"SearchAction","target":{"@type":"EntryPoint","urlTemplate":"https:\/\/styqr.fr\/es\/?s={search_term_string}"},"query-input":{"@type":"PropertyValueSpecification","valueRequired":true,"valueName":"search_term_string"}}],"inLanguage":"es"},{"@type":"Organization","@id":"https:\/\/styqr.fr\/es\/#organization","name":"StyQR","url":"https:\/\/styqr.fr\/es\/","logo":{"@type":"ImageObject","inLanguage":"es","@id":"https:\/\/styqr.fr\/es\/#\/schema\/logo\/image\/","url":"https:\/\/styqr.fr\/wp-content\/uploads\/2020\/11\/Fichier-5.png","contentUrl":"https:\/\/styqr.fr\/wp-content\/uploads\/2020\/11\/Fichier-5.png","width":388,"height":194,"caption":"StyQR"},"image":{"@id":"https:\/\/styqr.fr\/es\/#\/schema\/logo\/image\/"},"sameAs":["https:\/\/fr-fr.facebook.com\/styqr\/","https:\/\/www.instagram.com\/styqr_fr\/","https:\/\/fr.linkedin.com\/company\/styqr"],"description":"StyQR, le livret d'accueil digital","email":"contact@styqr.fr","legalName":"SAS StyQR","foundingDate":"2019-05-27","vatID":"FR55824532865","taxID":"82453286500014","numberOfEmployees":{"@type":"QuantitativeValue","minValue":"1","maxValue":"10"}},{"@type":"Person","@id":"https:\/\/styqr.fr\/es\/#\/schema\/person\/9961aca9b86c9501bc1a72282df89aac","name":"Marine","image":{"@type":"ImageObject","inLanguage":"es","@id":"https:\/\/secure.gravatar.com\/avatar\/647b7182996833269bfb418442442520d7a3cf1ce76c2bbb26b93d7fbb28bb58?s=96&d=mm&r=g","url":"https:\/\/secure.gravatar.com\/avatar\/647b7182996833269bfb418442442520d7a3cf1ce76c2bbb26b93d7fbb28bb58?s=96&d=mm&r=g","contentUrl":"https:\/\/secure.gravatar.com\/avatar\/647b7182996833269bfb418442442520d7a3cf1ce76c2bbb26b93d7fbb28bb58?s=96&d=mm&r=g","caption":"Marine"},"sameAs":["https:\/\/x.com\/julien-styqr-admin"]}]}},"_links":{"self":[{"href":"https:\/\/styqr.fr\/es\/wp-json\/wp\/v2\/posts\/100977","targetHints":{"allow":["GET"]}}],"collection":[{"href":"https:\/\/styqr.fr\/es\/wp-json\/wp\/v2\/posts"}],"about":[{"href":"https:\/\/styqr.fr\/es\/wp-json\/wp\/v2\/types\/post"}],"author":[{"embeddable":true,"href":"https:\/\/styqr.fr\/es\/wp-json\/wp\/v2\/users\/3"}],"replies":[{"embeddable":true,"href":"https:\/\/styqr.fr\/es\/wp-json\/wp\/v2\/comments?post=100977"}],"version-history":[{"count":0,"href":"https:\/\/styqr.fr\/es\/wp-json\/wp\/v2\/posts\/100977\/revisions"}],"wp:featuredmedia":[{"embeddable":true,"href":"https:\/\/styqr.fr\/es\/wp-json\/wp\/v2\/media\/96229"}],"wp:attachment":[{"href":"https:\/\/styqr.fr\/es\/wp-json\/wp\/v2\/media?parent=100977"}],"wp:term":[{"taxonomy":"category","embeddable":true,"href":"https:\/\/styqr.fr\/es\/wp-json\/wp\/v2\/categories?post=100977"},{"taxonomy":"post_tag","embeddable":true,"href":"https:\/\/styqr.fr\/es\/wp-json\/wp\/v2\/tags?post=100977"}],"curies":[{"name":"wp","href":"https:\/\/api.w.org\/{rel}","templated":true}]}}