{"id":100843,"date":"2024-01-23T17:16:22","date_gmt":"2024-01-23T16:16:22","guid":{"rendered":"https:\/\/styqr.fr\/2024\/01\/23\/association-sites-et-paysages-campings-naturales\/"},"modified":"2024-12-05T12:23:11","modified_gmt":"2024-12-05T11:23:11","slug":"association-sites-et-paysages-campings-naturales","status":"publish","type":"post","link":"https:\/\/styqr.fr\/es\/2024\/01\/23\/association-sites-et-paysages-campings-naturales\/","title":{"rendered":"Association Sites et Paysages: campings naturales"},"content":{"rendered":"<div class=\"wpb-content-wrapper\"><p>[vc_row][vc_column width=\u00bb1\/1&#8243;][vc_column_text uncode_shortcode_id=\u00bb202666&#8243;]<span class=\"s1\">\u00bfEres aficionado <strong>al camping<\/strong>? \u00a1Seguro que has o\u00eddo hablar de la asociaci\u00f3n <strong>Sites et Paysages<\/strong>! \u00bfNo? Entonces puedes descubrirlo todo aqu\u00ed.  <\/span>[\/vc_column_text][\/vc_column][\/vc_row][vc_row][vc_column width=\u00bb1\/1&#8243;][vc_single_image media=\u00bb88447&#8243; media_width_percent=\u00bb100&#8243; media_ratio=\u00bbthree-two\u00bb shape=\u00bbimg-round\u00bb radius=\u00bbstd\u00bb uncode_shortcode_id=\u00bb122550&#8243;][vc_row_inner][vc_column_inner column_width_percent=\u00bb100&#8243; gutter_size=\u00bb0&#8243; overlay_alpha=\u00bb50&#8243; shift_x=\u00bb0&#8243; shift_y=\u00bb0&#8243; shift_y_down=\u00bb0&#8243; z_index=\u00bb0&#8243; medium_width=\u00bb0&#8243; mobile_width=\u00bb0&#8243; width=\u00bb1\/1&#8243;][vc_custom_heading uncode_shortcode_id=\u00bb106929&#8243;]<\/p>\n<h2><span class=\"s1\">1. La asociaci\u00f3n<\/span><\/h2>\n<p>[\/vc_custom_heading][\/vc_column_inner][\/vc_row_inner][vc_column_text uncode_shortcode_id=\u00bb147804&#8243;]<span style=\"font-family: -apple-system, BlinkMacSystemFont, 'Segoe UI', Roboto, Oxygen-Sans, Ubuntu, Cantarell, 'Helvetica Neue', sans-serif;\">Sites et Paysages, asociaci\u00f3n <strong>amparada por la ley de 1901<\/strong>, se fund\u00f3 en 1982 en los Alpes franceses. Gestionada por profesionales, tiene una <strong>carta<\/strong> que garantiza a los clientes campings <strong>de calidad<\/strong> en las <strong>regiones<\/strong> m\u00e1s <strong>bellas de<\/strong> Francia. <\/span><\/p>\n<p class=\"p1\"><span class=\"s1\">Para ser miembro de la red Sites et Paysages, tienes que cumplir una serie de <strong>criterios<\/strong>:<\/span><\/p>\n<ul class=\"ul2\">\n<li class=\"li1\"><span class=\"s1\">Un <strong>entorno natural protegido<\/strong><\/span><\/li>\n<li class=\"li1\"><span class=\"s1\">Campings \u00fanicos e independientes<strong> a escala humana<\/strong><\/span><\/li>\n<li class=\"li1\"><span class=\"s1\">Estar cerca de los principales <strong>lugares hist\u00f3ricos<\/strong>, tur\u00edsticos o culturales<\/span><\/li>\n<li class=\"li1\"><span class=\"s1\">Al menos <strong>3 estrellas<\/strong><\/span><\/li>\n<li class=\"li1\"><span class=\"s1\">Compromiso con la <strong>ecociudadan\u00eda<\/strong> y el <strong>desarrollo sostenible<\/strong><\/span><\/li>\n<li class=\"li1\"><span class=\"s1\">Implicarse en su regi\u00f3n y ser fervientes <strong>defensores de su patrimonio<\/strong><\/span><\/li>\n<li class=\"li1\"><span class=\"s1\">Ofreciendo una <strong>c\u00e1lida bienvenida<\/strong> \u00abcomo en casa\u00bb<\/span><\/li>\n<\/ul>\n<p class=\"p1\"><span class=\"s1\"> <\/span><\/p>\n<p class=\"p1\"><span class=\"s1\">Para unirte a la asociaci\u00f3n, tienes que pagar una cuota de <strong>inscripci\u00f3n anual<\/strong>. No se deja nada al azar, ya que las visitas al camping son obligatorias. <\/span><\/p>\n<p>[\/vc_column_text][\/vc_column][\/vc_row][vc_row][vc_column width=\u00bb1\/1&#8243;][vc_single_image media=\u00bb88445&#8243; media_width_percent=\u00bb100&#8243; media_ratio=\u00bbthree-two\u00bb shape=\u00bbimg-round\u00bb radius=\u00bbstd\u00bb uncode_shortcode_id=\u00bb506335&#8243;][vc_row_inner][vc_column_inner column_width_percent=\u00bb100&#8243; gutter_size=\u00bb0&#8243; overlay_alpha=\u00bb50&#8243; shift_x=\u00bb0&#8243; shift_y=\u00bb0&#8243; shift_y_down=\u00bb0&#8243; z_index=\u00bb0&#8243; medium_width=\u00bb0&#8243; mobile_width=\u00bb0&#8243; width=\u00bb1\/1&#8243;][vc_custom_heading uncode_shortcode_id=\u00bb335880&#8243;]<\/p>\n<h2><span class=\"s1\">2. Actores para el medio ambiente  <\/span><\/h2>\n<p>[\/vc_custom_heading][\/vc_column_inner][\/vc_row_inner][vc_column_text uncode_shortcode_id=\u00bb160011&#8243;]<\/p>\n<p class=\"p1\"><span class=\"s1\">Profundamente comprometidos con <strong>el respeto al medio ambiente<\/strong>, estos campings se comprometen a :  <\/span><\/p>\n<ul class=\"ul2\">\n<li class=\"li1\"><span class=\"s1\">Preservar <strong>los recursos naturales,<\/strong> por ejemplo recuperando el agua de lluvia<\/span><\/li>\n<li class=\"li1\"><span class=\"s1\">Promover y preservar<strong> el patrimonio local <\/strong> <\/span><\/li>\n<li class=\"li1\"><span class=\"s1\">Ser <strong>actores<\/strong> fervientes <strong>de su regi\u00f3n<\/strong> y eco-ciudadanos (clasificaci\u00f3n de residuos, etc.)<\/span><\/li>\n<\/ul>\n<p class=\"p1\"><span class=\"s1\">\u00bfAquella en la que puedes verte a ti mismo? El <a href=\"https:\/\/www.lefrenchtime.com\/camping\/sites-et-paysages-le-village-du-port\" target=\"_blank\" rel=\"noopener\"><strong>Camping du port<\/strong><\/a> \u00a1! <\/span><\/p>\n<p>[\/vc_column_text][\/vc_column][\/vc_row][vc_row][vc_column width=\u00bb1\/1&#8243;][vc_column_text uncode_shortcode_id=\u00bb124297&#8243;]<span class=\"s1\">Entonces, \u00bfte gustar\u00eda ir ahora <strong>de acampada en la naturaleza<\/strong>? Y si todav\u00eda necesitas convencerte sobre esta <strong>forma de turismo<\/strong>, tenemos <a href=\"https:\/\/styqr.fr\/es\/2024\/01\/23\/camping-por-que-nos-gusta-cada-vez-mas\/\" target=\"_blank\" rel=\"noopener\"><strong>un art\u00edculo<\/strong><\/a> que te har\u00e1 dar el paso. <\/span>[\/vc_column_text][\/vc_column][\/vc_row]<\/p>\n<\/div>","protected":false},"excerpt":{"rendered":"<p>M\u00e1s informaci\u00f3n sobre la asociaci\u00f3n Sites et Paysages.<\/p>\n","protected":false},"author":3,"featured_media":88443,"comment_status":"closed","ping_status":"open","sticky":false,"template":"","format":"standard","meta":{"footnotes":""},"categories":[910,924],"tags":[1926,1934,2006,2080],"class_list":["post-100843","post","type-post","status-publish","format-standard","has-post-thumbnail","hentry","category-particulares","category-profesionales","tag-folleto-de-bienvenida","tag-styqr-es","tag-alquiler","tag-camping-es"],"yoast_head":"<!-- This site is optimized with the Yoast SEO Premium plugin v27.4 (Yoast SEO v27.4) - https:\/\/yoast.com\/product\/yoast-seo-premium-wordpress\/ -->\n<title>&quot;Places and landscapes for camping - StyQR, your ultimate guide&quot; devient &quot;Lieux et paysages de camping - StyQR, votre guide ultime&quot;.<\/title>\n<meta name=\"description\" content=\"Explorez les plus beaux lieux et paysages pour le camping avec StyQR. D\u00e9couvrez des conseils, des astuces et des destinations incontournables.\" \/>\n<meta name=\"robots\" content=\"index, follow, max-snippet:-1, max-image-preview:large, max-video-preview:-1\" \/>\n<link rel=\"canonical\" href=\"https:\/\/styqr.fr\/es\/2024\/01\/23\/association-sites-et-paysages-campings-naturales\/\" \/>\n<meta property=\"og:locale\" content=\"es_ES\" \/>\n<meta property=\"og:type\" content=\"article\" \/>\n<meta property=\"og:title\" content=\"StyQR | Le livret d&#039;accueil digital\" \/>\n<meta property=\"og:description\" content=\"Explorez les plus beaux lieux et paysages pour le camping avec StyQR. D\u00e9couvrez des conseils, des astuces et des destinations incontournables.\" \/>\n<meta property=\"og:url\" content=\"https:\/\/styqr.fr\/es\/2024\/01\/23\/association-sites-et-paysages-campings-naturales\/\" \/>\n<meta property=\"og:site_name\" content=\"StyQR\" \/>\n<meta property=\"article:publisher\" content=\"https:\/\/fr-fr.facebook.com\/styqr\/\" \/>\n<meta property=\"article:published_time\" content=\"2024-01-23T16:16:22+00:00\" \/>\n<meta property=\"article:modified_time\" content=\"2024-12-05T11:23:11+00:00\" \/>\n<meta property=\"og:image\" content=\"https:\/\/styqr.fr\/wp-content\/uploads\/2022\/02\/camping_paysage_gorges_verdon.png\" \/>\n\t<meta property=\"og:image:width\" content=\"810\" \/>\n\t<meta property=\"og:image:height\" content=\"539\" \/>\n\t<meta property=\"og:image:type\" content=\"image\/png\" \/>\n<meta name=\"author\" content=\"Marine\" \/>\n<meta name=\"twitter:card\" content=\"summary_large_image\" \/>\n<meta name=\"twitter:creator\" content=\"@julien-styqr-admin\" \/>\n<script type=\"application\/ld+json\" class=\"yoast-schema-graph\">{\"@context\":\"https:\\\/\\\/schema.org\",\"@graph\":[{\"@type\":\"Article\",\"@id\":\"https:\\\/\\\/styqr.fr\\\/es\\\/2024\\\/01\\\/23\\\/association-sites-et-paysages-campings-naturales\\\/#article\",\"isPartOf\":{\"@id\":\"https:\\\/\\\/styqr.fr\\\/es\\\/2024\\\/01\\\/23\\\/association-sites-et-paysages-campings-naturales\\\/\"},\"author\":{\"name\":\"Marine\",\"@id\":\"https:\\\/\\\/styqr.fr\\\/es\\\/#\\\/schema\\\/person\\\/9961aca9b86c9501bc1a72282df89aac\"},\"headline\":\"Association Sites et Paysages: campings naturales\",\"datePublished\":\"2024-01-23T16:16:22+00:00\",\"dateModified\":\"2024-12-05T11:23:11+00:00\",\"mainEntityOfPage\":{\"@id\":\"https:\\\/\\\/styqr.fr\\\/es\\\/2024\\\/01\\\/23\\\/association-sites-et-paysages-campings-naturales\\\/\"},\"wordCount\":455,\"publisher\":{\"@id\":\"https:\\\/\\\/styqr.fr\\\/es\\\/#organization\"},\"image\":{\"@id\":\"https:\\\/\\\/styqr.fr\\\/es\\\/2024\\\/01\\\/23\\\/association-sites-et-paysages-campings-naturales\\\/#primaryimage\"},\"thumbnailUrl\":\"https:\\\/\\\/styqr.fr\\\/wp-content\\\/uploads\\\/2022\\\/02\\\/camping_paysage_gorges_verdon.png\",\"keywords\":[\"folleto de bienvenida\",\"styqr\",\"alquiler\",\"camping\"],\"articleSection\":[\"Particulares\",\"Profesionales\"],\"inLanguage\":\"es\"},{\"@type\":\"WebPage\",\"@id\":\"https:\\\/\\\/styqr.fr\\\/es\\\/2024\\\/01\\\/23\\\/association-sites-et-paysages-campings-naturales\\\/\",\"url\":\"https:\\\/\\\/styqr.fr\\\/es\\\/2024\\\/01\\\/23\\\/association-sites-et-paysages-campings-naturales\\\/\",\"name\":\"\\\"Places and landscapes for camping - StyQR, your ultimate guide\\\" devient \\\"Lieux et paysages de camping - StyQR, votre guide ultime\\\".\",\"isPartOf\":{\"@id\":\"https:\\\/\\\/styqr.fr\\\/es\\\/#website\"},\"primaryImageOfPage\":{\"@id\":\"https:\\\/\\\/styqr.fr\\\/es\\\/2024\\\/01\\\/23\\\/association-sites-et-paysages-campings-naturales\\\/#primaryimage\"},\"image\":{\"@id\":\"https:\\\/\\\/styqr.fr\\\/es\\\/2024\\\/01\\\/23\\\/association-sites-et-paysages-campings-naturales\\\/#primaryimage\"},\"thumbnailUrl\":\"https:\\\/\\\/styqr.fr\\\/wp-content\\\/uploads\\\/2022\\\/02\\\/camping_paysage_gorges_verdon.png\",\"datePublished\":\"2024-01-23T16:16:22+00:00\",\"dateModified\":\"2024-12-05T11:23:11+00:00\",\"description\":\"Explorez les plus beaux lieux et paysages pour le camping avec StyQR. D\u00e9couvrez des conseils, des astuces et des destinations incontournables.\",\"breadcrumb\":{\"@id\":\"https:\\\/\\\/styqr.fr\\\/es\\\/2024\\\/01\\\/23\\\/association-sites-et-paysages-campings-naturales\\\/#breadcrumb\"},\"inLanguage\":\"es\",\"potentialAction\":[{\"@type\":\"ReadAction\",\"target\":[\"https:\\\/\\\/styqr.fr\\\/es\\\/2024\\\/01\\\/23\\\/association-sites-et-paysages-campings-naturales\\\/\"]}]},{\"@type\":\"ImageObject\",\"inLanguage\":\"es\",\"@id\":\"https:\\\/\\\/styqr.fr\\\/es\\\/2024\\\/01\\\/23\\\/association-sites-et-paysages-campings-naturales\\\/#primaryimage\",\"url\":\"https:\\\/\\\/styqr.fr\\\/wp-content\\\/uploads\\\/2022\\\/02\\\/camping_paysage_gorges_verdon.png\",\"contentUrl\":\"https:\\\/\\\/styqr.fr\\\/wp-content\\\/uploads\\\/2022\\\/02\\\/camping_paysage_gorges_verdon.png\",\"width\":810,\"height\":539},{\"@type\":\"BreadcrumbList\",\"@id\":\"https:\\\/\\\/styqr.fr\\\/es\\\/2024\\\/01\\\/23\\\/association-sites-et-paysages-campings-naturales\\\/#breadcrumb\",\"itemListElement\":[{\"@type\":\"ListItem\",\"position\":1,\"name\":\"Inicio\",\"item\":\"https:\\\/\\\/styqr.fr\\\/es\\\/\"},{\"@type\":\"ListItem\",\"position\":2,\"name\":\"Particulares\",\"item\":\"https:\\\/\\\/styqr.fr\\\/es\\\/nos-categories\\\/particulares\\\/\"},{\"@type\":\"ListItem\",\"position\":3,\"name\":\"Association Sites et Paysages: campings naturales\"}]},{\"@type\":\"WebSite\",\"@id\":\"https:\\\/\\\/styqr.fr\\\/es\\\/#website\",\"url\":\"https:\\\/\\\/styqr.fr\\\/es\\\/\",\"name\":\"StyQR\",\"description\":\"Cr\u00e9ez votre livret d&#039;accueil digital personnalis\u00e9 pour vos voyageurs\",\"publisher\":{\"@id\":\"https:\\\/\\\/styqr.fr\\\/es\\\/#organization\"},\"potentialAction\":[{\"@type\":\"SearchAction\",\"target\":{\"@type\":\"EntryPoint\",\"urlTemplate\":\"https:\\\/\\\/styqr.fr\\\/es\\\/?s={search_term_string}\"},\"query-input\":{\"@type\":\"PropertyValueSpecification\",\"valueRequired\":true,\"valueName\":\"search_term_string\"}}],\"inLanguage\":\"es\"},{\"@type\":\"Organization\",\"@id\":\"https:\\\/\\\/styqr.fr\\\/es\\\/#organization\",\"name\":\"StyQR\",\"url\":\"https:\\\/\\\/styqr.fr\\\/es\\\/\",\"logo\":{\"@type\":\"ImageObject\",\"inLanguage\":\"es\",\"@id\":\"https:\\\/\\\/styqr.fr\\\/es\\\/#\\\/schema\\\/logo\\\/image\\\/\",\"url\":\"https:\\\/\\\/styqr.fr\\\/wp-content\\\/uploads\\\/2020\\\/11\\\/Fichier-5.png\",\"contentUrl\":\"https:\\\/\\\/styqr.fr\\\/wp-content\\\/uploads\\\/2020\\\/11\\\/Fichier-5.png\",\"width\":388,\"height\":194,\"caption\":\"StyQR\"},\"image\":{\"@id\":\"https:\\\/\\\/styqr.fr\\\/es\\\/#\\\/schema\\\/logo\\\/image\\\/\"},\"sameAs\":[\"https:\\\/\\\/fr-fr.facebook.com\\\/styqr\\\/\",\"https:\\\/\\\/www.instagram.com\\\/styqr_fr\\\/\",\"https:\\\/\\\/fr.linkedin.com\\\/company\\\/styqr\"],\"description\":\"StyQR, le livret d'accueil digital\",\"email\":\"contact@styqr.fr\",\"legalName\":\"SAS StyQR\",\"foundingDate\":\"2019-05-27\",\"vatID\":\"FR55824532865\",\"taxID\":\"82453286500014\",\"numberOfEmployees\":{\"@type\":\"QuantitativeValue\",\"minValue\":\"1\",\"maxValue\":\"10\"}},{\"@type\":\"Person\",\"@id\":\"https:\\\/\\\/styqr.fr\\\/es\\\/#\\\/schema\\\/person\\\/9961aca9b86c9501bc1a72282df89aac\",\"name\":\"Marine\",\"image\":{\"@type\":\"ImageObject\",\"inLanguage\":\"es\",\"@id\":\"https:\\\/\\\/secure.gravatar.com\\\/avatar\\\/647b7182996833269bfb418442442520d7a3cf1ce76c2bbb26b93d7fbb28bb58?s=96&d=mm&r=g\",\"url\":\"https:\\\/\\\/secure.gravatar.com\\\/avatar\\\/647b7182996833269bfb418442442520d7a3cf1ce76c2bbb26b93d7fbb28bb58?s=96&d=mm&r=g\",\"contentUrl\":\"https:\\\/\\\/secure.gravatar.com\\\/avatar\\\/647b7182996833269bfb418442442520d7a3cf1ce76c2bbb26b93d7fbb28bb58?s=96&d=mm&r=g\",\"caption\":\"Marine\"},\"sameAs\":[\"https:\\\/\\\/x.com\\\/julien-styqr-admin\"]}]}<\/script>\n<!-- \/ Yoast SEO Premium plugin. -->","yoast_head_json":{"title":"\"Places and landscapes for camping - StyQR, your ultimate guide\" devient \"Lieux et paysages de camping - StyQR, votre guide ultime\".","description":"Explorez les plus beaux lieux et paysages pour le camping avec StyQR. D\u00e9couvrez des conseils, des astuces et des destinations incontournables.","robots":{"index":"index","follow":"follow","max-snippet":"max-snippet:-1","max-image-preview":"max-image-preview:large","max-video-preview":"max-video-preview:-1"},"canonical":"https:\/\/styqr.fr\/es\/2024\/01\/23\/association-sites-et-paysages-campings-naturales\/","og_locale":"es_ES","og_type":"article","og_title":"StyQR | Le livret d'accueil digital","og_description":"Explorez les plus beaux lieux et paysages pour le camping avec StyQR. D\u00e9couvrez des conseils, des astuces et des destinations incontournables.","og_url":"https:\/\/styqr.fr\/es\/2024\/01\/23\/association-sites-et-paysages-campings-naturales\/","og_site_name":"StyQR","article_publisher":"https:\/\/fr-fr.facebook.com\/styqr\/","article_published_time":"2024-01-23T16:16:22+00:00","article_modified_time":"2024-12-05T11:23:11+00:00","og_image":[{"width":810,"height":539,"url":"https:\/\/styqr.fr\/wp-content\/uploads\/2022\/02\/camping_paysage_gorges_verdon.png","type":"image\/png"}],"author":"Marine","twitter_card":"summary_large_image","twitter_creator":"@julien-styqr-admin","schema":{"@context":"https:\/\/schema.org","@graph":[{"@type":"Article","@id":"https:\/\/styqr.fr\/es\/2024\/01\/23\/association-sites-et-paysages-campings-naturales\/#article","isPartOf":{"@id":"https:\/\/styqr.fr\/es\/2024\/01\/23\/association-sites-et-paysages-campings-naturales\/"},"author":{"name":"Marine","@id":"https:\/\/styqr.fr\/es\/#\/schema\/person\/9961aca9b86c9501bc1a72282df89aac"},"headline":"Association Sites et Paysages: campings naturales","datePublished":"2024-01-23T16:16:22+00:00","dateModified":"2024-12-05T11:23:11+00:00","mainEntityOfPage":{"@id":"https:\/\/styqr.fr\/es\/2024\/01\/23\/association-sites-et-paysages-campings-naturales\/"},"wordCount":455,"publisher":{"@id":"https:\/\/styqr.fr\/es\/#organization"},"image":{"@id":"https:\/\/styqr.fr\/es\/2024\/01\/23\/association-sites-et-paysages-campings-naturales\/#primaryimage"},"thumbnailUrl":"https:\/\/styqr.fr\/wp-content\/uploads\/2022\/02\/camping_paysage_gorges_verdon.png","keywords":["folleto de bienvenida","styqr","alquiler","camping"],"articleSection":["Particulares","Profesionales"],"inLanguage":"es"},{"@type":"WebPage","@id":"https:\/\/styqr.fr\/es\/2024\/01\/23\/association-sites-et-paysages-campings-naturales\/","url":"https:\/\/styqr.fr\/es\/2024\/01\/23\/association-sites-et-paysages-campings-naturales\/","name":"\"Places and landscapes for camping - StyQR, your ultimate guide\" devient \"Lieux et paysages de camping - StyQR, votre guide ultime\".","isPartOf":{"@id":"https:\/\/styqr.fr\/es\/#website"},"primaryImageOfPage":{"@id":"https:\/\/styqr.fr\/es\/2024\/01\/23\/association-sites-et-paysages-campings-naturales\/#primaryimage"},"image":{"@id":"https:\/\/styqr.fr\/es\/2024\/01\/23\/association-sites-et-paysages-campings-naturales\/#primaryimage"},"thumbnailUrl":"https:\/\/styqr.fr\/wp-content\/uploads\/2022\/02\/camping_paysage_gorges_verdon.png","datePublished":"2024-01-23T16:16:22+00:00","dateModified":"2024-12-05T11:23:11+00:00","description":"Explorez les plus beaux lieux et paysages pour le camping avec StyQR. D\u00e9couvrez des conseils, des astuces et des destinations incontournables.","breadcrumb":{"@id":"https:\/\/styqr.fr\/es\/2024\/01\/23\/association-sites-et-paysages-campings-naturales\/#breadcrumb"},"inLanguage":"es","potentialAction":[{"@type":"ReadAction","target":["https:\/\/styqr.fr\/es\/2024\/01\/23\/association-sites-et-paysages-campings-naturales\/"]}]},{"@type":"ImageObject","inLanguage":"es","@id":"https:\/\/styqr.fr\/es\/2024\/01\/23\/association-sites-et-paysages-campings-naturales\/#primaryimage","url":"https:\/\/styqr.fr\/wp-content\/uploads\/2022\/02\/camping_paysage_gorges_verdon.png","contentUrl":"https:\/\/styqr.fr\/wp-content\/uploads\/2022\/02\/camping_paysage_gorges_verdon.png","width":810,"height":539},{"@type":"BreadcrumbList","@id":"https:\/\/styqr.fr\/es\/2024\/01\/23\/association-sites-et-paysages-campings-naturales\/#breadcrumb","itemListElement":[{"@type":"ListItem","position":1,"name":"Inicio","item":"https:\/\/styqr.fr\/es\/"},{"@type":"ListItem","position":2,"name":"Particulares","item":"https:\/\/styqr.fr\/es\/nos-categories\/particulares\/"},{"@type":"ListItem","position":3,"name":"Association Sites et Paysages: campings naturales"}]},{"@type":"WebSite","@id":"https:\/\/styqr.fr\/es\/#website","url":"https:\/\/styqr.fr\/es\/","name":"StyQR","description":"Cr\u00e9ez votre livret d&#039;accueil digital personnalis\u00e9 pour vos voyageurs","publisher":{"@id":"https:\/\/styqr.fr\/es\/#organization"},"potentialAction":[{"@type":"SearchAction","target":{"@type":"EntryPoint","urlTemplate":"https:\/\/styqr.fr\/es\/?s={search_term_string}"},"query-input":{"@type":"PropertyValueSpecification","valueRequired":true,"valueName":"search_term_string"}}],"inLanguage":"es"},{"@type":"Organization","@id":"https:\/\/styqr.fr\/es\/#organization","name":"StyQR","url":"https:\/\/styqr.fr\/es\/","logo":{"@type":"ImageObject","inLanguage":"es","@id":"https:\/\/styqr.fr\/es\/#\/schema\/logo\/image\/","url":"https:\/\/styqr.fr\/wp-content\/uploads\/2020\/11\/Fichier-5.png","contentUrl":"https:\/\/styqr.fr\/wp-content\/uploads\/2020\/11\/Fichier-5.png","width":388,"height":194,"caption":"StyQR"},"image":{"@id":"https:\/\/styqr.fr\/es\/#\/schema\/logo\/image\/"},"sameAs":["https:\/\/fr-fr.facebook.com\/styqr\/","https:\/\/www.instagram.com\/styqr_fr\/","https:\/\/fr.linkedin.com\/company\/styqr"],"description":"StyQR, le livret d'accueil digital","email":"contact@styqr.fr","legalName":"SAS StyQR","foundingDate":"2019-05-27","vatID":"FR55824532865","taxID":"82453286500014","numberOfEmployees":{"@type":"QuantitativeValue","minValue":"1","maxValue":"10"}},{"@type":"Person","@id":"https:\/\/styqr.fr\/es\/#\/schema\/person\/9961aca9b86c9501bc1a72282df89aac","name":"Marine","image":{"@type":"ImageObject","inLanguage":"es","@id":"https:\/\/secure.gravatar.com\/avatar\/647b7182996833269bfb418442442520d7a3cf1ce76c2bbb26b93d7fbb28bb58?s=96&d=mm&r=g","url":"https:\/\/secure.gravatar.com\/avatar\/647b7182996833269bfb418442442520d7a3cf1ce76c2bbb26b93d7fbb28bb58?s=96&d=mm&r=g","contentUrl":"https:\/\/secure.gravatar.com\/avatar\/647b7182996833269bfb418442442520d7a3cf1ce76c2bbb26b93d7fbb28bb58?s=96&d=mm&r=g","caption":"Marine"},"sameAs":["https:\/\/x.com\/julien-styqr-admin"]}]}},"_links":{"self":[{"href":"https:\/\/styqr.fr\/es\/wp-json\/wp\/v2\/posts\/100843","targetHints":{"allow":["GET"]}}],"collection":[{"href":"https:\/\/styqr.fr\/es\/wp-json\/wp\/v2\/posts"}],"about":[{"href":"https:\/\/styqr.fr\/es\/wp-json\/wp\/v2\/types\/post"}],"author":[{"embeddable":true,"href":"https:\/\/styqr.fr\/es\/wp-json\/wp\/v2\/users\/3"}],"replies":[{"embeddable":true,"href":"https:\/\/styqr.fr\/es\/wp-json\/wp\/v2\/comments?post=100843"}],"version-history":[{"count":0,"href":"https:\/\/styqr.fr\/es\/wp-json\/wp\/v2\/posts\/100843\/revisions"}],"wp:featuredmedia":[{"embeddable":true,"href":"https:\/\/styqr.fr\/es\/wp-json\/wp\/v2\/media\/88443"}],"wp:attachment":[{"href":"https:\/\/styqr.fr\/es\/wp-json\/wp\/v2\/media?parent=100843"}],"wp:term":[{"taxonomy":"category","embeddable":true,"href":"https:\/\/styqr.fr\/es\/wp-json\/wp\/v2\/categories?post=100843"},{"taxonomy":"post_tag","embeddable":true,"href":"https:\/\/styqr.fr\/es\/wp-json\/wp\/v2\/tags?post=100843"}],"curies":[{"name":"wp","href":"https:\/\/api.w.org\/{rel}","templated":true}]}}