{"id":100783,"date":"2024-01-23T17:15:52","date_gmt":"2024-01-23T16:15:52","guid":{"rendered":"https:\/\/styqr.fr\/2024\/01\/23\/jardin-por-que-no-anadir-un-huerto\/"},"modified":"2024-12-05T12:30:06","modified_gmt":"2024-12-05T11:30:06","slug":"jardin-por-que-no-anadir-un-huerto","status":"publish","type":"post","link":"https:\/\/styqr.fr\/es\/2024\/01\/23\/jardin-por-que-no-anadir-un-huerto\/","title":{"rendered":"Jard\u00edn: \u00bfpor qu\u00e9 no a\u00f1adir un huerto?"},"content":{"rendered":"<div class=\"wpb-content-wrapper\"><p>[vc_row][vc_column width=\u00bb1\/1&#8243;][vc_column_text uncode_shortcode_id=\u00bb211912&#8243;]\u00bfTienes una <strong>casa<\/strong> con <strong>jard\u00edn<\/strong>? \u00bfPor qu\u00e9 no a\u00f1ades un <strong>huerto<\/strong> o un <strong>jard\u00edn de hierbas<\/strong> para que lo disfruten tus clientes?[\/vc_column_text][\/vc_column][\/vc_row][vc_row][vc_column width=\u00bb1\/1&#8243;][vc_single_image media=\u00bb89234&#8243; media_width_percent=\u00bb100&#8243; media_ratio=\u00bbthree-two\u00bb shape=\u00bbimg-round\u00bb radius=\u00bbstd\u00bb uncode_shortcode_id=\u00bb740435&#8243;][vc_row_inner][vc_column_inner column_width_percent=\u00bb100&#8243; gutter_size=\u00bb0&#8243; overlay_alpha=\u00bb50&#8243; shift_x=\u00bb0&#8243; shift_y=\u00bb0&#8243; shift_y_down=\u00bb0&#8243; z_index=\u00bb0&#8243; medium_width=\u00bb0&#8243; mobile_width=\u00bb0&#8243; width=\u00bb1\/1&#8243;][vc_custom_heading uncode_shortcode_id=\u00bb769924&#8243;]<\/p>\n<h2><span class=\"s1\">1. \u00bfPor qu\u00e9 ofrecer un huerto?  <\/span><\/h2>\n<p>[\/vc_custom_heading][\/vc_column_inner][\/vc_row_inner][vc_column_text uncode_shortcode_id=\u00bb421961&#8243;]Ofrecer a tus clientes un huerto es una ventaja para ti. <strong>Comer bien<\/strong> y la <strong>cultura local<\/strong> se valoran cada vez m\u00e1s. As\u00ed que si este verano ofreces a tus inquilinos la posibilidad de <strong>servirse<\/strong> tus deliciosos tomates, \u00a1estar\u00e1n encantados! <strong>Fuera de temporada<\/strong>, tambi\u00e9n puedes ofrecer <strong>mermeladas<\/strong>, <strong>salsas de tomate<\/strong> o <strong>encurtidos<\/strong> elaborados con productos de tu huerto. Te prometemos que marcar\u00e1 la diferencia. Si tienes tiempo, puedes crear las tuyas propias, utilizando calabaza, tomates, fresas, pimientos, lechuga, etc. Pero si no <strong><a href=\"https:\/\/quadra-terra.com\/\" target=\"_blank\" rel=\"noopener\">hay soluciones<\/a><\/strong> \u00a1para huertos a medida![\/vc_column_text][\/vc_column][\/vc_row][vc_row][vc_column width=\u00bb1\/1&#8243;][vc_single_image media=\u00bb89236&#8243; media_width_percent=\u00bb100&#8243; media_ratio=\u00bbthree-two\u00bb shape=\u00bbimg-round\u00bb radius=\u00bbstd\u00bb uncode_shortcode_id=\u00bb178952&#8243;][vc_row_inner][vc_column_inner column_width_percent=\u00bb100&#8243; gutter_size=\u00bb0&#8243; overlay_alpha=\u00bb50&#8243; shift_x=\u00bb0&#8243; shift_y=\u00bb0&#8243; shift_y_down=\u00bb0&#8243; z_index=\u00bb0&#8243; medium_width=\u00bb0&#8243; mobile_width=\u00bb0&#8243; width=\u00bb1\/1&#8243;][vc_custom_heading uncode_shortcode_id=\u00bb383784&#8243;]<\/p>\n<h2><span class=\"s1\">2. \u00bfNo tienes sitio?<\/span><\/h2>\n<p>[\/vc_custom_heading][\/vc_column_inner][\/vc_row_inner][vc_column_text uncode_shortcode_id=\u00bb135603&#8243;]\u00bfNo tienes <strong>espacio suficiente<\/strong> para un huerto en condiciones? \u00a1Puedes optar por un <strong>huerto<\/strong> de <strong>hierbas<\/strong>! M\u00e1s peque\u00f1o pero igual de <strong>agradable<\/strong> y<strong> divertido<\/strong> para tus clientes, \u00a1significa que tendr\u00e1s un mont\u00f3n de hierbas con las que <strong>cocinar<\/strong>! Puedes plantar : <\/p>\n<ul>\n<li><strong>Cebollino<\/strong><\/li>\n<li><strong> Perejil<\/strong><\/li>\n<li><strong>Tomillo<\/strong><\/li>\n<li><strong>Menta<\/strong><\/li>\n<li><strong>Rosemary<\/strong><\/li>\n<\/ul>\n<p>Para que florezca, hay que colocarla en un lugar soleado, abierto y c\u00e1lido. Puedes comprar <a href=\"https:\/\/www.jardiland.com\/carre-de-potager-l-93-x-l-93-x-h-36-cm-1402225.html?gclid=CjwKCAjwp7eUBhBeEiwAZbHwkeulwlUv7zU4WIxCvQ3g_6n7WxDXWfiH-kpxbcDj8qWfGHH1Py2NixoCYF8QAvD_BwE\" target=\"_blank\" rel=\"noopener\"><strong>comprar una ya hecha<\/strong><\/a>o hacer la tuya propia. Si te apetece, aqu\u00ed tienes c\u00f3mo hacerlo:  <\/p>\n<ul>\n<li>Junta <strong>4 tablones de madera<\/strong> de 1,20 m x 20 cm para formar un cuadrado.<\/li>\n<li>A\u00f1ade <strong>compost<\/strong> mezclado con tierra de jard\u00edn. Si tienes, incluso puedes a\u00f1adir un poco de arena. <\/li>\n<li>Con <strong>una cuerda gruesa<\/strong>, forma varios cuadrados seg\u00fan el n\u00famero de plantas que quieras.<\/li>\n<\/ul>\n<p>[\/vc_column_text][\/vc_column][\/vc_row][vc_row][vc_column width=\u00bb1\/1&#8243;][vc_column_text uncode_shortcode_id=\u00bb192551&#8243;]\u00bfTe tienta nuestra idea de <strong>huerto<\/strong>? \u00a1No dudes en enviarnos tus <strong>fotos<\/strong> si est\u00e1s creando uno! Y si tambi\u00e9n quieres adaptar tu casa para los ni\u00f1os, <a href=\"https:\/\/styqr.fr\/es\/2024\/01\/23\/ninos-la-mejor-manera-de-recibirlos-en-su-vivienda-de-alquiler\/\" target=\"_blank\" rel=\"noopener\">aqu\u00ed van nuestros consejos<\/a>.[\/vc_column_text][\/vc_column][\/vc_row]<\/p>\n<\/div>","protected":false},"excerpt":{"rendered":"<p>Descubre por qu\u00e9 es una buena idea tener un huerto en tu jard\u00edn.<\/p>\n","protected":false},"author":3,"featured_media":89232,"comment_status":"closed","ping_status":"open","sticky":false,"template":"","format":"standard","meta":{"footnotes":""},"categories":[910],"tags":[1926,1934,1966,2181],"class_list":["post-100783","post","type-post","status-publish","format-standard","has-post-thumbnail","hentry","category-particulares","tag-folleto-de-bienvenida","tag-styqr-es","tag-digital-es","tag-jardin-es"],"yoast_head":"<!-- This site is optimized with the Yoast SEO Premium plugin v27.4 (Yoast SEO v27.4) - https:\/\/yoast.com\/product\/yoast-seo-premium-wordpress\/ -->\n<title>Avantages d&#039;un potager accessible | StyQR.<\/title>\n<meta name=\"description\" content=\"D\u00e9couvrez comment un huerto accessible peut valoriser votre logement de location. Apprenez \u00e0 l&#039;installer facilement dans votre jardin avec StyQR.\" \/>\n<meta name=\"robots\" content=\"index, follow, max-snippet:-1, max-image-preview:large, max-video-preview:-1\" \/>\n<link rel=\"canonical\" href=\"https:\/\/styqr.fr\/es\/2024\/01\/23\/jardin-por-que-no-anadir-un-huerto\/\" \/>\n<meta property=\"og:locale\" content=\"es_ES\" \/>\n<meta property=\"og:type\" content=\"article\" \/>\n<meta property=\"og:title\" content=\"StyQR | Le livret d&#039;accueil digital\" \/>\n<meta property=\"og:description\" content=\"D\u00e9couvrez comment un huerto accessible peut valoriser votre logement de location. Apprenez \u00e0 l&#039;installer facilement dans votre jardin avec StyQR.\" \/>\n<meta property=\"og:url\" content=\"https:\/\/styqr.fr\/es\/2024\/01\/23\/jardin-por-que-no-anadir-un-huerto\/\" \/>\n<meta property=\"og:site_name\" content=\"StyQR\" \/>\n<meta property=\"article:publisher\" content=\"https:\/\/fr-fr.facebook.com\/styqr\/\" \/>\n<meta property=\"article:published_time\" content=\"2024-01-23T16:15:52+00:00\" \/>\n<meta property=\"article:modified_time\" content=\"2024-12-05T11:30:06+00:00\" \/>\n<meta property=\"og:image\" content=\"https:\/\/styqr.fr\/wp-content\/uploads\/2022\/05\/priscilla-du-preez-JCZ2pE-Szpw-unsplash-scaled.jpg\" \/>\n\t<meta property=\"og:image:width\" content=\"2560\" \/>\n\t<meta property=\"og:image:height\" content=\"1707\" \/>\n\t<meta property=\"og:image:type\" content=\"image\/jpeg\" \/>\n<meta name=\"author\" content=\"Marine\" \/>\n<meta name=\"twitter:card\" content=\"summary_large_image\" \/>\n<meta name=\"twitter:creator\" content=\"@julien-styqr-admin\" \/>\n<script type=\"application\/ld+json\" class=\"yoast-schema-graph\">{\"@context\":\"https:\\\/\\\/schema.org\",\"@graph\":[{\"@type\":\"Article\",\"@id\":\"https:\\\/\\\/styqr.fr\\\/es\\\/2024\\\/01\\\/23\\\/jardin-por-que-no-anadir-un-huerto\\\/#article\",\"isPartOf\":{\"@id\":\"https:\\\/\\\/styqr.fr\\\/es\\\/2024\\\/01\\\/23\\\/jardin-por-que-no-anadir-un-huerto\\\/\"},\"author\":{\"name\":\"Marine\",\"@id\":\"https:\\\/\\\/styqr.fr\\\/es\\\/#\\\/schema\\\/person\\\/9961aca9b86c9501bc1a72282df89aac\"},\"headline\":\"Jard\u00edn: \u00bfpor qu\u00e9 no a\u00f1adir un huerto?\",\"datePublished\":\"2024-01-23T16:15:52+00:00\",\"dateModified\":\"2024-12-05T11:30:06+00:00\",\"mainEntityOfPage\":{\"@id\":\"https:\\\/\\\/styqr.fr\\\/es\\\/2024\\\/01\\\/23\\\/jardin-por-que-no-anadir-un-huerto\\\/\"},\"wordCount\":485,\"publisher\":{\"@id\":\"https:\\\/\\\/styqr.fr\\\/es\\\/#organization\"},\"image\":{\"@id\":\"https:\\\/\\\/styqr.fr\\\/es\\\/2024\\\/01\\\/23\\\/jardin-por-que-no-anadir-un-huerto\\\/#primaryimage\"},\"thumbnailUrl\":\"https:\\\/\\\/styqr.fr\\\/wp-content\\\/uploads\\\/2022\\\/05\\\/priscilla-du-preez-JCZ2pE-Szpw-unsplash-scaled.jpg\",\"keywords\":[\"folleto de bienvenida\",\"styqr\",\"digital\",\"jard\u00edn\"],\"articleSection\":[\"Particulares\"],\"inLanguage\":\"es\"},{\"@type\":\"WebPage\",\"@id\":\"https:\\\/\\\/styqr.fr\\\/es\\\/2024\\\/01\\\/23\\\/jardin-por-que-no-anadir-un-huerto\\\/\",\"url\":\"https:\\\/\\\/styqr.fr\\\/es\\\/2024\\\/01\\\/23\\\/jardin-por-que-no-anadir-un-huerto\\\/\",\"name\":\"Avantages d'un potager accessible | StyQR.\",\"isPartOf\":{\"@id\":\"https:\\\/\\\/styqr.fr\\\/es\\\/#website\"},\"primaryImageOfPage\":{\"@id\":\"https:\\\/\\\/styqr.fr\\\/es\\\/2024\\\/01\\\/23\\\/jardin-por-que-no-anadir-un-huerto\\\/#primaryimage\"},\"image\":{\"@id\":\"https:\\\/\\\/styqr.fr\\\/es\\\/2024\\\/01\\\/23\\\/jardin-por-que-no-anadir-un-huerto\\\/#primaryimage\"},\"thumbnailUrl\":\"https:\\\/\\\/styqr.fr\\\/wp-content\\\/uploads\\\/2022\\\/05\\\/priscilla-du-preez-JCZ2pE-Szpw-unsplash-scaled.jpg\",\"datePublished\":\"2024-01-23T16:15:52+00:00\",\"dateModified\":\"2024-12-05T11:30:06+00:00\",\"description\":\"D\u00e9couvrez comment un huerto accessible peut valoriser votre logement de location. Apprenez \u00e0 l'installer facilement dans votre jardin avec StyQR.\",\"breadcrumb\":{\"@id\":\"https:\\\/\\\/styqr.fr\\\/es\\\/2024\\\/01\\\/23\\\/jardin-por-que-no-anadir-un-huerto\\\/#breadcrumb\"},\"inLanguage\":\"es\",\"potentialAction\":[{\"@type\":\"ReadAction\",\"target\":[\"https:\\\/\\\/styqr.fr\\\/es\\\/2024\\\/01\\\/23\\\/jardin-por-que-no-anadir-un-huerto\\\/\"]}]},{\"@type\":\"ImageObject\",\"inLanguage\":\"es\",\"@id\":\"https:\\\/\\\/styqr.fr\\\/es\\\/2024\\\/01\\\/23\\\/jardin-por-que-no-anadir-un-huerto\\\/#primaryimage\",\"url\":\"https:\\\/\\\/styqr.fr\\\/wp-content\\\/uploads\\\/2022\\\/05\\\/priscilla-du-preez-JCZ2pE-Szpw-unsplash-scaled.jpg\",\"contentUrl\":\"https:\\\/\\\/styqr.fr\\\/wp-content\\\/uploads\\\/2022\\\/05\\\/priscilla-du-preez-JCZ2pE-Szpw-unsplash-scaled.jpg\",\"width\":2560,\"height\":1707},{\"@type\":\"BreadcrumbList\",\"@id\":\"https:\\\/\\\/styqr.fr\\\/es\\\/2024\\\/01\\\/23\\\/jardin-por-que-no-anadir-un-huerto\\\/#breadcrumb\",\"itemListElement\":[{\"@type\":\"ListItem\",\"position\":1,\"name\":\"Inicio\",\"item\":\"https:\\\/\\\/styqr.fr\\\/es\\\/\"},{\"@type\":\"ListItem\",\"position\":2,\"name\":\"Particulares\",\"item\":\"https:\\\/\\\/styqr.fr\\\/es\\\/nos-categories\\\/particulares\\\/\"},{\"@type\":\"ListItem\",\"position\":3,\"name\":\"Jard\u00edn: \u00bfpor qu\u00e9 no a\u00f1adir un huerto?\"}]},{\"@type\":\"WebSite\",\"@id\":\"https:\\\/\\\/styqr.fr\\\/es\\\/#website\",\"url\":\"https:\\\/\\\/styqr.fr\\\/es\\\/\",\"name\":\"StyQR\",\"description\":\"Cr\u00e9ez votre livret d&#039;accueil digital personnalis\u00e9 pour vos voyageurs\",\"publisher\":{\"@id\":\"https:\\\/\\\/styqr.fr\\\/es\\\/#organization\"},\"potentialAction\":[{\"@type\":\"SearchAction\",\"target\":{\"@type\":\"EntryPoint\",\"urlTemplate\":\"https:\\\/\\\/styqr.fr\\\/es\\\/?s={search_term_string}\"},\"query-input\":{\"@type\":\"PropertyValueSpecification\",\"valueRequired\":true,\"valueName\":\"search_term_string\"}}],\"inLanguage\":\"es\"},{\"@type\":\"Organization\",\"@id\":\"https:\\\/\\\/styqr.fr\\\/es\\\/#organization\",\"name\":\"StyQR\",\"url\":\"https:\\\/\\\/styqr.fr\\\/es\\\/\",\"logo\":{\"@type\":\"ImageObject\",\"inLanguage\":\"es\",\"@id\":\"https:\\\/\\\/styqr.fr\\\/es\\\/#\\\/schema\\\/logo\\\/image\\\/\",\"url\":\"https:\\\/\\\/styqr.fr\\\/wp-content\\\/uploads\\\/2020\\\/11\\\/Fichier-5.png\",\"contentUrl\":\"https:\\\/\\\/styqr.fr\\\/wp-content\\\/uploads\\\/2020\\\/11\\\/Fichier-5.png\",\"width\":388,\"height\":194,\"caption\":\"StyQR\"},\"image\":{\"@id\":\"https:\\\/\\\/styqr.fr\\\/es\\\/#\\\/schema\\\/logo\\\/image\\\/\"},\"sameAs\":[\"https:\\\/\\\/fr-fr.facebook.com\\\/styqr\\\/\",\"https:\\\/\\\/www.instagram.com\\\/styqr_fr\\\/\",\"https:\\\/\\\/fr.linkedin.com\\\/company\\\/styqr\"],\"description\":\"StyQR, le livret d'accueil digital\",\"email\":\"contact@styqr.fr\",\"legalName\":\"SAS StyQR\",\"foundingDate\":\"2019-05-27\",\"vatID\":\"FR55824532865\",\"taxID\":\"82453286500014\",\"numberOfEmployees\":{\"@type\":\"QuantitativeValue\",\"minValue\":\"1\",\"maxValue\":\"10\"}},{\"@type\":\"Person\",\"@id\":\"https:\\\/\\\/styqr.fr\\\/es\\\/#\\\/schema\\\/person\\\/9961aca9b86c9501bc1a72282df89aac\",\"name\":\"Marine\",\"image\":{\"@type\":\"ImageObject\",\"inLanguage\":\"es\",\"@id\":\"https:\\\/\\\/secure.gravatar.com\\\/avatar\\\/647b7182996833269bfb418442442520d7a3cf1ce76c2bbb26b93d7fbb28bb58?s=96&d=mm&r=g\",\"url\":\"https:\\\/\\\/secure.gravatar.com\\\/avatar\\\/647b7182996833269bfb418442442520d7a3cf1ce76c2bbb26b93d7fbb28bb58?s=96&d=mm&r=g\",\"contentUrl\":\"https:\\\/\\\/secure.gravatar.com\\\/avatar\\\/647b7182996833269bfb418442442520d7a3cf1ce76c2bbb26b93d7fbb28bb58?s=96&d=mm&r=g\",\"caption\":\"Marine\"},\"sameAs\":[\"https:\\\/\\\/x.com\\\/julien-styqr-admin\"]}]}<\/script>\n<!-- \/ Yoast SEO Premium plugin. -->","yoast_head_json":{"title":"Avantages d'un potager accessible | StyQR.","description":"D\u00e9couvrez comment un huerto accessible peut valoriser votre logement de location. Apprenez \u00e0 l'installer facilement dans votre jardin avec StyQR.","robots":{"index":"index","follow":"follow","max-snippet":"max-snippet:-1","max-image-preview":"max-image-preview:large","max-video-preview":"max-video-preview:-1"},"canonical":"https:\/\/styqr.fr\/es\/2024\/01\/23\/jardin-por-que-no-anadir-un-huerto\/","og_locale":"es_ES","og_type":"article","og_title":"StyQR | Le livret d'accueil digital","og_description":"D\u00e9couvrez comment un huerto accessible peut valoriser votre logement de location. Apprenez \u00e0 l'installer facilement dans votre jardin avec StyQR.","og_url":"https:\/\/styqr.fr\/es\/2024\/01\/23\/jardin-por-que-no-anadir-un-huerto\/","og_site_name":"StyQR","article_publisher":"https:\/\/fr-fr.facebook.com\/styqr\/","article_published_time":"2024-01-23T16:15:52+00:00","article_modified_time":"2024-12-05T11:30:06+00:00","og_image":[{"width":2560,"height":1707,"url":"https:\/\/styqr.fr\/wp-content\/uploads\/2022\/05\/priscilla-du-preez-JCZ2pE-Szpw-unsplash-scaled.jpg","type":"image\/jpeg"}],"author":"Marine","twitter_card":"summary_large_image","twitter_creator":"@julien-styqr-admin","schema":{"@context":"https:\/\/schema.org","@graph":[{"@type":"Article","@id":"https:\/\/styqr.fr\/es\/2024\/01\/23\/jardin-por-que-no-anadir-un-huerto\/#article","isPartOf":{"@id":"https:\/\/styqr.fr\/es\/2024\/01\/23\/jardin-por-que-no-anadir-un-huerto\/"},"author":{"name":"Marine","@id":"https:\/\/styqr.fr\/es\/#\/schema\/person\/9961aca9b86c9501bc1a72282df89aac"},"headline":"Jard\u00edn: \u00bfpor qu\u00e9 no a\u00f1adir un huerto?","datePublished":"2024-01-23T16:15:52+00:00","dateModified":"2024-12-05T11:30:06+00:00","mainEntityOfPage":{"@id":"https:\/\/styqr.fr\/es\/2024\/01\/23\/jardin-por-que-no-anadir-un-huerto\/"},"wordCount":485,"publisher":{"@id":"https:\/\/styqr.fr\/es\/#organization"},"image":{"@id":"https:\/\/styqr.fr\/es\/2024\/01\/23\/jardin-por-que-no-anadir-un-huerto\/#primaryimage"},"thumbnailUrl":"https:\/\/styqr.fr\/wp-content\/uploads\/2022\/05\/priscilla-du-preez-JCZ2pE-Szpw-unsplash-scaled.jpg","keywords":["folleto de bienvenida","styqr","digital","jard\u00edn"],"articleSection":["Particulares"],"inLanguage":"es"},{"@type":"WebPage","@id":"https:\/\/styqr.fr\/es\/2024\/01\/23\/jardin-por-que-no-anadir-un-huerto\/","url":"https:\/\/styqr.fr\/es\/2024\/01\/23\/jardin-por-que-no-anadir-un-huerto\/","name":"Avantages d'un potager accessible | StyQR.","isPartOf":{"@id":"https:\/\/styqr.fr\/es\/#website"},"primaryImageOfPage":{"@id":"https:\/\/styqr.fr\/es\/2024\/01\/23\/jardin-por-que-no-anadir-un-huerto\/#primaryimage"},"image":{"@id":"https:\/\/styqr.fr\/es\/2024\/01\/23\/jardin-por-que-no-anadir-un-huerto\/#primaryimage"},"thumbnailUrl":"https:\/\/styqr.fr\/wp-content\/uploads\/2022\/05\/priscilla-du-preez-JCZ2pE-Szpw-unsplash-scaled.jpg","datePublished":"2024-01-23T16:15:52+00:00","dateModified":"2024-12-05T11:30:06+00:00","description":"D\u00e9couvrez comment un huerto accessible peut valoriser votre logement de location. Apprenez \u00e0 l'installer facilement dans votre jardin avec StyQR.","breadcrumb":{"@id":"https:\/\/styqr.fr\/es\/2024\/01\/23\/jardin-por-que-no-anadir-un-huerto\/#breadcrumb"},"inLanguage":"es","potentialAction":[{"@type":"ReadAction","target":["https:\/\/styqr.fr\/es\/2024\/01\/23\/jardin-por-que-no-anadir-un-huerto\/"]}]},{"@type":"ImageObject","inLanguage":"es","@id":"https:\/\/styqr.fr\/es\/2024\/01\/23\/jardin-por-que-no-anadir-un-huerto\/#primaryimage","url":"https:\/\/styqr.fr\/wp-content\/uploads\/2022\/05\/priscilla-du-preez-JCZ2pE-Szpw-unsplash-scaled.jpg","contentUrl":"https:\/\/styqr.fr\/wp-content\/uploads\/2022\/05\/priscilla-du-preez-JCZ2pE-Szpw-unsplash-scaled.jpg","width":2560,"height":1707},{"@type":"BreadcrumbList","@id":"https:\/\/styqr.fr\/es\/2024\/01\/23\/jardin-por-que-no-anadir-un-huerto\/#breadcrumb","itemListElement":[{"@type":"ListItem","position":1,"name":"Inicio","item":"https:\/\/styqr.fr\/es\/"},{"@type":"ListItem","position":2,"name":"Particulares","item":"https:\/\/styqr.fr\/es\/nos-categories\/particulares\/"},{"@type":"ListItem","position":3,"name":"Jard\u00edn: \u00bfpor qu\u00e9 no a\u00f1adir un huerto?"}]},{"@type":"WebSite","@id":"https:\/\/styqr.fr\/es\/#website","url":"https:\/\/styqr.fr\/es\/","name":"StyQR","description":"Cr\u00e9ez votre livret d&#039;accueil digital personnalis\u00e9 pour vos voyageurs","publisher":{"@id":"https:\/\/styqr.fr\/es\/#organization"},"potentialAction":[{"@type":"SearchAction","target":{"@type":"EntryPoint","urlTemplate":"https:\/\/styqr.fr\/es\/?s={search_term_string}"},"query-input":{"@type":"PropertyValueSpecification","valueRequired":true,"valueName":"search_term_string"}}],"inLanguage":"es"},{"@type":"Organization","@id":"https:\/\/styqr.fr\/es\/#organization","name":"StyQR","url":"https:\/\/styqr.fr\/es\/","logo":{"@type":"ImageObject","inLanguage":"es","@id":"https:\/\/styqr.fr\/es\/#\/schema\/logo\/image\/","url":"https:\/\/styqr.fr\/wp-content\/uploads\/2020\/11\/Fichier-5.png","contentUrl":"https:\/\/styqr.fr\/wp-content\/uploads\/2020\/11\/Fichier-5.png","width":388,"height":194,"caption":"StyQR"},"image":{"@id":"https:\/\/styqr.fr\/es\/#\/schema\/logo\/image\/"},"sameAs":["https:\/\/fr-fr.facebook.com\/styqr\/","https:\/\/www.instagram.com\/styqr_fr\/","https:\/\/fr.linkedin.com\/company\/styqr"],"description":"StyQR, le livret d'accueil digital","email":"contact@styqr.fr","legalName":"SAS StyQR","foundingDate":"2019-05-27","vatID":"FR55824532865","taxID":"82453286500014","numberOfEmployees":{"@type":"QuantitativeValue","minValue":"1","maxValue":"10"}},{"@type":"Person","@id":"https:\/\/styqr.fr\/es\/#\/schema\/person\/9961aca9b86c9501bc1a72282df89aac","name":"Marine","image":{"@type":"ImageObject","inLanguage":"es","@id":"https:\/\/secure.gravatar.com\/avatar\/647b7182996833269bfb418442442520d7a3cf1ce76c2bbb26b93d7fbb28bb58?s=96&d=mm&r=g","url":"https:\/\/secure.gravatar.com\/avatar\/647b7182996833269bfb418442442520d7a3cf1ce76c2bbb26b93d7fbb28bb58?s=96&d=mm&r=g","contentUrl":"https:\/\/secure.gravatar.com\/avatar\/647b7182996833269bfb418442442520d7a3cf1ce76c2bbb26b93d7fbb28bb58?s=96&d=mm&r=g","caption":"Marine"},"sameAs":["https:\/\/x.com\/julien-styqr-admin"]}]}},"_links":{"self":[{"href":"https:\/\/styqr.fr\/es\/wp-json\/wp\/v2\/posts\/100783","targetHints":{"allow":["GET"]}}],"collection":[{"href":"https:\/\/styqr.fr\/es\/wp-json\/wp\/v2\/posts"}],"about":[{"href":"https:\/\/styqr.fr\/es\/wp-json\/wp\/v2\/types\/post"}],"author":[{"embeddable":true,"href":"https:\/\/styqr.fr\/es\/wp-json\/wp\/v2\/users\/3"}],"replies":[{"embeddable":true,"href":"https:\/\/styqr.fr\/es\/wp-json\/wp\/v2\/comments?post=100783"}],"version-history":[{"count":0,"href":"https:\/\/styqr.fr\/es\/wp-json\/wp\/v2\/posts\/100783\/revisions"}],"wp:featuredmedia":[{"embeddable":true,"href":"https:\/\/styqr.fr\/es\/wp-json\/wp\/v2\/media\/89232"}],"wp:attachment":[{"href":"https:\/\/styqr.fr\/es\/wp-json\/wp\/v2\/media?parent=100783"}],"wp:term":[{"taxonomy":"category","embeddable":true,"href":"https:\/\/styqr.fr\/es\/wp-json\/wp\/v2\/categories?post=100783"},{"taxonomy":"post_tag","embeddable":true,"href":"https:\/\/styqr.fr\/es\/wp-json\/wp\/v2\/tags?post=100783"}],"curies":[{"name":"wp","href":"https:\/\/api.w.org\/{rel}","templated":true}]}}