{"id":100778,"date":"2024-01-23T17:15:51","date_gmt":"2024-01-23T16:15:51","guid":{"rendered":"https:\/\/styqr.fr\/2024\/01\/23\/a-granel-en-su-alquiler-lo-mas-eco-responsable\/"},"modified":"2024-12-05T12:31:18","modified_gmt":"2024-12-05T11:31:18","slug":"a-granel-en-su-alquiler-lo-mas-eco-responsable","status":"publish","type":"post","link":"https:\/\/styqr.fr\/es\/2024\/01\/23\/a-granel-en-su-alquiler-lo-mas-eco-responsable\/","title":{"rendered":"Granel en tu alquiler: \u00a1el gesto eco-responsable!"},"content":{"rendered":"<div class=\"wpb-content-wrapper\"><p>[vc_row][vc_column width=\u00bb1\/1&#8243;][vc_column_text uncode_shortcode_id=\u00bb905222&#8243;]<strong>El consumo a granel<\/strong> es cada vez m\u00e1s <strong>popular<\/strong>. Sobre todo, es <strong>cada vez m\u00e1s accesible<\/strong> a t\u00edtulo personal. As\u00ed que, \u00bfpor qu\u00e9 no a\u00f1adir este gesto cotidiano a tu <strong>alquiler<\/strong>?[\/vc_column_text][\/vc_column][\/vc_row][vc_row][vc_column width=\u00bb1\/1&#8243;][vc_single_image media=\u00bb89299&#8243; media_width_percent=\u00bb100&#8243; media_ratio=\u00bbthree-two\u00bb shape=\u00bbimg-round\u00bb radius=\u00bbstd\u00bb uncode_shortcode_id=\u00bb934920&#8243;][vc_row_inner][vc_column_inner column_width_percent=\u00bb100&#8243; gutter_size=\u00bb0&#8243; overlay_alpha=\u00bb50&#8243; shift_x=\u00bb0&#8243; shift_y=\u00bb0&#8243; shift_y_down=\u00bb0&#8243; z_index=\u00bb0&#8243; medium_width=\u00bb0&#8243; mobile_width=\u00bb0&#8243; width=\u00bb1\/1&#8243;][vc_custom_heading uncode_shortcode_id=\u00bb213983&#8243;]<\/p>\n<h2><span class=\"s1\">1. \u00bfQu\u00e9 compro a granel?<\/span><\/h2>\n<p>[\/vc_custom_heading][\/vc_column_inner][\/vc_row_inner][vc_column_text uncode_shortcode_id=\u00bb174961&#8243;]Lo bueno de comprar<strong> a granel<\/strong> hoy en d\u00eda es que puedes comprarlo <strong>TODO<\/strong>. Y cada vez hay m\u00e1s tiendas para hacerlo. Nuestra favorita, porque tiene todo lo que buscas, es <a href=\"https:\/\/daybyday-shop.com\/\" target=\"_blank\" rel=\"noopener\">Day by Day<\/a>. Para satisfacer las necesidades de <strong>tus clientes<\/strong>, y <strong>las tuyas<\/strong> propias en materia de limpieza, esto es lo que puedes comprar:  <\/p>\n<ul>\n<li>Caf\u00e9, t\u00e9, <strong>unas galletas<\/strong>, az\u00facar, sal y pimienta, algunos frutos secos&#8230;<\/li>\n<li><strong>L\u00edquido lavavajillas<\/strong>, gel de manos&#8230;<\/li>\n<li>L\u00edquido lavavajillas, <strong>detergente l\u00edquido<\/strong>&#8230;<\/li>\n<li><strong>Cepillos de madera<\/strong> para verduras, limpieza&#8230;<\/li>\n<\/ul>\n<p>Para implicarte <strong>al 100%<\/strong>, puedes llevarte <strong>tus propios envases<\/strong>: o directamente <strong>tarros de cristal<\/strong>, pero ten cuidado, pesan mucho, o <strong>bolsas de tela o pl\u00e1stico<\/strong>. Para los <strong>productos dom\u00e9sticos, \u00a1<\/strong> lleva directamente tus <strong>botellas vac\u00edas<\/strong>![\/vc_column_text][\/vc_column][\/vc_row][vc_row][vc_column width=\u00bb1\/1&#8243;][vc_single_image media=\u00bb89297&#8243; media_width_percent=\u00bb100&#8243; media_ratio=\u00bbthree-two\u00bb shape=\u00bbimg-round\u00bb radius=\u00bbstd\u00bb uncode_shortcode_id=\u00bb195620&#8243;][vc_row_inner][vc_column_inner column_width_percent=\u00bb100&#8243; gutter_size=\u00bb0&#8243; overlay_alpha=\u00bb50&#8243; shift_x=\u00bb0&#8243; shift_y=\u00bb0&#8243; shift_y_down=\u00bb0&#8243; z_index=\u00bb0&#8243; medium_width=\u00bb0&#8243; mobile_width=\u00bb0&#8243; width=\u00bb1\/1&#8243;][vc_custom_heading uncode_shortcode_id=\u00bb363007&#8243;]<\/p>\n<h2><span class=\"s1\">2. C\u00f3mo se lo hago saber a la gente<\/span><\/h2>\n<p>[\/vc_custom_heading][\/vc_column_inner][\/vc_row_inner][vc_column_text uncode_shortcode_id=\u00bb173424&#8243;]La forma <strong>m\u00e1s f\u00e1cil<\/strong> de animar a tus clientes a hacer lo que t\u00fa haces, o de <strong>informarles<\/strong> de que compras a granel, sigue siendo dec\u00edrselo verbalmente. Pero con la<strong>euforia<\/strong> de la llegada y la <strong>fatiga<\/strong> del viaje, algunos pueden olvidar esta informaci\u00f3n. Por eso nuestro <a href=\"https:\/\/styqr.fr\/les-livrets\/\" target=\"_blank\" rel=\"noopener\"><strong>folleto digital de bienvenida<\/strong> <\/a>te ser\u00e1 muy \u00fatil para insertar un <strong>breve p\u00e1rrafo<\/strong> sobre este gesto ecol\u00f3gico por tu parte. Con nuestro folleto, tambi\u00e9n podr\u00e1s <strong>negociar<\/strong> con tu distribuidor un descuento para tus clientes, \u00a1y es una <strong>idea realmente buena<\/strong>! Podr\u00e1n hacer sus compras por menos gracias a ti.[\/vc_column_text][\/vc_column][\/vc_row][vc_row][vc_column width=\u00bb1\/1&#8243;][vc_column_text uncode_shortcode_id=\u00bb103969&#8243;]Y ahora tu alquiler se vuelve un poco <a href=\"https:\/\/styqr.fr\/es\/2024\/01\/23\/alojamiento-ecologico-que-es\/\" target=\"_blank\" rel=\"noopener\"><strong>m\u00e1s verde<\/strong><\/a> \u00a1! Y gracias a ti, quiz\u00e1 algunos de tus clientes se pasen al granel, \u00bfqui\u00e9n sabe?[\/vc_column_text][\/vc_column][\/vc_row]<\/p>\n<\/div>","protected":false},"excerpt":{"rendered":"<p>\u00bfC\u00f3mo y por qu\u00e9 deber\u00edas ofrecer ingredientes a granel para tu alquiler?  <\/p>\n","protected":false},"author":3,"featured_media":96529,"comment_status":"closed","ping_status":"open","sticky":false,"template":"","format":"standard","meta":{"footnotes":""},"categories":[910],"tags":[2006,2011,2041,1926,1934,1966],"class_list":["post-100778","post","type-post","status-publish","format-standard","has-post-thumbnail","hentry","category-particulares","tag-alquiler","tag-tendencia","tag-ecorresponsable","tag-folleto-de-bienvenida","tag-styqr-es","tag-digital-es"],"yoast_head":"<!-- This site is optimized with the Yoast SEO Premium plugin v27.4 (Yoast SEO v27.4) - https:\/\/yoast.com\/product\/yoast-seo-premium-wordpress\/ -->\n<title>Produits a granel - StyQR, votre nouvelle bonne id\u00e9e !<\/title>\n<meta name=\"description\" content=\"Optez pour les produits a granel avec StyQR : aliments, cosm\u00e9tiques et nettoyage. \u00c9conomisez et r\u00e9duisez les d\u00e9chets en un seul clic !\" \/>\n<meta name=\"robots\" content=\"index, follow, max-snippet:-1, max-image-preview:large, max-video-preview:-1\" \/>\n<link rel=\"canonical\" href=\"https:\/\/styqr.fr\/es\/2024\/01\/23\/a-granel-en-su-alquiler-lo-mas-eco-responsable\/\" \/>\n<meta property=\"og:locale\" content=\"es_ES\" \/>\n<meta property=\"og:type\" content=\"article\" \/>\n<meta property=\"og:title\" content=\"StyQR | Le livret d&#039;accueil digital\" \/>\n<meta property=\"og:description\" content=\"Optez pour les produits a granel avec StyQR : aliments, cosm\u00e9tiques et nettoyage. \u00c9conomisez et r\u00e9duisez les d\u00e9chets en un seul clic !\" \/>\n<meta property=\"og:url\" content=\"https:\/\/styqr.fr\/es\/2024\/01\/23\/a-granel-en-su-alquiler-lo-mas-eco-responsable\/\" \/>\n<meta property=\"og:site_name\" content=\"StyQR\" \/>\n<meta property=\"article:publisher\" content=\"https:\/\/fr-fr.facebook.com\/styqr\/\" \/>\n<meta property=\"article:published_time\" content=\"2024-01-23T16:15:51+00:00\" \/>\n<meta property=\"article:modified_time\" content=\"2024-12-05T11:31:18+00:00\" \/>\n<meta property=\"og:image\" content=\"https:\/\/styqr.fr\/wp-content\/uploads\/2022\/05\/storage-of-bulk-products-and-cereals-in-glass-jars-2021-10-21-03-49-11-utc-scaled.jpg\" \/>\n\t<meta property=\"og:image:width\" content=\"2560\" \/>\n\t<meta property=\"og:image:height\" content=\"1440\" \/>\n\t<meta property=\"og:image:type\" content=\"image\/jpeg\" \/>\n<meta name=\"author\" content=\"Marine\" \/>\n<meta name=\"twitter:card\" content=\"summary_large_image\" \/>\n<meta name=\"twitter:creator\" content=\"@julien-styqr-admin\" \/>\n<script type=\"application\/ld+json\" class=\"yoast-schema-graph\">{\"@context\":\"https:\\\/\\\/schema.org\",\"@graph\":[{\"@type\":\"Article\",\"@id\":\"https:\\\/\\\/styqr.fr\\\/es\\\/2024\\\/01\\\/23\\\/a-granel-en-su-alquiler-lo-mas-eco-responsable\\\/#article\",\"isPartOf\":{\"@id\":\"https:\\\/\\\/styqr.fr\\\/es\\\/2024\\\/01\\\/23\\\/a-granel-en-su-alquiler-lo-mas-eco-responsable\\\/\"},\"author\":{\"name\":\"Marine\",\"@id\":\"https:\\\/\\\/styqr.fr\\\/es\\\/#\\\/schema\\\/person\\\/9961aca9b86c9501bc1a72282df89aac\"},\"headline\":\"Granel en tu alquiler: \u00a1el gesto eco-responsable!\",\"datePublished\":\"2024-01-23T16:15:51+00:00\",\"dateModified\":\"2024-12-05T11:31:18+00:00\",\"mainEntityOfPage\":{\"@id\":\"https:\\\/\\\/styqr.fr\\\/es\\\/2024\\\/01\\\/23\\\/a-granel-en-su-alquiler-lo-mas-eco-responsable\\\/\"},\"wordCount\":499,\"publisher\":{\"@id\":\"https:\\\/\\\/styqr.fr\\\/es\\\/#organization\"},\"image\":{\"@id\":\"https:\\\/\\\/styqr.fr\\\/es\\\/2024\\\/01\\\/23\\\/a-granel-en-su-alquiler-lo-mas-eco-responsable\\\/#primaryimage\"},\"thumbnailUrl\":\"https:\\\/\\\/styqr.fr\\\/wp-content\\\/uploads\\\/2022\\\/05\\\/storage-of-bulk-products-and-cereals-in-glass-jars-2021-10-21-03-49-11-utc-scaled.jpg\",\"keywords\":[\"alquiler\",\"tendencia\",\"ecorresponsable\",\"folleto de bienvenida\",\"styqr\",\"digital\"],\"articleSection\":[\"Particulares\"],\"inLanguage\":\"es\"},{\"@type\":\"WebPage\",\"@id\":\"https:\\\/\\\/styqr.fr\\\/es\\\/2024\\\/01\\\/23\\\/a-granel-en-su-alquiler-lo-mas-eco-responsable\\\/\",\"url\":\"https:\\\/\\\/styqr.fr\\\/es\\\/2024\\\/01\\\/23\\\/a-granel-en-su-alquiler-lo-mas-eco-responsable\\\/\",\"name\":\"Produits a granel - StyQR, votre nouvelle bonne id\u00e9e !\",\"isPartOf\":{\"@id\":\"https:\\\/\\\/styqr.fr\\\/es\\\/#website\"},\"primaryImageOfPage\":{\"@id\":\"https:\\\/\\\/styqr.fr\\\/es\\\/2024\\\/01\\\/23\\\/a-granel-en-su-alquiler-lo-mas-eco-responsable\\\/#primaryimage\"},\"image\":{\"@id\":\"https:\\\/\\\/styqr.fr\\\/es\\\/2024\\\/01\\\/23\\\/a-granel-en-su-alquiler-lo-mas-eco-responsable\\\/#primaryimage\"},\"thumbnailUrl\":\"https:\\\/\\\/styqr.fr\\\/wp-content\\\/uploads\\\/2022\\\/05\\\/storage-of-bulk-products-and-cereals-in-glass-jars-2021-10-21-03-49-11-utc-scaled.jpg\",\"datePublished\":\"2024-01-23T16:15:51+00:00\",\"dateModified\":\"2024-12-05T11:31:18+00:00\",\"description\":\"Optez pour les produits a granel avec StyQR : aliments, cosm\u00e9tiques et nettoyage. \u00c9conomisez et r\u00e9duisez les d\u00e9chets en un seul clic !\",\"breadcrumb\":{\"@id\":\"https:\\\/\\\/styqr.fr\\\/es\\\/2024\\\/01\\\/23\\\/a-granel-en-su-alquiler-lo-mas-eco-responsable\\\/#breadcrumb\"},\"inLanguage\":\"es\",\"potentialAction\":[{\"@type\":\"ReadAction\",\"target\":[\"https:\\\/\\\/styqr.fr\\\/es\\\/2024\\\/01\\\/23\\\/a-granel-en-su-alquiler-lo-mas-eco-responsable\\\/\"]}]},{\"@type\":\"ImageObject\",\"inLanguage\":\"es\",\"@id\":\"https:\\\/\\\/styqr.fr\\\/es\\\/2024\\\/01\\\/23\\\/a-granel-en-su-alquiler-lo-mas-eco-responsable\\\/#primaryimage\",\"url\":\"https:\\\/\\\/styqr.fr\\\/wp-content\\\/uploads\\\/2022\\\/05\\\/storage-of-bulk-products-and-cereals-in-glass-jars-2021-10-21-03-49-11-utc-scaled.jpg\",\"contentUrl\":\"https:\\\/\\\/styqr.fr\\\/wp-content\\\/uploads\\\/2022\\\/05\\\/storage-of-bulk-products-and-cereals-in-glass-jars-2021-10-21-03-49-11-utc-scaled.jpg\",\"width\":2560,\"height\":1440},{\"@type\":\"BreadcrumbList\",\"@id\":\"https:\\\/\\\/styqr.fr\\\/es\\\/2024\\\/01\\\/23\\\/a-granel-en-su-alquiler-lo-mas-eco-responsable\\\/#breadcrumb\",\"itemListElement\":[{\"@type\":\"ListItem\",\"position\":1,\"name\":\"Inicio\",\"item\":\"https:\\\/\\\/styqr.fr\\\/es\\\/\"},{\"@type\":\"ListItem\",\"position\":2,\"name\":\"Particulares\",\"item\":\"https:\\\/\\\/styqr.fr\\\/es\\\/nos-categories\\\/particulares\\\/\"},{\"@type\":\"ListItem\",\"position\":3,\"name\":\"Granel en tu alquiler: \u00a1el gesto eco-responsable!\"}]},{\"@type\":\"WebSite\",\"@id\":\"https:\\\/\\\/styqr.fr\\\/es\\\/#website\",\"url\":\"https:\\\/\\\/styqr.fr\\\/es\\\/\",\"name\":\"StyQR\",\"description\":\"Cr\u00e9ez votre livret d&#039;accueil digital personnalis\u00e9 pour vos voyageurs\",\"publisher\":{\"@id\":\"https:\\\/\\\/styqr.fr\\\/es\\\/#organization\"},\"potentialAction\":[{\"@type\":\"SearchAction\",\"target\":{\"@type\":\"EntryPoint\",\"urlTemplate\":\"https:\\\/\\\/styqr.fr\\\/es\\\/?s={search_term_string}\"},\"query-input\":{\"@type\":\"PropertyValueSpecification\",\"valueRequired\":true,\"valueName\":\"search_term_string\"}}],\"inLanguage\":\"es\"},{\"@type\":\"Organization\",\"@id\":\"https:\\\/\\\/styqr.fr\\\/es\\\/#organization\",\"name\":\"StyQR\",\"url\":\"https:\\\/\\\/styqr.fr\\\/es\\\/\",\"logo\":{\"@type\":\"ImageObject\",\"inLanguage\":\"es\",\"@id\":\"https:\\\/\\\/styqr.fr\\\/es\\\/#\\\/schema\\\/logo\\\/image\\\/\",\"url\":\"https:\\\/\\\/styqr.fr\\\/wp-content\\\/uploads\\\/2020\\\/11\\\/Fichier-5.png\",\"contentUrl\":\"https:\\\/\\\/styqr.fr\\\/wp-content\\\/uploads\\\/2020\\\/11\\\/Fichier-5.png\",\"width\":388,\"height\":194,\"caption\":\"StyQR\"},\"image\":{\"@id\":\"https:\\\/\\\/styqr.fr\\\/es\\\/#\\\/schema\\\/logo\\\/image\\\/\"},\"sameAs\":[\"https:\\\/\\\/fr-fr.facebook.com\\\/styqr\\\/\",\"https:\\\/\\\/www.instagram.com\\\/styqr_fr\\\/\",\"https:\\\/\\\/fr.linkedin.com\\\/company\\\/styqr\"],\"description\":\"StyQR, le livret d'accueil digital\",\"email\":\"contact@styqr.fr\",\"legalName\":\"SAS StyQR\",\"foundingDate\":\"2019-05-27\",\"vatID\":\"FR55824532865\",\"taxID\":\"82453286500014\",\"numberOfEmployees\":{\"@type\":\"QuantitativeValue\",\"minValue\":\"1\",\"maxValue\":\"10\"}},{\"@type\":\"Person\",\"@id\":\"https:\\\/\\\/styqr.fr\\\/es\\\/#\\\/schema\\\/person\\\/9961aca9b86c9501bc1a72282df89aac\",\"name\":\"Marine\",\"image\":{\"@type\":\"ImageObject\",\"inLanguage\":\"es\",\"@id\":\"https:\\\/\\\/secure.gravatar.com\\\/avatar\\\/647b7182996833269bfb418442442520d7a3cf1ce76c2bbb26b93d7fbb28bb58?s=96&d=mm&r=g\",\"url\":\"https:\\\/\\\/secure.gravatar.com\\\/avatar\\\/647b7182996833269bfb418442442520d7a3cf1ce76c2bbb26b93d7fbb28bb58?s=96&d=mm&r=g\",\"contentUrl\":\"https:\\\/\\\/secure.gravatar.com\\\/avatar\\\/647b7182996833269bfb418442442520d7a3cf1ce76c2bbb26b93d7fbb28bb58?s=96&d=mm&r=g\",\"caption\":\"Marine\"},\"sameAs\":[\"https:\\\/\\\/x.com\\\/julien-styqr-admin\"]}]}<\/script>\n<!-- \/ Yoast SEO Premium plugin. -->","yoast_head_json":{"title":"Produits a granel - StyQR, votre nouvelle bonne id\u00e9e !","description":"Optez pour les produits a granel avec StyQR : aliments, cosm\u00e9tiques et nettoyage. \u00c9conomisez et r\u00e9duisez les d\u00e9chets en un seul clic !","robots":{"index":"index","follow":"follow","max-snippet":"max-snippet:-1","max-image-preview":"max-image-preview:large","max-video-preview":"max-video-preview:-1"},"canonical":"https:\/\/styqr.fr\/es\/2024\/01\/23\/a-granel-en-su-alquiler-lo-mas-eco-responsable\/","og_locale":"es_ES","og_type":"article","og_title":"StyQR | Le livret d'accueil digital","og_description":"Optez pour les produits a granel avec StyQR : aliments, cosm\u00e9tiques et nettoyage. \u00c9conomisez et r\u00e9duisez les d\u00e9chets en un seul clic !","og_url":"https:\/\/styqr.fr\/es\/2024\/01\/23\/a-granel-en-su-alquiler-lo-mas-eco-responsable\/","og_site_name":"StyQR","article_publisher":"https:\/\/fr-fr.facebook.com\/styqr\/","article_published_time":"2024-01-23T16:15:51+00:00","article_modified_time":"2024-12-05T11:31:18+00:00","og_image":[{"width":2560,"height":1440,"url":"https:\/\/styqr.fr\/wp-content\/uploads\/2022\/05\/storage-of-bulk-products-and-cereals-in-glass-jars-2021-10-21-03-49-11-utc-scaled.jpg","type":"image\/jpeg"}],"author":"Marine","twitter_card":"summary_large_image","twitter_creator":"@julien-styqr-admin","schema":{"@context":"https:\/\/schema.org","@graph":[{"@type":"Article","@id":"https:\/\/styqr.fr\/es\/2024\/01\/23\/a-granel-en-su-alquiler-lo-mas-eco-responsable\/#article","isPartOf":{"@id":"https:\/\/styqr.fr\/es\/2024\/01\/23\/a-granel-en-su-alquiler-lo-mas-eco-responsable\/"},"author":{"name":"Marine","@id":"https:\/\/styqr.fr\/es\/#\/schema\/person\/9961aca9b86c9501bc1a72282df89aac"},"headline":"Granel en tu alquiler: \u00a1el gesto eco-responsable!","datePublished":"2024-01-23T16:15:51+00:00","dateModified":"2024-12-05T11:31:18+00:00","mainEntityOfPage":{"@id":"https:\/\/styqr.fr\/es\/2024\/01\/23\/a-granel-en-su-alquiler-lo-mas-eco-responsable\/"},"wordCount":499,"publisher":{"@id":"https:\/\/styqr.fr\/es\/#organization"},"image":{"@id":"https:\/\/styqr.fr\/es\/2024\/01\/23\/a-granel-en-su-alquiler-lo-mas-eco-responsable\/#primaryimage"},"thumbnailUrl":"https:\/\/styqr.fr\/wp-content\/uploads\/2022\/05\/storage-of-bulk-products-and-cereals-in-glass-jars-2021-10-21-03-49-11-utc-scaled.jpg","keywords":["alquiler","tendencia","ecorresponsable","folleto de bienvenida","styqr","digital"],"articleSection":["Particulares"],"inLanguage":"es"},{"@type":"WebPage","@id":"https:\/\/styqr.fr\/es\/2024\/01\/23\/a-granel-en-su-alquiler-lo-mas-eco-responsable\/","url":"https:\/\/styqr.fr\/es\/2024\/01\/23\/a-granel-en-su-alquiler-lo-mas-eco-responsable\/","name":"Produits a granel - StyQR, votre nouvelle bonne id\u00e9e !","isPartOf":{"@id":"https:\/\/styqr.fr\/es\/#website"},"primaryImageOfPage":{"@id":"https:\/\/styqr.fr\/es\/2024\/01\/23\/a-granel-en-su-alquiler-lo-mas-eco-responsable\/#primaryimage"},"image":{"@id":"https:\/\/styqr.fr\/es\/2024\/01\/23\/a-granel-en-su-alquiler-lo-mas-eco-responsable\/#primaryimage"},"thumbnailUrl":"https:\/\/styqr.fr\/wp-content\/uploads\/2022\/05\/storage-of-bulk-products-and-cereals-in-glass-jars-2021-10-21-03-49-11-utc-scaled.jpg","datePublished":"2024-01-23T16:15:51+00:00","dateModified":"2024-12-05T11:31:18+00:00","description":"Optez pour les produits a granel avec StyQR : aliments, cosm\u00e9tiques et nettoyage. \u00c9conomisez et r\u00e9duisez les d\u00e9chets en un seul clic !","breadcrumb":{"@id":"https:\/\/styqr.fr\/es\/2024\/01\/23\/a-granel-en-su-alquiler-lo-mas-eco-responsable\/#breadcrumb"},"inLanguage":"es","potentialAction":[{"@type":"ReadAction","target":["https:\/\/styqr.fr\/es\/2024\/01\/23\/a-granel-en-su-alquiler-lo-mas-eco-responsable\/"]}]},{"@type":"ImageObject","inLanguage":"es","@id":"https:\/\/styqr.fr\/es\/2024\/01\/23\/a-granel-en-su-alquiler-lo-mas-eco-responsable\/#primaryimage","url":"https:\/\/styqr.fr\/wp-content\/uploads\/2022\/05\/storage-of-bulk-products-and-cereals-in-glass-jars-2021-10-21-03-49-11-utc-scaled.jpg","contentUrl":"https:\/\/styqr.fr\/wp-content\/uploads\/2022\/05\/storage-of-bulk-products-and-cereals-in-glass-jars-2021-10-21-03-49-11-utc-scaled.jpg","width":2560,"height":1440},{"@type":"BreadcrumbList","@id":"https:\/\/styqr.fr\/es\/2024\/01\/23\/a-granel-en-su-alquiler-lo-mas-eco-responsable\/#breadcrumb","itemListElement":[{"@type":"ListItem","position":1,"name":"Inicio","item":"https:\/\/styqr.fr\/es\/"},{"@type":"ListItem","position":2,"name":"Particulares","item":"https:\/\/styqr.fr\/es\/nos-categories\/particulares\/"},{"@type":"ListItem","position":3,"name":"Granel en tu alquiler: \u00a1el gesto eco-responsable!"}]},{"@type":"WebSite","@id":"https:\/\/styqr.fr\/es\/#website","url":"https:\/\/styqr.fr\/es\/","name":"StyQR","description":"Cr\u00e9ez votre livret d&#039;accueil digital personnalis\u00e9 pour vos voyageurs","publisher":{"@id":"https:\/\/styqr.fr\/es\/#organization"},"potentialAction":[{"@type":"SearchAction","target":{"@type":"EntryPoint","urlTemplate":"https:\/\/styqr.fr\/es\/?s={search_term_string}"},"query-input":{"@type":"PropertyValueSpecification","valueRequired":true,"valueName":"search_term_string"}}],"inLanguage":"es"},{"@type":"Organization","@id":"https:\/\/styqr.fr\/es\/#organization","name":"StyQR","url":"https:\/\/styqr.fr\/es\/","logo":{"@type":"ImageObject","inLanguage":"es","@id":"https:\/\/styqr.fr\/es\/#\/schema\/logo\/image\/","url":"https:\/\/styqr.fr\/wp-content\/uploads\/2020\/11\/Fichier-5.png","contentUrl":"https:\/\/styqr.fr\/wp-content\/uploads\/2020\/11\/Fichier-5.png","width":388,"height":194,"caption":"StyQR"},"image":{"@id":"https:\/\/styqr.fr\/es\/#\/schema\/logo\/image\/"},"sameAs":["https:\/\/fr-fr.facebook.com\/styqr\/","https:\/\/www.instagram.com\/styqr_fr\/","https:\/\/fr.linkedin.com\/company\/styqr"],"description":"StyQR, le livret d'accueil digital","email":"contact@styqr.fr","legalName":"SAS StyQR","foundingDate":"2019-05-27","vatID":"FR55824532865","taxID":"82453286500014","numberOfEmployees":{"@type":"QuantitativeValue","minValue":"1","maxValue":"10"}},{"@type":"Person","@id":"https:\/\/styqr.fr\/es\/#\/schema\/person\/9961aca9b86c9501bc1a72282df89aac","name":"Marine","image":{"@type":"ImageObject","inLanguage":"es","@id":"https:\/\/secure.gravatar.com\/avatar\/647b7182996833269bfb418442442520d7a3cf1ce76c2bbb26b93d7fbb28bb58?s=96&d=mm&r=g","url":"https:\/\/secure.gravatar.com\/avatar\/647b7182996833269bfb418442442520d7a3cf1ce76c2bbb26b93d7fbb28bb58?s=96&d=mm&r=g","contentUrl":"https:\/\/secure.gravatar.com\/avatar\/647b7182996833269bfb418442442520d7a3cf1ce76c2bbb26b93d7fbb28bb58?s=96&d=mm&r=g","caption":"Marine"},"sameAs":["https:\/\/x.com\/julien-styqr-admin"]}]}},"_links":{"self":[{"href":"https:\/\/styqr.fr\/es\/wp-json\/wp\/v2\/posts\/100778","targetHints":{"allow":["GET"]}}],"collection":[{"href":"https:\/\/styqr.fr\/es\/wp-json\/wp\/v2\/posts"}],"about":[{"href":"https:\/\/styqr.fr\/es\/wp-json\/wp\/v2\/types\/post"}],"author":[{"embeddable":true,"href":"https:\/\/styqr.fr\/es\/wp-json\/wp\/v2\/users\/3"}],"replies":[{"embeddable":true,"href":"https:\/\/styqr.fr\/es\/wp-json\/wp\/v2\/comments?post=100778"}],"version-history":[{"count":0,"href":"https:\/\/styqr.fr\/es\/wp-json\/wp\/v2\/posts\/100778\/revisions"}],"wp:featuredmedia":[{"embeddable":true,"href":"https:\/\/styqr.fr\/es\/wp-json\/wp\/v2\/media\/96529"}],"wp:attachment":[{"href":"https:\/\/styqr.fr\/es\/wp-json\/wp\/v2\/media?parent=100778"}],"wp:term":[{"taxonomy":"category","embeddable":true,"href":"https:\/\/styqr.fr\/es\/wp-json\/wp\/v2\/categories?post=100778"},{"taxonomy":"post_tag","embeddable":true,"href":"https:\/\/styqr.fr\/es\/wp-json\/wp\/v2\/tags?post=100778"}],"curies":[{"name":"wp","href":"https:\/\/api.w.org\/{rel}","templated":true}]}}