{"id":100746,"date":"2024-01-23T17:15:50","date_gmt":"2024-01-23T16:15:50","guid":{"rendered":"https:\/\/styqr.fr\/2024\/01\/23\/vive-la-vida-de-un-castillo-durante-tus-vacaciones-de-verano\/"},"modified":"2025-01-23T11:07:37","modified_gmt":"2025-01-23T10:07:37","slug":"vive-la-vida-de-un-castillo-durante-tus-vacaciones-de-verano","status":"publish","type":"post","link":"https:\/\/styqr.fr\/es\/2024\/01\/23\/vive-la-vida-de-un-castillo-durante-tus-vacaciones-de-verano\/","title":{"rendered":"\u00a1Vive la vida de castillo durante tus vacaciones!"},"content":{"rendered":"<div class=\"wpb-content-wrapper\"><p>[vc_row][vc_column width=\u00bb1\/1&#8243;][vc_column_text uncode_shortcode_id=\u00bb201950&#8243;]\u00bfQui\u00e9n no ha so\u00f1ado alguna vez con vivir <strong>la vida de un castillo<\/strong>? Es posible durante unos d\u00edas o unas semanas en <strong>Francia<\/strong> (y en otros lugares), \u00a1y aqu\u00ed tienes nuestra selecci\u00f3n![\/vc_column_text][\/vc_column][\/vc_row][vc_row][vc_column width=\u00bb1\/1&#8243;][vc_single_image media=\u00bb89252&#8243; media_width_percent=\u00bb100&#8243; media_ratio=\u00bbthree-two\u00bb shape=\u00bbimg-round\u00bb radius=\u00bbstd\u00bb uncode_shortcode_id=\u00bb394966&#8243;][vc_row_inner][vc_column_inner column_width_percent=\u00bb100&#8243; gutter_size=\u00bb0&#8243; overlay_alpha=\u00bb50&#8243; shift_x=\u00bb0&#8243; shift_y=\u00bb0&#8243; shift_y_down=\u00bb0&#8243; z_index=\u00bb0&#8243; medium_width=\u00bb0&#8243; mobile_width=\u00bb0&#8243; width=\u00bb1\/1&#8243;][vc_custom_heading uncode_shortcode_id=\u00bb151068&#8243;]<\/p>\n<h2><span class=\"s1\">1. Castillo de Coislin<\/span><\/h2>\n<p>[\/vc_custom_heading][\/vc_column_inner][\/vc_row_inner][vc_column_text uncode_shortcode_id=\u00bb197434&#8243;]15 personas, 9 habitaciones, una piscina, 10 hect\u00e1reas de parque&#8230; Esto es lo que te espera en este magn\u00edfico castillo de <strong>Normand\u00eda<\/strong>. Recientemente <strong>renovado<\/strong>, el edificio data del <strong>siglo XIX<\/strong> y te sumergir\u00e1 en otra \u00e9poca. Para reservar, <a href=\"https:\/\/www.votre-chateau-de-famille.com\/chateau\/chateau-de-coislin\/\" target=\"_blank\" rel=\"noopener\">haz clic aqu\u00ed<\/a>.[\/vc_column_text][\/vc_column][\/vc_row][vc_row][vc_column width=\u00bb1\/1&#8243;][vc_single_image media=\u00bb89254&#8243; media_width_percent=\u00bb100&#8243; media_ratio=\u00bbthree-two\u00bb shape=\u00bbimg-round\u00bb radius=\u00bbstd\u00bb uncode_shortcode_id=\u00bb167000&#8243;][vc_row_inner][vc_column_inner column_width_percent=\u00bb100&#8243; gutter_size=\u00bb0&#8243; overlay_alpha=\u00bb50&#8243; shift_x=\u00bb0&#8243; shift_y=\u00bb0&#8243; shift_y_down=\u00bb0&#8243; z_index=\u00bb0&#8243; medium_width=\u00bb0&#8243; mobile_width=\u00bb0&#8243; width=\u00bb1\/1&#8243;][vc_custom_heading uncode_shortcode_id=\u00bb848235&#8243;]<\/p>\n<h2><span class=\"s1\">2. Un castillo en Dordo\u00f1a<\/span><\/h2>\n<p>[\/vc_custom_heading][\/vc_column_inner][\/vc_row_inner][vc_column_text uncode_shortcode_id=\u00bb272220&#8243;]Aqu\u00ed, 4 hect\u00e1reas de terreno, 7 dormitorios, una hermosa piscina&#8230; Adem\u00e1s, <strong>se admiten mascotas<\/strong>, para que tambi\u00e9n puedan disfrutar de esta dulce vida. \u00a1Puedes ser <strong>17<\/strong> para <a href=\"https:\/\/www.coinsecret.com\/dordogne\/location-vacances\/location-chateau-dordogne-1699\" target=\"_blank\" rel=\"noopener\">disfrutar de este peque\u00f1o para\u00edso<\/a>![\/vc_column_text][\/vc_column][\/vc_row][vc_row][vc_column width=\u00bb1\/1&#8243;][vc_single_image media=\u00bb89256&#8243; media_width_percent=\u00bb100&#8243; media_ratio=\u00bbthree-two\u00bb shape=\u00bbimg-round\u00bb radius=\u00bbstd\u00bb uncode_shortcode_id=\u00bb187288&#8243;][vc_row_inner][vc_column_inner column_width_percent=\u00bb100&#8243; gutter_size=\u00bb0&#8243; overlay_alpha=\u00bb50&#8243; shift_x=\u00bb0&#8243; shift_y=\u00bb0&#8243; shift_y_down=\u00bb0&#8243; z_index=\u00bb0&#8243; medium_width=\u00bb0&#8243; mobile_width=\u00bb0&#8243; width=\u00bb1\/1&#8243;][vc_custom_heading uncode_shortcode_id=\u00bb204306&#8243;]<\/p>\n<h2><span class=\"s1\">3. En la calma del Lub\u00e9ron<\/span><\/h2>\n<p>[\/vc_custom_heading][\/vc_column_inner][\/vc_row_inner][vc_column_text uncode_shortcode_id=\u00bb159166&#8243;]7<strong>.500<\/strong> m\u00b2 de parque complementados con 3,6 hect\u00e1reas de terreno arbolado, una <strong>sublime piscina<\/strong> arbolada, <strong>vistas incre\u00edbles<\/strong> y la <strong>suavidad del Sur<\/strong>. 8 habitaciones, 7 cuartos de ba\u00f1o, ha sido completamente restaurada conservando el <strong>encanto de lo antiguo.<\/strong> \u00a1No querr\u00e1s <a href=\"https:\/\/proprietes.lefigaro.fr\/location-vacances\/chateau-vaucluse-provence+alpes+cote+d+azur-france\/35446109\/\" target=\"_blank\" rel=\"noopener\">marcharte<\/a>![\/vc_column_text][\/vc_column][\/vc_row][vc_row][vc_column width=\u00bb1\/1&#8243;][vc_column_text uncode_shortcode_id=\u00bb420055&#8243;]\u00bfQuieres hacer una reserva? \u00a1Hazlo y cu\u00e9ntanos tu <strong>experiencia<\/strong>! Y si eres m\u00e1s <strong>amante de la naturaleza<\/strong>, tambi\u00e9n tenemos <a href=\"https:\/\/styqr.fr\/es\/2024\/01\/23\/desintoxicacion-de-la-naturaleza-top-3-de-los-lugares-mas-bellos-de-francia\/\" target=\"_blank\" rel=\"noopener\"><strong>justo lo que buscas<\/strong><\/a> \u00a1![\/vc_column_text][\/vc_column][\/vc_row]<\/p>\n<\/div>","protected":false},"excerpt":{"rendered":"<p>\u00bfTe apetecen unas vacaciones reales?  <\/p>\n","protected":false},"author":3,"featured_media":89250,"comment_status":"closed","ping_status":"open","sticky":false,"template":"","format":"standard","meta":{"footnotes":""},"categories":[910],"tags":[1966,2006,2182,1926,1934,1949],"class_list":["post-100746","post","type-post","status-publish","format-standard","has-post-thumbnail","hentry","category-particulares","tag-digital-es","tag-alquiler","tag-castillo","tag-folleto-de-bienvenida","tag-styqr-es","tag-france-es"],"yoast_head":"<!-- This site is optimized with the Yoast SEO Premium plugin v27.4 (Yoast SEO v27.4) - https:\/\/yoast.com\/product\/yoast-seo-premium-wordpress\/ -->\n<title>La vie dans les ch\u00e2teaux : louez votre r\u00eave avec StyQR.<\/title>\n<meta name=\"description\" content=\"Scopri i castelli pi\u00f9 affascinanti da affittare in Francia per una vacanza da sogno. Prenota ora e vivi un&#039;esperienza indimenticabile!\" \/>\n<meta name=\"robots\" content=\"index, follow, max-snippet:-1, max-image-preview:large, max-video-preview:-1\" \/>\n<link rel=\"canonical\" href=\"https:\/\/styqr.fr\/es\/2024\/01\/23\/vive-la-vida-de-un-castillo-durante-tus-vacaciones-de-verano\/\" \/>\n<meta property=\"og:locale\" content=\"es_ES\" \/>\n<meta property=\"og:type\" content=\"article\" \/>\n<meta property=\"og:title\" content=\"StyQR | Le livret d&#039;accueil digital\" \/>\n<meta property=\"og:description\" content=\"Scopri i castelli pi\u00f9 affascinanti da affittare in Francia per una vacanza da sogno. Prenota ora e vivi un&#039;esperienza indimenticabile!\" \/>\n<meta property=\"og:url\" content=\"https:\/\/styqr.fr\/es\/2024\/01\/23\/vive-la-vida-de-un-castillo-durante-tus-vacaciones-de-verano\/\" \/>\n<meta property=\"og:site_name\" content=\"StyQR\" \/>\n<meta property=\"article:publisher\" content=\"https:\/\/fr-fr.facebook.com\/styqr\/\" \/>\n<meta property=\"article:published_time\" content=\"2024-01-23T16:15:50+00:00\" \/>\n<meta property=\"article:modified_time\" content=\"2025-01-23T10:07:37+00:00\" \/>\n<meta property=\"og:image\" content=\"https:\/\/styqr.fr\/wp-content\/uploads\/2022\/05\/joran-quinten-KUpexpDtANE-unsplash-scaled.jpg\" \/>\n\t<meta property=\"og:image:width\" content=\"2560\" \/>\n\t<meta property=\"og:image:height\" content=\"1920\" \/>\n\t<meta property=\"og:image:type\" content=\"image\/jpeg\" \/>\n<meta name=\"author\" content=\"Marine\" \/>\n<meta name=\"twitter:card\" content=\"summary_large_image\" \/>\n<meta name=\"twitter:creator\" content=\"@julien-styqr-admin\" \/>\n<script type=\"application\/ld+json\" class=\"yoast-schema-graph\">{\"@context\":\"https:\\\/\\\/schema.org\",\"@graph\":[{\"@type\":\"Article\",\"@id\":\"https:\\\/\\\/styqr.fr\\\/es\\\/2024\\\/01\\\/23\\\/vive-la-vida-de-un-castillo-durante-tus-vacaciones-de-verano\\\/#article\",\"isPartOf\":{\"@id\":\"https:\\\/\\\/styqr.fr\\\/es\\\/2024\\\/01\\\/23\\\/vive-la-vida-de-un-castillo-durante-tus-vacaciones-de-verano\\\/\"},\"author\":{\"name\":\"Marine\",\"@id\":\"https:\\\/\\\/styqr.fr\\\/es\\\/#\\\/schema\\\/person\\\/9961aca9b86c9501bc1a72282df89aac\"},\"headline\":\"\u00a1Vive la vida de castillo durante tus vacaciones!\",\"datePublished\":\"2024-01-23T16:15:50+00:00\",\"dateModified\":\"2025-01-23T10:07:37+00:00\",\"mainEntityOfPage\":{\"@id\":\"https:\\\/\\\/styqr.fr\\\/es\\\/2024\\\/01\\\/23\\\/vive-la-vida-de-un-castillo-durante-tus-vacaciones-de-verano\\\/\"},\"wordCount\":467,\"publisher\":{\"@id\":\"https:\\\/\\\/styqr.fr\\\/es\\\/#organization\"},\"image\":{\"@id\":\"https:\\\/\\\/styqr.fr\\\/es\\\/2024\\\/01\\\/23\\\/vive-la-vida-de-un-castillo-durante-tus-vacaciones-de-verano\\\/#primaryimage\"},\"thumbnailUrl\":\"https:\\\/\\\/styqr.fr\\\/wp-content\\\/uploads\\\/2022\\\/05\\\/joran-quinten-KUpexpDtANE-unsplash-scaled.jpg\",\"keywords\":[\"digital\",\"alquiler\",\"castillo\",\"folleto de bienvenida\",\"styqr\",\"France\"],\"articleSection\":[\"Particulares\"],\"inLanguage\":\"es\"},{\"@type\":\"WebPage\",\"@id\":\"https:\\\/\\\/styqr.fr\\\/es\\\/2024\\\/01\\\/23\\\/vive-la-vida-de-un-castillo-durante-tus-vacaciones-de-verano\\\/\",\"url\":\"https:\\\/\\\/styqr.fr\\\/es\\\/2024\\\/01\\\/23\\\/vive-la-vida-de-un-castillo-durante-tus-vacaciones-de-verano\\\/\",\"name\":\"La vie dans les ch\u00e2teaux : louez votre r\u00eave avec StyQR.\",\"isPartOf\":{\"@id\":\"https:\\\/\\\/styqr.fr\\\/es\\\/#website\"},\"primaryImageOfPage\":{\"@id\":\"https:\\\/\\\/styqr.fr\\\/es\\\/2024\\\/01\\\/23\\\/vive-la-vida-de-un-castillo-durante-tus-vacaciones-de-verano\\\/#primaryimage\"},\"image\":{\"@id\":\"https:\\\/\\\/styqr.fr\\\/es\\\/2024\\\/01\\\/23\\\/vive-la-vida-de-un-castillo-durante-tus-vacaciones-de-verano\\\/#primaryimage\"},\"thumbnailUrl\":\"https:\\\/\\\/styqr.fr\\\/wp-content\\\/uploads\\\/2022\\\/05\\\/joran-quinten-KUpexpDtANE-unsplash-scaled.jpg\",\"datePublished\":\"2024-01-23T16:15:50+00:00\",\"dateModified\":\"2025-01-23T10:07:37+00:00\",\"description\":\"Scopri i castelli pi\u00f9 affascinanti da affittare in Francia per una vacanza da sogno. Prenota ora e vivi un'esperienza indimenticabile!\",\"breadcrumb\":{\"@id\":\"https:\\\/\\\/styqr.fr\\\/es\\\/2024\\\/01\\\/23\\\/vive-la-vida-de-un-castillo-durante-tus-vacaciones-de-verano\\\/#breadcrumb\"},\"inLanguage\":\"es\",\"potentialAction\":[{\"@type\":\"ReadAction\",\"target\":[\"https:\\\/\\\/styqr.fr\\\/es\\\/2024\\\/01\\\/23\\\/vive-la-vida-de-un-castillo-durante-tus-vacaciones-de-verano\\\/\"]}]},{\"@type\":\"ImageObject\",\"inLanguage\":\"es\",\"@id\":\"https:\\\/\\\/styqr.fr\\\/es\\\/2024\\\/01\\\/23\\\/vive-la-vida-de-un-castillo-durante-tus-vacaciones-de-verano\\\/#primaryimage\",\"url\":\"https:\\\/\\\/styqr.fr\\\/wp-content\\\/uploads\\\/2022\\\/05\\\/joran-quinten-KUpexpDtANE-unsplash-scaled.jpg\",\"contentUrl\":\"https:\\\/\\\/styqr.fr\\\/wp-content\\\/uploads\\\/2022\\\/05\\\/joran-quinten-KUpexpDtANE-unsplash-scaled.jpg\",\"width\":2560,\"height\":1920},{\"@type\":\"BreadcrumbList\",\"@id\":\"https:\\\/\\\/styqr.fr\\\/es\\\/2024\\\/01\\\/23\\\/vive-la-vida-de-un-castillo-durante-tus-vacaciones-de-verano\\\/#breadcrumb\",\"itemListElement\":[{\"@type\":\"ListItem\",\"position\":1,\"name\":\"Inicio\",\"item\":\"https:\\\/\\\/styqr.fr\\\/es\\\/\"},{\"@type\":\"ListItem\",\"position\":2,\"name\":\"Particulares\",\"item\":\"https:\\\/\\\/styqr.fr\\\/es\\\/nos-categories\\\/particulares\\\/\"},{\"@type\":\"ListItem\",\"position\":3,\"name\":\"\u00a1Vive la vida de castillo durante tus vacaciones!\"}]},{\"@type\":\"WebSite\",\"@id\":\"https:\\\/\\\/styqr.fr\\\/es\\\/#website\",\"url\":\"https:\\\/\\\/styqr.fr\\\/es\\\/\",\"name\":\"StyQR\",\"description\":\"Cr\u00e9ez votre livret d&#039;accueil digital personnalis\u00e9 pour vos voyageurs\",\"publisher\":{\"@id\":\"https:\\\/\\\/styqr.fr\\\/es\\\/#organization\"},\"potentialAction\":[{\"@type\":\"SearchAction\",\"target\":{\"@type\":\"EntryPoint\",\"urlTemplate\":\"https:\\\/\\\/styqr.fr\\\/es\\\/?s={search_term_string}\"},\"query-input\":{\"@type\":\"PropertyValueSpecification\",\"valueRequired\":true,\"valueName\":\"search_term_string\"}}],\"inLanguage\":\"es\"},{\"@type\":\"Organization\",\"@id\":\"https:\\\/\\\/styqr.fr\\\/es\\\/#organization\",\"name\":\"StyQR\",\"url\":\"https:\\\/\\\/styqr.fr\\\/es\\\/\",\"logo\":{\"@type\":\"ImageObject\",\"inLanguage\":\"es\",\"@id\":\"https:\\\/\\\/styqr.fr\\\/es\\\/#\\\/schema\\\/logo\\\/image\\\/\",\"url\":\"https:\\\/\\\/styqr.fr\\\/wp-content\\\/uploads\\\/2020\\\/11\\\/Fichier-5.png\",\"contentUrl\":\"https:\\\/\\\/styqr.fr\\\/wp-content\\\/uploads\\\/2020\\\/11\\\/Fichier-5.png\",\"width\":388,\"height\":194,\"caption\":\"StyQR\"},\"image\":{\"@id\":\"https:\\\/\\\/styqr.fr\\\/es\\\/#\\\/schema\\\/logo\\\/image\\\/\"},\"sameAs\":[\"https:\\\/\\\/fr-fr.facebook.com\\\/styqr\\\/\",\"https:\\\/\\\/www.instagram.com\\\/styqr_fr\\\/\",\"https:\\\/\\\/fr.linkedin.com\\\/company\\\/styqr\"],\"description\":\"StyQR, le livret d'accueil digital\",\"email\":\"contact@styqr.fr\",\"legalName\":\"SAS StyQR\",\"foundingDate\":\"2019-05-27\",\"vatID\":\"FR55824532865\",\"taxID\":\"82453286500014\",\"numberOfEmployees\":{\"@type\":\"QuantitativeValue\",\"minValue\":\"1\",\"maxValue\":\"10\"}},{\"@type\":\"Person\",\"@id\":\"https:\\\/\\\/styqr.fr\\\/es\\\/#\\\/schema\\\/person\\\/9961aca9b86c9501bc1a72282df89aac\",\"name\":\"Marine\",\"image\":{\"@type\":\"ImageObject\",\"inLanguage\":\"es\",\"@id\":\"https:\\\/\\\/secure.gravatar.com\\\/avatar\\\/647b7182996833269bfb418442442520d7a3cf1ce76c2bbb26b93d7fbb28bb58?s=96&d=mm&r=g\",\"url\":\"https:\\\/\\\/secure.gravatar.com\\\/avatar\\\/647b7182996833269bfb418442442520d7a3cf1ce76c2bbb26b93d7fbb28bb58?s=96&d=mm&r=g\",\"contentUrl\":\"https:\\\/\\\/secure.gravatar.com\\\/avatar\\\/647b7182996833269bfb418442442520d7a3cf1ce76c2bbb26b93d7fbb28bb58?s=96&d=mm&r=g\",\"caption\":\"Marine\"},\"sameAs\":[\"https:\\\/\\\/x.com\\\/julien-styqr-admin\"]}]}<\/script>\n<!-- \/ Yoast SEO Premium plugin. -->","yoast_head_json":{"title":"La vie dans les ch\u00e2teaux : louez votre r\u00eave avec StyQR.","description":"Scopri i castelli pi\u00f9 affascinanti da affittare in Francia per una vacanza da sogno. Prenota ora e vivi un'esperienza indimenticabile!","robots":{"index":"index","follow":"follow","max-snippet":"max-snippet:-1","max-image-preview":"max-image-preview:large","max-video-preview":"max-video-preview:-1"},"canonical":"https:\/\/styqr.fr\/es\/2024\/01\/23\/vive-la-vida-de-un-castillo-durante-tus-vacaciones-de-verano\/","og_locale":"es_ES","og_type":"article","og_title":"StyQR | Le livret d'accueil digital","og_description":"Scopri i castelli pi\u00f9 affascinanti da affittare in Francia per una vacanza da sogno. Prenota ora e vivi un'esperienza indimenticabile!","og_url":"https:\/\/styqr.fr\/es\/2024\/01\/23\/vive-la-vida-de-un-castillo-durante-tus-vacaciones-de-verano\/","og_site_name":"StyQR","article_publisher":"https:\/\/fr-fr.facebook.com\/styqr\/","article_published_time":"2024-01-23T16:15:50+00:00","article_modified_time":"2025-01-23T10:07:37+00:00","og_image":[{"width":2560,"height":1920,"url":"https:\/\/styqr.fr\/wp-content\/uploads\/2022\/05\/joran-quinten-KUpexpDtANE-unsplash-scaled.jpg","type":"image\/jpeg"}],"author":"Marine","twitter_card":"summary_large_image","twitter_creator":"@julien-styqr-admin","schema":{"@context":"https:\/\/schema.org","@graph":[{"@type":"Article","@id":"https:\/\/styqr.fr\/es\/2024\/01\/23\/vive-la-vida-de-un-castillo-durante-tus-vacaciones-de-verano\/#article","isPartOf":{"@id":"https:\/\/styqr.fr\/es\/2024\/01\/23\/vive-la-vida-de-un-castillo-durante-tus-vacaciones-de-verano\/"},"author":{"name":"Marine","@id":"https:\/\/styqr.fr\/es\/#\/schema\/person\/9961aca9b86c9501bc1a72282df89aac"},"headline":"\u00a1Vive la vida de castillo durante tus vacaciones!","datePublished":"2024-01-23T16:15:50+00:00","dateModified":"2025-01-23T10:07:37+00:00","mainEntityOfPage":{"@id":"https:\/\/styqr.fr\/es\/2024\/01\/23\/vive-la-vida-de-un-castillo-durante-tus-vacaciones-de-verano\/"},"wordCount":467,"publisher":{"@id":"https:\/\/styqr.fr\/es\/#organization"},"image":{"@id":"https:\/\/styqr.fr\/es\/2024\/01\/23\/vive-la-vida-de-un-castillo-durante-tus-vacaciones-de-verano\/#primaryimage"},"thumbnailUrl":"https:\/\/styqr.fr\/wp-content\/uploads\/2022\/05\/joran-quinten-KUpexpDtANE-unsplash-scaled.jpg","keywords":["digital","alquiler","castillo","folleto de bienvenida","styqr","France"],"articleSection":["Particulares"],"inLanguage":"es"},{"@type":"WebPage","@id":"https:\/\/styqr.fr\/es\/2024\/01\/23\/vive-la-vida-de-un-castillo-durante-tus-vacaciones-de-verano\/","url":"https:\/\/styqr.fr\/es\/2024\/01\/23\/vive-la-vida-de-un-castillo-durante-tus-vacaciones-de-verano\/","name":"La vie dans les ch\u00e2teaux : louez votre r\u00eave avec StyQR.","isPartOf":{"@id":"https:\/\/styqr.fr\/es\/#website"},"primaryImageOfPage":{"@id":"https:\/\/styqr.fr\/es\/2024\/01\/23\/vive-la-vida-de-un-castillo-durante-tus-vacaciones-de-verano\/#primaryimage"},"image":{"@id":"https:\/\/styqr.fr\/es\/2024\/01\/23\/vive-la-vida-de-un-castillo-durante-tus-vacaciones-de-verano\/#primaryimage"},"thumbnailUrl":"https:\/\/styqr.fr\/wp-content\/uploads\/2022\/05\/joran-quinten-KUpexpDtANE-unsplash-scaled.jpg","datePublished":"2024-01-23T16:15:50+00:00","dateModified":"2025-01-23T10:07:37+00:00","description":"Scopri i castelli pi\u00f9 affascinanti da affittare in Francia per una vacanza da sogno. Prenota ora e vivi un'esperienza indimenticabile!","breadcrumb":{"@id":"https:\/\/styqr.fr\/es\/2024\/01\/23\/vive-la-vida-de-un-castillo-durante-tus-vacaciones-de-verano\/#breadcrumb"},"inLanguage":"es","potentialAction":[{"@type":"ReadAction","target":["https:\/\/styqr.fr\/es\/2024\/01\/23\/vive-la-vida-de-un-castillo-durante-tus-vacaciones-de-verano\/"]}]},{"@type":"ImageObject","inLanguage":"es","@id":"https:\/\/styqr.fr\/es\/2024\/01\/23\/vive-la-vida-de-un-castillo-durante-tus-vacaciones-de-verano\/#primaryimage","url":"https:\/\/styqr.fr\/wp-content\/uploads\/2022\/05\/joran-quinten-KUpexpDtANE-unsplash-scaled.jpg","contentUrl":"https:\/\/styqr.fr\/wp-content\/uploads\/2022\/05\/joran-quinten-KUpexpDtANE-unsplash-scaled.jpg","width":2560,"height":1920},{"@type":"BreadcrumbList","@id":"https:\/\/styqr.fr\/es\/2024\/01\/23\/vive-la-vida-de-un-castillo-durante-tus-vacaciones-de-verano\/#breadcrumb","itemListElement":[{"@type":"ListItem","position":1,"name":"Inicio","item":"https:\/\/styqr.fr\/es\/"},{"@type":"ListItem","position":2,"name":"Particulares","item":"https:\/\/styqr.fr\/es\/nos-categories\/particulares\/"},{"@type":"ListItem","position":3,"name":"\u00a1Vive la vida de castillo durante tus vacaciones!"}]},{"@type":"WebSite","@id":"https:\/\/styqr.fr\/es\/#website","url":"https:\/\/styqr.fr\/es\/","name":"StyQR","description":"Cr\u00e9ez votre livret d&#039;accueil digital personnalis\u00e9 pour vos voyageurs","publisher":{"@id":"https:\/\/styqr.fr\/es\/#organization"},"potentialAction":[{"@type":"SearchAction","target":{"@type":"EntryPoint","urlTemplate":"https:\/\/styqr.fr\/es\/?s={search_term_string}"},"query-input":{"@type":"PropertyValueSpecification","valueRequired":true,"valueName":"search_term_string"}}],"inLanguage":"es"},{"@type":"Organization","@id":"https:\/\/styqr.fr\/es\/#organization","name":"StyQR","url":"https:\/\/styqr.fr\/es\/","logo":{"@type":"ImageObject","inLanguage":"es","@id":"https:\/\/styqr.fr\/es\/#\/schema\/logo\/image\/","url":"https:\/\/styqr.fr\/wp-content\/uploads\/2020\/11\/Fichier-5.png","contentUrl":"https:\/\/styqr.fr\/wp-content\/uploads\/2020\/11\/Fichier-5.png","width":388,"height":194,"caption":"StyQR"},"image":{"@id":"https:\/\/styqr.fr\/es\/#\/schema\/logo\/image\/"},"sameAs":["https:\/\/fr-fr.facebook.com\/styqr\/","https:\/\/www.instagram.com\/styqr_fr\/","https:\/\/fr.linkedin.com\/company\/styqr"],"description":"StyQR, le livret d'accueil digital","email":"contact@styqr.fr","legalName":"SAS StyQR","foundingDate":"2019-05-27","vatID":"FR55824532865","taxID":"82453286500014","numberOfEmployees":{"@type":"QuantitativeValue","minValue":"1","maxValue":"10"}},{"@type":"Person","@id":"https:\/\/styqr.fr\/es\/#\/schema\/person\/9961aca9b86c9501bc1a72282df89aac","name":"Marine","image":{"@type":"ImageObject","inLanguage":"es","@id":"https:\/\/secure.gravatar.com\/avatar\/647b7182996833269bfb418442442520d7a3cf1ce76c2bbb26b93d7fbb28bb58?s=96&d=mm&r=g","url":"https:\/\/secure.gravatar.com\/avatar\/647b7182996833269bfb418442442520d7a3cf1ce76c2bbb26b93d7fbb28bb58?s=96&d=mm&r=g","contentUrl":"https:\/\/secure.gravatar.com\/avatar\/647b7182996833269bfb418442442520d7a3cf1ce76c2bbb26b93d7fbb28bb58?s=96&d=mm&r=g","caption":"Marine"},"sameAs":["https:\/\/x.com\/julien-styqr-admin"]}]}},"_links":{"self":[{"href":"https:\/\/styqr.fr\/es\/wp-json\/wp\/v2\/posts\/100746","targetHints":{"allow":["GET"]}}],"collection":[{"href":"https:\/\/styqr.fr\/es\/wp-json\/wp\/v2\/posts"}],"about":[{"href":"https:\/\/styqr.fr\/es\/wp-json\/wp\/v2\/types\/post"}],"author":[{"embeddable":true,"href":"https:\/\/styqr.fr\/es\/wp-json\/wp\/v2\/users\/3"}],"replies":[{"embeddable":true,"href":"https:\/\/styqr.fr\/es\/wp-json\/wp\/v2\/comments?post=100746"}],"version-history":[{"count":0,"href":"https:\/\/styqr.fr\/es\/wp-json\/wp\/v2\/posts\/100746\/revisions"}],"wp:featuredmedia":[{"embeddable":true,"href":"https:\/\/styqr.fr\/es\/wp-json\/wp\/v2\/media\/89250"}],"wp:attachment":[{"href":"https:\/\/styqr.fr\/es\/wp-json\/wp\/v2\/media?parent=100746"}],"wp:term":[{"taxonomy":"category","embeddable":true,"href":"https:\/\/styqr.fr\/es\/wp-json\/wp\/v2\/categories?post=100746"},{"taxonomy":"post_tag","embeddable":true,"href":"https:\/\/styqr.fr\/es\/wp-json\/wp\/v2\/tags?post=100746"}],"curies":[{"name":"wp","href":"https:\/\/api.w.org\/{rel}","templated":true}]}}