{"id":89546,"date":"2022-07-26T14:39:20","date_gmt":"2022-07-26T12:39:20","guid":{"rendered":"https:\/\/styqr.fr\/2022\/07\/26\/garden-what-if-you-added-a-vegetable-garden\/"},"modified":"2024-12-05T12:30:07","modified_gmt":"2024-12-05T11:30:07","slug":"garden-what-if-you-added-a-vegetable-garden","status":"publish","type":"post","link":"https:\/\/styqr.fr\/en\/2022\/07\/26\/garden-what-if-you-added-a-vegetable-garden\/","title":{"rendered":"Garden: why not add a vegetable patch?"},"content":{"rendered":"<div class=\"wpb-content-wrapper\"><p>[vc_row][vc_column width=&#8221;1\/1&#8243;][vc_column_text uncode_shortcode_id=&#8221;211912&#8243;]Do you have a <strong>house<\/strong> with a <strong>garden<\/strong>? Why not add a <strong>vegetable garden<\/strong> or <strong>herb patch<\/strong> for your customers to enjoy?[\/vc_column_text][\/vc_column][\/vc_row][vc_row][vc_column width=&#8221;1\/1&#8243;][vc_single_image media=&#8221;89234&#8243; media_width_percent=&#8221;100&#8243; media_ratio=&#8221;three-two&#8221; shape=&#8221;img-round&#8221; radius=&#8221;std&#8221; uncode_shortcode_id=&#8221;740435&#8243;][vc_row_inner][vc_column_inner column_width_percent=&#8221;100&#8243; gutter_size=&#8221;0&#8243; overlay_alpha=&#8221;50&#8243; shift_x=&#8221;0&#8243; shift_y=&#8221;0&#8243; shift_y_down=&#8221;0&#8243; z_index=&#8221;0&#8243; medium_width=&#8221;0&#8243; mobile_width=&#8221;0&#8243; width=&#8221;1\/1&#8243;][vc_custom_heading uncode_shortcode_id=&#8221;769924&#8243;]<\/p>\n<h2><span class=\"s1\">1. Why offer a vegetable garden?  <\/span><\/h2>\n<p>[\/vc_custom_heading][\/vc_column_inner][\/vc_row_inner][vc_column_text uncode_shortcode_id=&#8221;421961&#8243;]Offering your customers a vegetable garden is a plus for you. Indeed, <strong>eating well<\/strong> and <strong>local culture<\/strong> are increasingly valued. So if you offer your tenants the chance to help themselves <strong>to<\/strong> your delicious tomatoes this summer, they&#8217;ll be delighted! <strong>Out of season<\/strong>, you can also offer <strong>jams<\/strong>, <strong>tomato sauces<\/strong> or <strong>pickles<\/strong>, made with produce from your garden! It&#8217;ll make a real difference, we promise! If you have the time, you can create your own, using squash, tomatoes, strawberries, peppers, lettuce, etc. But if not, <strong><a href=\"https:\/\/quadra-terra.com\/\" target=\"_blank\" rel=\"noopener\">there are solutions<\/a><\/strong> for made-to-measure vegetable gardens![\/vc_column_text][\/vc_column][\/vc_row][vc_row][vc_column width=&#8221;1\/1&#8243;][vc_single_image media=&#8221;89236&#8243; media_width_percent=&#8221;100&#8243; media_ratio=&#8221;three-two&#8221; shape=&#8221;img-round&#8221; radius=&#8221;std&#8221; uncode_shortcode_id=&#8221;178952&#8243;][vc_row_inner][vc_column_inner column_width_percent=&#8221;100&#8243; gutter_size=&#8221;0&#8243; overlay_alpha=&#8221;50&#8243; shift_x=&#8221;0&#8243; shift_y=&#8221;0&#8243; shift_y_down=&#8221;0&#8243; z_index=&#8221;0&#8243; medium_width=&#8221;0&#8243; mobile_width=&#8221;0&#8243; width=&#8221;1\/1&#8243;][vc_custom_heading uncode_shortcode_id=&#8221;383784&#8243;]<\/p>\n<h2><span class=\"s1\">2. No room?<\/span><\/h2>\n<p>[\/vc_custom_heading][\/vc_column_inner][\/vc_row_inner][vc_column_text uncode_shortcode_id=&#8221;135603&#8243;]Don&#8217;t have <strong>enough room<\/strong> for a proper vegetable garden? You can opt for an <strong>herb patch<\/strong>! Smaller, but just as <strong>enjoyable<\/strong> and<strong> fun<\/strong> for your customers, it means you&#8217;ll have plenty of herbs to <strong>cook<\/strong> with! You can plant : <\/p>\n<ul>\n<li><strong>Chives<\/strong><\/li>\n<li><strong> Parsley<\/strong><\/li>\n<li><strong>Thyme<\/strong><\/li>\n<li><strong>Mint<\/strong><\/li>\n<li><strong>Rosemary<\/strong><\/li>\n<\/ul>\n<p>To see it flourish, you&#8217;ll need to place it in a sunny, open, warm area. You can <a href=\"https:\/\/www.jardiland.com\/carre-de-potager-l-93-x-l-93-x-h-36-cm-1402225.html?gclid=CjwKCAjwp7eUBhBeEiwAZbHwkeulwlUv7zU4WIxCvQ3g_6n7WxDXWfiH-kpxbcDj8qWfGHH1Py2NixoCYF8QAvD_BwE\" target=\"_blank\" rel=\"noopener\"><strong>buy one ready-made<\/strong><\/a>or make your own. If you&#8217;re tempted, here&#8217;s how:  <\/p>\n<ul>\n<li>Assemble <strong>4 wooden planks<\/strong> measuring 1.20 m x 20 cm to form a square.<\/li>\n<li>Add <strong>compost<\/strong> mixed with garden soil. If you have some, you can even add a little sand. <\/li>\n<li>Using <strong>thick rope<\/strong>, form several squares according to the number of plants you wish to plant.<\/li>\n<\/ul>\n<p>[\/vc_column_text][\/vc_column][\/vc_row][vc_row][vc_column width=&#8221;1\/1&#8243;][vc_column_text uncode_shortcode_id=&#8221;192551&#8243;]So, are you tempted by our <strong>vegetable garden<\/strong> idea? Don&#8217;t hesitate to send us your <strong>photos<\/strong> if you&#8217;re creating one! And if you also want to adapt your home for children, <a href=\"https:\/\/styqr.fr\/en\/2021\/07\/29\/children-welcome-them-in-the-best-way-in-your-rental\/\" target=\"_blank\" rel=\"noopener\">here&#8217;s our advice<\/a>.[\/vc_column_text][\/vc_column][\/vc_row]<\/p>\n<\/div>","protected":false},"excerpt":{"rendered":"<p>Discover why installing a vegetable garden in your garden is a good idea!<\/p>\n","protected":false},"author":3,"featured_media":89233,"comment_status":"closed","ping_status":"open","sticky":false,"template":"","format":"standard","meta":{"footnotes":""},"categories":[362],"tags":[1941,1961,1962,2185],"class_list":["post-89546","post","type-post","status-publish","format-standard","has-post-thumbnail","hentry","category-private-individual","tag-styqr-en","tag-welcome-booklet","tag-digital-en","tag-garden"],"yoast_head":"<!-- This site is optimized with the Yoast SEO Premium plugin v27.4 (Yoast SEO v27.4) - https:\/\/yoast.com\/product\/yoast-seo-premium-wordpress\/ -->\n<title>Potager accessible : StyQR vous guide pour l&#039;installer.<\/title>\n<meta name=\"description\" content=\"D\u00e9couvrez comment un jardin potager accessible peut valoriser votre propri\u00e9t\u00e9 locative. Suivez nos conseils pour l&#039;installer facilement et attirer plus de locataires.\" \/>\n<meta name=\"robots\" content=\"index, follow, max-snippet:-1, max-image-preview:large, max-video-preview:-1\" \/>\n<link rel=\"canonical\" href=\"https:\/\/styqr.fr\/en\/2022\/07\/26\/garden-what-if-you-added-a-vegetable-garden\/\" \/>\n<meta property=\"og:locale\" content=\"en_US\" \/>\n<meta property=\"og:type\" content=\"article\" \/>\n<meta property=\"og:title\" content=\"StyQR | Le livret d&#039;accueil digital\" \/>\n<meta property=\"og:description\" content=\"D\u00e9couvrez comment un jardin potager accessible peut valoriser votre propri\u00e9t\u00e9 locative. Suivez nos conseils pour l&#039;installer facilement et attirer plus de locataires.\" \/>\n<meta property=\"og:url\" content=\"https:\/\/styqr.fr\/en\/2022\/07\/26\/garden-what-if-you-added-a-vegetable-garden\/\" \/>\n<meta property=\"og:site_name\" content=\"StyQR\" \/>\n<meta property=\"article:publisher\" content=\"https:\/\/fr-fr.facebook.com\/styqr\/\" \/>\n<meta property=\"article:published_time\" content=\"2022-07-26T12:39:20+00:00\" \/>\n<meta property=\"article:modified_time\" content=\"2024-12-05T11:30:07+00:00\" \/>\n<meta property=\"og:image\" content=\"https:\/\/styqr.fr\/wp-content\/uploads\/2022\/05\/priscilla-du-preez-JCZ2pE-Szpw-unsplash-scaled.jpg\" \/>\n\t<meta property=\"og:image:width\" content=\"2560\" \/>\n\t<meta property=\"og:image:height\" content=\"1707\" \/>\n\t<meta property=\"og:image:type\" content=\"image\/jpeg\" \/>\n<meta name=\"author\" content=\"Marine\" \/>\n<meta name=\"twitter:card\" content=\"summary_large_image\" \/>\n<meta name=\"twitter:creator\" content=\"@julien-styqr-admin\" \/>\n<script type=\"application\/ld+json\" class=\"yoast-schema-graph\">{\"@context\":\"https:\\\/\\\/schema.org\",\"@graph\":[{\"@type\":\"Article\",\"@id\":\"https:\\\/\\\/styqr.fr\\\/en\\\/2022\\\/07\\\/26\\\/garden-what-if-you-added-a-vegetable-garden\\\/#article\",\"isPartOf\":{\"@id\":\"https:\\\/\\\/styqr.fr\\\/en\\\/2022\\\/07\\\/26\\\/garden-what-if-you-added-a-vegetable-garden\\\/\"},\"author\":{\"name\":\"Marine\",\"@id\":\"https:\\\/\\\/styqr.fr\\\/en\\\/#\\\/schema\\\/person\\\/9961aca9b86c9501bc1a72282df89aac\"},\"headline\":\"Garden: why not add a vegetable patch?\",\"datePublished\":\"2022-07-26T12:39:20+00:00\",\"dateModified\":\"2024-12-05T11:30:07+00:00\",\"mainEntityOfPage\":{\"@id\":\"https:\\\/\\\/styqr.fr\\\/en\\\/2022\\\/07\\\/26\\\/garden-what-if-you-added-a-vegetable-garden\\\/\"},\"wordCount\":479,\"publisher\":{\"@id\":\"https:\\\/\\\/styqr.fr\\\/en\\\/#organization\"},\"image\":{\"@id\":\"https:\\\/\\\/styqr.fr\\\/en\\\/2022\\\/07\\\/26\\\/garden-what-if-you-added-a-vegetable-garden\\\/#primaryimage\"},\"thumbnailUrl\":\"https:\\\/\\\/styqr.fr\\\/wp-content\\\/uploads\\\/2022\\\/05\\\/priscilla-du-preez-JCZ2pE-Szpw-unsplash-scaled.jpg\",\"keywords\":[\"styqr\",\"welcome booklet\",\"digital\",\"garden\"],\"articleSection\":[\"Private individual\"],\"inLanguage\":\"en-US\"},{\"@type\":\"WebPage\",\"@id\":\"https:\\\/\\\/styqr.fr\\\/en\\\/2022\\\/07\\\/26\\\/garden-what-if-you-added-a-vegetable-garden\\\/\",\"url\":\"https:\\\/\\\/styqr.fr\\\/en\\\/2022\\\/07\\\/26\\\/garden-what-if-you-added-a-vegetable-garden\\\/\",\"name\":\"Potager accessible : StyQR vous guide pour l'installer.\",\"isPartOf\":{\"@id\":\"https:\\\/\\\/styqr.fr\\\/en\\\/#website\"},\"primaryImageOfPage\":{\"@id\":\"https:\\\/\\\/styqr.fr\\\/en\\\/2022\\\/07\\\/26\\\/garden-what-if-you-added-a-vegetable-garden\\\/#primaryimage\"},\"image\":{\"@id\":\"https:\\\/\\\/styqr.fr\\\/en\\\/2022\\\/07\\\/26\\\/garden-what-if-you-added-a-vegetable-garden\\\/#primaryimage\"},\"thumbnailUrl\":\"https:\\\/\\\/styqr.fr\\\/wp-content\\\/uploads\\\/2022\\\/05\\\/priscilla-du-preez-JCZ2pE-Szpw-unsplash-scaled.jpg\",\"datePublished\":\"2022-07-26T12:39:20+00:00\",\"dateModified\":\"2024-12-05T11:30:07+00:00\",\"description\":\"D\u00e9couvrez comment un jardin potager accessible peut valoriser votre propri\u00e9t\u00e9 locative. Suivez nos conseils pour l'installer facilement et attirer plus de locataires.\",\"breadcrumb\":{\"@id\":\"https:\\\/\\\/styqr.fr\\\/en\\\/2022\\\/07\\\/26\\\/garden-what-if-you-added-a-vegetable-garden\\\/#breadcrumb\"},\"inLanguage\":\"en-US\",\"potentialAction\":[{\"@type\":\"ReadAction\",\"target\":[\"https:\\\/\\\/styqr.fr\\\/en\\\/2022\\\/07\\\/26\\\/garden-what-if-you-added-a-vegetable-garden\\\/\"]}]},{\"@type\":\"ImageObject\",\"inLanguage\":\"en-US\",\"@id\":\"https:\\\/\\\/styqr.fr\\\/en\\\/2022\\\/07\\\/26\\\/garden-what-if-you-added-a-vegetable-garden\\\/#primaryimage\",\"url\":\"https:\\\/\\\/styqr.fr\\\/wp-content\\\/uploads\\\/2022\\\/05\\\/priscilla-du-preez-JCZ2pE-Szpw-unsplash-scaled.jpg\",\"contentUrl\":\"https:\\\/\\\/styqr.fr\\\/wp-content\\\/uploads\\\/2022\\\/05\\\/priscilla-du-preez-JCZ2pE-Szpw-unsplash-scaled.jpg\",\"width\":2560,\"height\":1707},{\"@type\":\"BreadcrumbList\",\"@id\":\"https:\\\/\\\/styqr.fr\\\/en\\\/2022\\\/07\\\/26\\\/garden-what-if-you-added-a-vegetable-garden\\\/#breadcrumb\",\"itemListElement\":[{\"@type\":\"ListItem\",\"position\":1,\"name\":\"Home\",\"item\":\"https:\\\/\\\/styqr.fr\\\/en\\\/\"},{\"@type\":\"ListItem\",\"position\":2,\"name\":\"Private individual\",\"item\":\"https:\\\/\\\/styqr.fr\\\/en\\\/nos-categories\\\/private-individual\\\/\"},{\"@type\":\"ListItem\",\"position\":3,\"name\":\"Garden: why not add a vegetable patch?\"}]},{\"@type\":\"WebSite\",\"@id\":\"https:\\\/\\\/styqr.fr\\\/en\\\/#website\",\"url\":\"https:\\\/\\\/styqr.fr\\\/en\\\/\",\"name\":\"StyQR\",\"description\":\"Cr\u00e9ez votre livret d&#039;accueil digital personnalis\u00e9 pour vos voyageurs\",\"publisher\":{\"@id\":\"https:\\\/\\\/styqr.fr\\\/en\\\/#organization\"},\"potentialAction\":[{\"@type\":\"SearchAction\",\"target\":{\"@type\":\"EntryPoint\",\"urlTemplate\":\"https:\\\/\\\/styqr.fr\\\/en\\\/?s={search_term_string}\"},\"query-input\":{\"@type\":\"PropertyValueSpecification\",\"valueRequired\":true,\"valueName\":\"search_term_string\"}}],\"inLanguage\":\"en-US\"},{\"@type\":\"Organization\",\"@id\":\"https:\\\/\\\/styqr.fr\\\/en\\\/#organization\",\"name\":\"StyQR\",\"url\":\"https:\\\/\\\/styqr.fr\\\/en\\\/\",\"logo\":{\"@type\":\"ImageObject\",\"inLanguage\":\"en-US\",\"@id\":\"https:\\\/\\\/styqr.fr\\\/en\\\/#\\\/schema\\\/logo\\\/image\\\/\",\"url\":\"https:\\\/\\\/styqr.fr\\\/wp-content\\\/uploads\\\/2020\\\/11\\\/Fichier-5.png\",\"contentUrl\":\"https:\\\/\\\/styqr.fr\\\/wp-content\\\/uploads\\\/2020\\\/11\\\/Fichier-5.png\",\"width\":388,\"height\":194,\"caption\":\"StyQR\"},\"image\":{\"@id\":\"https:\\\/\\\/styqr.fr\\\/en\\\/#\\\/schema\\\/logo\\\/image\\\/\"},\"sameAs\":[\"https:\\\/\\\/fr-fr.facebook.com\\\/styqr\\\/\",\"https:\\\/\\\/www.instagram.com\\\/styqr_fr\\\/\",\"https:\\\/\\\/fr.linkedin.com\\\/company\\\/styqr\"],\"description\":\"StyQR, le livret d'accueil digital\",\"email\":\"contact@styqr.fr\",\"legalName\":\"SAS StyQR\",\"foundingDate\":\"2019-05-27\",\"vatID\":\"FR55824532865\",\"taxID\":\"82453286500014\",\"numberOfEmployees\":{\"@type\":\"QuantitativeValue\",\"minValue\":\"1\",\"maxValue\":\"10\"}},{\"@type\":\"Person\",\"@id\":\"https:\\\/\\\/styqr.fr\\\/en\\\/#\\\/schema\\\/person\\\/9961aca9b86c9501bc1a72282df89aac\",\"name\":\"Marine\",\"image\":{\"@type\":\"ImageObject\",\"inLanguage\":\"en-US\",\"@id\":\"https:\\\/\\\/secure.gravatar.com\\\/avatar\\\/647b7182996833269bfb418442442520d7a3cf1ce76c2bbb26b93d7fbb28bb58?s=96&d=mm&r=g\",\"url\":\"https:\\\/\\\/secure.gravatar.com\\\/avatar\\\/647b7182996833269bfb418442442520d7a3cf1ce76c2bbb26b93d7fbb28bb58?s=96&d=mm&r=g\",\"contentUrl\":\"https:\\\/\\\/secure.gravatar.com\\\/avatar\\\/647b7182996833269bfb418442442520d7a3cf1ce76c2bbb26b93d7fbb28bb58?s=96&d=mm&r=g\",\"caption\":\"Marine\"},\"sameAs\":[\"https:\\\/\\\/x.com\\\/julien-styqr-admin\"]}]}<\/script>\n<!-- \/ Yoast SEO Premium plugin. -->","yoast_head_json":{"title":"Potager accessible : StyQR vous guide pour l'installer.","description":"D\u00e9couvrez comment un jardin potager accessible peut valoriser votre propri\u00e9t\u00e9 locative. Suivez nos conseils pour l'installer facilement et attirer plus de locataires.","robots":{"index":"index","follow":"follow","max-snippet":"max-snippet:-1","max-image-preview":"max-image-preview:large","max-video-preview":"max-video-preview:-1"},"canonical":"https:\/\/styqr.fr\/en\/2022\/07\/26\/garden-what-if-you-added-a-vegetable-garden\/","og_locale":"en_US","og_type":"article","og_title":"StyQR | Le livret d'accueil digital","og_description":"D\u00e9couvrez comment un jardin potager accessible peut valoriser votre propri\u00e9t\u00e9 locative. Suivez nos conseils pour l'installer facilement et attirer plus de locataires.","og_url":"https:\/\/styqr.fr\/en\/2022\/07\/26\/garden-what-if-you-added-a-vegetable-garden\/","og_site_name":"StyQR","article_publisher":"https:\/\/fr-fr.facebook.com\/styqr\/","article_published_time":"2022-07-26T12:39:20+00:00","article_modified_time":"2024-12-05T11:30:07+00:00","og_image":[{"width":2560,"height":1707,"url":"https:\/\/styqr.fr\/wp-content\/uploads\/2022\/05\/priscilla-du-preez-JCZ2pE-Szpw-unsplash-scaled.jpg","type":"image\/jpeg"}],"author":"Marine","twitter_card":"summary_large_image","twitter_creator":"@julien-styqr-admin","schema":{"@context":"https:\/\/schema.org","@graph":[{"@type":"Article","@id":"https:\/\/styqr.fr\/en\/2022\/07\/26\/garden-what-if-you-added-a-vegetable-garden\/#article","isPartOf":{"@id":"https:\/\/styqr.fr\/en\/2022\/07\/26\/garden-what-if-you-added-a-vegetable-garden\/"},"author":{"name":"Marine","@id":"https:\/\/styqr.fr\/en\/#\/schema\/person\/9961aca9b86c9501bc1a72282df89aac"},"headline":"Garden: why not add a vegetable patch?","datePublished":"2022-07-26T12:39:20+00:00","dateModified":"2024-12-05T11:30:07+00:00","mainEntityOfPage":{"@id":"https:\/\/styqr.fr\/en\/2022\/07\/26\/garden-what-if-you-added-a-vegetable-garden\/"},"wordCount":479,"publisher":{"@id":"https:\/\/styqr.fr\/en\/#organization"},"image":{"@id":"https:\/\/styqr.fr\/en\/2022\/07\/26\/garden-what-if-you-added-a-vegetable-garden\/#primaryimage"},"thumbnailUrl":"https:\/\/styqr.fr\/wp-content\/uploads\/2022\/05\/priscilla-du-preez-JCZ2pE-Szpw-unsplash-scaled.jpg","keywords":["styqr","welcome booklet","digital","garden"],"articleSection":["Private individual"],"inLanguage":"en-US"},{"@type":"WebPage","@id":"https:\/\/styqr.fr\/en\/2022\/07\/26\/garden-what-if-you-added-a-vegetable-garden\/","url":"https:\/\/styqr.fr\/en\/2022\/07\/26\/garden-what-if-you-added-a-vegetable-garden\/","name":"Potager accessible : StyQR vous guide pour l'installer.","isPartOf":{"@id":"https:\/\/styqr.fr\/en\/#website"},"primaryImageOfPage":{"@id":"https:\/\/styqr.fr\/en\/2022\/07\/26\/garden-what-if-you-added-a-vegetable-garden\/#primaryimage"},"image":{"@id":"https:\/\/styqr.fr\/en\/2022\/07\/26\/garden-what-if-you-added-a-vegetable-garden\/#primaryimage"},"thumbnailUrl":"https:\/\/styqr.fr\/wp-content\/uploads\/2022\/05\/priscilla-du-preez-JCZ2pE-Szpw-unsplash-scaled.jpg","datePublished":"2022-07-26T12:39:20+00:00","dateModified":"2024-12-05T11:30:07+00:00","description":"D\u00e9couvrez comment un jardin potager accessible peut valoriser votre propri\u00e9t\u00e9 locative. Suivez nos conseils pour l'installer facilement et attirer plus de locataires.","breadcrumb":{"@id":"https:\/\/styqr.fr\/en\/2022\/07\/26\/garden-what-if-you-added-a-vegetable-garden\/#breadcrumb"},"inLanguage":"en-US","potentialAction":[{"@type":"ReadAction","target":["https:\/\/styqr.fr\/en\/2022\/07\/26\/garden-what-if-you-added-a-vegetable-garden\/"]}]},{"@type":"ImageObject","inLanguage":"en-US","@id":"https:\/\/styqr.fr\/en\/2022\/07\/26\/garden-what-if-you-added-a-vegetable-garden\/#primaryimage","url":"https:\/\/styqr.fr\/wp-content\/uploads\/2022\/05\/priscilla-du-preez-JCZ2pE-Szpw-unsplash-scaled.jpg","contentUrl":"https:\/\/styqr.fr\/wp-content\/uploads\/2022\/05\/priscilla-du-preez-JCZ2pE-Szpw-unsplash-scaled.jpg","width":2560,"height":1707},{"@type":"BreadcrumbList","@id":"https:\/\/styqr.fr\/en\/2022\/07\/26\/garden-what-if-you-added-a-vegetable-garden\/#breadcrumb","itemListElement":[{"@type":"ListItem","position":1,"name":"Home","item":"https:\/\/styqr.fr\/en\/"},{"@type":"ListItem","position":2,"name":"Private individual","item":"https:\/\/styqr.fr\/en\/nos-categories\/private-individual\/"},{"@type":"ListItem","position":3,"name":"Garden: why not add a vegetable patch?"}]},{"@type":"WebSite","@id":"https:\/\/styqr.fr\/en\/#website","url":"https:\/\/styqr.fr\/en\/","name":"StyQR","description":"Cr\u00e9ez votre livret d&#039;accueil digital personnalis\u00e9 pour vos voyageurs","publisher":{"@id":"https:\/\/styqr.fr\/en\/#organization"},"potentialAction":[{"@type":"SearchAction","target":{"@type":"EntryPoint","urlTemplate":"https:\/\/styqr.fr\/en\/?s={search_term_string}"},"query-input":{"@type":"PropertyValueSpecification","valueRequired":true,"valueName":"search_term_string"}}],"inLanguage":"en-US"},{"@type":"Organization","@id":"https:\/\/styqr.fr\/en\/#organization","name":"StyQR","url":"https:\/\/styqr.fr\/en\/","logo":{"@type":"ImageObject","inLanguage":"en-US","@id":"https:\/\/styqr.fr\/en\/#\/schema\/logo\/image\/","url":"https:\/\/styqr.fr\/wp-content\/uploads\/2020\/11\/Fichier-5.png","contentUrl":"https:\/\/styqr.fr\/wp-content\/uploads\/2020\/11\/Fichier-5.png","width":388,"height":194,"caption":"StyQR"},"image":{"@id":"https:\/\/styqr.fr\/en\/#\/schema\/logo\/image\/"},"sameAs":["https:\/\/fr-fr.facebook.com\/styqr\/","https:\/\/www.instagram.com\/styqr_fr\/","https:\/\/fr.linkedin.com\/company\/styqr"],"description":"StyQR, le livret d'accueil digital","email":"contact@styqr.fr","legalName":"SAS StyQR","foundingDate":"2019-05-27","vatID":"FR55824532865","taxID":"82453286500014","numberOfEmployees":{"@type":"QuantitativeValue","minValue":"1","maxValue":"10"}},{"@type":"Person","@id":"https:\/\/styqr.fr\/en\/#\/schema\/person\/9961aca9b86c9501bc1a72282df89aac","name":"Marine","image":{"@type":"ImageObject","inLanguage":"en-US","@id":"https:\/\/secure.gravatar.com\/avatar\/647b7182996833269bfb418442442520d7a3cf1ce76c2bbb26b93d7fbb28bb58?s=96&d=mm&r=g","url":"https:\/\/secure.gravatar.com\/avatar\/647b7182996833269bfb418442442520d7a3cf1ce76c2bbb26b93d7fbb28bb58?s=96&d=mm&r=g","contentUrl":"https:\/\/secure.gravatar.com\/avatar\/647b7182996833269bfb418442442520d7a3cf1ce76c2bbb26b93d7fbb28bb58?s=96&d=mm&r=g","caption":"Marine"},"sameAs":["https:\/\/x.com\/julien-styqr-admin"]}]}},"_links":{"self":[{"href":"https:\/\/styqr.fr\/en\/wp-json\/wp\/v2\/posts\/89546","targetHints":{"allow":["GET"]}}],"collection":[{"href":"https:\/\/styqr.fr\/en\/wp-json\/wp\/v2\/posts"}],"about":[{"href":"https:\/\/styqr.fr\/en\/wp-json\/wp\/v2\/types\/post"}],"author":[{"embeddable":true,"href":"https:\/\/styqr.fr\/en\/wp-json\/wp\/v2\/users\/3"}],"replies":[{"embeddable":true,"href":"https:\/\/styqr.fr\/en\/wp-json\/wp\/v2\/comments?post=89546"}],"version-history":[{"count":0,"href":"https:\/\/styqr.fr\/en\/wp-json\/wp\/v2\/posts\/89546\/revisions"}],"wp:featuredmedia":[{"embeddable":true,"href":"https:\/\/styqr.fr\/en\/wp-json\/wp\/v2\/media\/89233"}],"wp:attachment":[{"href":"https:\/\/styqr.fr\/en\/wp-json\/wp\/v2\/media?parent=89546"}],"wp:term":[{"taxonomy":"category","embeddable":true,"href":"https:\/\/styqr.fr\/en\/wp-json\/wp\/v2\/categories?post=89546"},{"taxonomy":"post_tag","embeddable":true,"href":"https:\/\/styqr.fr\/en\/wp-json\/wp\/v2\/tags?post=89546"}],"curies":[{"name":"wp","href":"https:\/\/api.w.org\/{rel}","templated":true}]}}